{"id":29303,"date":"2010-01-10T09:42:18","date_gmt":"2010-01-10T07:42:18","guid":{"rendered":"http:\/\/www.visit-ulcinj.com\/blog\/?p=29303"},"modified":"2010-01-10T09:43:39","modified_gmt":"2010-01-10T07:43:39","slug":"selo-lisna-bori-u-ulcinjskoj-opstini-od-juce-je-potpuno-zarobljeno-vodom","status":"publish","type":"post","link":"https:\/\/www.visit-ulcinj.com\/blog\/2010\/01\/10\/selo-lisna-bori-u-ulcinjskoj-opstini-od-juce-je-potpuno-zarobljeno-vodom\/","title":{"rendered":"Selo Lisna Bora u Ulcinjskoj op\u0161tini od ju?e je potpuno zarobljeno vodom"},"content":{"rendered":"<p><strong><a href=\"http:\/\/www.visit-ulcinj.com\/blog\/wp-content\/uploads\/2010\/01\/krizni-stab-ulcinja.jpg\"><img loading=\"lazy\" class=\"alignleft size-full wp-image-29310\" title=\"krizni stab ulcinja\" src=\"http:\/\/www.visit-ulcinj.com\/blog\/wp-content\/uploads\/2010\/01\/krizni-stab-ulcinja.jpg\" alt=\"krizni stab ulcinja\" width=\"388\" height=\"313\" srcset=\"https:\/\/www.visit-ulcinj.com\/blog\/wp-content\/uploads\/2010\/01\/krizni-stab-ulcinja.jpg 388w, https:\/\/www.visit-ulcinj.com\/blog\/wp-content\/uploads\/2010\/01\/krizni-stab-ulcinja-300x242.jpg 300w\" sizes=\"(max-width: 388px) 100vw, 388px\" \/><\/a>Poplave i dalje prijete i na jugu i na sjeveru, u Ulcinju spremaju planove za evakuaciju sa bojane, meteorolozi prognoziraju:<br \/>\nKriti?no sve do srijede<\/strong><br \/>\nSelo Lisna Bori u ulcinjskoj op\u0161tini od ju?e je potpuno zarobljeno vodom, dok nabujala Bojana i dalje zlokobno prijeti priobalnim naseljima. U situaciji kada je susjedna Albanija, suo?ena sa najve?im poplavama u posljednjih nekoliko decenija, evakuisala na hiljade staovnika u pograni?noj zoni uz Bojanu, u ulcinjskom kriznom \u0161tabu tvrde da je za sada sve pod kontrolom.<br \/>\n\u201cZa sada kontroli\u0161emo situaciju, ali ako dune jugo i digne more, kao \u0161to najavljuju meteorolozi, mo\u017ee se dogoditi ne\u0161to \u0161to niko ne pri\u017eeljkuje\u201d, kazao je \u201eVijestima\u201d ju?e kasno popodne ?lan kriznog \u0161taba Ljoro Nreki?.<\/p>\n<p>On je naglasio da je najkriti?nije u selu Lisna Bori , ali da je stanje zabrinjavaju?e i u Fraskanjelu, Re?u, \u0160toju i ku?icama i restoranima na Adi Bojani.<br \/>\n\u201cImamo tri kriti?ne ta?ke prema Sutjelu, ali je tamo kompletna mehanizacija i vjerujem da ?emo ih uskoro otkloniti\u201d, kazao je Nreki? koji je ju?e zajedno sa gradona?elnikom Ulcinja Gzimom Hajdinagom i pomo?nikom ministra unutra\u0161njih poslova Zoranom Begovi?em obi\u0161ao krizna podru?ja.<\/p>\n<p>Prethodno, njih trojica zajedno su sa ministrima Ivanom Brajevi?em i Borom Vu?ini?em iz helikoptera snimili teren, utvrdili plan aktivnosti i njihovu dinamiku. ?lanovi kriznog \u0161taba ju?e su mje\u0161tanima ugro\u017eenih podru?ja dijelili neophodnu opremu i pomo? koja je pristigla iz Crvenog krsta.<br \/>\n\u201cSituacija na Bojani je ozbiljna, ali u ovom trenutku nema potrebe za evakuacijom gra?ana\u201d, rekao je pomo?nik ministra unutra\u0161njih poslova za vanredne situacije Zoran Begovi?.<\/p>\n<p>Begovi? je agenciji MINA kazao da je razgovarao sa ?elnicima General\u0161taba i Uprave policije i da se zajedni?ki pripremaju za mogu?e evakuacije stanovnika tog podru?ja.<br \/>\nNezapam?eno nevrijeme posljednjih dana nanijelo je ogromnu \u0161tetu i nudisti?kom naselju Ulcinjske rivijere na Adi.<br \/>\n\u201cPrema preliminarnim procjenama, \u0161teta iznosi izme?u 600.000 i 800.000 eura\u201d, saop\u0161teno je ju?e iz Ulcinjske rivijere.<br \/>\nNavodi se da je voda u\u0161la u 50 apartmana u tipu \u201eL\u201d, dok je u \u0161est apartmana vjetar razbio balkonske ograde i vrata i napunio sobe sa preko 10 kubika pijeska.<\/p>\n<p>Tri visoka bora su pala i o\u0161tetila krovnu konstrukciju na sedam apartmana. Od ukupno 70 soba, koliko ih ima u tipu \u201eL\u201d, u 50 su namje\u0161taj i tehnika potpuno uni\u0161teni\u201d, navodi se u saop\u0161tenju.<br \/>\nDodaje se da je od restorana \u201eDisko\u201d, koji se nalazi na samoj pla\u017ei, ostala samo konstrukcija.<br \/>\nDan D koji je zbog najavljenog juga, ki\u0161e i dizanja mora trebalo da se dogodi ju?e nespokojno se utopio u tamu no?i. Mnogi seljani i vlasnici imanja, domova, ku?ica i restorana uz Bojanu tek u osvit zore mo?i ?e da ka\u017eu koliko je ona bila ko\u0161marna.<br \/>\nAlbanski premijer Salji Beri\u0161a negirao je informacije da su, zbog obilnih ki\u0161a, brane hidroelektrane na rijeci Drim otvorene. Prema njegovoj ocjeni, panika oko toga \u0161iri iz \\&#8221;?isto politi?kih razloga\\&#8221;.<\/p>\n<p>Nivo vode na Rijeci Crnojevi?a i \u017dabljaku Crnojevi?a i dalje raste, situacija je alarmantna, ali jo\u0161 nema potrebe za evakuacijom mje\u0161tana. Gradona?elnik Cetinja Milovan Jankovi? kazao je \u201cVijestima\u201d da je situacija donekle opasnija na \u017dabljaku Crnojevi?a, i da je krizni \u0161tab Prijestonice, za svaki slu?aj, spreman da automatski evakui\u0161e mje\u0161tane, ukoliko to bude potrebno.<br \/>\n\u201cPripremljena je osnovna \u0161kola na Rijeci Crnojevi?a i dje?ji vrti? na Cetinju, ukoliko bude potrebno da se stanovnici ta dva mjesta isele\u201d, rekao je Jankovi?.<\/p>\n<p>On je napomenuo da \u017dabljak Crnojevi?a ni ju?e nije imao struje, jer su tri elektri?na stuba pala u vodu.<br \/>\n\u201cPripadnici Vojske ujutru ?e iza?i na teren, i o?ekujemo da naprave stubove, kako bi mje\u0161tani dobili struju. Trenutno nam najve?i problem predstavlja gubitak sto?nog fonda\u201d, kazao je Jankovi?.<br \/>\nPredsjednik Mjesne zajednice Rijeka Crnojevi?a Nikola Jankovi? ka\u017ee da je ju?e tokom dana vodostaj porastao za 12 centimetara. On je ponovio da je svaka pomo? dobrodo\u0161la, ali da ?e im, ipak, biti potrebnija kada se voda kona?no povu?e.<\/p>\n<p>Na udaru vodene stihije od preksino? je i centar Crmnice &#8211; nado\u0161lo Skadarsko jezero na Virpazaru je poplavilo ulaz u stambenu zgradu pored stare pekare i javni WC, a prijeti i trafo-stanici. Predsjednik Op\u0161tine Bar \u017darko Pavi?evi? je preksino? obi\u0161ao teren i potom formirao krizni \u0161tab.<br \/>\n\u201cOvo je najvi\u0161i nivo jezera od 1963\/64. godine, nivo vode je samo u no?i izme?u ?etvrtka i petka porastao za 15 centimetara\u201d, rekao je \u201eVijestima\u201c ?uro Markovi?, predsjednik Odbora MZ Crmnica-Virpazar.<br \/>\n\u201cPrilaz stambenoj zgradi je omogu?en postavljanjem pontona, a za mje\u0161tane je obezbije?ena voda za pi?e. Od vode su stradali pomo?ni objekti na imanjima \u017deljka Popovi?a i Bla\u017ea Uk\u0161anovi?a u Boljevi?ima i Riza Muratovi?a kod \u017eeljezni?ke stanice, a kako je voda izbila i na put za Dupilo i Popratnice, mogu?e je da ta sela budu odsje?ena\u201d, kazao je Markovi?.<\/p>\n<p><strong>Poplave i na sjeveru<\/strong><\/p>\n<p>Obilne ki\u0161e ni ovog puta nijesu zaobi\u0161li op\u0161tinu Plav, pa je u srijedu izlivanje rijeka i Plavskog jezera nanijelo veliku materijalnu \u0161tetu stanovni\u0161tvu.<br \/>\nKi\u0161a je najvi\u0161e \u0161tete napravila DOO \u201eSamont\u201c vlasnika Elvisa \u0160arkinovi?a u mjestu Latek kraj Plava, kada je do\u0161lo do klizi\u0161ta, pod ?ijim teretom je popustio potporni zid u du\u017eini od oko 20 metara i ?etiri metra visine, usljed ?ega su o\u0161te?ene gra?evinske ma\u0161ine koje se na tom mjestu parkiraju.<br \/>\n?lan op\u0161tinskog kriznog \u0161taba Zamo Bekte\u0161evi? kazao je da je, osim potpornog zida, gotovo izvjesno da ne?e izdr\u017eati ni ku?a u izgradnji vlasni\u0161tva porodice Ga?evi?.<br \/>\n\u201cTako?e je do\u0161lo do izlivanja potoka u blizini Limskog mosta od ?ega prijeti opasnost i ostalim objektima. Izlio se i potok u Prnjavoru kraj Plava, gdje je o\u0161te?en seoski asfaltni put\u201d, kazao je Bekte\u0161evi?.<br \/>\n?lanovi kriznog \u0161taba obi\u0161li su i porodicu Gordane Joki? koja ve? 17 godina kuburi sa problemom propustne cijevi za potoke iz planine Visitor, a koja je prije 17 godina od ljudi iz te MZ zatvorena i kad god se pove?a nivo vode, ?itav potok se sliva u podrum njene ku?e.<br \/>\n\u201cI ovog puta mi je poplavljeno puno ku?nih stvari, ali i ?itava zimnica koju sam spremala\u201d, kazala je Joki?.<\/p>\n<p>Alarmanto je u srijedu bilo i u selu Desni Grn?ar nedaleko od Gusinja, a koje se nalazi samo dva kilometra od granice sa Albanijom. Rijeka Grn?ar se i ovog puta izlila.<br \/>\nPredsjednik i ?lan kriznog \u0161taba op\u0161tine Plav \u0160a?ir Radon?i? i Abedin Musi? obi\u0161li su selo u kojem su najve?e \u0161tete imale porodice Bali?.<br \/>\n\u201cU Desnom Grn?aru poplavljeno je 90 odsto imanja i njiva, a uzrok tome je probijanje obaloutvrde na dva mjesta\u201d, kazao je Radon?i?.<br \/>\nKi\u0161a koja je padala prethodnih dana uslovila je da se podigne nivo rijeke Tare pri ?emu je do\u0161lo do o\u0161te?enja na imanju i prilaznom putu Milosava i Milotija Bulatovi?a u naselju Vlado\u0161 nedaleko od Kola\u0161ina.<br \/>\n<strong><br \/>\nPrestanak padavina tek od srijede<\/strong><\/p>\n<p>\u201cTokom decembra i ovih nekoliko dana januara oboreni su svi apsolutni rekordi koli?ine padavima u dijelu dr\u017eave koji gravitira jadranskom slivu. Ovakvo ili sli?no vrijeme i ozbiljna opasnost od poplava ?e potrajati jo\u0161 nekoliko dana i stabilizaciju vremenskih prilika treba o?ekivati od sredine naredne sedmice&#8221;, kazao je ju?e za &#8220;Vijesti&#8221; Luka Mitrovi?, direktor Hidrometeorolo\u0161kog zavoda.<br \/>\nOn je za danas najavio velike padavine i jak ju\u017eni vjetar i &#8220;ki\u0161u kao iz kabla&#8221;.<br \/>\n&#8220;U subotu krajem dana ki\u0161a ?e oslabiti i na planinama pre?i u snijeg. U nedjelju, ponedjeljak i utorak bi?e obla?no sa slabijom ki\u0161om i snijegom u planinama srednjeg dijela dr\u017eave. Do srijede ?e se zadr\u017eati nestabilno vrijeme, od nedjelje pad temperature, a sredinom sedmice o?ekujemo stabilizaciju vremena i manje brige od poplava&#8221;, kazao je Mitrovi?.<br \/>\nMitrovi? je rekao da se koli?ina padavina u ve?ini gradova koji su dio Jadranskog sliva udvostru?ila. Najupe?atljiviji primjer je Cetinje gdje je srednja decembarska koli?ina padavina sa 450 metara oti\u0161la na 860 milimetara po kvadratnom metru, a za ?etiri dana je palo ki\u0161e koliko obi?no padne za mjesec. Sli?no je u Podgorici i Nik\u0161i?u gdje je prije neki dan za 24 sata palo ?itavih 88 litara na kvadratni metar.<\/p>\n<p>Mitrovi? je istakao da je problem visoka temparatura.<br \/>\n&#8220;Ni u planinama ne pada snijeg nego ki\u0161a. Kao posljedicu takvih vremenskih prilika imamo situaciju da nivo Skadarskog jezera neprestano raste. Na hidrolo\u0161koj stanici Fraskanjel na Bojani vodostaj se ozbiljno pribli\u017eio apsolutnom maksimumu iz decembra 1966. godine kada je iznosio 603 centimetra. Danas poslije podne je bio na 597 i vjerujem da ?e tokom no?i usljed jake ki\u0161e i sna\u017enog ju\u017enog vjetra biti oboren&#8221;, kazao je ju?e Mitrovi?.<br \/>\n&#8220;Bojana na du\u017eini toka od preko 20 kilometara ima pad od svega \u0161est metara. To zna?i da ona i u normalnim vremenskim prilikama sporo oti?e. U ovim &#8220;nenormalnim&#8221;, ona je prakti?no zaustavljena podizanjem nivoa mora i talasima koje izaziva ju\u017eni vjetar pa se prakti?no more uliva u Bojanu. Na drugoj strani, Drim je svojom snagom prakti?no pregradio Bojanu i podi\u017ee nivo Skadarskog jezera, iako ovih dana vodostaj Mora?e neprestano pada. Sve to uslovljava situaciju da nije nemogu?e da se nivo jezera opasno primakne visini nasipa kojim idu magistrala i pruga&#8221;, isti?e Mitrovi?.<\/p>\n<p><strong>M. B.S. A.-D.J.-R. P. &#8211; A. I.-Ma. M.<br \/>\n<a href=\"http:\/\/www.vijesti.me\/index.php?id=326881\" target=\"_blank\">Vijesti<\/a><br \/>\n\n\t\t<style type=\"text\/css\">\n\t\t\t#gallery-1 {\n\t\t\t\tmargin: auto;\n\t\t\t}\n\t\t\t#gallery-1 .gallery-item {\n\t\t\t\tfloat: left;\n\t\t\t\tmargin-top: 10px;\n\t\t\t\ttext-align: center;\n\t\t\t\twidth: 33%;\n\t\t\t}\n\t\t\t#gallery-1 img {\n\t\t\t\tborder: 2px solid #cfcfcf;\n\t\t\t}\n\t\t\t#gallery-1 .gallery-caption {\n\t\t\t\tmargin-left: 0;\n\t\t\t}\n\t\t\t\/* see gallery_shortcode() in wp-includes\/media.php *\/\n\t\t<\/style>\n\t\t<div id='gallery-1' class='gallery galleryid-29303 gallery-columns-3 gallery-size-thumbnail'><dl class='gallery-item'>\n\t\t\t<dt class='gallery-icon landscape'>\n\t\t\t\t<a href='https:\/\/www.visit-ulcinj.com\/blog\/wp-content\/uploads\/2010\/01\/granica_crna-gora_albanija.jpg'><img width=\"150\" height=\"150\" src=\"https:\/\/www.visit-ulcinj.com\/blog\/wp-content\/uploads\/2010\/01\/granica_crna-gora_albanija-150x150.jpg\" class=\"attachment-thumbnail size-thumbnail\" alt=\"\" loading=\"lazy\" \/><\/a>\n\t\t\t<\/dt><\/dl><dl class='gallery-item'>\n\t\t\t<dt class='gallery-icon landscape'>\n\t\t\t\t<a href='https:\/\/www.visit-ulcinj.com\/blog\/wp-content\/uploads\/2010\/01\/gzim-hajdinaga_poplava_na-terenu_ulcinj.jpg'><img width=\"150\" height=\"150\" src=\"https:\/\/www.visit-ulcinj.com\/blog\/wp-content\/uploads\/2010\/01\/gzim-hajdinaga_poplava_na-terenu_ulcinj-150x150.jpg\" class=\"attachment-thumbnail size-thumbnail\" alt=\"\" loading=\"lazy\" \/><\/a>\n\t\t\t<\/dt><\/dl><dl class='gallery-item'>\n\t\t\t<dt class='gallery-icon landscape'>\n\t\t\t\t<a href='https:\/\/www.visit-ulcinj.com\/blog\/wp-content\/uploads\/2010\/01\/krizni-stab-ulcinja.1.jpg'><img width=\"150\" height=\"150\" src=\"https:\/\/www.visit-ulcinj.com\/blog\/wp-content\/uploads\/2010\/01\/krizni-stab-ulcinja.1-150x150.jpg\" class=\"attachment-thumbnail size-thumbnail\" alt=\"\" loading=\"lazy\" \/><\/a>\n\t\t\t<\/dt><\/dl><br style=\"clear: both\" \/><dl class='gallery-item'>\n\t\t\t<dt class='gallery-icon landscape'>\n\t\t\t\t<a href='https:\/\/www.visit-ulcinj.com\/blog\/wp-content\/uploads\/2010\/01\/krizni-stab-ulcinja.2.jpg'><img width=\"150\" height=\"150\" src=\"https:\/\/www.visit-ulcinj.com\/blog\/wp-content\/uploads\/2010\/01\/krizni-stab-ulcinja.2-150x150.jpg\" class=\"attachment-thumbnail size-thumbnail\" alt=\"\" loading=\"lazy\" \/><\/a>\n\t\t\t<\/dt><\/dl><dl class='gallery-item'>\n\t\t\t<dt class='gallery-icon landscape'>\n\t\t\t\t<a href='https:\/\/www.visit-ulcinj.com\/blog\/wp-content\/uploads\/2010\/01\/krizni-stab-ulcinja.3.jpg'><img width=\"150\" height=\"150\" src=\"https:\/\/www.visit-ulcinj.com\/blog\/wp-content\/uploads\/2010\/01\/krizni-stab-ulcinja.3-150x150.jpg\" class=\"attachment-thumbnail size-thumbnail\" alt=\"\" loading=\"lazy\" \/><\/a>\n\t\t\t<\/dt><\/dl><dl class='gallery-item'>\n\t\t\t<dt class='gallery-icon landscape'>\n\t\t\t\t<a href='https:\/\/www.visit-ulcinj.com\/blog\/wp-content\/uploads\/2010\/01\/krizni-stab-ulcinja.4.jpg'><img width=\"150\" height=\"150\" src=\"https:\/\/www.visit-ulcinj.com\/blog\/wp-content\/uploads\/2010\/01\/krizni-stab-ulcinja.4-150x150.jpg\" class=\"attachment-thumbnail size-thumbnail\" alt=\"\" loading=\"lazy\" \/><\/a>\n\t\t\t<\/dt><\/dl><br style=\"clear: both\" \/><dl class='gallery-item'>\n\t\t\t<dt class='gallery-icon landscape'>\n\t\t\t\t<a href='https:\/\/www.visit-ulcinj.com\/blog\/wp-content\/uploads\/2010\/01\/krizni-stab-ulcinja.jpg'><img width=\"150\" height=\"150\" src=\"https:\/\/www.visit-ulcinj.com\/blog\/wp-content\/uploads\/2010\/01\/krizni-stab-ulcinja-150x150.jpg\" class=\"attachment-thumbnail size-thumbnail\" alt=\"\" loading=\"lazy\" \/><\/a>\n\t\t\t<\/dt><\/dl><dl class='gallery-item'>\n\t\t\t<dt class='gallery-icon landscape'>\n\t\t\t\t<a href='https:\/\/www.visit-ulcinj.com\/blog\/wp-content\/uploads\/2010\/01\/lisna-bora_poplava_ulcinj.jpg'><img width=\"150\" height=\"150\" src=\"https:\/\/www.visit-ulcinj.com\/blog\/wp-content\/uploads\/2010\/01\/lisna-bora_poplava_ulcinj-150x150.jpg\" class=\"attachment-thumbnail size-thumbnail\" alt=\"\" loading=\"lazy\" \/><\/a>\n\t\t\t<\/dt><\/dl><dl class='gallery-item'>\n\t\t\t<dt class='gallery-icon '>\n\t\t\t\t<a href='https:\/\/www.visit-ulcinj.com\/blog\/wp-content\/uploads\/2010\/01\/Zoran-Begovi\u00c4\u2021.jpg'><img width=\"1\" height=\"1\" src=\"https:\/\/www.visit-ulcinj.com\/blog\/wp-content\/uploads\/2010\/01\/Zoran-Begovi\u00c4\u2021.jpg\" class=\"attachment-thumbnail size-thumbnail\" alt=\"\" loading=\"lazy\" \/><\/a>\n\t\t\t<\/dt><\/dl><br style=\"clear: both\" \/>\n\t\t<\/div>\n<br \/>\n<\/strong><\/p>\n<p><span id=\"__end\"><span id=\"__end\"><span id=\"__end\"><strong>VIDEO\u00a0 VIJESTI TV<\/strong><\/span><\/span><\/span><\/p>\n<p>[flv width=&#8221;580&#8243; height=&#8221;400&#8243;]http:\/\/a2.video2.blip.tv\/6370003087365\/Rtvvijesti-dnevnik080110115.flv[\/flv]<\/p>\n","protected":false},"excerpt":{"rendered":"<p>Poplave i dalje prijete i na jugu i na sjeveru, u Ulcinju spremaju planove za evakuaciju sa bojane, meteorolozi prognoziraju: Kriti?no sve do srijede Selo Lisna Bori u ulcinjskoj op\u0161tini od ju?e je potpuno zarobljeno vodom, dok nabujala Bojana i dalje zlokobno prijeti priobalnim naseljima. U situaciji kada je susjedna Albanija, suo?ena sa najve?im poplavama [&hellip;]<\/p>\n","protected":false},"author":1,"featured_media":0,"comment_status":"open","ping_status":"closed","sticky":false,"template":"","format":"standard","meta":{"spay_email":"","jetpack_publicize_message":"","jetpack_is_tweetstorm":false,"jetpack_publicize_feature_enabled":true},"categories":[8337],"tags":[13235,138,3167,13231,13233,2417,13230,13232,13234,2045],"jetpack_publicize_connections":[],"yoast_head":"<!-- This site is optimized with the Yoast SEO plugin v19.1 - https:\/\/yoast.com\/wordpress\/plugins\/seo\/ -->\n<title>Selo Lisna Bora u Ulcinjskoj op\u0161tini od ju?e je potpuno zarobljeno vodom - Lajme nga Ulqini<\/title>\n<meta name=\"description\" content=\"Poplave i dalje prijete i na jugu i na sjeveru, u Ulcinju spremaju planove za evakuaciju sa bojane, meteorolozi prognoziraju: Kriti?no sve do srijede Selo\" \/>\n<meta name=\"robots\" content=\"index, follow, max-snippet:-1, max-image-preview:large, max-video-preview:-1\" \/>\n<link rel=\"canonical\" href=\"https:\/\/www.visit-ulcinj.com\/blog\/2010\/01\/10\/selo-lisna-bori-u-ulcinjskoj-opstini-od-juce-je-potpuno-zarobljeno-vodom\/\" \/>\n<meta property=\"og:locale\" content=\"en_US\" \/>\n<meta property=\"og:type\" content=\"article\" \/>\n<meta property=\"og:title\" content=\"Selo Lisna Bora u Ulcinjskoj op\u0161tini od ju?e je potpuno zarobljeno vodom - Lajme nga Ulqini\" \/>\n<meta property=\"og:description\" content=\"Poplave i dalje prijete i na jugu i na sjeveru, u Ulcinju spremaju planove za evakuaciju sa bojane, meteorolozi prognoziraju: Kriti?no sve do srijede Selo\" \/>\n<meta property=\"og:url\" content=\"https:\/\/www.visit-ulcinj.com\/blog\/2010\/01\/10\/selo-lisna-bori-u-ulcinjskoj-opstini-od-juce-je-potpuno-zarobljeno-vodom\/\" \/>\n<meta property=\"og:site_name\" content=\"Lajme nga Ulqini\" \/>\n<meta property=\"article:published_time\" content=\"2010-01-10T07:42:18+00:00\" \/>\n<meta property=\"article:modified_time\" content=\"2010-01-10T07:43:39+00:00\" \/>\n<meta property=\"og:image\" content=\"https:\/\/www.visit-ulcinj.com\/blog\/wp-content\/uploads\/2010\/01\/granica_crna-gora_albanija-150x150.jpg\" \/>\n<meta name=\"twitter:label1\" content=\"Written by\" \/>\n\t<meta name=\"twitter:data1\" content=\"ulqini\" \/>\n\t<meta name=\"twitter:label2\" content=\"Est. reading time\" \/>\n\t<meta name=\"twitter:data2\" content=\"8 minutes\" \/>\n<script type=\"application\/ld+json\" class=\"yoast-schema-graph\">{\"@context\":\"https:\/\/schema.org\",\"@graph\":[{\"@type\":\"WebSite\",\"@id\":\"https:\/\/www.visit-ulcinj.com\/blog\/#website\",\"url\":\"https:\/\/www.visit-ulcinj.com\/blog\/\",\"name\":\"Lajme nga Ulqini\",\"description\":\"Lajme,Vijesti,Ulqini,Ulqin,Crna Gora,Mali i Zi\",\"potentialAction\":[{\"@type\":\"SearchAction\",\"target\":{\"@type\":\"EntryPoint\",\"urlTemplate\":\"https:\/\/www.visit-ulcinj.com\/blog\/?s={search_term_string}\"},\"query-input\":\"required name=search_term_string\"}],\"inLanguage\":\"en-US\"},{\"@type\":\"ImageObject\",\"inLanguage\":\"en-US\",\"@id\":\"https:\/\/www.visit-ulcinj.com\/blog\/2010\/01\/10\/selo-lisna-bori-u-ulcinjskoj-opstini-od-juce-je-potpuno-zarobljeno-vodom\/#primaryimage\",\"url\":\"https:\/\/www.visit-ulcinj.com\/blog\/wp-content\/uploads\/2010\/01\/krizni-stab-ulcinja.jpg\",\"contentUrl\":\"https:\/\/www.visit-ulcinj.com\/blog\/wp-content\/uploads\/2010\/01\/krizni-stab-ulcinja.jpg\",\"width\":\"388\",\"height\":\"313\"},{\"@type\":\"WebPage\",\"@id\":\"https:\/\/www.visit-ulcinj.com\/blog\/2010\/01\/10\/selo-lisna-bori-u-ulcinjskoj-opstini-od-juce-je-potpuno-zarobljeno-vodom\/#webpage\",\"url\":\"https:\/\/www.visit-ulcinj.com\/blog\/2010\/01\/10\/selo-lisna-bori-u-ulcinjskoj-opstini-od-juce-je-potpuno-zarobljeno-vodom\/\",\"name\":\"Selo Lisna Bora u Ulcinjskoj op\u0161tini od ju?e je potpuno zarobljeno vodom - Lajme nga Ulqini\",\"isPartOf\":{\"@id\":\"https:\/\/www.visit-ulcinj.com\/blog\/#website\"},\"primaryImageOfPage\":{\"@id\":\"https:\/\/www.visit-ulcinj.com\/blog\/2010\/01\/10\/selo-lisna-bori-u-ulcinjskoj-opstini-od-juce-je-potpuno-zarobljeno-vodom\/#primaryimage\"},\"datePublished\":\"2010-01-10T07:42:18+00:00\",\"dateModified\":\"2010-01-10T07:43:39+00:00\",\"author\":{\"@id\":\"https:\/\/www.visit-ulcinj.com\/blog\/#\/schema\/person\/dcab619c614d3038751c63bc2aadc06d\"},\"description\":\"Poplave i dalje prijete i na jugu i na sjeveru, u Ulcinju spremaju planove za evakuaciju sa bojane, meteorolozi prognoziraju: Kriti?no sve do srijede Selo\",\"breadcrumb\":{\"@id\":\"https:\/\/www.visit-ulcinj.com\/blog\/2010\/01\/10\/selo-lisna-bori-u-ulcinjskoj-opstini-od-juce-je-potpuno-zarobljeno-vodom\/#breadcrumb\"},\"inLanguage\":\"en-US\",\"potentialAction\":[{\"@type\":\"ReadAction\",\"target\":[\"https:\/\/www.visit-ulcinj.com\/blog\/2010\/01\/10\/selo-lisna-bori-u-ulcinjskoj-opstini-od-juce-je-potpuno-zarobljeno-vodom\/\"]}]},{\"@type\":\"BreadcrumbList\",\"@id\":\"https:\/\/www.visit-ulcinj.com\/blog\/2010\/01\/10\/selo-lisna-bori-u-ulcinjskoj-opstini-od-juce-je-potpuno-zarobljeno-vodom\/#breadcrumb\",\"itemListElement\":[{\"@type\":\"ListItem\",\"position\":1,\"name\":\"Selo Lisna Bora u Ulcinjskoj op\u0161tini od ju?e je potpuno zarobljeno vodom\"}]},{\"@type\":\"Person\",\"@id\":\"https:\/\/www.visit-ulcinj.com\/blog\/#\/schema\/person\/dcab619c614d3038751c63bc2aadc06d\",\"name\":\"ulqini\",\"sameAs\":[\"http:\/\/www.visit-ulcinj.com\"],\"url\":\"https:\/\/www.visit-ulcinj.com\/blog\/author\/admin\/\"}]}<\/script>\n<!-- \/ Yoast SEO plugin. -->","yoast_head_json":{"title":"Selo Lisna Bora u Ulcinjskoj op\u0161tini od ju?e je potpuno zarobljeno vodom - Lajme nga Ulqini","description":"Poplave i dalje prijete i na jugu i na sjeveru, u Ulcinju spremaju planove za evakuaciju sa bojane, meteorolozi prognoziraju: Kriti?no sve do srijede Selo","robots":{"index":"index","follow":"follow","max-snippet":"max-snippet:-1","max-image-preview":"max-image-preview:large","max-video-preview":"max-video-preview:-1"},"canonical":"https:\/\/www.visit-ulcinj.com\/blog\/2010\/01\/10\/selo-lisna-bori-u-ulcinjskoj-opstini-od-juce-je-potpuno-zarobljeno-vodom\/","og_locale":"en_US","og_type":"article","og_title":"Selo Lisna Bora u Ulcinjskoj op\u0161tini od ju?e je potpuno zarobljeno vodom - Lajme nga Ulqini","og_description":"Poplave i dalje prijete i na jugu i na sjeveru, u Ulcinju spremaju planove za evakuaciju sa bojane, meteorolozi prognoziraju: Kriti?no sve do srijede Selo","og_url":"https:\/\/www.visit-ulcinj.com\/blog\/2010\/01\/10\/selo-lisna-bori-u-ulcinjskoj-opstini-od-juce-je-potpuno-zarobljeno-vodom\/","og_site_name":"Lajme nga Ulqini","article_published_time":"2010-01-10T07:42:18+00:00","article_modified_time":"2010-01-10T07:43:39+00:00","og_image":[{"url":"https:\/\/www.visit-ulcinj.com\/blog\/wp-content\/uploads\/2010\/01\/granica_crna-gora_albanija-150x150.jpg"}],"twitter_misc":{"Written by":"ulqini","Est. reading time":"8 minutes"},"schema":{"@context":"https:\/\/schema.org","@graph":[{"@type":"WebSite","@id":"https:\/\/www.visit-ulcinj.com\/blog\/#website","url":"https:\/\/www.visit-ulcinj.com\/blog\/","name":"Lajme nga Ulqini","description":"Lajme,Vijesti,Ulqini,Ulqin,Crna Gora,Mali i Zi","potentialAction":[{"@type":"SearchAction","target":{"@type":"EntryPoint","urlTemplate":"https:\/\/www.visit-ulcinj.com\/blog\/?s={search_term_string}"},"query-input":"required name=search_term_string"}],"inLanguage":"en-US"},{"@type":"ImageObject","inLanguage":"en-US","@id":"https:\/\/www.visit-ulcinj.com\/blog\/2010\/01\/10\/selo-lisna-bori-u-ulcinjskoj-opstini-od-juce-je-potpuno-zarobljeno-vodom\/#primaryimage","url":"https:\/\/www.visit-ulcinj.com\/blog\/wp-content\/uploads\/2010\/01\/krizni-stab-ulcinja.jpg","contentUrl":"https:\/\/www.visit-ulcinj.com\/blog\/wp-content\/uploads\/2010\/01\/krizni-stab-ulcinja.jpg","width":"388","height":"313"},{"@type":"WebPage","@id":"https:\/\/www.visit-ulcinj.com\/blog\/2010\/01\/10\/selo-lisna-bori-u-ulcinjskoj-opstini-od-juce-je-potpuno-zarobljeno-vodom\/#webpage","url":"https:\/\/www.visit-ulcinj.com\/blog\/2010\/01\/10\/selo-lisna-bori-u-ulcinjskoj-opstini-od-juce-je-potpuno-zarobljeno-vodom\/","name":"Selo Lisna Bora u Ulcinjskoj op\u0161tini od ju?e je potpuno zarobljeno vodom - Lajme nga Ulqini","isPartOf":{"@id":"https:\/\/www.visit-ulcinj.com\/blog\/#website"},"primaryImageOfPage":{"@id":"https:\/\/www.visit-ulcinj.com\/blog\/2010\/01\/10\/selo-lisna-bori-u-ulcinjskoj-opstini-od-juce-je-potpuno-zarobljeno-vodom\/#primaryimage"},"datePublished":"2010-01-10T07:42:18+00:00","dateModified":"2010-01-10T07:43:39+00:00","author":{"@id":"https:\/\/www.visit-ulcinj.com\/blog\/#\/schema\/person\/dcab619c614d3038751c63bc2aadc06d"},"description":"Poplave i dalje prijete i na jugu i na sjeveru, u Ulcinju spremaju planove za evakuaciju sa bojane, meteorolozi prognoziraju: Kriti?no sve do srijede Selo","breadcrumb":{"@id":"https:\/\/www.visit-ulcinj.com\/blog\/2010\/01\/10\/selo-lisna-bori-u-ulcinjskoj-opstini-od-juce-je-potpuno-zarobljeno-vodom\/#breadcrumb"},"inLanguage":"en-US","potentialAction":[{"@type":"ReadAction","target":["https:\/\/www.visit-ulcinj.com\/blog\/2010\/01\/10\/selo-lisna-bori-u-ulcinjskoj-opstini-od-juce-je-potpuno-zarobljeno-vodom\/"]}]},{"@type":"BreadcrumbList","@id":"https:\/\/www.visit-ulcinj.com\/blog\/2010\/01\/10\/selo-lisna-bori-u-ulcinjskoj-opstini-od-juce-je-potpuno-zarobljeno-vodom\/#breadcrumb","itemListElement":[{"@type":"ListItem","position":1,"name":"Selo Lisna Bora u Ulcinjskoj op\u0161tini od ju?e je potpuno zarobljeno vodom"}]},{"@type":"Person","@id":"https:\/\/www.visit-ulcinj.com\/blog\/#\/schema\/person\/dcab619c614d3038751c63bc2aadc06d","name":"ulqini","sameAs":["http:\/\/www.visit-ulcinj.com"],"url":"https:\/\/www.visit-ulcinj.com\/blog\/author\/admin\/"}]}},"jetpack_featured_media_url":"","jetpack_sharing_enabled":true,"jetpack_shortlink":"https:\/\/wp.me\/pe6lTn-7CD","_links":{"self":[{"href":"https:\/\/www.visit-ulcinj.com\/blog\/wp-json\/wp\/v2\/posts\/29303"}],"collection":[{"href":"https:\/\/www.visit-ulcinj.com\/blog\/wp-json\/wp\/v2\/posts"}],"about":[{"href":"https:\/\/www.visit-ulcinj.com\/blog\/wp-json\/wp\/v2\/types\/post"}],"author":[{"embeddable":true,"href":"https:\/\/www.visit-ulcinj.com\/blog\/wp-json\/wp\/v2\/users\/1"}],"replies":[{"embeddable":true,"href":"https:\/\/www.visit-ulcinj.com\/blog\/wp-json\/wp\/v2\/comments?post=29303"}],"version-history":[{"count":0,"href":"https:\/\/www.visit-ulcinj.com\/blog\/wp-json\/wp\/v2\/posts\/29303\/revisions"}],"wp:attachment":[{"href":"https:\/\/www.visit-ulcinj.com\/blog\/wp-json\/wp\/v2\/media?parent=29303"}],"wp:term":[{"taxonomy":"category","embeddable":true,"href":"https:\/\/www.visit-ulcinj.com\/blog\/wp-json\/wp\/v2\/categories?post=29303"},{"taxonomy":"post_tag","embeddable":true,"href":"https:\/\/www.visit-ulcinj.com\/blog\/wp-json\/wp\/v2\/tags?post=29303"}],"curies":[{"name":"wp","href":"https:\/\/api.w.org\/{rel}","templated":true}]}}