{"id":29376,"date":"2010-01-12T21:06:29","date_gmt":"2010-01-12T19:06:29","guid":{"rendered":"http:\/\/www.visit-ulcinj.com\/blog\/?p=29376"},"modified":"2010-02-07T17:09:27","modified_gmt":"2010-02-07T15:09:27","slug":"thirje-bashkatedhetareve-per-ndihm-sos-ulqini","status":"publish","type":"post","link":"https:\/\/www.visit-ulcinj.com\/blog\/2010\/01\/12\/thirje-bashkatedhetareve-per-ndihm-sos-ulqini\/","title":{"rendered":"Apel Bashkat\u00ebdhetar\u00ebve p\u00ebr ndihm\u00eb"},"content":{"rendered":"<p><a href=\"http:\/\/www.visit-ulcinj.com\/blog\/wp-content\/uploads\/2010\/01\/Apel-Bashkat\u00ebdhetar\u00ebve-per-ndihm.jpg\"><img loading=\"lazy\" class=\"alignleft size-full wp-image-29384\" title=\"Apel Bashkat\u00ebdhetar\u00ebve per ndihm\" src=\"http:\/\/www.visit-ulcinj.com\/blog\/wp-content\/uploads\/2010\/01\/Apel-Bashkat\u00ebdhetar\u00ebve-per-ndihm.jpg\" alt=\"Apel Bashkat\u00ebdhetar\u00ebve per ndihm,X Abi Ulcinj Montenegro X Aide Ulcinj Mont\u00e9n\u00e9gro X Aide Ulqin - Ulcinj Mont\u00e9n\u00e9gro X Aiuto Ulcinj Montenegro X Ajuda Ulcinj Montenegro X Ajutor Ulcinj Muntenegru X Axuda Ulcinj Montenegro X Ayuda Ulcinj Montenegro X ??Ulcinj??? X Bantuan Ulcinj Montenegro X Cabhair Ulcinj Montain\u00e9agr\u00f3 X G?ajnuna Ulcinj Montenegro X Help Ulcinj Melnkalne X Help Ulcinj Montenegro X Help Ulqin - Ulcinj Montenegro X Hilfe Ulcinj Montenegro X Hj\u00e1lp Ulcinj Svartfjallaland X Hj\u00e4lp Ulcinj Montenegro X Hj\u00e6lp Ulcinj Montenegro X Hjelp Ulcinj Montenegro X ??????? Ulcinj ??????????? X ??? ????? ??? X Msaada Ulcinj Montenegro X N\u00e1pov?da Ulcinj ?ern\u00e1 Hora X Ndihm\u00eb Ulqin - Ulcinj Mali i Zi X Ndihm\u00eb Ulqini Mali i Zi X Ohje Ulcinj Montenegro X Op\u0161tina ulcinj X ?????? Ulcinj ????? ???? X Pagalba Juodkalnija X Pomo? Ulcinj Crna Gora X Pomoc Ulcinj ?ierna Hora X Pomoc Ulcinj Czarnog\u00f3ra X Seg\u00edts\u00e9g Ulcinj Montenegr\u00f3 X Tr? gi\u00fap Ulcinj Montenegro X ulcinj X Ulcinj ??????????? ?????? X Ulcinj Karada? Yard?m X Ulcinj?????????? X ?????? ??????? ????? ?????? X ???????? ??????? ?????????? X ???????? ??????? ?????????? X ????? ???? ???? ????? X ????? Ulcinj ????? ???? X ?????? ??????? ?????????? X ????? ?????? ???? ???? X ???? ???????? ????????????\" width=\"580\" height=\"400\" \/><\/a>Nisur nga situata e krijuar pas v\u00ebrshimeve dhe p\u00ebrmbytjeve q\u00eb ka goditur nj\u00eb num\u00ebr t\u00eb fshatrave t\u00eb Komun\u00ebs s\u00eb Ulqinit, Shtabi i emergjencave n\u00eb kuad\u00ebr t\u00eb kompetencave dhe aktiviteteve q\u00eb ka nd\u00ebrmarr\u00eb, vendosi t\u00eb hapet nj\u00eb llogari e ve\u00e7ant\u00eb p\u00ebr grumbullimin e mjeteve p\u00ebr familjet q\u00eb kan\u00eb p\u00ebsuar nga kjo fatkeq\u00ebsi natyrore.<\/p>\n<p>Me k\u00ebt\u00eb rast, luten dhe ftohen t\u00eb gjith\u00eb subjektet e interesuara q\u00eb d\u00ebshirojn\u00eb t\u00eb ndihmojn\u00eb banor\u00ebt tan\u00eb, k\u00ebt\u00eb mund ta b\u00ebjn\u00eb n\u00eb:<\/p>\n<ol>\n<li><strong>535-8476-65 PRVA BANKA CRNE GORE (Brenda Malit t\u00eb Zi) <\/strong><\/li>\n<\/ol>\n<p><strong>Instruction for customer transfer (jasht\u00eb Malit t\u00eb Zi)<\/strong><\/p>\n<ul>\n<li><strong>57: ACCOUNT WITH INSTUTION<\/strong><\/li>\n<li><strong>MONTENEGROBANKA AD PODGORICA<\/strong><\/li>\n<li><strong>(SWIFT CODE: MNBAMEPG)<\/strong><\/li>\n<li><strong>ACC.NO.EUR 400876825101<\/strong><\/li>\n<li><strong>ACC.NO.USD 400876825100 <\/strong><\/li>\n<\/ul>\n<p><strong>56: INTERMEDIARY:COMMERZBANK AG<\/strong><\/p>\n<p><strong>Neue Mainzerstrasse 32-36<\/strong><\/p>\n<p><strong>60311 Frankfurt\/Main<\/strong><\/p>\n<p><strong>(SWIFT CODE: COBADEFF) <\/strong><\/p>\n<p><strong>59: BENEFICIARY : OPSTINA ULCINJ<\/strong><\/p>\n<p><strong> ULCINJ, UL 26 NOVEMBAR<\/strong><\/p>\n<p><strong>IBAN: ME2553 0005 1300 0501 2765<br \/>\n<\/strong><\/p>\n<p><span lang=\"IT\"><strong>&#8221;Lista me emrat e t\u00eb gjith\u00eb atyre q\u00eb do  t\u00eb kontribuojn\u00eb n\u00eb k\u00ebt\u00eb aksion t\u00eb nd\u00ebrmarr\u00eb nga Shtabi i Emergjencave, do t\u00eb  jet\u00eb e publikuar n\u00eb sajtin <a href=\"..\/..\/blog\" target=\"_blank\">www.visit-ulcinj.com\/blog<\/a> &#8221;<\/strong><\/span><\/p>\n<p><strong>Juve falinderit<\/strong><\/p>\n<p><strong>Komuna e Ulqinit<br \/>\n<span><span style=\"color: #00681c;\">Municipality of Ulcinj \/ Ulqin <\/span><\/span><\/strong><\/p>\n<p><strong> <\/strong><\/p>\n<!--YouTube Error: bad URL entered-->\n<p><strong>Ndihmo<\/strong><br \/>\n<strong><span>Video nga Ana e Malit &#8211; Permbytjet 2010<br \/>\n<\/span><\/strong><!--YouTube Error: bad URL entered--><\/p>\n","protected":false},"excerpt":{"rendered":"<p>Nisur nga situata e krijuar pas v\u00ebrshimeve dhe p\u00ebrmbytjeve q\u00eb ka goditur nj\u00eb num\u00ebr t\u00eb fshatrave t\u00eb Komun\u00ebs s\u00eb Ulqinit, Shtabi i emergjencave n\u00eb kuad\u00ebr t\u00eb kompetencave dhe aktiviteteve q\u00eb ka nd\u00ebrmarr\u00eb, vendosi t\u00eb hapet nj\u00eb llogari e ve\u00e7ant\u00eb p\u00ebr grumbullimin e mjeteve p\u00ebr familjet q\u00eb kan\u00eb p\u00ebsuar nga kjo fatkeq\u00ebsi natyrore. Me k\u00ebt\u00eb rast, [&hellip;]<\/p>\n","protected":false},"author":1,"featured_media":0,"comment_status":"open","ping_status":"closed","sticky":false,"template":"","format":"standard","meta":{"spay_email":"","jetpack_publicize_message":"","jetpack_is_tweetstorm":false,"jetpack_publicize_feature_enabled":true},"categories":[1],"tags":[13281,13286,13305,13313,13317,13295,13293,13287,13284,13304,13294,13323,13296,13300,13302,13279,13310,13289,13288,13303,13299,13307,13308,13314,13311,13290,13278,13292,13309,13315,13319,13298,13320,13321,13280,13291,13301,264,13312,13297,13318,13316,13306,13285,19,13282,13322,13283],"jetpack_publicize_connections":[],"yoast_head":"<!-- This site is optimized with the Yoast SEO plugin v19.1 - https:\/\/yoast.com\/wordpress\/plugins\/seo\/ -->\n<title>Apel Bashkat\u00ebdhetar\u00ebve p\u00ebr ndihm\u00eb - Lajme nga Ulqini<\/title>\n<meta name=\"description\" content=\"Nisur nga situata e krijuar pas v\u00ebrshimeve dhe p\u00ebrmbytjeve q\u00eb ka goditur nj\u00eb num\u00ebr t\u00eb fshatrave t\u00eb Komun\u00ebs s\u00eb Ulqinit, Shtabi i emergjencave n\u00eb kuad\u00ebr t\u00eb\" \/>\n<meta name=\"robots\" content=\"index, follow, max-snippet:-1, max-image-preview:large, max-video-preview:-1\" \/>\n<link rel=\"canonical\" href=\"https:\/\/www.visit-ulcinj.com\/blog\/2010\/01\/12\/thirje-bashkatedhetareve-per-ndihm-sos-ulqini\/\" \/>\n<meta property=\"og:locale\" content=\"en_US\" \/>\n<meta property=\"og:type\" content=\"article\" \/>\n<meta property=\"og:title\" content=\"Apel Bashkat\u00ebdhetar\u00ebve p\u00ebr ndihm\u00eb - Lajme nga Ulqini\" \/>\n<meta property=\"og:description\" content=\"Nisur nga situata e krijuar pas v\u00ebrshimeve dhe p\u00ebrmbytjeve q\u00eb ka goditur nj\u00eb num\u00ebr t\u00eb fshatrave t\u00eb Komun\u00ebs s\u00eb Ulqinit, Shtabi i emergjencave n\u00eb kuad\u00ebr t\u00eb\" \/>\n<meta property=\"og:url\" content=\"https:\/\/www.visit-ulcinj.com\/blog\/2010\/01\/12\/thirje-bashkatedhetareve-per-ndihm-sos-ulqini\/\" \/>\n<meta property=\"og:site_name\" content=\"Lajme nga Ulqini\" \/>\n<meta property=\"article:published_time\" content=\"2010-01-12T19:06:29+00:00\" \/>\n<meta property=\"article:modified_time\" content=\"2010-02-07T15:09:27+00:00\" \/>\n<meta name=\"twitter:label1\" content=\"Written by\" \/>\n\t<meta name=\"twitter:data1\" content=\"ulqini\" \/>\n\t<meta name=\"twitter:label2\" content=\"Est. reading time\" \/>\n\t<meta name=\"twitter:data2\" content=\"1 minute\" \/>\n<script type=\"application\/ld+json\" class=\"yoast-schema-graph\">{\"@context\":\"https:\/\/schema.org\",\"@graph\":[{\"@type\":\"WebSite\",\"@id\":\"https:\/\/www.visit-ulcinj.com\/blog\/#website\",\"url\":\"https:\/\/www.visit-ulcinj.com\/blog\/\",\"name\":\"Lajme nga Ulqini\",\"description\":\"Lajme,Vijesti,Ulqini,Ulqin,Crna Gora,Mali i Zi\",\"potentialAction\":[{\"@type\":\"SearchAction\",\"target\":{\"@type\":\"EntryPoint\",\"urlTemplate\":\"https:\/\/www.visit-ulcinj.com\/blog\/?s={search_term_string}\"},\"query-input\":\"required name=search_term_string\"}],\"inLanguage\":\"en-US\"},{\"@type\":\"WebPage\",\"@id\":\"https:\/\/www.visit-ulcinj.com\/blog\/2010\/01\/12\/thirje-bashkatedhetareve-per-ndihm-sos-ulqini\/#webpage\",\"url\":\"https:\/\/www.visit-ulcinj.com\/blog\/2010\/01\/12\/thirje-bashkatedhetareve-per-ndihm-sos-ulqini\/\",\"name\":\"Apel Bashkat\u00ebdhetar\u00ebve p\u00ebr ndihm\u00eb - Lajme nga Ulqini\",\"isPartOf\":{\"@id\":\"https:\/\/www.visit-ulcinj.com\/blog\/#website\"},\"datePublished\":\"2010-01-12T19:06:29+00:00\",\"dateModified\":\"2010-02-07T15:09:27+00:00\",\"author\":{\"@id\":\"https:\/\/www.visit-ulcinj.com\/blog\/#\/schema\/person\/dcab619c614d3038751c63bc2aadc06d\"},\"description\":\"Nisur nga situata e krijuar pas v\u00ebrshimeve dhe p\u00ebrmbytjeve q\u00eb ka goditur nj\u00eb num\u00ebr t\u00eb fshatrave t\u00eb Komun\u00ebs s\u00eb Ulqinit, Shtabi i emergjencave n\u00eb kuad\u00ebr t\u00eb\",\"breadcrumb\":{\"@id\":\"https:\/\/www.visit-ulcinj.com\/blog\/2010\/01\/12\/thirje-bashkatedhetareve-per-ndihm-sos-ulqini\/#breadcrumb\"},\"inLanguage\":\"en-US\",\"potentialAction\":[{\"@type\":\"ReadAction\",\"target\":[\"https:\/\/www.visit-ulcinj.com\/blog\/2010\/01\/12\/thirje-bashkatedhetareve-per-ndihm-sos-ulqini\/\"]}]},{\"@type\":\"BreadcrumbList\",\"@id\":\"https:\/\/www.visit-ulcinj.com\/blog\/2010\/01\/12\/thirje-bashkatedhetareve-per-ndihm-sos-ulqini\/#breadcrumb\",\"itemListElement\":[{\"@type\":\"ListItem\",\"position\":1,\"name\":\"Apel Bashkat\u00ebdhetar\u00ebve p\u00ebr ndihm\u00eb\"}]},{\"@type\":\"Person\",\"@id\":\"https:\/\/www.visit-ulcinj.com\/blog\/#\/schema\/person\/dcab619c614d3038751c63bc2aadc06d\",\"name\":\"ulqini\",\"sameAs\":[\"http:\/\/www.visit-ulcinj.com\"],\"url\":\"https:\/\/www.visit-ulcinj.com\/blog\/author\/admin\/\"}]}<\/script>\n<!-- \/ Yoast SEO plugin. -->","yoast_head_json":{"title":"Apel Bashkat\u00ebdhetar\u00ebve p\u00ebr ndihm\u00eb - Lajme nga Ulqini","description":"Nisur nga situata e krijuar pas v\u00ebrshimeve dhe p\u00ebrmbytjeve q\u00eb ka goditur nj\u00eb num\u00ebr t\u00eb fshatrave t\u00eb Komun\u00ebs s\u00eb Ulqinit, Shtabi i emergjencave n\u00eb kuad\u00ebr t\u00eb","robots":{"index":"index","follow":"follow","max-snippet":"max-snippet:-1","max-image-preview":"max-image-preview:large","max-video-preview":"max-video-preview:-1"},"canonical":"https:\/\/www.visit-ulcinj.com\/blog\/2010\/01\/12\/thirje-bashkatedhetareve-per-ndihm-sos-ulqini\/","og_locale":"en_US","og_type":"article","og_title":"Apel Bashkat\u00ebdhetar\u00ebve p\u00ebr ndihm\u00eb - Lajme nga Ulqini","og_description":"Nisur nga situata e krijuar pas v\u00ebrshimeve dhe p\u00ebrmbytjeve q\u00eb ka goditur nj\u00eb num\u00ebr t\u00eb fshatrave t\u00eb Komun\u00ebs s\u00eb Ulqinit, Shtabi i emergjencave n\u00eb kuad\u00ebr t\u00eb","og_url":"https:\/\/www.visit-ulcinj.com\/blog\/2010\/01\/12\/thirje-bashkatedhetareve-per-ndihm-sos-ulqini\/","og_site_name":"Lajme nga Ulqini","article_published_time":"2010-01-12T19:06:29+00:00","article_modified_time":"2010-02-07T15:09:27+00:00","twitter_misc":{"Written by":"ulqini","Est. reading time":"1 minute"},"schema":{"@context":"https:\/\/schema.org","@graph":[{"@type":"WebSite","@id":"https:\/\/www.visit-ulcinj.com\/blog\/#website","url":"https:\/\/www.visit-ulcinj.com\/blog\/","name":"Lajme nga Ulqini","description":"Lajme,Vijesti,Ulqini,Ulqin,Crna Gora,Mali i Zi","potentialAction":[{"@type":"SearchAction","target":{"@type":"EntryPoint","urlTemplate":"https:\/\/www.visit-ulcinj.com\/blog\/?s={search_term_string}"},"query-input":"required name=search_term_string"}],"inLanguage":"en-US"},{"@type":"WebPage","@id":"https:\/\/www.visit-ulcinj.com\/blog\/2010\/01\/12\/thirje-bashkatedhetareve-per-ndihm-sos-ulqini\/#webpage","url":"https:\/\/www.visit-ulcinj.com\/blog\/2010\/01\/12\/thirje-bashkatedhetareve-per-ndihm-sos-ulqini\/","name":"Apel Bashkat\u00ebdhetar\u00ebve p\u00ebr ndihm\u00eb - Lajme nga Ulqini","isPartOf":{"@id":"https:\/\/www.visit-ulcinj.com\/blog\/#website"},"datePublished":"2010-01-12T19:06:29+00:00","dateModified":"2010-02-07T15:09:27+00:00","author":{"@id":"https:\/\/www.visit-ulcinj.com\/blog\/#\/schema\/person\/dcab619c614d3038751c63bc2aadc06d"},"description":"Nisur nga situata e krijuar pas v\u00ebrshimeve dhe p\u00ebrmbytjeve q\u00eb ka goditur nj\u00eb num\u00ebr t\u00eb fshatrave t\u00eb Komun\u00ebs s\u00eb Ulqinit, Shtabi i emergjencave n\u00eb kuad\u00ebr t\u00eb","breadcrumb":{"@id":"https:\/\/www.visit-ulcinj.com\/blog\/2010\/01\/12\/thirje-bashkatedhetareve-per-ndihm-sos-ulqini\/#breadcrumb"},"inLanguage":"en-US","potentialAction":[{"@type":"ReadAction","target":["https:\/\/www.visit-ulcinj.com\/blog\/2010\/01\/12\/thirje-bashkatedhetareve-per-ndihm-sos-ulqini\/"]}]},{"@type":"BreadcrumbList","@id":"https:\/\/www.visit-ulcinj.com\/blog\/2010\/01\/12\/thirje-bashkatedhetareve-per-ndihm-sos-ulqini\/#breadcrumb","itemListElement":[{"@type":"ListItem","position":1,"name":"Apel Bashkat\u00ebdhetar\u00ebve p\u00ebr ndihm\u00eb"}]},{"@type":"Person","@id":"https:\/\/www.visit-ulcinj.com\/blog\/#\/schema\/person\/dcab619c614d3038751c63bc2aadc06d","name":"ulqini","sameAs":["http:\/\/www.visit-ulcinj.com"],"url":"https:\/\/www.visit-ulcinj.com\/blog\/author\/admin\/"}]}},"jetpack_featured_media_url":"","jetpack_sharing_enabled":true,"jetpack_shortlink":"https:\/\/wp.me\/pe6lTn-7DO","_links":{"self":[{"href":"https:\/\/www.visit-ulcinj.com\/blog\/wp-json\/wp\/v2\/posts\/29376"}],"collection":[{"href":"https:\/\/www.visit-ulcinj.com\/blog\/wp-json\/wp\/v2\/posts"}],"about":[{"href":"https:\/\/www.visit-ulcinj.com\/blog\/wp-json\/wp\/v2\/types\/post"}],"author":[{"embeddable":true,"href":"https:\/\/www.visit-ulcinj.com\/blog\/wp-json\/wp\/v2\/users\/1"}],"replies":[{"embeddable":true,"href":"https:\/\/www.visit-ulcinj.com\/blog\/wp-json\/wp\/v2\/comments?post=29376"}],"version-history":[{"count":0,"href":"https:\/\/www.visit-ulcinj.com\/blog\/wp-json\/wp\/v2\/posts\/29376\/revisions"}],"wp:attachment":[{"href":"https:\/\/www.visit-ulcinj.com\/blog\/wp-json\/wp\/v2\/media?parent=29376"}],"wp:term":[{"taxonomy":"category","embeddable":true,"href":"https:\/\/www.visit-ulcinj.com\/blog\/wp-json\/wp\/v2\/categories?post=29376"},{"taxonomy":"post_tag","embeddable":true,"href":"https:\/\/www.visit-ulcinj.com\/blog\/wp-json\/wp\/v2\/tags?post=29376"}],"curies":[{"name":"wp","href":"https:\/\/api.w.org\/{rel}","templated":true}]}}