{"id":29388,"date":"2010-01-13T18:50:17","date_gmt":"2010-01-13T16:50:17","guid":{"rendered":"http:\/\/www.visit-ulcinj.com\/blog\/?p=29388"},"modified":"2010-01-15T00:58:03","modified_gmt":"2010-01-14T22:58:03","slug":"komuna-e-budves-do-te-ndaje-10-000-euro-per-zonat-e-permbytura-ne-territorin-e-komunes-tone","status":"publish","type":"post","link":"https:\/\/www.visit-ulcinj.com\/blog\/2010\/01\/13\/komuna-e-budves-do-te-ndaje-10-000-euro-per-zonat-e-permbytura-ne-territorin-e-komunes-tone\/","title":{"rendered":"Komuna e Budves do t\u00eb  ndaj\u00eb 10.000 euro p\u00ebr zonat e p\u00ebrmbytura n\u00eb territorin e komun\u00ebs ton\u00eb"},"content":{"rendered":"<p><a href=\"http:\/\/www.visit-ulcinj.com\/blog\/wp-content\/uploads\/2010\/01\/Budva-grb_opstina-budva.jpg\"><img loading=\"lazy\" class=\"alignleft size-full wp-image-29389\" title=\"Budva-grb_opstina budva\" src=\"http:\/\/www.visit-ulcinj.com\/blog\/wp-content\/uploads\/2010\/01\/Budva-grb_opstina-budva.jpg\" alt=\"Budva-grb_opstina budva\" width=\"328\" height=\"216\" srcset=\"https:\/\/www.visit-ulcinj.com\/blog\/wp-content\/uploads\/2010\/01\/Budva-grb_opstina-budva.jpg 328w, https:\/\/www.visit-ulcinj.com\/blog\/wp-content\/uploads\/2010\/01\/Budva-grb_opstina-budva-300x197.jpg 300w\" sizes=\"(max-width: 328px) 100vw, 328px\" \/><\/a>Komuna e Budves do t\u00eb\u00a0 ndaj\u00eb 10.000 euro p\u00ebr zonat e p\u00ebrmbytura n\u00eb territorin e komun\u00ebs ton\u00eb.<br \/>\nK\u00ebshtu u tha n\u00eb takimin q\u00eb Kryetari Hajdinaga pati n\u00eb kabinetin e tij me n\u00ebnkryetarin\u00eb\u00a0 Budv\u00ebs z. Milenko Medigoviq dhe sekretarin p\u00ebr investime t\u00eb\u00a0 k\u00ebtij qytetin z.Dragan Maroviq.<br \/>\nDit\u00eb m\u00eb par\u00eb\u00a0 ndihm\u00eb financiare dhe materiale premtuan kryetar\u00ebt e komunave t\u00eb Bjello Poles, Rozhajes dhe Plevles<br \/>\nN\u00eb nd\u00ebrkoh\u00eb shtabi i emergjencave n\u00eb Ulqin k\u00ebrkes\u00eb p\u00ebr ndihm\u00eb ka adresuar n\u00eb shum\u00eb adresa n\u00eb vend dhe jasht\u00eb.<\/p>\n<p><strong><span><span style=\"color: #00681c;\">Municipality of Ulcinj \/ Ulqin<\/span><\/span><\/strong><\/p>\n","protected":false},"excerpt":{"rendered":"<p>Komuna e Budves do t\u00eb\u00a0 ndaj\u00eb 10.000 euro p\u00ebr zonat e p\u00ebrmbytura n\u00eb territorin e komun\u00ebs ton\u00eb. K\u00ebshtu u tha n\u00eb takimin q\u00eb Kryetari Hajdinaga pati n\u00eb kabinetin e tij me n\u00ebnkryetarin\u00eb\u00a0 Budv\u00ebs z. Milenko Medigoviq dhe sekretarin p\u00ebr investime t\u00eb\u00a0 k\u00ebtij qytetin z.Dragan Maroviq. Dit\u00eb m\u00eb par\u00eb\u00a0 ndihm\u00eb financiare dhe materiale premtuan kryetar\u00ebt e [&hellip;]<\/p>\n","protected":false},"author":1,"featured_media":0,"comment_status":"open","ping_status":"closed","sticky":false,"template":"","format":"standard","meta":{"spay_email":"","jetpack_publicize_message":"","jetpack_is_tweetstorm":false,"jetpack_publicize_feature_enabled":true},"categories":[12],"tags":[13326,21,13324,13325,7434],"jetpack_publicize_connections":[],"yoast_head":"<!-- This site is optimized with the Yoast SEO plugin v19.1 - https:\/\/yoast.com\/wordpress\/plugins\/seo\/ -->\n<title>Komuna e Budves do t\u00eb ndaj\u00eb 10.000 euro p\u00ebr zonat e p\u00ebrmbytura n\u00eb territorin e komun\u00ebs ton\u00eb - Lajme nga Ulqini<\/title>\n<meta name=\"description\" content=\"Komuna e Budves do t\u00eb\u00a0 ndaj\u00eb 10.000 euro p\u00ebr zonat e p\u00ebrmbytura n\u00eb territorin e komun\u00ebs ton\u00eb. K\u00ebshtu u tha n\u00eb takimin q\u00eb Kryetari Hajdinaga pati n\u00eb\" \/>\n<meta name=\"robots\" content=\"index, follow, max-snippet:-1, max-image-preview:large, max-video-preview:-1\" \/>\n<link rel=\"canonical\" href=\"https:\/\/www.visit-ulcinj.com\/blog\/2010\/01\/13\/komuna-e-budves-do-te-ndaje-10-000-euro-per-zonat-e-permbytura-ne-territorin-e-komunes-tone\/\" \/>\n<meta property=\"og:locale\" content=\"en_US\" \/>\n<meta property=\"og:type\" content=\"article\" \/>\n<meta property=\"og:title\" content=\"Komuna e Budves do t\u00eb ndaj\u00eb 10.000 euro p\u00ebr zonat e p\u00ebrmbytura n\u00eb territorin e komun\u00ebs ton\u00eb - Lajme nga Ulqini\" \/>\n<meta property=\"og:description\" content=\"Komuna e Budves do t\u00eb\u00a0 ndaj\u00eb 10.000 euro p\u00ebr zonat e p\u00ebrmbytura n\u00eb territorin e komun\u00ebs ton\u00eb. K\u00ebshtu u tha n\u00eb takimin q\u00eb Kryetari Hajdinaga pati n\u00eb\" \/>\n<meta property=\"og:url\" content=\"https:\/\/www.visit-ulcinj.com\/blog\/2010\/01\/13\/komuna-e-budves-do-te-ndaje-10-000-euro-per-zonat-e-permbytura-ne-territorin-e-komunes-tone\/\" \/>\n<meta property=\"og:site_name\" content=\"Lajme nga Ulqini\" \/>\n<meta property=\"article:published_time\" content=\"2010-01-13T16:50:17+00:00\" \/>\n<meta property=\"article:modified_time\" content=\"2010-01-14T22:58:03+00:00\" \/>\n<meta property=\"og:image\" content=\"http:\/\/www.visit-ulcinj.com\/blog\/wp-content\/uploads\/2010\/01\/Budva-grb_opstina-budva.jpg\" \/>\n<meta name=\"twitter:label1\" content=\"Written by\" \/>\n\t<meta name=\"twitter:data1\" content=\"ulqini\" \/>\n<script type=\"application\/ld+json\" class=\"yoast-schema-graph\">{\"@context\":\"https:\/\/schema.org\",\"@graph\":[{\"@type\":\"WebSite\",\"@id\":\"https:\/\/www.visit-ulcinj.com\/blog\/#website\",\"url\":\"https:\/\/www.visit-ulcinj.com\/blog\/\",\"name\":\"Lajme nga Ulqini\",\"description\":\"Lajme,Vijesti,Ulqini,Ulqin,Crna Gora,Mali i Zi\",\"potentialAction\":[{\"@type\":\"SearchAction\",\"target\":{\"@type\":\"EntryPoint\",\"urlTemplate\":\"https:\/\/www.visit-ulcinj.com\/blog\/?s={search_term_string}\"},\"query-input\":\"required name=search_term_string\"}],\"inLanguage\":\"en-US\"},{\"@type\":\"ImageObject\",\"inLanguage\":\"en-US\",\"@id\":\"https:\/\/www.visit-ulcinj.com\/blog\/2010\/01\/13\/komuna-e-budves-do-te-ndaje-10-000-euro-per-zonat-e-permbytura-ne-territorin-e-komunes-tone\/#primaryimage\",\"url\":\"https:\/\/www.visit-ulcinj.com\/blog\/wp-content\/uploads\/2010\/01\/Budva-grb_opstina-budva.jpg\",\"contentUrl\":\"https:\/\/www.visit-ulcinj.com\/blog\/wp-content\/uploads\/2010\/01\/Budva-grb_opstina-budva.jpg\",\"width\":\"328\",\"height\":\"216\"},{\"@type\":\"WebPage\",\"@id\":\"https:\/\/www.visit-ulcinj.com\/blog\/2010\/01\/13\/komuna-e-budves-do-te-ndaje-10-000-euro-per-zonat-e-permbytura-ne-territorin-e-komunes-tone\/#webpage\",\"url\":\"https:\/\/www.visit-ulcinj.com\/blog\/2010\/01\/13\/komuna-e-budves-do-te-ndaje-10-000-euro-per-zonat-e-permbytura-ne-territorin-e-komunes-tone\/\",\"name\":\"Komuna e Budves do t\u00eb ndaj\u00eb 10.000 euro p\u00ebr zonat e p\u00ebrmbytura n\u00eb territorin e komun\u00ebs ton\u00eb - Lajme nga Ulqini\",\"isPartOf\":{\"@id\":\"https:\/\/www.visit-ulcinj.com\/blog\/#website\"},\"primaryImageOfPage\":{\"@id\":\"https:\/\/www.visit-ulcinj.com\/blog\/2010\/01\/13\/komuna-e-budves-do-te-ndaje-10-000-euro-per-zonat-e-permbytura-ne-territorin-e-komunes-tone\/#primaryimage\"},\"datePublished\":\"2010-01-13T16:50:17+00:00\",\"dateModified\":\"2010-01-14T22:58:03+00:00\",\"author\":{\"@id\":\"https:\/\/www.visit-ulcinj.com\/blog\/#\/schema\/person\/dcab619c614d3038751c63bc2aadc06d\"},\"description\":\"Komuna e Budves do t\u00eb\u00a0 ndaj\u00eb 10.000 euro p\u00ebr zonat e p\u00ebrmbytura n\u00eb territorin e komun\u00ebs ton\u00eb. K\u00ebshtu u tha n\u00eb takimin q\u00eb Kryetari Hajdinaga pati n\u00eb\",\"breadcrumb\":{\"@id\":\"https:\/\/www.visit-ulcinj.com\/blog\/2010\/01\/13\/komuna-e-budves-do-te-ndaje-10-000-euro-per-zonat-e-permbytura-ne-territorin-e-komunes-tone\/#breadcrumb\"},\"inLanguage\":\"en-US\",\"potentialAction\":[{\"@type\":\"ReadAction\",\"target\":[\"https:\/\/www.visit-ulcinj.com\/blog\/2010\/01\/13\/komuna-e-budves-do-te-ndaje-10-000-euro-per-zonat-e-permbytura-ne-territorin-e-komunes-tone\/\"]}]},{\"@type\":\"BreadcrumbList\",\"@id\":\"https:\/\/www.visit-ulcinj.com\/blog\/2010\/01\/13\/komuna-e-budves-do-te-ndaje-10-000-euro-per-zonat-e-permbytura-ne-territorin-e-komunes-tone\/#breadcrumb\",\"itemListElement\":[{\"@type\":\"ListItem\",\"position\":1,\"name\":\"Komuna e Budves do t\u00eb ndaj\u00eb 10.000 euro p\u00ebr zonat e p\u00ebrmbytura n\u00eb territorin e komun\u00ebs ton\u00eb\"}]},{\"@type\":\"Person\",\"@id\":\"https:\/\/www.visit-ulcinj.com\/blog\/#\/schema\/person\/dcab619c614d3038751c63bc2aadc06d\",\"name\":\"ulqini\",\"sameAs\":[\"http:\/\/www.visit-ulcinj.com\"],\"url\":\"https:\/\/www.visit-ulcinj.com\/blog\/author\/admin\/\"}]}<\/script>\n<!-- \/ Yoast SEO plugin. -->","yoast_head_json":{"title":"Komuna e Budves do t\u00eb ndaj\u00eb 10.000 euro p\u00ebr zonat e p\u00ebrmbytura n\u00eb territorin e komun\u00ebs ton\u00eb - Lajme nga Ulqini","description":"Komuna e Budves do t\u00eb\u00a0 ndaj\u00eb 10.000 euro p\u00ebr zonat e p\u00ebrmbytura n\u00eb territorin e komun\u00ebs ton\u00eb. K\u00ebshtu u tha n\u00eb takimin q\u00eb Kryetari Hajdinaga pati n\u00eb","robots":{"index":"index","follow":"follow","max-snippet":"max-snippet:-1","max-image-preview":"max-image-preview:large","max-video-preview":"max-video-preview:-1"},"canonical":"https:\/\/www.visit-ulcinj.com\/blog\/2010\/01\/13\/komuna-e-budves-do-te-ndaje-10-000-euro-per-zonat-e-permbytura-ne-territorin-e-komunes-tone\/","og_locale":"en_US","og_type":"article","og_title":"Komuna e Budves do t\u00eb ndaj\u00eb 10.000 euro p\u00ebr zonat e p\u00ebrmbytura n\u00eb territorin e komun\u00ebs ton\u00eb - Lajme nga Ulqini","og_description":"Komuna e Budves do t\u00eb\u00a0 ndaj\u00eb 10.000 euro p\u00ebr zonat e p\u00ebrmbytura n\u00eb territorin e komun\u00ebs ton\u00eb. K\u00ebshtu u tha n\u00eb takimin q\u00eb Kryetari Hajdinaga pati n\u00eb","og_url":"https:\/\/www.visit-ulcinj.com\/blog\/2010\/01\/13\/komuna-e-budves-do-te-ndaje-10-000-euro-per-zonat-e-permbytura-ne-territorin-e-komunes-tone\/","og_site_name":"Lajme nga Ulqini","article_published_time":"2010-01-13T16:50:17+00:00","article_modified_time":"2010-01-14T22:58:03+00:00","og_image":[{"url":"http:\/\/www.visit-ulcinj.com\/blog\/wp-content\/uploads\/2010\/01\/Budva-grb_opstina-budva.jpg"}],"twitter_misc":{"Written by":"ulqini"},"schema":{"@context":"https:\/\/schema.org","@graph":[{"@type":"WebSite","@id":"https:\/\/www.visit-ulcinj.com\/blog\/#website","url":"https:\/\/www.visit-ulcinj.com\/blog\/","name":"Lajme nga Ulqini","description":"Lajme,Vijesti,Ulqini,Ulqin,Crna Gora,Mali i Zi","potentialAction":[{"@type":"SearchAction","target":{"@type":"EntryPoint","urlTemplate":"https:\/\/www.visit-ulcinj.com\/blog\/?s={search_term_string}"},"query-input":"required name=search_term_string"}],"inLanguage":"en-US"},{"@type":"ImageObject","inLanguage":"en-US","@id":"https:\/\/www.visit-ulcinj.com\/blog\/2010\/01\/13\/komuna-e-budves-do-te-ndaje-10-000-euro-per-zonat-e-permbytura-ne-territorin-e-komunes-tone\/#primaryimage","url":"https:\/\/www.visit-ulcinj.com\/blog\/wp-content\/uploads\/2010\/01\/Budva-grb_opstina-budva.jpg","contentUrl":"https:\/\/www.visit-ulcinj.com\/blog\/wp-content\/uploads\/2010\/01\/Budva-grb_opstina-budva.jpg","width":"328","height":"216"},{"@type":"WebPage","@id":"https:\/\/www.visit-ulcinj.com\/blog\/2010\/01\/13\/komuna-e-budves-do-te-ndaje-10-000-euro-per-zonat-e-permbytura-ne-territorin-e-komunes-tone\/#webpage","url":"https:\/\/www.visit-ulcinj.com\/blog\/2010\/01\/13\/komuna-e-budves-do-te-ndaje-10-000-euro-per-zonat-e-permbytura-ne-territorin-e-komunes-tone\/","name":"Komuna e Budves do t\u00eb ndaj\u00eb 10.000 euro p\u00ebr zonat e p\u00ebrmbytura n\u00eb territorin e komun\u00ebs ton\u00eb - Lajme nga Ulqini","isPartOf":{"@id":"https:\/\/www.visit-ulcinj.com\/blog\/#website"},"primaryImageOfPage":{"@id":"https:\/\/www.visit-ulcinj.com\/blog\/2010\/01\/13\/komuna-e-budves-do-te-ndaje-10-000-euro-per-zonat-e-permbytura-ne-territorin-e-komunes-tone\/#primaryimage"},"datePublished":"2010-01-13T16:50:17+00:00","dateModified":"2010-01-14T22:58:03+00:00","author":{"@id":"https:\/\/www.visit-ulcinj.com\/blog\/#\/schema\/person\/dcab619c614d3038751c63bc2aadc06d"},"description":"Komuna e Budves do t\u00eb\u00a0 ndaj\u00eb 10.000 euro p\u00ebr zonat e p\u00ebrmbytura n\u00eb territorin e komun\u00ebs ton\u00eb. K\u00ebshtu u tha n\u00eb takimin q\u00eb Kryetari Hajdinaga pati n\u00eb","breadcrumb":{"@id":"https:\/\/www.visit-ulcinj.com\/blog\/2010\/01\/13\/komuna-e-budves-do-te-ndaje-10-000-euro-per-zonat-e-permbytura-ne-territorin-e-komunes-tone\/#breadcrumb"},"inLanguage":"en-US","potentialAction":[{"@type":"ReadAction","target":["https:\/\/www.visit-ulcinj.com\/blog\/2010\/01\/13\/komuna-e-budves-do-te-ndaje-10-000-euro-per-zonat-e-permbytura-ne-territorin-e-komunes-tone\/"]}]},{"@type":"BreadcrumbList","@id":"https:\/\/www.visit-ulcinj.com\/blog\/2010\/01\/13\/komuna-e-budves-do-te-ndaje-10-000-euro-per-zonat-e-permbytura-ne-territorin-e-komunes-tone\/#breadcrumb","itemListElement":[{"@type":"ListItem","position":1,"name":"Komuna e Budves do t\u00eb ndaj\u00eb 10.000 euro p\u00ebr zonat e p\u00ebrmbytura n\u00eb territorin e komun\u00ebs ton\u00eb"}]},{"@type":"Person","@id":"https:\/\/www.visit-ulcinj.com\/blog\/#\/schema\/person\/dcab619c614d3038751c63bc2aadc06d","name":"ulqini","sameAs":["http:\/\/www.visit-ulcinj.com"],"url":"https:\/\/www.visit-ulcinj.com\/blog\/author\/admin\/"}]}},"jetpack_featured_media_url":"","jetpack_sharing_enabled":true,"jetpack_shortlink":"https:\/\/wp.me\/pe6lTn-7E0","_links":{"self":[{"href":"https:\/\/www.visit-ulcinj.com\/blog\/wp-json\/wp\/v2\/posts\/29388"}],"collection":[{"href":"https:\/\/www.visit-ulcinj.com\/blog\/wp-json\/wp\/v2\/posts"}],"about":[{"href":"https:\/\/www.visit-ulcinj.com\/blog\/wp-json\/wp\/v2\/types\/post"}],"author":[{"embeddable":true,"href":"https:\/\/www.visit-ulcinj.com\/blog\/wp-json\/wp\/v2\/users\/1"}],"replies":[{"embeddable":true,"href":"https:\/\/www.visit-ulcinj.com\/blog\/wp-json\/wp\/v2\/comments?post=29388"}],"version-history":[{"count":0,"href":"https:\/\/www.visit-ulcinj.com\/blog\/wp-json\/wp\/v2\/posts\/29388\/revisions"}],"wp:attachment":[{"href":"https:\/\/www.visit-ulcinj.com\/blog\/wp-json\/wp\/v2\/media?parent=29388"}],"wp:term":[{"taxonomy":"category","embeddable":true,"href":"https:\/\/www.visit-ulcinj.com\/blog\/wp-json\/wp\/v2\/categories?post=29388"},{"taxonomy":"post_tag","embeddable":true,"href":"https:\/\/www.visit-ulcinj.com\/blog\/wp-json\/wp\/v2\/tags?post=29388"}],"curies":[{"name":"wp","href":"https:\/\/api.w.org\/{rel}","templated":true}]}}