{"id":294,"date":"2008-01-26T12:57:00","date_gmt":"2008-01-26T17:57:00","guid":{"rendered":"http:\/\/www.visit-ulcinj.com\/blog\/2008\/01\/26\/misioni-be-ne-kosove\/"},"modified":"2008-02-12T19:53:23","modified_gmt":"2008-02-13T00:53:23","slug":"misioni-be-ne-kosove","status":"publish","type":"post","link":"https:\/\/www.visit-ulcinj.com\/blog\/2008\/01\/26\/misioni-be-ne-kosove\/","title":{"rendered":"Misioni BE n\u00eb Kosov\u00eb"},"content":{"rendered":"<p><img loading=\"lazy\" src=\"http:\/\/www.armeniadiaspora.net\/images\/E5A_eu_flag.jpg\" align=\"left\" height=\"110\" hspace=\"2\" vspace=\"2\" width=\"145\" \/>Ministrat e Bashkimit Evropian pritet t\u00eb japin t\u00eb h\u00ebn\u00ebn e ardhshme miratimin  zyrtar p\u00ebr d\u00ebrgimin e misionit prej 1 800 personash, t\u00eb p\u00ebrb\u00ebr\u00eb nga polic\u00eb,  gjykat\u00ebs, prokuror\u00eb dhe zyrtar\u00eb t\u00eb sh\u00ebrbimit doganor p\u00ebr t\u00eb siguruar  stabilitetin e Kosov\u00ebs, pasi kjo e fundit t\u00eb shpall\u00eb shk\u00ebputjen nga Serbia.  BE-ja planifikon<!--more--> ta d\u00ebrgoj\u00eb k\u00ebt\u00eb mision p\u00ebrpara se lider\u00ebt e Kosov\u00ebs t\u00eb shpallin  pavar\u00ebsin\u00eb. T\u00eb gjith\u00eb an\u00ebtar\u00ebt e BE-s\u00eb, p\u00ebrve\u00e7 Qipros, mb\u00ebshtesin d\u00ebrgimin e  menj\u00ebhersh\u00ebm t\u00eb misionit, nd\u00ebrkoh\u00eb q\u00eb pritet q\u00eb Nikosia m\u00eb shum\u00eb ta kund\u00ebrshtoj\u00eb  k\u00ebt\u00eb vendim sesa ta bllokoj\u00eb. Qiproja, q\u00eb ka b\u00ebr\u00eb t\u00eb qart\u00eb se nuk do ta njoh\u00eb  kurr\u00eb Kosov\u00ebn si shtet t\u00eb pavarur, thot\u00eb se d\u00ebrgimi i misionit t\u00eb BE-s\u00eb  n\u00ebnkupton marrjen t\u00eb mir\u00ebqen\u00eb t\u00eb statusit t\u00eb Kosov\u00ebs. Me mb\u00ebshtetjen ruse,  Serbia kund\u00ebrshton pavar\u00ebsin\u00eb e Kosov\u00ebs, nj\u00eb zon\u00eb q\u00eb serb\u00ebt e konsiderojn\u00eb si  djepin e kombit t\u00eb tyre. Kosova ndodhet n\u00ebn administrimin e OKB-s\u00eb q\u00eb nga viti  1999. Edhe presidenti ukrainas, Viktor Jush\u00e7enko, ka shprehur shqet\u00ebsimin p\u00ebr  pavar\u00ebsin\u00eb e Kosov\u00ebs. N\u00eb nj\u00eb intervist\u00eb me gazet\u00ebn &#8221;Financial Times&#8221;,  Jush\u00e7enko thot\u00eb se \u00ebsht\u00eb i shqet\u00ebsuar se disa persona do t\u00eb k\u00ebrkojn\u00eb t\u00eb b\u00ebjn\u00eb  analogji mes Kosov\u00ebs dhe rajoneve t\u00eb ish-Bashkimit Sovjetik si Abkhazia e Osetia  e Jugut, q\u00eb kufizohen me Ukrain\u00ebn.<\/p>\n","protected":false},"excerpt":{"rendered":"<p><img loading=\"lazy\" src=\"http:\/\/www.armeniadiaspora.net\/images\/E5A_eu_flag.jpg\" height=\"140\" width=\"140\" \/><\/p>\n","protected":false},"author":1,"featured_media":0,"comment_status":"open","ping_status":"closed","sticky":false,"template":"","format":"standard","meta":{"spay_email":"","jetpack_publicize_message":"","jetpack_is_tweetstorm":false,"jetpack_publicize_feature_enabled":true},"categories":[1],"tags":[1252,833,325,832,242],"jetpack_publicize_connections":[],"yoast_head":"<!-- This site is optimized with the Yoast SEO plugin v19.1 - https:\/\/yoast.com\/wordpress\/plugins\/seo\/ -->\n<title>Misioni BE n\u00eb Kosov\u00eb - Lajme nga Ulqini<\/title>\n<meta name=\"robots\" content=\"index, follow, max-snippet:-1, max-image-preview:large, max-video-preview:-1\" \/>\n<link rel=\"canonical\" href=\"https:\/\/www.visit-ulcinj.com\/blog\/2008\/01\/26\/misioni-be-ne-kosove\/\" \/>\n<meta property=\"og:locale\" content=\"en_US\" \/>\n<meta property=\"og:type\" content=\"article\" \/>\n<meta property=\"og:title\" content=\"Misioni BE n\u00eb Kosov\u00eb - Lajme nga Ulqini\" \/>\n<meta property=\"og:url\" content=\"https:\/\/www.visit-ulcinj.com\/blog\/2008\/01\/26\/misioni-be-ne-kosove\/\" \/>\n<meta property=\"og:site_name\" content=\"Lajme nga Ulqini\" \/>\n<meta property=\"article:published_time\" content=\"2008-01-26T17:57:00+00:00\" \/>\n<meta property=\"article:modified_time\" content=\"2008-02-13T00:53:23+00:00\" \/>\n<meta property=\"og:image\" content=\"http:\/\/www.armeniadiaspora.net\/images\/E5A_eu_flag.jpg\" \/>\n<meta name=\"twitter:label1\" content=\"Written by\" \/>\n\t<meta name=\"twitter:data1\" content=\"ulqini\" \/>\n\t<meta name=\"twitter:label2\" content=\"Est. reading time\" \/>\n\t<meta name=\"twitter:data2\" content=\"1 minute\" \/>\n<script type=\"application\/ld+json\" class=\"yoast-schema-graph\">{\"@context\":\"https:\/\/schema.org\",\"@graph\":[{\"@type\":\"WebSite\",\"@id\":\"https:\/\/www.visit-ulcinj.com\/blog\/#website\",\"url\":\"https:\/\/www.visit-ulcinj.com\/blog\/\",\"name\":\"Lajme nga Ulqini\",\"description\":\"Lajme,Vijesti,Ulqini,Ulqin,Crna Gora,Mali i Zi\",\"potentialAction\":[{\"@type\":\"SearchAction\",\"target\":{\"@type\":\"EntryPoint\",\"urlTemplate\":\"https:\/\/www.visit-ulcinj.com\/blog\/?s={search_term_string}\"},\"query-input\":\"required name=search_term_string\"}],\"inLanguage\":\"en-US\"},{\"@type\":\"ImageObject\",\"inLanguage\":\"en-US\",\"@id\":\"https:\/\/www.visit-ulcinj.com\/blog\/2008\/01\/26\/misioni-be-ne-kosove\/#primaryimage\",\"url\":\"http:\/\/www.armeniadiaspora.net\/images\/E5A_eu_flag.jpg\",\"contentUrl\":\"http:\/\/www.armeniadiaspora.net\/images\/E5A_eu_flag.jpg\"},{\"@type\":\"WebPage\",\"@id\":\"https:\/\/www.visit-ulcinj.com\/blog\/2008\/01\/26\/misioni-be-ne-kosove\/#webpage\",\"url\":\"https:\/\/www.visit-ulcinj.com\/blog\/2008\/01\/26\/misioni-be-ne-kosove\/\",\"name\":\"Misioni BE n\u00eb Kosov\u00eb - Lajme nga Ulqini\",\"isPartOf\":{\"@id\":\"https:\/\/www.visit-ulcinj.com\/blog\/#website\"},\"primaryImageOfPage\":{\"@id\":\"https:\/\/www.visit-ulcinj.com\/blog\/2008\/01\/26\/misioni-be-ne-kosove\/#primaryimage\"},\"datePublished\":\"2008-01-26T17:57:00+00:00\",\"dateModified\":\"2008-02-13T00:53:23+00:00\",\"author\":{\"@id\":\"https:\/\/www.visit-ulcinj.com\/blog\/#\/schema\/person\/dcab619c614d3038751c63bc2aadc06d\"},\"breadcrumb\":{\"@id\":\"https:\/\/www.visit-ulcinj.com\/blog\/2008\/01\/26\/misioni-be-ne-kosove\/#breadcrumb\"},\"inLanguage\":\"en-US\",\"potentialAction\":[{\"@type\":\"ReadAction\",\"target\":[\"https:\/\/www.visit-ulcinj.com\/blog\/2008\/01\/26\/misioni-be-ne-kosove\/\"]}]},{\"@type\":\"BreadcrumbList\",\"@id\":\"https:\/\/www.visit-ulcinj.com\/blog\/2008\/01\/26\/misioni-be-ne-kosove\/#breadcrumb\",\"itemListElement\":[{\"@type\":\"ListItem\",\"position\":1,\"name\":\"Misioni BE n\u00eb Kosov\u00eb\"}]},{\"@type\":\"Person\",\"@id\":\"https:\/\/www.visit-ulcinj.com\/blog\/#\/schema\/person\/dcab619c614d3038751c63bc2aadc06d\",\"name\":\"ulqini\",\"sameAs\":[\"http:\/\/www.visit-ulcinj.com\"],\"url\":\"https:\/\/www.visit-ulcinj.com\/blog\/author\/admin\/\"}]}<\/script>\n<!-- \/ Yoast SEO plugin. -->","yoast_head_json":{"title":"Misioni BE n\u00eb Kosov\u00eb - Lajme nga Ulqini","robots":{"index":"index","follow":"follow","max-snippet":"max-snippet:-1","max-image-preview":"max-image-preview:large","max-video-preview":"max-video-preview:-1"},"canonical":"https:\/\/www.visit-ulcinj.com\/blog\/2008\/01\/26\/misioni-be-ne-kosove\/","og_locale":"en_US","og_type":"article","og_title":"Misioni BE n\u00eb Kosov\u00eb - Lajme nga Ulqini","og_url":"https:\/\/www.visit-ulcinj.com\/blog\/2008\/01\/26\/misioni-be-ne-kosove\/","og_site_name":"Lajme nga Ulqini","article_published_time":"2008-01-26T17:57:00+00:00","article_modified_time":"2008-02-13T00:53:23+00:00","og_image":[{"url":"http:\/\/www.armeniadiaspora.net\/images\/E5A_eu_flag.jpg"}],"twitter_misc":{"Written by":"ulqini","Est. reading time":"1 minute"},"schema":{"@context":"https:\/\/schema.org","@graph":[{"@type":"WebSite","@id":"https:\/\/www.visit-ulcinj.com\/blog\/#website","url":"https:\/\/www.visit-ulcinj.com\/blog\/","name":"Lajme nga Ulqini","description":"Lajme,Vijesti,Ulqini,Ulqin,Crna Gora,Mali i Zi","potentialAction":[{"@type":"SearchAction","target":{"@type":"EntryPoint","urlTemplate":"https:\/\/www.visit-ulcinj.com\/blog\/?s={search_term_string}"},"query-input":"required name=search_term_string"}],"inLanguage":"en-US"},{"@type":"ImageObject","inLanguage":"en-US","@id":"https:\/\/www.visit-ulcinj.com\/blog\/2008\/01\/26\/misioni-be-ne-kosove\/#primaryimage","url":"http:\/\/www.armeniadiaspora.net\/images\/E5A_eu_flag.jpg","contentUrl":"http:\/\/www.armeniadiaspora.net\/images\/E5A_eu_flag.jpg"},{"@type":"WebPage","@id":"https:\/\/www.visit-ulcinj.com\/blog\/2008\/01\/26\/misioni-be-ne-kosove\/#webpage","url":"https:\/\/www.visit-ulcinj.com\/blog\/2008\/01\/26\/misioni-be-ne-kosove\/","name":"Misioni BE n\u00eb Kosov\u00eb - Lajme nga Ulqini","isPartOf":{"@id":"https:\/\/www.visit-ulcinj.com\/blog\/#website"},"primaryImageOfPage":{"@id":"https:\/\/www.visit-ulcinj.com\/blog\/2008\/01\/26\/misioni-be-ne-kosove\/#primaryimage"},"datePublished":"2008-01-26T17:57:00+00:00","dateModified":"2008-02-13T00:53:23+00:00","author":{"@id":"https:\/\/www.visit-ulcinj.com\/blog\/#\/schema\/person\/dcab619c614d3038751c63bc2aadc06d"},"breadcrumb":{"@id":"https:\/\/www.visit-ulcinj.com\/blog\/2008\/01\/26\/misioni-be-ne-kosove\/#breadcrumb"},"inLanguage":"en-US","potentialAction":[{"@type":"ReadAction","target":["https:\/\/www.visit-ulcinj.com\/blog\/2008\/01\/26\/misioni-be-ne-kosove\/"]}]},{"@type":"BreadcrumbList","@id":"https:\/\/www.visit-ulcinj.com\/blog\/2008\/01\/26\/misioni-be-ne-kosove\/#breadcrumb","itemListElement":[{"@type":"ListItem","position":1,"name":"Misioni BE n\u00eb Kosov\u00eb"}]},{"@type":"Person","@id":"https:\/\/www.visit-ulcinj.com\/blog\/#\/schema\/person\/dcab619c614d3038751c63bc2aadc06d","name":"ulqini","sameAs":["http:\/\/www.visit-ulcinj.com"],"url":"https:\/\/www.visit-ulcinj.com\/blog\/author\/admin\/"}]}},"jetpack_featured_media_url":"","jetpack_sharing_enabled":true,"jetpack_shortlink":"https:\/\/wp.me\/pe6lTn-4K","_links":{"self":[{"href":"https:\/\/www.visit-ulcinj.com\/blog\/wp-json\/wp\/v2\/posts\/294"}],"collection":[{"href":"https:\/\/www.visit-ulcinj.com\/blog\/wp-json\/wp\/v2\/posts"}],"about":[{"href":"https:\/\/www.visit-ulcinj.com\/blog\/wp-json\/wp\/v2\/types\/post"}],"author":[{"embeddable":true,"href":"https:\/\/www.visit-ulcinj.com\/blog\/wp-json\/wp\/v2\/users\/1"}],"replies":[{"embeddable":true,"href":"https:\/\/www.visit-ulcinj.com\/blog\/wp-json\/wp\/v2\/comments?post=294"}],"version-history":[{"count":0,"href":"https:\/\/www.visit-ulcinj.com\/blog\/wp-json\/wp\/v2\/posts\/294\/revisions"}],"wp:attachment":[{"href":"https:\/\/www.visit-ulcinj.com\/blog\/wp-json\/wp\/v2\/media?parent=294"}],"wp:term":[{"taxonomy":"category","embeddable":true,"href":"https:\/\/www.visit-ulcinj.com\/blog\/wp-json\/wp\/v2\/categories?post=294"},{"taxonomy":"post_tag","embeddable":true,"href":"https:\/\/www.visit-ulcinj.com\/blog\/wp-json\/wp\/v2\/tags?post=294"}],"curies":[{"name":"wp","href":"https:\/\/api.w.org\/{rel}","templated":true}]}}