{"id":29406,"date":"2010-01-13T20:14:54","date_gmt":"2010-01-13T18:14:54","guid":{"rendered":"http:\/\/www.visit-ulcinj.com\/blog\/?p=29406"},"modified":"2010-01-15T00:29:21","modified_gmt":"2010-01-14T22:29:21","slug":"freedom-house-mali-i-zi-ne-mesin-e-89-vendeve-te-lira","status":"publish","type":"post","link":"https:\/\/www.visit-ulcinj.com\/blog\/2010\/01\/13\/freedom-house-mali-i-zi-ne-mesin-e-89-vendeve-te-lira\/","title":{"rendered":"Freedom House: Mali i Zi ne mesin e 89 vendeve te lira"},"content":{"rendered":"<p><a href=\"http:\/\/www.visit-ulcinj.com\/blog\/wp-content\/uploads\/2010\/01\/Freedom_House__Montenegro.jpg\"><img loading=\"lazy\" class=\"alignleft size-full wp-image-29409\" title=\"Freedom_House__Montenegro\" src=\"http:\/\/www.visit-ulcinj.com\/blog\/wp-content\/uploads\/2010\/01\/Freedom_House__Montenegro.jpg\" alt=\"Freedom_House__Montenegro\" width=\"308\" height=\"232\" srcset=\"https:\/\/www.visit-ulcinj.com\/blog\/wp-content\/uploads\/2010\/01\/Freedom_House__Montenegro.jpg 308w, https:\/\/www.visit-ulcinj.com\/blog\/wp-content\/uploads\/2010\/01\/Freedom_House__Montenegro-300x225.jpg 300w\" sizes=\"(max-width: 308px) 100vw, 308px\" \/><\/a>Fridom Haus organizat\u00eb p\u00ebr p\u00ebrcjelljen e gjendjes s\u00eb t\u00eb drejtave t\u00eb njeriut me seli n\u00eb SHBA , e ka radhitur Malin e Zi n\u00eb grupin prej 89 vendeve t\u00eb lira n\u00eb raportin e vet\u00eb t\u00eb rregullt vjetor p\u00ebr gjendjen e lirive n\u00eb bot\u00eb.<\/p>\n<p>N\u00eb Mal t\u00eb Zi \u00ebsht\u00eb p\u00ebrmir\u00ebsuar rejtingu i lirive qytetare gj\u00eb q\u00eb ka shkaktuar edhe kalimin n\u00eb grupin e vendeve t\u00eb lira.<\/p>\n<p>K\u00ebsaj i kan\u00eb kontribuar zgjedhjet e organizuara mir\u00eb si dhe synimet e shtetit q\u00eb t\u00eb miratoj\u00eb dhe t\u00eb zbatoj\u00eb disa ligje antikorupcion, theksoi n\u00eb intervist\u00ebn p\u00ebr Z\u00ebrin e Amerik\u00ebs drejtori p\u00ebr studime i Fridom Haus , Kristofer Uoker.<\/p>\n<p><span><strong>TVCG<\/strong><\/span><\/p>\n<ul>\n<li>N<strong>IT 2009 Country Reports \t\t\t\t<a href=\"http:\/\/www.freedomhouse.hu\/images\/nit2009\/montenegro.pdf\">Montenegro<\/a><\/strong><\/li>\n<\/ul>\n<p><strong>VIDEO TV IN<\/strong><br \/>\n[flv width=&#8221;580&#8243; height=&#8221;400&#8243;]http:\/\/www.rtvin.me\/flv\/13_01_post_dinosa.flv[\/flv]<\/p>\n","protected":false},"excerpt":{"rendered":"<p>Fridom Haus organizat\u00eb p\u00ebr p\u00ebrcjelljen e gjendjes s\u00eb t\u00eb drejtave t\u00eb njeriut me seli n\u00eb SHBA , e ka radhitur Malin e Zi n\u00eb grupin prej 89 vendeve t\u00eb lira n\u00eb raportin e vet\u00eb t\u00eb rregullt vjetor p\u00ebr gjendjen e lirive n\u00eb bot\u00eb. N\u00eb Mal t\u00eb Zi \u00ebsht\u00eb p\u00ebrmir\u00ebsuar rejtingu i lirive qytetare gj\u00eb q\u00eb [&hellip;]<\/p>\n","protected":false},"author":1,"featured_media":0,"comment_status":"open","ping_status":"closed","sticky":false,"template":"","format":"standard","meta":{"spay_email":"","jetpack_publicize_message":"","jetpack_is_tweetstorm":false,"jetpack_publicize_feature_enabled":true},"categories":[14],"tags":[97,13327,13328],"jetpack_publicize_connections":[],"yoast_head":"<!-- This site is optimized with the Yoast SEO plugin v19.1 - https:\/\/yoast.com\/wordpress\/plugins\/seo\/ -->\n<title>Freedom House: Mali i Zi ne mesin e 89 vendeve te lira - Lajme nga Ulqini<\/title>\n<meta name=\"description\" content=\"Fridom Haus organizat\u00eb p\u00ebr p\u00ebrcjelljen e gjendjes s\u00eb t\u00eb drejtave t\u00eb njeriut me seli n\u00eb SHBA , e ka radhitur Malin e Zi n\u00eb grupin prej 89 vendeve t\u00eb lira\" \/>\n<meta name=\"robots\" content=\"index, follow, max-snippet:-1, max-image-preview:large, max-video-preview:-1\" \/>\n<link rel=\"canonical\" href=\"https:\/\/www.visit-ulcinj.com\/blog\/2010\/01\/13\/freedom-house-mali-i-zi-ne-mesin-e-89-vendeve-te-lira\/\" \/>\n<meta property=\"og:locale\" content=\"en_US\" \/>\n<meta property=\"og:type\" content=\"article\" \/>\n<meta property=\"og:title\" content=\"Freedom House: Mali i Zi ne mesin e 89 vendeve te lira - Lajme nga Ulqini\" \/>\n<meta property=\"og:description\" content=\"Fridom Haus organizat\u00eb p\u00ebr p\u00ebrcjelljen e gjendjes s\u00eb t\u00eb drejtave t\u00eb njeriut me seli n\u00eb SHBA , e ka radhitur Malin e Zi n\u00eb grupin prej 89 vendeve t\u00eb lira\" \/>\n<meta property=\"og:url\" content=\"https:\/\/www.visit-ulcinj.com\/blog\/2010\/01\/13\/freedom-house-mali-i-zi-ne-mesin-e-89-vendeve-te-lira\/\" \/>\n<meta property=\"og:site_name\" content=\"Lajme nga Ulqini\" \/>\n<meta property=\"article:published_time\" content=\"2010-01-13T18:14:54+00:00\" \/>\n<meta property=\"article:modified_time\" content=\"2010-01-14T22:29:21+00:00\" \/>\n<meta property=\"og:image\" content=\"http:\/\/www.visit-ulcinj.com\/blog\/wp-content\/uploads\/2010\/01\/Freedom_House__Montenegro.jpg\" \/>\n<meta name=\"twitter:label1\" content=\"Written by\" \/>\n\t<meta name=\"twitter:data1\" content=\"ulqini\" \/>\n\t<meta name=\"twitter:label2\" content=\"Est. reading time\" \/>\n\t<meta name=\"twitter:data2\" content=\"1 minute\" \/>\n<script type=\"application\/ld+json\" class=\"yoast-schema-graph\">{\"@context\":\"https:\/\/schema.org\",\"@graph\":[{\"@type\":\"WebSite\",\"@id\":\"https:\/\/www.visit-ulcinj.com\/blog\/#website\",\"url\":\"https:\/\/www.visit-ulcinj.com\/blog\/\",\"name\":\"Lajme nga Ulqini\",\"description\":\"Lajme,Vijesti,Ulqini,Ulqin,Crna Gora,Mali i Zi\",\"potentialAction\":[{\"@type\":\"SearchAction\",\"target\":{\"@type\":\"EntryPoint\",\"urlTemplate\":\"https:\/\/www.visit-ulcinj.com\/blog\/?s={search_term_string}\"},\"query-input\":\"required name=search_term_string\"}],\"inLanguage\":\"en-US\"},{\"@type\":\"ImageObject\",\"inLanguage\":\"en-US\",\"@id\":\"https:\/\/www.visit-ulcinj.com\/blog\/2010\/01\/13\/freedom-house-mali-i-zi-ne-mesin-e-89-vendeve-te-lira\/#primaryimage\",\"url\":\"https:\/\/www.visit-ulcinj.com\/blog\/wp-content\/uploads\/2010\/01\/Freedom_House__Montenegro.jpg\",\"contentUrl\":\"https:\/\/www.visit-ulcinj.com\/blog\/wp-content\/uploads\/2010\/01\/Freedom_House__Montenegro.jpg\",\"width\":\"308\",\"height\":\"232\"},{\"@type\":\"WebPage\",\"@id\":\"https:\/\/www.visit-ulcinj.com\/blog\/2010\/01\/13\/freedom-house-mali-i-zi-ne-mesin-e-89-vendeve-te-lira\/#webpage\",\"url\":\"https:\/\/www.visit-ulcinj.com\/blog\/2010\/01\/13\/freedom-house-mali-i-zi-ne-mesin-e-89-vendeve-te-lira\/\",\"name\":\"Freedom House: Mali i Zi ne mesin e 89 vendeve te lira - Lajme nga Ulqini\",\"isPartOf\":{\"@id\":\"https:\/\/www.visit-ulcinj.com\/blog\/#website\"},\"primaryImageOfPage\":{\"@id\":\"https:\/\/www.visit-ulcinj.com\/blog\/2010\/01\/13\/freedom-house-mali-i-zi-ne-mesin-e-89-vendeve-te-lira\/#primaryimage\"},\"datePublished\":\"2010-01-13T18:14:54+00:00\",\"dateModified\":\"2010-01-14T22:29:21+00:00\",\"author\":{\"@id\":\"https:\/\/www.visit-ulcinj.com\/blog\/#\/schema\/person\/dcab619c614d3038751c63bc2aadc06d\"},\"description\":\"Fridom Haus organizat\u00eb p\u00ebr p\u00ebrcjelljen e gjendjes s\u00eb t\u00eb drejtave t\u00eb njeriut me seli n\u00eb SHBA , e ka radhitur Malin e Zi n\u00eb grupin prej 89 vendeve t\u00eb lira\",\"breadcrumb\":{\"@id\":\"https:\/\/www.visit-ulcinj.com\/blog\/2010\/01\/13\/freedom-house-mali-i-zi-ne-mesin-e-89-vendeve-te-lira\/#breadcrumb\"},\"inLanguage\":\"en-US\",\"potentialAction\":[{\"@type\":\"ReadAction\",\"target\":[\"https:\/\/www.visit-ulcinj.com\/blog\/2010\/01\/13\/freedom-house-mali-i-zi-ne-mesin-e-89-vendeve-te-lira\/\"]}]},{\"@type\":\"BreadcrumbList\",\"@id\":\"https:\/\/www.visit-ulcinj.com\/blog\/2010\/01\/13\/freedom-house-mali-i-zi-ne-mesin-e-89-vendeve-te-lira\/#breadcrumb\",\"itemListElement\":[{\"@type\":\"ListItem\",\"position\":1,\"name\":\"Freedom House: Mali i Zi ne mesin e 89 vendeve te lira\"}]},{\"@type\":\"Person\",\"@id\":\"https:\/\/www.visit-ulcinj.com\/blog\/#\/schema\/person\/dcab619c614d3038751c63bc2aadc06d\",\"name\":\"ulqini\",\"sameAs\":[\"http:\/\/www.visit-ulcinj.com\"],\"url\":\"https:\/\/www.visit-ulcinj.com\/blog\/author\/admin\/\"}]}<\/script>\n<!-- \/ Yoast SEO plugin. -->","yoast_head_json":{"title":"Freedom House: Mali i Zi ne mesin e 89 vendeve te lira - Lajme nga Ulqini","description":"Fridom Haus organizat\u00eb p\u00ebr p\u00ebrcjelljen e gjendjes s\u00eb t\u00eb drejtave t\u00eb njeriut me seli n\u00eb SHBA , e ka radhitur Malin e Zi n\u00eb grupin prej 89 vendeve t\u00eb lira","robots":{"index":"index","follow":"follow","max-snippet":"max-snippet:-1","max-image-preview":"max-image-preview:large","max-video-preview":"max-video-preview:-1"},"canonical":"https:\/\/www.visit-ulcinj.com\/blog\/2010\/01\/13\/freedom-house-mali-i-zi-ne-mesin-e-89-vendeve-te-lira\/","og_locale":"en_US","og_type":"article","og_title":"Freedom House: Mali i Zi ne mesin e 89 vendeve te lira - Lajme nga Ulqini","og_description":"Fridom Haus organizat\u00eb p\u00ebr p\u00ebrcjelljen e gjendjes s\u00eb t\u00eb drejtave t\u00eb njeriut me seli n\u00eb SHBA , e ka radhitur Malin e Zi n\u00eb grupin prej 89 vendeve t\u00eb lira","og_url":"https:\/\/www.visit-ulcinj.com\/blog\/2010\/01\/13\/freedom-house-mali-i-zi-ne-mesin-e-89-vendeve-te-lira\/","og_site_name":"Lajme nga Ulqini","article_published_time":"2010-01-13T18:14:54+00:00","article_modified_time":"2010-01-14T22:29:21+00:00","og_image":[{"url":"http:\/\/www.visit-ulcinj.com\/blog\/wp-content\/uploads\/2010\/01\/Freedom_House__Montenegro.jpg"}],"twitter_misc":{"Written by":"ulqini","Est. reading time":"1 minute"},"schema":{"@context":"https:\/\/schema.org","@graph":[{"@type":"WebSite","@id":"https:\/\/www.visit-ulcinj.com\/blog\/#website","url":"https:\/\/www.visit-ulcinj.com\/blog\/","name":"Lajme nga Ulqini","description":"Lajme,Vijesti,Ulqini,Ulqin,Crna Gora,Mali i Zi","potentialAction":[{"@type":"SearchAction","target":{"@type":"EntryPoint","urlTemplate":"https:\/\/www.visit-ulcinj.com\/blog\/?s={search_term_string}"},"query-input":"required name=search_term_string"}],"inLanguage":"en-US"},{"@type":"ImageObject","inLanguage":"en-US","@id":"https:\/\/www.visit-ulcinj.com\/blog\/2010\/01\/13\/freedom-house-mali-i-zi-ne-mesin-e-89-vendeve-te-lira\/#primaryimage","url":"https:\/\/www.visit-ulcinj.com\/blog\/wp-content\/uploads\/2010\/01\/Freedom_House__Montenegro.jpg","contentUrl":"https:\/\/www.visit-ulcinj.com\/blog\/wp-content\/uploads\/2010\/01\/Freedom_House__Montenegro.jpg","width":"308","height":"232"},{"@type":"WebPage","@id":"https:\/\/www.visit-ulcinj.com\/blog\/2010\/01\/13\/freedom-house-mali-i-zi-ne-mesin-e-89-vendeve-te-lira\/#webpage","url":"https:\/\/www.visit-ulcinj.com\/blog\/2010\/01\/13\/freedom-house-mali-i-zi-ne-mesin-e-89-vendeve-te-lira\/","name":"Freedom House: Mali i Zi ne mesin e 89 vendeve te lira - Lajme nga Ulqini","isPartOf":{"@id":"https:\/\/www.visit-ulcinj.com\/blog\/#website"},"primaryImageOfPage":{"@id":"https:\/\/www.visit-ulcinj.com\/blog\/2010\/01\/13\/freedom-house-mali-i-zi-ne-mesin-e-89-vendeve-te-lira\/#primaryimage"},"datePublished":"2010-01-13T18:14:54+00:00","dateModified":"2010-01-14T22:29:21+00:00","author":{"@id":"https:\/\/www.visit-ulcinj.com\/blog\/#\/schema\/person\/dcab619c614d3038751c63bc2aadc06d"},"description":"Fridom Haus organizat\u00eb p\u00ebr p\u00ebrcjelljen e gjendjes s\u00eb t\u00eb drejtave t\u00eb njeriut me seli n\u00eb SHBA , e ka radhitur Malin e Zi n\u00eb grupin prej 89 vendeve t\u00eb lira","breadcrumb":{"@id":"https:\/\/www.visit-ulcinj.com\/blog\/2010\/01\/13\/freedom-house-mali-i-zi-ne-mesin-e-89-vendeve-te-lira\/#breadcrumb"},"inLanguage":"en-US","potentialAction":[{"@type":"ReadAction","target":["https:\/\/www.visit-ulcinj.com\/blog\/2010\/01\/13\/freedom-house-mali-i-zi-ne-mesin-e-89-vendeve-te-lira\/"]}]},{"@type":"BreadcrumbList","@id":"https:\/\/www.visit-ulcinj.com\/blog\/2010\/01\/13\/freedom-house-mali-i-zi-ne-mesin-e-89-vendeve-te-lira\/#breadcrumb","itemListElement":[{"@type":"ListItem","position":1,"name":"Freedom House: Mali i Zi ne mesin e 89 vendeve te lira"}]},{"@type":"Person","@id":"https:\/\/www.visit-ulcinj.com\/blog\/#\/schema\/person\/dcab619c614d3038751c63bc2aadc06d","name":"ulqini","sameAs":["http:\/\/www.visit-ulcinj.com"],"url":"https:\/\/www.visit-ulcinj.com\/blog\/author\/admin\/"}]}},"jetpack_featured_media_url":"","jetpack_sharing_enabled":true,"jetpack_shortlink":"https:\/\/wp.me\/pe6lTn-7Ei","_links":{"self":[{"href":"https:\/\/www.visit-ulcinj.com\/blog\/wp-json\/wp\/v2\/posts\/29406"}],"collection":[{"href":"https:\/\/www.visit-ulcinj.com\/blog\/wp-json\/wp\/v2\/posts"}],"about":[{"href":"https:\/\/www.visit-ulcinj.com\/blog\/wp-json\/wp\/v2\/types\/post"}],"author":[{"embeddable":true,"href":"https:\/\/www.visit-ulcinj.com\/blog\/wp-json\/wp\/v2\/users\/1"}],"replies":[{"embeddable":true,"href":"https:\/\/www.visit-ulcinj.com\/blog\/wp-json\/wp\/v2\/comments?post=29406"}],"version-history":[{"count":0,"href":"https:\/\/www.visit-ulcinj.com\/blog\/wp-json\/wp\/v2\/posts\/29406\/revisions"}],"wp:attachment":[{"href":"https:\/\/www.visit-ulcinj.com\/blog\/wp-json\/wp\/v2\/media?parent=29406"}],"wp:term":[{"taxonomy":"category","embeddable":true,"href":"https:\/\/www.visit-ulcinj.com\/blog\/wp-json\/wp\/v2\/categories?post=29406"},{"taxonomy":"post_tag","embeddable":true,"href":"https:\/\/www.visit-ulcinj.com\/blog\/wp-json\/wp\/v2\/tags?post=29406"}],"curies":[{"name":"wp","href":"https:\/\/api.w.org\/{rel}","templated":true}]}}