{"id":29449,"date":"2010-01-15T00:51:53","date_gmt":"2010-01-14T22:51:53","guid":{"rendered":"http:\/\/www.visit-ulcinj.com\/blog\/?p=29449"},"modified":"2010-01-15T01:01:31","modified_gmt":"2010-01-14T23:01:31","slug":"ne-kohen-javore-asnje-fjali-per-fondacionin-%e2%80%9cdom-simon-filipaj%e2%80%9d-perpara-vitit-te-ri-ndihmoj-37-famile-dhe-8-studente","status":"publish","type":"post","link":"https:\/\/www.visit-ulcinj.com\/blog\/2010\/01\/15\/ne-kohen-javore-asnje-fjali-per-fondacionin-%e2%80%9cdom-simon-filipaj%e2%80%9d-perpara-vitit-te-ri-ndihmoj-37-famile-dhe-8-studente\/","title":{"rendered":"N\u00eb Kohen Javore asnje fjali per Fondacionin  \u201cDom Simon Filipaj\u201d, p\u00ebrpara Vitit t\u00eb Ri ndihmoj 37 famile dhe 8 student\u00eb"},"content":{"rendered":"<address><strong><a href=\"http:\/\/www.visit-ulcinj.com\/blog\/wp-content\/uploads\/2010\/01\/Fondacion-\u201cDom-Simon-Filipaj\u201d.jpg\"><img loading=\"lazy\" class=\"alignleft size-full wp-image-29450\" title=\"Fondacion \u201cDom Simon Filipaj\u201d\" src=\"http:\/\/www.visit-ulcinj.com\/blog\/wp-content\/uploads\/2010\/01\/Fondacion-\u201cDom-Simon-Filipaj\u201d.jpg\" alt=\"Fondacion \u201cDom Simon Filipaj\u201d\" width=\"580\" height=\"230\" \/><\/a>Prit\u00ebm q\u00eb Koha Javore t\u00eb shkruaj mostjet\u00ebr nj\u00eb fjali, dhe t\u00eb lajmroj\u00eb lexuesit e vet(aq sa ka):\u00a0 q\u00eb Fondacioni\u00a0 \u201cDom Simon Filipaj\u201d, p\u00ebrpara Vitit t\u00eb Ri ndihmoj 37 famile dhe 8 student\u00eb, asnj\u00ebfjal\u00eb, vet\u00ebm po pyesim pse?<\/strong><\/address>\n<address>\n<\/address>\n<address><strong><br \/>\n<\/strong><\/address>\n<p><strong>P\u00ebr\u00a0 Kohen Javore<\/strong><\/p>\n<p>T\u00eb marr\u00ebsh p\u00ebrsip\u00ebr t\u00eb krijosh nj\u00eb organizat\u00eb me qellimin e vet\u00ebm, ndihm\u00ebn ndaj atyre q\u00eb kan\u00eb m\u00eb s\u00eb shumti nevoj\u00eb, , menduam se po b\u00ebjm\u00eb nj\u00eb gj\u00eb fisnike dhe t\u00eb mir\u00eb. Po k\u00ebshtu kur e nisem krijimin e k\u00ebsaj organizate q\u00eb e quajt\u00ebm Fondacioni \u201cDom Simon Filipaj\u201d emri i t\u00eb cilit nderon t\u00eb gjith\u00eb ne, si individ, si komunitet poashtu edhe si komb. Kishim\u00a0 si q\u00ebllim t\u00eb vet\u00ebm ndihmen e vendit dhe popullit shqiptar n\u00eb komun\u00ebn e Ulqinit, pa kurrfar dallimi. At\u00ebher\u00eb menduam se do kemi nj\u00eb p\u00ebrkrahje t\u00eb gj\u00ebr\u00eb n\u00eb gjitha sferat e shoq\u00ebris\u00eb t\u00eb bashkevendasve, si k\u00ebtu n\u00eb diaspor\u00eb ashtu edhe n\u00eb vendlindje e p\u00ebrve\u00e7 k\u00ebsaj, u befasuam pa mas\u00eb me disa persona n\u00eb postet udh\u00ebheq\u00ebse, n\u00eb k\u00ebt\u00eb rast gazeta e p\u00ebrjav\u00ebshm\u00eb \u201cKoha Javore\u201d e cila ka nj\u00eb urrejtj\u00eb (ashtu duket) patologjike ndaj aktivitetit t\u00eb Fondacionit \u201cDom Simon Filipaj\u201d arsyet se pse\u00a0 i din vet\u00ebm ajo.<br \/>\nKjo gazet\u00eb me nj\u00eb indiferentizem t\u00eb thell\u00eb, ndaj veprimtarive tona, nuk e sheh t\u00eb arsyeshme t\u00eb pasqyroj qoft edhe me nj\u00eb fjali t\u00eb vetmen pun\u00ebn ton\u00eb dhe at\u00eb mund\u00ebsi t\u00eb vogel q\u00eb ne kemi t\u2019i ndihmojm\u00eb v\u00ebllez\u00ebrit dhe motrat tona q\u00eb jetojn\u00eb n\u00eb komun\u00eb t\u00eb Ulqinit, t\u00eb mb\u00ebshtjellur me petkun e skamjes dhe vuajtjes.<br \/>\nE dim\u00eb dhe jemi plot\u00ebsisht t\u00eb bindur se kjo q\u00eb n\u00eb mundohemi t\u00eb b\u00ebjm\u00eb nuk ua leht\u00ebson jet\u00ebn, nuk ua b\u00ebn\u00eb m\u00eb t\u00eb mir\u00eb, por ne t\u00eb pakten p\u00ebrpiqemi q\u00eb t\u00eb\u00a0 bashk\u00eb ndjejm\u00eb dhimbjen e tyr\u00eb.<br \/>\nKoh\u00ebt e fundit ne si fondacion kemi b\u00ebr\u00eb p\u00ebrpjekje\u00a0 modeste q\u00eb p\u00ebr t\u00eb disatin vit radhazi\u00a0 Fondacioni \u201cDom Simon Filipaj\u201d ka nd\u00ebrmarr\u00eb nj\u00eb aksion me q\u00ebllim trajnimin e mjek\u00ebve t\u00eb urgjences n\u00eb Qendren Sh\u00ebndetsore ne Ulqin, ka ndihmuar me dhjetra familje dhe individ, ka sponzoruar ne tersi\u00a0 botimin e revist\u00ebs shkollore \u201cShk\u00ebndijat\u201d p\u00ebr dy vite me rradh\u00eb, ka dh\u00ebn\u00eb ndihm\u00eb p\u00ebr Shkollen \u201cBedri Elezaga\u201d, si dhe dokumentar historic, ndihmuam disa student\u00eb etj. T\u00eb gjitha k\u00ebto aktiviete n\u00eb pak\u00eb fjal\u00eb jan\u00eb vepra t\u00eb cilat nj\u00eb num\u00ebr jo pak i vog\u00ebl atdhetar\u00ebsh q\u00eb e duan vendin e tyre me kontributin e tyre personal ndihmuan n\u00eb forma nga m\u00eb t\u00eb ndryshme.<br \/>\nKur u themelua Fondacioni \u2018Don Simon Filipaj\u201d i kemi shkruar gazetes Koha Javore, por drejtuesit e saj nuk e kan\u00eb par\u00eb t\u00eb arsyesh\u00ebm t\u00eb shkruajn\u00eb t\u00eb pakten tre radh\u00eb, p\u00ebr k\u00ebt\u00eb fondacion, i cili q\u00eb n\u00eb themelimin e tij ka baz\u00eb atdhetarin\u00eb.<br \/>\nN\u00eb mbledhjen kur u vendos p\u00ebt tu bler\u00eb autoambulancat, ka qen\u00eb i pranish\u00ebm edhe nja gazetar\u00eb i k\u00ebsaj gazete, kyte mbledhje sikur edhe blerjen e autoambulancave e inicioj Fonadacioni yn\u00eb, n\u00eb kete mbledhje muaren pjes\u00eb nj\u00eb numer i konsideruesh\u00ebm prej An\u00ebs Malit,- \u00e7far shkruan Koha Javore?;- asnj\u00eb fjal\u00eb p\u00ebr organizuesit e mbledhjes as p\u00ebr q\u00ebllimin e mbledhjes, as p\u00ebr vendimet e mbledhjes, por shkruan p\u00ebr riorganizimin e shoqat\u00ebs Ana e Malit, megjithse Fondacioni \u201cDom Simon Filipaj\u201d mund t\u00eb themi se ishte shkastar i riorganizimit te kesaj shoqate shum\u00eb p\u00ebrparimtare dhe e udh\u00ebhequr prej disa djem\u00ebsh shum aft\u00eb dhe dashamir\u00eb t\u00eb vendlindjes.<br \/>\nAutoambulancat q\u00eb\u00a0 u sollen me ndihmen e v\u00ebllez\u00ebrve dhe motarve tona nga<br \/>\nSHBA,\u00a0 n\u00eb gazeten Koha Javore u pasqyruan p\u00ebrciptazi, madje kur u soll autoambulanca e dyt\u00eb ajo as q\u00eb u p\u00ebrmend fare, vet\u00ebm at\u00ebher kur\u00eb ishte n\u00eb portin e Tivarit.<br \/>\nK\u00ebto jan\u00eb disa nga shembujt\u00eb q\u00eb po tentojm\u00eb t\u00eb japim se pse Koha Javore dhe drejtuesi i saj z. Ali Salaj nuk e shohin\u00eb t\u00eb arsyesh\u00ebm ta pasqyrojn\u00eb n\u00eb ndonj\u00eb radh\u00eb t\u00eb gazet\u00ebs se tyre. Urrejtja ndaj fondacionit \u00ebsht\u00eb e pakutueshme, madje \u00ebsht\u00eb edhe e frikeshme, apo se ky fondacion nuk \u00ebsht\u00eb b\u00ebr\u00eb pre asnj\u00ebher\u00eb e ndonj\u00eb formacioni politik, apo e lojrave politike q\u00eb koh\u00ebt e fundit qe po luhen me t\u00eb madhe n\u00eb d\u00ebm t\u00eb shqiptar\u00ebve t\u00eb cil\u00ebve u mbyllet edhe dritarja e informimit me an\u00eb t\u00eb p\u00ebrsonave t\u00eb cil\u00ebt jan\u00eb n\u00eb sh\u00ebrbim t\u00eb atyre q\u00eb k\u00ebt\u00eb terr informative e kan\u00eb nisur q\u00eb n\u00eb vitet e hershme e vijojn\u00eb t\u00eb b\u00ebjn\u00eb t\u00eb nj\u00ebjt\u00ebn gj\u00eb edhe sot. Jan\u00eb po k\u00ebta p\u00ebrsona q\u00eb d\u00ebshirojn\u00eb p\u00ebrmes mbylljes s\u00eb informimit p\u00ebr aktivitetin e Fondacionit \u201c Dom Simon Filipaj\u201d, t\u00eb minimizojn\u00eb n\u00eb maksimum, pun\u00ebn e tij, q\u00ebllimin se pse e b\u00ebjn\u00eb e dijn\u00eb ata vet\u00eb, n\u00eb nuk duam t\u00eb paragjykojm\u00eb, se pse veprojn\u00eb n\u00eb k\u00ebt\u00eb form\u00eb.<br \/>\nArsyet e veprimit n\u00eb k\u00ebt\u00eb form\u00eb, jan\u00eb t\u00eb tyret, por e pam\u00eb t\u00eb arsyeshme q\u00eb t\u00eb b\u00ebjm\u00eb nj\u00eb reagim pasi Koha Javore, \u00ebsht\u00eb nj\u00eb gazet\u00eb e cila paguhet nga taksat e shqiptareve t\u00eb pa pun\u00eb n\u00eb Mal t\u00eb Zi, dhe me djers\u00ebn e Shqiptar\u00ebve dhe\u00a0 nuk \u00ebsht\u00eb e hijshme t\u00eb luhet ashtu si\u00e7 po veprojn\u00eb Drejtuesit e Koh\u00ebs Javore, q\u00eb nga<br \/>\nFondacioni \u201cDom Simon Filipaj\u201d shohin nj\u00eb k\u00ebrc\u00ebnim.<\/p>\n<p><strong>Fondacion \u201cDom Simon Filipaj\u201d<br \/>\nTom D. Shkreli\u00a0 kryetar<\/strong><\/p>\n","protected":false},"excerpt":{"rendered":"<p>Prit\u00ebm q\u00eb Koha Javore t\u00eb shkruaj mostjet\u00ebr nj\u00eb fjali, dhe t\u00eb lajmroj\u00eb lexuesit e vet(aq sa ka):\u00a0 q\u00eb Fondacioni\u00a0 \u201cDom Simon Filipaj\u201d, p\u00ebrpara Vitit t\u00eb Ri ndihmoj 37 famile dhe 8 student\u00eb, asnj\u00ebfjal\u00eb, vet\u00ebm po pyesim pse? P\u00ebr\u00a0 Kohen Javore T\u00eb marr\u00ebsh p\u00ebrsip\u00ebr t\u00eb krijosh nj\u00eb organizat\u00eb me qellimin e vet\u00ebm, ndihm\u00ebn ndaj atyre q\u00eb [&hellip;]<\/p>\n","protected":false},"author":1,"featured_media":0,"comment_status":"open","ping_status":"closed","sticky":false,"template":"","format":"standard","meta":{"spay_email":"","jetpack_publicize_message":"","jetpack_is_tweetstorm":false,"jetpack_publicize_feature_enabled":true},"categories":[11],"tags":[4995,13332,216,13333,200],"jetpack_publicize_connections":[],"yoast_head":"<!-- This site is optimized with the Yoast SEO plugin v19.1 - https:\/\/yoast.com\/wordpress\/plugins\/seo\/ -->\n<title>N\u00eb Kohen Javore asnje fjali per Fondacionin \u201cDom Simon Filipaj\u201d, p\u00ebrpara Vitit t\u00eb Ri ndihmoj 37 famile dhe 8 student\u00eb - Lajme nga Ulqini<\/title>\n<meta name=\"description\" content=\"Prit\u00ebm q\u00eb Koha Javore t\u00eb shkruaj mostjet\u00ebr nj\u00eb fjali, dhe t\u00eb lajmroj\u00eb lexuesit e vet(aq sa ka):\u00a0 q\u00eb Fondacioni\u00a0 \u201cDom Simon Filipaj\u201d, p\u00ebrpara Vitit t\u00eb Ri\" \/>\n<meta name=\"robots\" content=\"index, follow, max-snippet:-1, max-image-preview:large, max-video-preview:-1\" \/>\n<link rel=\"canonical\" href=\"https:\/\/www.visit-ulcinj.com\/blog\/2010\/01\/15\/ne-kohen-javore-asnje-fjali-per-fondacionin-\u201cdom-simon-filipaj\u201d-perpara-vitit-te-ri-ndihmoj-37-famile-dhe-8-studente\/\" \/>\n<meta property=\"og:locale\" content=\"en_US\" \/>\n<meta property=\"og:type\" content=\"article\" \/>\n<meta property=\"og:title\" content=\"N\u00eb Kohen Javore asnje fjali per Fondacionin \u201cDom Simon Filipaj\u201d, p\u00ebrpara Vitit t\u00eb Ri ndihmoj 37 famile dhe 8 student\u00eb - Lajme nga Ulqini\" \/>\n<meta property=\"og:description\" content=\"Prit\u00ebm q\u00eb Koha Javore t\u00eb shkruaj mostjet\u00ebr nj\u00eb fjali, dhe t\u00eb lajmroj\u00eb lexuesit e vet(aq sa ka):\u00a0 q\u00eb Fondacioni\u00a0 \u201cDom Simon Filipaj\u201d, p\u00ebrpara Vitit t\u00eb Ri\" \/>\n<meta property=\"og:url\" content=\"https:\/\/www.visit-ulcinj.com\/blog\/2010\/01\/15\/ne-kohen-javore-asnje-fjali-per-fondacionin-\u201cdom-simon-filipaj\u201d-perpara-vitit-te-ri-ndihmoj-37-famile-dhe-8-studente\/\" \/>\n<meta property=\"og:site_name\" content=\"Lajme nga Ulqini\" \/>\n<meta property=\"article:published_time\" content=\"2010-01-14T22:51:53+00:00\" \/>\n<meta property=\"article:modified_time\" content=\"2010-01-14T23:01:31+00:00\" \/>\n<meta name=\"twitter:label1\" content=\"Written by\" \/>\n\t<meta name=\"twitter:data1\" content=\"ulqini\" \/>\n\t<meta name=\"twitter:label2\" content=\"Est. reading time\" \/>\n\t<meta name=\"twitter:data2\" content=\"5 minutes\" \/>\n<script type=\"application\/ld+json\" class=\"yoast-schema-graph\">{\"@context\":\"https:\/\/schema.org\",\"@graph\":[{\"@type\":\"WebSite\",\"@id\":\"https:\/\/www.visit-ulcinj.com\/blog\/#website\",\"url\":\"https:\/\/www.visit-ulcinj.com\/blog\/\",\"name\":\"Lajme nga Ulqini\",\"description\":\"Lajme,Vijesti,Ulqini,Ulqin,Crna Gora,Mali i Zi\",\"potentialAction\":[{\"@type\":\"SearchAction\",\"target\":{\"@type\":\"EntryPoint\",\"urlTemplate\":\"https:\/\/www.visit-ulcinj.com\/blog\/?s={search_term_string}\"},\"query-input\":\"required name=search_term_string\"}],\"inLanguage\":\"en-US\"},{\"@type\":\"WebPage\",\"@id\":\"https:\/\/www.visit-ulcinj.com\/blog\/2010\/01\/15\/ne-kohen-javore-asnje-fjali-per-fondacionin-%e2%80%9cdom-simon-filipaj%e2%80%9d-perpara-vitit-te-ri-ndihmoj-37-famile-dhe-8-studente\/#webpage\",\"url\":\"https:\/\/www.visit-ulcinj.com\/blog\/2010\/01\/15\/ne-kohen-javore-asnje-fjali-per-fondacionin-%e2%80%9cdom-simon-filipaj%e2%80%9d-perpara-vitit-te-ri-ndihmoj-37-famile-dhe-8-studente\/\",\"name\":\"N\u00eb Kohen Javore asnje fjali per Fondacionin \u201cDom Simon Filipaj\u201d, p\u00ebrpara Vitit t\u00eb Ri ndihmoj 37 famile dhe 8 student\u00eb - Lajme nga Ulqini\",\"isPartOf\":{\"@id\":\"https:\/\/www.visit-ulcinj.com\/blog\/#website\"},\"datePublished\":\"2010-01-14T22:51:53+00:00\",\"dateModified\":\"2010-01-14T23:01:31+00:00\",\"author\":{\"@id\":\"https:\/\/www.visit-ulcinj.com\/blog\/#\/schema\/person\/dcab619c614d3038751c63bc2aadc06d\"},\"description\":\"Prit\u00ebm q\u00eb Koha Javore t\u00eb shkruaj mostjet\u00ebr nj\u00eb fjali, dhe t\u00eb lajmroj\u00eb lexuesit e vet(aq sa ka):\u00a0 q\u00eb Fondacioni\u00a0 \u201cDom Simon Filipaj\u201d, p\u00ebrpara Vitit t\u00eb Ri\",\"breadcrumb\":{\"@id\":\"https:\/\/www.visit-ulcinj.com\/blog\/2010\/01\/15\/ne-kohen-javore-asnje-fjali-per-fondacionin-%e2%80%9cdom-simon-filipaj%e2%80%9d-perpara-vitit-te-ri-ndihmoj-37-famile-dhe-8-studente\/#breadcrumb\"},\"inLanguage\":\"en-US\",\"potentialAction\":[{\"@type\":\"ReadAction\",\"target\":[\"https:\/\/www.visit-ulcinj.com\/blog\/2010\/01\/15\/ne-kohen-javore-asnje-fjali-per-fondacionin-%e2%80%9cdom-simon-filipaj%e2%80%9d-perpara-vitit-te-ri-ndihmoj-37-famile-dhe-8-studente\/\"]}]},{\"@type\":\"BreadcrumbList\",\"@id\":\"https:\/\/www.visit-ulcinj.com\/blog\/2010\/01\/15\/ne-kohen-javore-asnje-fjali-per-fondacionin-%e2%80%9cdom-simon-filipaj%e2%80%9d-perpara-vitit-te-ri-ndihmoj-37-famile-dhe-8-studente\/#breadcrumb\",\"itemListElement\":[{\"@type\":\"ListItem\",\"position\":1,\"name\":\"N\u00eb Kohen Javore asnje fjali per Fondacionin \u201cDom Simon Filipaj\u201d, p\u00ebrpara Vitit t\u00eb Ri ndihmoj 37 famile dhe 8 student\u00eb\"}]},{\"@type\":\"Person\",\"@id\":\"https:\/\/www.visit-ulcinj.com\/blog\/#\/schema\/person\/dcab619c614d3038751c63bc2aadc06d\",\"name\":\"ulqini\",\"sameAs\":[\"http:\/\/www.visit-ulcinj.com\"],\"url\":\"https:\/\/www.visit-ulcinj.com\/blog\/author\/admin\/\"}]}<\/script>\n<!-- \/ Yoast SEO plugin. -->","yoast_head_json":{"title":"N\u00eb Kohen Javore asnje fjali per Fondacionin \u201cDom Simon Filipaj\u201d, p\u00ebrpara Vitit t\u00eb Ri ndihmoj 37 famile dhe 8 student\u00eb - Lajme nga Ulqini","description":"Prit\u00ebm q\u00eb Koha Javore t\u00eb shkruaj mostjet\u00ebr nj\u00eb fjali, dhe t\u00eb lajmroj\u00eb lexuesit e vet(aq sa ka):\u00a0 q\u00eb Fondacioni\u00a0 \u201cDom Simon Filipaj\u201d, p\u00ebrpara Vitit t\u00eb Ri","robots":{"index":"index","follow":"follow","max-snippet":"max-snippet:-1","max-image-preview":"max-image-preview:large","max-video-preview":"max-video-preview:-1"},"canonical":"https:\/\/www.visit-ulcinj.com\/blog\/2010\/01\/15\/ne-kohen-javore-asnje-fjali-per-fondacionin-\u201cdom-simon-filipaj\u201d-perpara-vitit-te-ri-ndihmoj-37-famile-dhe-8-studente\/","og_locale":"en_US","og_type":"article","og_title":"N\u00eb Kohen Javore asnje fjali per Fondacionin \u201cDom Simon Filipaj\u201d, p\u00ebrpara Vitit t\u00eb Ri ndihmoj 37 famile dhe 8 student\u00eb - Lajme nga Ulqini","og_description":"Prit\u00ebm q\u00eb Koha Javore t\u00eb shkruaj mostjet\u00ebr nj\u00eb fjali, dhe t\u00eb lajmroj\u00eb lexuesit e vet(aq sa ka):\u00a0 q\u00eb Fondacioni\u00a0 \u201cDom Simon Filipaj\u201d, p\u00ebrpara Vitit t\u00eb Ri","og_url":"https:\/\/www.visit-ulcinj.com\/blog\/2010\/01\/15\/ne-kohen-javore-asnje-fjali-per-fondacionin-\u201cdom-simon-filipaj\u201d-perpara-vitit-te-ri-ndihmoj-37-famile-dhe-8-studente\/","og_site_name":"Lajme nga Ulqini","article_published_time":"2010-01-14T22:51:53+00:00","article_modified_time":"2010-01-14T23:01:31+00:00","twitter_misc":{"Written by":"ulqini","Est. reading time":"5 minutes"},"schema":{"@context":"https:\/\/schema.org","@graph":[{"@type":"WebSite","@id":"https:\/\/www.visit-ulcinj.com\/blog\/#website","url":"https:\/\/www.visit-ulcinj.com\/blog\/","name":"Lajme nga Ulqini","description":"Lajme,Vijesti,Ulqini,Ulqin,Crna Gora,Mali i Zi","potentialAction":[{"@type":"SearchAction","target":{"@type":"EntryPoint","urlTemplate":"https:\/\/www.visit-ulcinj.com\/blog\/?s={search_term_string}"},"query-input":"required name=search_term_string"}],"inLanguage":"en-US"},{"@type":"WebPage","@id":"https:\/\/www.visit-ulcinj.com\/blog\/2010\/01\/15\/ne-kohen-javore-asnje-fjali-per-fondacionin-%e2%80%9cdom-simon-filipaj%e2%80%9d-perpara-vitit-te-ri-ndihmoj-37-famile-dhe-8-studente\/#webpage","url":"https:\/\/www.visit-ulcinj.com\/blog\/2010\/01\/15\/ne-kohen-javore-asnje-fjali-per-fondacionin-%e2%80%9cdom-simon-filipaj%e2%80%9d-perpara-vitit-te-ri-ndihmoj-37-famile-dhe-8-studente\/","name":"N\u00eb Kohen Javore asnje fjali per Fondacionin \u201cDom Simon Filipaj\u201d, p\u00ebrpara Vitit t\u00eb Ri ndihmoj 37 famile dhe 8 student\u00eb - Lajme nga Ulqini","isPartOf":{"@id":"https:\/\/www.visit-ulcinj.com\/blog\/#website"},"datePublished":"2010-01-14T22:51:53+00:00","dateModified":"2010-01-14T23:01:31+00:00","author":{"@id":"https:\/\/www.visit-ulcinj.com\/blog\/#\/schema\/person\/dcab619c614d3038751c63bc2aadc06d"},"description":"Prit\u00ebm q\u00eb Koha Javore t\u00eb shkruaj mostjet\u00ebr nj\u00eb fjali, dhe t\u00eb lajmroj\u00eb lexuesit e vet(aq sa ka):\u00a0 q\u00eb Fondacioni\u00a0 \u201cDom Simon Filipaj\u201d, p\u00ebrpara Vitit t\u00eb Ri","breadcrumb":{"@id":"https:\/\/www.visit-ulcinj.com\/blog\/2010\/01\/15\/ne-kohen-javore-asnje-fjali-per-fondacionin-%e2%80%9cdom-simon-filipaj%e2%80%9d-perpara-vitit-te-ri-ndihmoj-37-famile-dhe-8-studente\/#breadcrumb"},"inLanguage":"en-US","potentialAction":[{"@type":"ReadAction","target":["https:\/\/www.visit-ulcinj.com\/blog\/2010\/01\/15\/ne-kohen-javore-asnje-fjali-per-fondacionin-%e2%80%9cdom-simon-filipaj%e2%80%9d-perpara-vitit-te-ri-ndihmoj-37-famile-dhe-8-studente\/"]}]},{"@type":"BreadcrumbList","@id":"https:\/\/www.visit-ulcinj.com\/blog\/2010\/01\/15\/ne-kohen-javore-asnje-fjali-per-fondacionin-%e2%80%9cdom-simon-filipaj%e2%80%9d-perpara-vitit-te-ri-ndihmoj-37-famile-dhe-8-studente\/#breadcrumb","itemListElement":[{"@type":"ListItem","position":1,"name":"N\u00eb Kohen Javore asnje fjali per Fondacionin \u201cDom Simon Filipaj\u201d, p\u00ebrpara Vitit t\u00eb Ri ndihmoj 37 famile dhe 8 student\u00eb"}]},{"@type":"Person","@id":"https:\/\/www.visit-ulcinj.com\/blog\/#\/schema\/person\/dcab619c614d3038751c63bc2aadc06d","name":"ulqini","sameAs":["http:\/\/www.visit-ulcinj.com"],"url":"https:\/\/www.visit-ulcinj.com\/blog\/author\/admin\/"}]}},"jetpack_featured_media_url":"","jetpack_sharing_enabled":true,"jetpack_shortlink":"https:\/\/wp.me\/pe6lTn-7EZ","_links":{"self":[{"href":"https:\/\/www.visit-ulcinj.com\/blog\/wp-json\/wp\/v2\/posts\/29449"}],"collection":[{"href":"https:\/\/www.visit-ulcinj.com\/blog\/wp-json\/wp\/v2\/posts"}],"about":[{"href":"https:\/\/www.visit-ulcinj.com\/blog\/wp-json\/wp\/v2\/types\/post"}],"author":[{"embeddable":true,"href":"https:\/\/www.visit-ulcinj.com\/blog\/wp-json\/wp\/v2\/users\/1"}],"replies":[{"embeddable":true,"href":"https:\/\/www.visit-ulcinj.com\/blog\/wp-json\/wp\/v2\/comments?post=29449"}],"version-history":[{"count":0,"href":"https:\/\/www.visit-ulcinj.com\/blog\/wp-json\/wp\/v2\/posts\/29449\/revisions"}],"wp:attachment":[{"href":"https:\/\/www.visit-ulcinj.com\/blog\/wp-json\/wp\/v2\/media?parent=29449"}],"wp:term":[{"taxonomy":"category","embeddable":true,"href":"https:\/\/www.visit-ulcinj.com\/blog\/wp-json\/wp\/v2\/categories?post=29449"},{"taxonomy":"post_tag","embeddable":true,"href":"https:\/\/www.visit-ulcinj.com\/blog\/wp-json\/wp\/v2\/tags?post=29449"}],"curies":[{"name":"wp","href":"https:\/\/api.w.org\/{rel}","templated":true}]}}