{"id":29462,"date":"2010-01-15T08:57:21","date_gmt":"2010-01-15T06:57:21","guid":{"rendered":"http:\/\/www.visit-ulcinj.com\/blog\/?p=29462"},"modified":"2010-01-15T19:18:00","modified_gmt":"2010-01-15T17:18:00","slug":"ulqinit-ndihme-per-banoret-e-rrezikur","status":"publish","type":"post","link":"https:\/\/www.visit-ulcinj.com\/blog\/2010\/01\/15\/ulqinit-ndihme-per-banoret-e-rrezikur\/","title":{"rendered":"Ulqinit, ndihm\u00eb p\u00ebr banor\u00ebt e rr\u00ebzikur"},"content":{"rendered":"<p><a href=\"http:\/\/www.visit-ulcinj.com\/blog\/wp-content\/uploads\/2010\/01\/Apel-Bashkat\u00ebdhetar\u00ebve-per-ndihm1.jpg\"><img loading=\"lazy\" class=\"alignleft size-full wp-image-29463\" title=\"Apel Bashkat\u00ebdhetar\u00ebve per ndihm\" src=\"http:\/\/www.visit-ulcinj.com\/blog\/wp-content\/uploads\/2010\/01\/Apel-Bashkat\u00ebdhetar\u00ebve-per-ndihm1.jpg\" alt=\"Apel Bashkat\u00ebdhetar\u00ebve per ndihm\" width=\"580\" height=\"400\" \/><\/a>Pas p\u00ebrmbytjeve masive q\u00eb kan\u00eb p\u00ebrfshir\u00eb shum\u00eb fshatra dhe lagje t\u00eb k\u00ebsaj komune p\u00ebrngjat lumit buna,n\u00eb komun\u00ebn e Ulqinit kan\u00eb filluar t\u00eb arrijn\u00eb edhe ndihmat e para nga kryqi i kuq i Malit t\u00eb Zi, shoqata t\u00eb ndryshme , nd\u00ebrmarrje publike dhe individ\u00eb.<br \/>\nK\u00ebshtu nd\u00ebrmarrja publike t\u00eb mirat detare ka premtauar\u00eb se do t\u00eb ndaj 10 mij\u00eb euro p\u00ebr zonat e p\u00ebrmbytura.<br \/>\nEdhe komuan e Budv\u00ebs do t\u00eb ndaj 10 mij\u00eb euro,u tha n\u00eb takimin q\u00eb pati kryetari i komun\u00ebs s\u00eb ulqinit G\u00ebzim Hajdinaga me kabinetin e tij, me n\u00ebnkrytarin e komun\u00ebs s\u00eb Budv\u00ebs Milenko Medigoviq dhe sekretarin p\u00ebr investime t\u00eb k\u00ebtij qyteti Dragan Maroviq.<br \/>\nNdihma financiare dhe materiale premtuan edhe kryetar\u00ebt e komunave t\u00eb Bjello Poles, Rozhaj\u00ebs, Plevl\u00ebs, si dhe ministri pa portofol Rafet Husoviq.<br \/>\nNd\u00ebrkoh\u00eb shtabi i emergjenc\u00ebs n\u00eb Ulqin k\u00ebrkes\u00eb p\u00ebr ndih\u00ebm ka adresuar n\u00eb shum\u00eb adresa brenda dhe jasht\u00eb vendit, p\u00ebr t\u00eb ndihmuar\u00eb banor\u00ebt e rrezikuar nga p\u00ebrmbytjet n\u00eb k\u00ebt\u00eb rajon.<\/p>\n<p><strong>TVCG<br \/>\n<\/strong><!--YouTube Error: bad URL entered--><\/p>\n<p><strong>Ndihmo<\/strong><br \/>\n[flv width=&#8221;580&#8243; height=&#8221;400&#8243;]http:\/\/www.top-channel.tv\/ndihmaime.flv[\/flv]<\/p>\n","protected":false},"excerpt":{"rendered":"<p>Pas p\u00ebrmbytjeve masive q\u00eb kan\u00eb p\u00ebrfshir\u00eb shum\u00eb fshatra dhe lagje t\u00eb k\u00ebsaj komune p\u00ebrngjat lumit buna,n\u00eb komun\u00ebn e Ulqinit kan\u00eb filluar t\u00eb arrijn\u00eb edhe ndihmat e para nga kryqi i kuq i Malit t\u00eb Zi, shoqata t\u00eb ndryshme , nd\u00ebrmarrje publike dhe individ\u00eb. K\u00ebshtu nd\u00ebrmarrja publike t\u00eb mirat detare ka premtauar\u00eb se do t\u00eb ndaj [&hellip;]<\/p>\n","protected":false},"author":1,"featured_media":0,"comment_status":"open","ping_status":"closed","sticky":false,"template":"","format":"standard","meta":{"spay_email":"","jetpack_publicize_message":"","jetpack_is_tweetstorm":false,"jetpack_publicize_feature_enabled":true},"categories":[12],"tags":[13336,13338,13341,3095,11648,13342,13340,13337,13339,5882,200,18],"jetpack_publicize_connections":[],"yoast_head":"<!-- This site is optimized with the Yoast SEO plugin v19.1 - https:\/\/yoast.com\/wordpress\/plugins\/seo\/ -->\n<title>Ulqinit, ndihm\u00eb p\u00ebr banor\u00ebt e rr\u00ebzikur - Lajme nga Ulqini<\/title>\n<meta name=\"description\" content=\"Pas p\u00ebrmbytjeve masive q\u00eb kan\u00eb p\u00ebrfshir\u00eb shum\u00eb fshatra dhe lagje t\u00eb k\u00ebsaj komune p\u00ebrngjat lumit buna,n\u00eb komun\u00ebn e Ulqinit kan\u00eb filluar t\u00eb arrijn\u00eb edhe\" \/>\n<meta name=\"robots\" content=\"index, follow, max-snippet:-1, max-image-preview:large, max-video-preview:-1\" \/>\n<link rel=\"canonical\" href=\"https:\/\/www.visit-ulcinj.com\/blog\/2010\/01\/15\/ulqinit-ndihme-per-banoret-e-rrezikur\/\" \/>\n<meta property=\"og:locale\" content=\"en_US\" \/>\n<meta property=\"og:type\" content=\"article\" \/>\n<meta property=\"og:title\" content=\"Ulqinit, ndihm\u00eb p\u00ebr banor\u00ebt e rr\u00ebzikur - Lajme nga Ulqini\" \/>\n<meta property=\"og:description\" content=\"Pas p\u00ebrmbytjeve masive q\u00eb kan\u00eb p\u00ebrfshir\u00eb shum\u00eb fshatra dhe lagje t\u00eb k\u00ebsaj komune p\u00ebrngjat lumit buna,n\u00eb komun\u00ebn e Ulqinit kan\u00eb filluar t\u00eb arrijn\u00eb edhe\" \/>\n<meta property=\"og:url\" content=\"https:\/\/www.visit-ulcinj.com\/blog\/2010\/01\/15\/ulqinit-ndihme-per-banoret-e-rrezikur\/\" \/>\n<meta property=\"og:site_name\" content=\"Lajme nga Ulqini\" \/>\n<meta property=\"article:published_time\" content=\"2010-01-15T06:57:21+00:00\" \/>\n<meta property=\"article:modified_time\" content=\"2010-01-15T17:18:00+00:00\" \/>\n<meta name=\"twitter:label1\" content=\"Written by\" \/>\n\t<meta name=\"twitter:data1\" content=\"ulqini\" \/>\n\t<meta name=\"twitter:label2\" content=\"Est. reading time\" \/>\n\t<meta name=\"twitter:data2\" content=\"1 minute\" \/>\n<script type=\"application\/ld+json\" class=\"yoast-schema-graph\">{\"@context\":\"https:\/\/schema.org\",\"@graph\":[{\"@type\":\"WebSite\",\"@id\":\"https:\/\/www.visit-ulcinj.com\/blog\/#website\",\"url\":\"https:\/\/www.visit-ulcinj.com\/blog\/\",\"name\":\"Lajme nga Ulqini\",\"description\":\"Lajme,Vijesti,Ulqini,Ulqin,Crna Gora,Mali i Zi\",\"potentialAction\":[{\"@type\":\"SearchAction\",\"target\":{\"@type\":\"EntryPoint\",\"urlTemplate\":\"https:\/\/www.visit-ulcinj.com\/blog\/?s={search_term_string}\"},\"query-input\":\"required name=search_term_string\"}],\"inLanguage\":\"en-US\"},{\"@type\":\"WebPage\",\"@id\":\"https:\/\/www.visit-ulcinj.com\/blog\/2010\/01\/15\/ulqinit-ndihme-per-banoret-e-rrezikur\/#webpage\",\"url\":\"https:\/\/www.visit-ulcinj.com\/blog\/2010\/01\/15\/ulqinit-ndihme-per-banoret-e-rrezikur\/\",\"name\":\"Ulqinit, ndihm\u00eb p\u00ebr banor\u00ebt e rr\u00ebzikur - Lajme nga Ulqini\",\"isPartOf\":{\"@id\":\"https:\/\/www.visit-ulcinj.com\/blog\/#website\"},\"datePublished\":\"2010-01-15T06:57:21+00:00\",\"dateModified\":\"2010-01-15T17:18:00+00:00\",\"author\":{\"@id\":\"https:\/\/www.visit-ulcinj.com\/blog\/#\/schema\/person\/dcab619c614d3038751c63bc2aadc06d\"},\"description\":\"Pas p\u00ebrmbytjeve masive q\u00eb kan\u00eb p\u00ebrfshir\u00eb shum\u00eb fshatra dhe lagje t\u00eb k\u00ebsaj komune p\u00ebrngjat lumit buna,n\u00eb komun\u00ebn e Ulqinit kan\u00eb filluar t\u00eb arrijn\u00eb edhe\",\"breadcrumb\":{\"@id\":\"https:\/\/www.visit-ulcinj.com\/blog\/2010\/01\/15\/ulqinit-ndihme-per-banoret-e-rrezikur\/#breadcrumb\"},\"inLanguage\":\"en-US\",\"potentialAction\":[{\"@type\":\"ReadAction\",\"target\":[\"https:\/\/www.visit-ulcinj.com\/blog\/2010\/01\/15\/ulqinit-ndihme-per-banoret-e-rrezikur\/\"]}]},{\"@type\":\"BreadcrumbList\",\"@id\":\"https:\/\/www.visit-ulcinj.com\/blog\/2010\/01\/15\/ulqinit-ndihme-per-banoret-e-rrezikur\/#breadcrumb\",\"itemListElement\":[{\"@type\":\"ListItem\",\"position\":1,\"name\":\"Ulqinit, ndihm\u00eb p\u00ebr banor\u00ebt e rr\u00ebzikur\"}]},{\"@type\":\"Person\",\"@id\":\"https:\/\/www.visit-ulcinj.com\/blog\/#\/schema\/person\/dcab619c614d3038751c63bc2aadc06d\",\"name\":\"ulqini\",\"sameAs\":[\"http:\/\/www.visit-ulcinj.com\"],\"url\":\"https:\/\/www.visit-ulcinj.com\/blog\/author\/admin\/\"}]}<\/script>\n<!-- \/ Yoast SEO plugin. -->","yoast_head_json":{"title":"Ulqinit, ndihm\u00eb p\u00ebr banor\u00ebt e rr\u00ebzikur - Lajme nga Ulqini","description":"Pas p\u00ebrmbytjeve masive q\u00eb kan\u00eb p\u00ebrfshir\u00eb shum\u00eb fshatra dhe lagje t\u00eb k\u00ebsaj komune p\u00ebrngjat lumit buna,n\u00eb komun\u00ebn e Ulqinit kan\u00eb filluar t\u00eb arrijn\u00eb edhe","robots":{"index":"index","follow":"follow","max-snippet":"max-snippet:-1","max-image-preview":"max-image-preview:large","max-video-preview":"max-video-preview:-1"},"canonical":"https:\/\/www.visit-ulcinj.com\/blog\/2010\/01\/15\/ulqinit-ndihme-per-banoret-e-rrezikur\/","og_locale":"en_US","og_type":"article","og_title":"Ulqinit, ndihm\u00eb p\u00ebr banor\u00ebt e rr\u00ebzikur - Lajme nga Ulqini","og_description":"Pas p\u00ebrmbytjeve masive q\u00eb kan\u00eb p\u00ebrfshir\u00eb shum\u00eb fshatra dhe lagje t\u00eb k\u00ebsaj komune p\u00ebrngjat lumit buna,n\u00eb komun\u00ebn e Ulqinit kan\u00eb filluar t\u00eb arrijn\u00eb edhe","og_url":"https:\/\/www.visit-ulcinj.com\/blog\/2010\/01\/15\/ulqinit-ndihme-per-banoret-e-rrezikur\/","og_site_name":"Lajme nga Ulqini","article_published_time":"2010-01-15T06:57:21+00:00","article_modified_time":"2010-01-15T17:18:00+00:00","twitter_misc":{"Written by":"ulqini","Est. reading time":"1 minute"},"schema":{"@context":"https:\/\/schema.org","@graph":[{"@type":"WebSite","@id":"https:\/\/www.visit-ulcinj.com\/blog\/#website","url":"https:\/\/www.visit-ulcinj.com\/blog\/","name":"Lajme nga Ulqini","description":"Lajme,Vijesti,Ulqini,Ulqin,Crna Gora,Mali i Zi","potentialAction":[{"@type":"SearchAction","target":{"@type":"EntryPoint","urlTemplate":"https:\/\/www.visit-ulcinj.com\/blog\/?s={search_term_string}"},"query-input":"required name=search_term_string"}],"inLanguage":"en-US"},{"@type":"WebPage","@id":"https:\/\/www.visit-ulcinj.com\/blog\/2010\/01\/15\/ulqinit-ndihme-per-banoret-e-rrezikur\/#webpage","url":"https:\/\/www.visit-ulcinj.com\/blog\/2010\/01\/15\/ulqinit-ndihme-per-banoret-e-rrezikur\/","name":"Ulqinit, ndihm\u00eb p\u00ebr banor\u00ebt e rr\u00ebzikur - Lajme nga Ulqini","isPartOf":{"@id":"https:\/\/www.visit-ulcinj.com\/blog\/#website"},"datePublished":"2010-01-15T06:57:21+00:00","dateModified":"2010-01-15T17:18:00+00:00","author":{"@id":"https:\/\/www.visit-ulcinj.com\/blog\/#\/schema\/person\/dcab619c614d3038751c63bc2aadc06d"},"description":"Pas p\u00ebrmbytjeve masive q\u00eb kan\u00eb p\u00ebrfshir\u00eb shum\u00eb fshatra dhe lagje t\u00eb k\u00ebsaj komune p\u00ebrngjat lumit buna,n\u00eb komun\u00ebn e Ulqinit kan\u00eb filluar t\u00eb arrijn\u00eb edhe","breadcrumb":{"@id":"https:\/\/www.visit-ulcinj.com\/blog\/2010\/01\/15\/ulqinit-ndihme-per-banoret-e-rrezikur\/#breadcrumb"},"inLanguage":"en-US","potentialAction":[{"@type":"ReadAction","target":["https:\/\/www.visit-ulcinj.com\/blog\/2010\/01\/15\/ulqinit-ndihme-per-banoret-e-rrezikur\/"]}]},{"@type":"BreadcrumbList","@id":"https:\/\/www.visit-ulcinj.com\/blog\/2010\/01\/15\/ulqinit-ndihme-per-banoret-e-rrezikur\/#breadcrumb","itemListElement":[{"@type":"ListItem","position":1,"name":"Ulqinit, ndihm\u00eb p\u00ebr banor\u00ebt e rr\u00ebzikur"}]},{"@type":"Person","@id":"https:\/\/www.visit-ulcinj.com\/blog\/#\/schema\/person\/dcab619c614d3038751c63bc2aadc06d","name":"ulqini","sameAs":["http:\/\/www.visit-ulcinj.com"],"url":"https:\/\/www.visit-ulcinj.com\/blog\/author\/admin\/"}]}},"jetpack_featured_media_url":"","jetpack_sharing_enabled":true,"jetpack_shortlink":"https:\/\/wp.me\/pe6lTn-7Fc","_links":{"self":[{"href":"https:\/\/www.visit-ulcinj.com\/blog\/wp-json\/wp\/v2\/posts\/29462"}],"collection":[{"href":"https:\/\/www.visit-ulcinj.com\/blog\/wp-json\/wp\/v2\/posts"}],"about":[{"href":"https:\/\/www.visit-ulcinj.com\/blog\/wp-json\/wp\/v2\/types\/post"}],"author":[{"embeddable":true,"href":"https:\/\/www.visit-ulcinj.com\/blog\/wp-json\/wp\/v2\/users\/1"}],"replies":[{"embeddable":true,"href":"https:\/\/www.visit-ulcinj.com\/blog\/wp-json\/wp\/v2\/comments?post=29462"}],"version-history":[{"count":0,"href":"https:\/\/www.visit-ulcinj.com\/blog\/wp-json\/wp\/v2\/posts\/29462\/revisions"}],"wp:attachment":[{"href":"https:\/\/www.visit-ulcinj.com\/blog\/wp-json\/wp\/v2\/media?parent=29462"}],"wp:term":[{"taxonomy":"category","embeddable":true,"href":"https:\/\/www.visit-ulcinj.com\/blog\/wp-json\/wp\/v2\/categories?post=29462"},{"taxonomy":"post_tag","embeddable":true,"href":"https:\/\/www.visit-ulcinj.com\/blog\/wp-json\/wp\/v2\/tags?post=29462"}],"curies":[{"name":"wp","href":"https:\/\/api.w.org\/{rel}","templated":true}]}}