{"id":29488,"date":"2010-01-15T13:48:38","date_gmt":"2010-01-15T11:48:38","guid":{"rendered":"http:\/\/www.visit-ulcinj.com\/blog\/?p=29488"},"modified":"2010-01-16T00:23:09","modified_gmt":"2010-01-15T22:23:09","slug":"mali-i-zi-dhe-kosova-sot-vendosen-marredhenie-diplomatike","status":"publish","type":"post","link":"https:\/\/www.visit-ulcinj.com\/blog\/2010\/01\/15\/mali-i-zi-dhe-kosova-sot-vendosen-marredhenie-diplomatike\/","title":{"rendered":"Mali i Zi dhe Kosova sot vendos\u00ebn marr\u00ebdh\u00ebnie diplomatike &#8211; Video"},"content":{"rendered":"<p><strong><a href=\"http:\/\/www.visit-ulcinj.com\/blog\/wp-content\/uploads\/2010\/01\/MILAN-ROCEN_SKENDER-HYSENI.jpg\"><img loading=\"lazy\" class=\"alignleft size-full wp-image-29489\" title=\"MILAN ROCEN_SKENDER HYSENI\" src=\"http:\/\/www.visit-ulcinj.com\/blog\/wp-content\/uploads\/2010\/01\/MILAN-ROCEN_SKENDER-HYSENI.jpg\" alt=\"MILAN ROCEN_SKENDER HYSENI\" width=\"581\" height=\"387\" srcset=\"https:\/\/www.visit-ulcinj.com\/blog\/wp-content\/uploads\/2010\/01\/MILAN-ROCEN_SKENDER-HYSENI.jpg 581w, https:\/\/www.visit-ulcinj.com\/blog\/wp-content\/uploads\/2010\/01\/MILAN-ROCEN_SKENDER-HYSENI-300x199.jpg 300w\" sizes=\"(max-width: 581px) 100vw, 581px\" \/><\/a>Qeveria e Malit t\u00eb Zi njoftoi se ka vendosur marr\u00ebdh\u00ebnie diplomatike me Kosov\u00ebn.<\/strong><br \/>\n\u201cMali i Zi dhe Kosova sot vendos\u00ebn marr\u00ebdh\u00ebnie diplomatike duke shk\u00ebmbyer letrat e ministrave respektiv\u00eb, Millan Roqen dhe Sk\u00ebnder Hyseni&#8221;, transmeton AFP.<br \/>\nQeveria n\u00eb Podgoric\u00eb tha se marr\u00ebdh\u00ebniet diplomatike me Prishtin\u00ebn jan\u00eb vendosur n\u00eb pajtim me vendimin zyrtar t\u00eb 9 tetorit, 2008 p\u00ebr njohjen e Kosov\u00ebs.<br \/>\nN\u00eb letr\u00ebn e tij, Ro\u00e7en ka theksuar se e ndan mendimin e homologut t\u00eb tij se marr\u00ebdh\u00ebniet nd\u00ebrmjet Malit t\u00eb Zi dhe Kosov\u00ebs kan\u00eb perspektiv\u00eb t\u00eb mir\u00eb.<br \/>\nAi ka theksuar se Mali i Zi e vles\u00ebron lart\u00eb at\u00eb q\u00eb Hyseni e ka theksuar n\u00eb letr\u00ebn e tij se autoritetet e Kosov\u00ebs kan\u00eb mir\u00ebkuptim p\u00ebr nevojat e komunitetit malazez n\u00eb Kosov\u00eb.<br \/>\n\u201cPres q\u00eb statusi i tyre do t\u00eb zgjidhet mbi baza t\u00eb p\u00ebrhershme n\u00eb kuad\u00ebr t\u00eb sistemit juridik t\u00eb Kosov\u00ebs, nj\u00ebkoh\u00ebsisht me p\u00ebrgatitjet p\u00ebr k\u00ebmbimin e personelit diplomatike\u201d, ka th\u00ebn\u00eb shefi i diplomacis\u00eb malazeze.<br \/>\nRo\u00e7en ka theksuar se kjo do t\u2019i kontribuoj\u00eb mir\u00ebbesimit t\u00eb nd\u00ebrsjell\u00eb dhe respektimit tradicional q\u00eb kultivojn\u00eb dy popujt miq, p\u00ebr interesin e p\u00ebrbashk\u00ebt, forcimin e stabilitetit rajonal dhe arritjes m\u00eb t\u00eb shpejt\u00eb t\u00eb synimeve evropiane dhe evroatlantike.<br \/>\nLetra e ministrit malazez \u00ebsht\u00eb p\u00ebrgjigje n\u00eb letr\u00ebn nga pala kosovare, q\u00eb u d\u00ebrgua nga fundi i vitit t\u00eb kaluar, n\u00eb t\u00eb cil\u00ebn Prishtina k\u00ebrkon nga Podgorica informat\u00eb se kur mund t\u00eb pritet vendosja e marr\u00ebdh\u00ebnieve diplomatike nd\u00ebrmjet dy vendeve.<br \/>\nN\u00eb vitin 2008, njohja e Kosov\u00ebs nga Podgorica b\u00ebri q\u00eb Beogradi ta d\u00ebboj\u00eb ambasadorin malazez, por n\u00ebntorin e kaluar, ambasadori i Malit t\u00eb Zi u kthye n\u00eb Beograd.<br \/>\n(V.P.)<\/p>\n<p><a href=\"http:\/\/www.evropaelire.org\/content\/article\/1930363.html\" target=\"_blank\"><strong>REL<\/strong><\/a><br \/>\n[flv width=&#8221;580&#8243; height=&#8221;400&#8243;]http:\/\/91.187.97.13\/video\/images\/content\/Rtv21Video\/Emisionet\/flash\/flash.flv[\/flv]<\/p>\n","protected":false},"excerpt":{"rendered":"<p>Qeveria e Malit t\u00eb Zi njoftoi se ka vendosur marr\u00ebdh\u00ebnie diplomatike me Kosov\u00ebn. \u201cMali i Zi dhe Kosova sot vendos\u00ebn marr\u00ebdh\u00ebnie diplomatike duke shk\u00ebmbyer letrat e ministrave respektiv\u00eb, Millan Roqen dhe Sk\u00ebnder Hyseni&#8221;, transmeton AFP. Qeveria n\u00eb Podgoric\u00eb tha se marr\u00ebdh\u00ebniet diplomatike me Prishtin\u00ebn jan\u00eb vendosur n\u00eb pajtim me vendimin zyrtar t\u00eb 9 tetorit, 2008 [&hellip;]<\/p>\n","protected":false},"author":1,"featured_media":0,"comment_status":"open","ping_status":"closed","sticky":false,"template":"","format":"standard","meta":{"spay_email":"","jetpack_publicize_message":"","jetpack_is_tweetstorm":false,"jetpack_publicize_feature_enabled":true},"categories":[12],"tags":[49,95,3860,71],"jetpack_publicize_connections":[],"yoast_head":"<!-- This site is optimized with the Yoast SEO plugin v19.1 - https:\/\/yoast.com\/wordpress\/plugins\/seo\/ -->\n<title>Mali i Zi dhe Kosova sot vendos\u00ebn marr\u00ebdh\u00ebnie diplomatike - Video - Lajme nga Ulqini<\/title>\n<meta name=\"description\" content=\"Qeveria e Malit t\u00eb Zi njoftoi se ka vendosur marr\u00ebdh\u00ebnie diplomatike me Kosov\u00ebn. \u201cMali i Zi dhe Kosova sot vendos\u00ebn marr\u00ebdh\u00ebnie diplomatike duke shk\u00ebmbyer\" \/>\n<meta name=\"robots\" content=\"index, follow, max-snippet:-1, max-image-preview:large, max-video-preview:-1\" \/>\n<link rel=\"canonical\" href=\"https:\/\/www.visit-ulcinj.com\/blog\/2010\/01\/15\/mali-i-zi-dhe-kosova-sot-vendosen-marredhenie-diplomatike\/\" \/>\n<meta property=\"og:locale\" content=\"en_US\" \/>\n<meta property=\"og:type\" content=\"article\" \/>\n<meta property=\"og:title\" content=\"Mali i Zi dhe Kosova sot vendos\u00ebn marr\u00ebdh\u00ebnie diplomatike - Video - Lajme nga Ulqini\" \/>\n<meta property=\"og:description\" content=\"Qeveria e Malit t\u00eb Zi njoftoi se ka vendosur marr\u00ebdh\u00ebnie diplomatike me Kosov\u00ebn. \u201cMali i Zi dhe Kosova sot vendos\u00ebn marr\u00ebdh\u00ebnie diplomatike duke shk\u00ebmbyer\" \/>\n<meta property=\"og:url\" content=\"https:\/\/www.visit-ulcinj.com\/blog\/2010\/01\/15\/mali-i-zi-dhe-kosova-sot-vendosen-marredhenie-diplomatike\/\" \/>\n<meta property=\"og:site_name\" content=\"Lajme nga Ulqini\" \/>\n<meta property=\"article:published_time\" content=\"2010-01-15T11:48:38+00:00\" \/>\n<meta property=\"article:modified_time\" content=\"2010-01-15T22:23:09+00:00\" \/>\n<meta property=\"og:image\" content=\"http:\/\/www.visit-ulcinj.com\/blog\/wp-content\/uploads\/2010\/01\/MILAN-ROCEN_SKENDER-HYSENI.jpg\" \/>\n<meta name=\"twitter:label1\" content=\"Written by\" \/>\n\t<meta name=\"twitter:data1\" content=\"ulqini\" \/>\n\t<meta name=\"twitter:label2\" content=\"Est. reading time\" \/>\n\t<meta name=\"twitter:data2\" content=\"2 minutes\" \/>\n<script type=\"application\/ld+json\" class=\"yoast-schema-graph\">{\"@context\":\"https:\/\/schema.org\",\"@graph\":[{\"@type\":\"WebSite\",\"@id\":\"https:\/\/www.visit-ulcinj.com\/blog\/#website\",\"url\":\"https:\/\/www.visit-ulcinj.com\/blog\/\",\"name\":\"Lajme nga Ulqini\",\"description\":\"Lajme,Vijesti,Ulqini,Ulqin,Crna Gora,Mali i Zi\",\"potentialAction\":[{\"@type\":\"SearchAction\",\"target\":{\"@type\":\"EntryPoint\",\"urlTemplate\":\"https:\/\/www.visit-ulcinj.com\/blog\/?s={search_term_string}\"},\"query-input\":\"required name=search_term_string\"}],\"inLanguage\":\"en-US\"},{\"@type\":\"ImageObject\",\"inLanguage\":\"en-US\",\"@id\":\"https:\/\/www.visit-ulcinj.com\/blog\/2010\/01\/15\/mali-i-zi-dhe-kosova-sot-vendosen-marredhenie-diplomatike\/#primaryimage\",\"url\":\"https:\/\/www.visit-ulcinj.com\/blog\/wp-content\/uploads\/2010\/01\/MILAN-ROCEN_SKENDER-HYSENI.jpg\",\"contentUrl\":\"https:\/\/www.visit-ulcinj.com\/blog\/wp-content\/uploads\/2010\/01\/MILAN-ROCEN_SKENDER-HYSENI.jpg\",\"width\":\"581\",\"height\":\"387\"},{\"@type\":\"WebPage\",\"@id\":\"https:\/\/www.visit-ulcinj.com\/blog\/2010\/01\/15\/mali-i-zi-dhe-kosova-sot-vendosen-marredhenie-diplomatike\/#webpage\",\"url\":\"https:\/\/www.visit-ulcinj.com\/blog\/2010\/01\/15\/mali-i-zi-dhe-kosova-sot-vendosen-marredhenie-diplomatike\/\",\"name\":\"Mali i Zi dhe Kosova sot vendos\u00ebn marr\u00ebdh\u00ebnie diplomatike - Video - Lajme nga Ulqini\",\"isPartOf\":{\"@id\":\"https:\/\/www.visit-ulcinj.com\/blog\/#website\"},\"primaryImageOfPage\":{\"@id\":\"https:\/\/www.visit-ulcinj.com\/blog\/2010\/01\/15\/mali-i-zi-dhe-kosova-sot-vendosen-marredhenie-diplomatike\/#primaryimage\"},\"datePublished\":\"2010-01-15T11:48:38+00:00\",\"dateModified\":\"2010-01-15T22:23:09+00:00\",\"author\":{\"@id\":\"https:\/\/www.visit-ulcinj.com\/blog\/#\/schema\/person\/dcab619c614d3038751c63bc2aadc06d\"},\"description\":\"Qeveria e Malit t\u00eb Zi njoftoi se ka vendosur marr\u00ebdh\u00ebnie diplomatike me Kosov\u00ebn. \u201cMali i Zi dhe Kosova sot vendos\u00ebn marr\u00ebdh\u00ebnie diplomatike duke shk\u00ebmbyer\",\"breadcrumb\":{\"@id\":\"https:\/\/www.visit-ulcinj.com\/blog\/2010\/01\/15\/mali-i-zi-dhe-kosova-sot-vendosen-marredhenie-diplomatike\/#breadcrumb\"},\"inLanguage\":\"en-US\",\"potentialAction\":[{\"@type\":\"ReadAction\",\"target\":[\"https:\/\/www.visit-ulcinj.com\/blog\/2010\/01\/15\/mali-i-zi-dhe-kosova-sot-vendosen-marredhenie-diplomatike\/\"]}]},{\"@type\":\"BreadcrumbList\",\"@id\":\"https:\/\/www.visit-ulcinj.com\/blog\/2010\/01\/15\/mali-i-zi-dhe-kosova-sot-vendosen-marredhenie-diplomatike\/#breadcrumb\",\"itemListElement\":[{\"@type\":\"ListItem\",\"position\":1,\"name\":\"Mali i Zi dhe Kosova sot vendos\u00ebn marr\u00ebdh\u00ebnie diplomatike &#8211; Video\"}]},{\"@type\":\"Person\",\"@id\":\"https:\/\/www.visit-ulcinj.com\/blog\/#\/schema\/person\/dcab619c614d3038751c63bc2aadc06d\",\"name\":\"ulqini\",\"sameAs\":[\"http:\/\/www.visit-ulcinj.com\"],\"url\":\"https:\/\/www.visit-ulcinj.com\/blog\/author\/admin\/\"}]}<\/script>\n<!-- \/ Yoast SEO plugin. -->","yoast_head_json":{"title":"Mali i Zi dhe Kosova sot vendos\u00ebn marr\u00ebdh\u00ebnie diplomatike - Video - Lajme nga Ulqini","description":"Qeveria e Malit t\u00eb Zi njoftoi se ka vendosur marr\u00ebdh\u00ebnie diplomatike me Kosov\u00ebn. \u201cMali i Zi dhe Kosova sot vendos\u00ebn marr\u00ebdh\u00ebnie diplomatike duke shk\u00ebmbyer","robots":{"index":"index","follow":"follow","max-snippet":"max-snippet:-1","max-image-preview":"max-image-preview:large","max-video-preview":"max-video-preview:-1"},"canonical":"https:\/\/www.visit-ulcinj.com\/blog\/2010\/01\/15\/mali-i-zi-dhe-kosova-sot-vendosen-marredhenie-diplomatike\/","og_locale":"en_US","og_type":"article","og_title":"Mali i Zi dhe Kosova sot vendos\u00ebn marr\u00ebdh\u00ebnie diplomatike - Video - Lajme nga Ulqini","og_description":"Qeveria e Malit t\u00eb Zi njoftoi se ka vendosur marr\u00ebdh\u00ebnie diplomatike me Kosov\u00ebn. \u201cMali i Zi dhe Kosova sot vendos\u00ebn marr\u00ebdh\u00ebnie diplomatike duke shk\u00ebmbyer","og_url":"https:\/\/www.visit-ulcinj.com\/blog\/2010\/01\/15\/mali-i-zi-dhe-kosova-sot-vendosen-marredhenie-diplomatike\/","og_site_name":"Lajme nga Ulqini","article_published_time":"2010-01-15T11:48:38+00:00","article_modified_time":"2010-01-15T22:23:09+00:00","og_image":[{"url":"http:\/\/www.visit-ulcinj.com\/blog\/wp-content\/uploads\/2010\/01\/MILAN-ROCEN_SKENDER-HYSENI.jpg"}],"twitter_misc":{"Written by":"ulqini","Est. reading time":"2 minutes"},"schema":{"@context":"https:\/\/schema.org","@graph":[{"@type":"WebSite","@id":"https:\/\/www.visit-ulcinj.com\/blog\/#website","url":"https:\/\/www.visit-ulcinj.com\/blog\/","name":"Lajme nga Ulqini","description":"Lajme,Vijesti,Ulqini,Ulqin,Crna Gora,Mali i Zi","potentialAction":[{"@type":"SearchAction","target":{"@type":"EntryPoint","urlTemplate":"https:\/\/www.visit-ulcinj.com\/blog\/?s={search_term_string}"},"query-input":"required name=search_term_string"}],"inLanguage":"en-US"},{"@type":"ImageObject","inLanguage":"en-US","@id":"https:\/\/www.visit-ulcinj.com\/blog\/2010\/01\/15\/mali-i-zi-dhe-kosova-sot-vendosen-marredhenie-diplomatike\/#primaryimage","url":"https:\/\/www.visit-ulcinj.com\/blog\/wp-content\/uploads\/2010\/01\/MILAN-ROCEN_SKENDER-HYSENI.jpg","contentUrl":"https:\/\/www.visit-ulcinj.com\/blog\/wp-content\/uploads\/2010\/01\/MILAN-ROCEN_SKENDER-HYSENI.jpg","width":"581","height":"387"},{"@type":"WebPage","@id":"https:\/\/www.visit-ulcinj.com\/blog\/2010\/01\/15\/mali-i-zi-dhe-kosova-sot-vendosen-marredhenie-diplomatike\/#webpage","url":"https:\/\/www.visit-ulcinj.com\/blog\/2010\/01\/15\/mali-i-zi-dhe-kosova-sot-vendosen-marredhenie-diplomatike\/","name":"Mali i Zi dhe Kosova sot vendos\u00ebn marr\u00ebdh\u00ebnie diplomatike - Video - Lajme nga Ulqini","isPartOf":{"@id":"https:\/\/www.visit-ulcinj.com\/blog\/#website"},"primaryImageOfPage":{"@id":"https:\/\/www.visit-ulcinj.com\/blog\/2010\/01\/15\/mali-i-zi-dhe-kosova-sot-vendosen-marredhenie-diplomatike\/#primaryimage"},"datePublished":"2010-01-15T11:48:38+00:00","dateModified":"2010-01-15T22:23:09+00:00","author":{"@id":"https:\/\/www.visit-ulcinj.com\/blog\/#\/schema\/person\/dcab619c614d3038751c63bc2aadc06d"},"description":"Qeveria e Malit t\u00eb Zi njoftoi se ka vendosur marr\u00ebdh\u00ebnie diplomatike me Kosov\u00ebn. \u201cMali i Zi dhe Kosova sot vendos\u00ebn marr\u00ebdh\u00ebnie diplomatike duke shk\u00ebmbyer","breadcrumb":{"@id":"https:\/\/www.visit-ulcinj.com\/blog\/2010\/01\/15\/mali-i-zi-dhe-kosova-sot-vendosen-marredhenie-diplomatike\/#breadcrumb"},"inLanguage":"en-US","potentialAction":[{"@type":"ReadAction","target":["https:\/\/www.visit-ulcinj.com\/blog\/2010\/01\/15\/mali-i-zi-dhe-kosova-sot-vendosen-marredhenie-diplomatike\/"]}]},{"@type":"BreadcrumbList","@id":"https:\/\/www.visit-ulcinj.com\/blog\/2010\/01\/15\/mali-i-zi-dhe-kosova-sot-vendosen-marredhenie-diplomatike\/#breadcrumb","itemListElement":[{"@type":"ListItem","position":1,"name":"Mali i Zi dhe Kosova sot vendos\u00ebn marr\u00ebdh\u00ebnie diplomatike &#8211; Video"}]},{"@type":"Person","@id":"https:\/\/www.visit-ulcinj.com\/blog\/#\/schema\/person\/dcab619c614d3038751c63bc2aadc06d","name":"ulqini","sameAs":["http:\/\/www.visit-ulcinj.com"],"url":"https:\/\/www.visit-ulcinj.com\/blog\/author\/admin\/"}]}},"jetpack_featured_media_url":"","jetpack_sharing_enabled":true,"jetpack_shortlink":"https:\/\/wp.me\/pe6lTn-7FC","_links":{"self":[{"href":"https:\/\/www.visit-ulcinj.com\/blog\/wp-json\/wp\/v2\/posts\/29488"}],"collection":[{"href":"https:\/\/www.visit-ulcinj.com\/blog\/wp-json\/wp\/v2\/posts"}],"about":[{"href":"https:\/\/www.visit-ulcinj.com\/blog\/wp-json\/wp\/v2\/types\/post"}],"author":[{"embeddable":true,"href":"https:\/\/www.visit-ulcinj.com\/blog\/wp-json\/wp\/v2\/users\/1"}],"replies":[{"embeddable":true,"href":"https:\/\/www.visit-ulcinj.com\/blog\/wp-json\/wp\/v2\/comments?post=29488"}],"version-history":[{"count":0,"href":"https:\/\/www.visit-ulcinj.com\/blog\/wp-json\/wp\/v2\/posts\/29488\/revisions"}],"wp:attachment":[{"href":"https:\/\/www.visit-ulcinj.com\/blog\/wp-json\/wp\/v2\/media?parent=29488"}],"wp:term":[{"taxonomy":"category","embeddable":true,"href":"https:\/\/www.visit-ulcinj.com\/blog\/wp-json\/wp\/v2\/categories?post=29488"},{"taxonomy":"post_tag","embeddable":true,"href":"https:\/\/www.visit-ulcinj.com\/blog\/wp-json\/wp\/v2\/tags?post=29488"}],"curies":[{"name":"wp","href":"https:\/\/api.w.org\/{rel}","templated":true}]}}