{"id":29492,"date":"2010-01-15T19:18:34","date_gmt":"2010-01-15T17:18:34","guid":{"rendered":"http:\/\/www.visit-ulcinj.com\/blog\/?p=29492"},"modified":"2010-01-25T11:14:43","modified_gmt":"2010-01-25T09:14:43","slug":"predrag-nenziq-ulqinakeve-te-permbytur-u-premton-200-mije-euro-ndihme","status":"publish","type":"post","link":"https:\/\/www.visit-ulcinj.com\/blog\/2010\/01\/15\/predrag-nenziq-ulqinakeve-te-permbytur-u-premton-200-mije-euro-ndihme\/","title":{"rendered":"Predrag Nenziq ulqinak\u00ebve t\u00eb p\u00ebrmbytur u premton 200 mij\u00eb euro ndihm\u00eb &#8211; Video"},"content":{"rendered":"<p><a href=\"http:\/\/www.visit-ulcinj.com\/blog\/wp-content\/uploads\/2010\/01\/Predrag-Nenezic_Gzim-Hajdinaga.jpg\"><img loading=\"lazy\" class=\"alignleft size-full wp-image-29493\" title=\"Predrag Nenezic_Gzim Hajdinaga\" src=\"http:\/\/www.visit-ulcinj.com\/blog\/wp-content\/uploads\/2010\/01\/Predrag-Nenezic_Gzim-Hajdinaga.jpg\" alt=\"Predrag Nenezic_Gzim Hajdinaga\" width=\"580\" height=\"400\" \/><\/a>Sot n\u00eb Ulqin p\u00ebr nj\u00eb takim pune q\u00ebndroi ministri i turizmit, Predrag Neneziq, i cili pas takimit me kryetarin e Komun\u00ebs s\u00eb Ulqinit, G\u00ebzim Hajdinaga, vizitoi ishullin Ada, gjegj\u00ebsisht u njoftua m\u00eb af\u00ebr me d\u00ebmet e shkaktuar nga p\u00ebrmbytjet e dit\u00ebve t\u00eb fundit n\u00eb k\u00ebt\u00eb zon\u00eb.<br \/>\nAi u premtoi familjeve t\u00eb p\u00ebrmbytura 200 mij\u00eb euro, na njofton gazetari yn\u00eb nga kjo komun\u00eb Gjek\u00eb Gjonaj. P\u00ebrndryshe pas disa dit\u00ebve me diell, situata n\u00eb rajonet e p\u00ebrmbytura n\u00eb Mal t\u00eb Zi gradualisht \u00ebsht\u00eb duke u normalizuar. Niveli i Bun\u00ebs \u00ebsht\u00eb duksh\u00ebm m\u00eb i ul\u00ebt, kurse gjendja m\u00eb e mir\u00eb \u00ebsht\u00eb edhe n\u00eb Rijeka Crnojeviqa dhe n\u00eb Obod t\u00eb Liqenit t\u00eb Shkodr\u00ebs, n\u00eb Komun\u00ebn e Cetin\u00ebs.<br \/>\nNga Qeveria \u00ebsht\u00eb paralajm\u00ebruar se jan\u00eb ndar\u00eb 200 mij\u00eb euro ndihm\u00eb intervenuese, kurse komisioni do t\u00eb vler\u00ebsoj\u00eb d\u00ebmet kur uji t\u00eb t\u00ebrhiqet plot\u00ebsisht. Nga 10 mij\u00eb euro ndihm\u00eb p\u00ebr rajonet e p\u00ebrmbytura, gjegj\u00ebsisht p\u00ebr komun\u00ebn Urbane Gollubovci dhe komunat Cetin\u00eb e Ulqin, ka premtuar edhe Banka e Par\u00eb e Malit t\u00eb Zi.<br \/>\nP\u00ebr shkak t\u00eb fekaleve q\u00eb n\u00eb rajonet e p\u00ebrmbytura i ka qitur uji n\u00eb sip\u00ebrfaqe, nga Instituti p\u00ebr Sh\u00ebndet Publik apelohet q\u00eb t\u00eb p\u00ebrdoret uji i ambalazhuar.<\/p>\n<p><strong>TVCG<\/p>\n<p>VIDEO TV IN<br \/>\n<\/strong>[flv width=&#8221;580&#8243; height=&#8221;400&#8243;]http:\/\/www.rtvin.me\/flv\/15_01_post_ulcinj.flv[\/flv]<\/p>\n","protected":false},"excerpt":{"rendered":"<p>Sot n\u00eb Ulqin p\u00ebr nj\u00eb takim pune q\u00ebndroi ministri i turizmit, Predrag Neneziq, i cili pas takimit me kryetarin e Komun\u00ebs s\u00eb Ulqinit, G\u00ebzim Hajdinaga, vizitoi ishullin Ada, gjegj\u00ebsisht u njoftua m\u00eb af\u00ebr me d\u00ebmet e shkaktuar nga p\u00ebrmbytjet e dit\u00ebve t\u00eb fundit n\u00eb k\u00ebt\u00eb zon\u00eb. Ai u premtoi familjeve t\u00eb p\u00ebrmbytura 200 mij\u00eb euro, [&hellip;]<\/p>\n","protected":false},"author":1,"featured_media":0,"comment_status":"open","ping_status":"closed","sticky":false,"template":"","format":"standard","meta":{"spay_email":"","jetpack_publicize_message":"","jetpack_is_tweetstorm":false,"jetpack_publicize_feature_enabled":true},"categories":[10],"tags":[2611,2448],"jetpack_publicize_connections":[],"yoast_head":"<!-- This site is optimized with the Yoast SEO plugin v19.1 - https:\/\/yoast.com\/wordpress\/plugins\/seo\/ -->\n<title>Predrag Nenziq ulqinak\u00ebve t\u00eb p\u00ebrmbytur u premton 200 mij\u00eb euro ndihm\u00eb - Video - Lajme nga Ulqini<\/title>\n<meta name=\"description\" content=\"Sot n\u00eb Ulqin p\u00ebr nj\u00eb takim pune q\u00ebndroi ministri i turizmit, Predrag Neneziq, i cili pas takimit me kryetarin e Komun\u00ebs s\u00eb Ulqinit, G\u00ebzim Hajdinaga,\" \/>\n<meta name=\"robots\" content=\"index, follow, max-snippet:-1, max-image-preview:large, max-video-preview:-1\" \/>\n<link rel=\"canonical\" href=\"https:\/\/www.visit-ulcinj.com\/blog\/2010\/01\/15\/predrag-nenziq-ulqinakeve-te-permbytur-u-premton-200-mije-euro-ndihme\/\" \/>\n<meta property=\"og:locale\" content=\"en_US\" \/>\n<meta property=\"og:type\" content=\"article\" \/>\n<meta property=\"og:title\" content=\"Predrag Nenziq ulqinak\u00ebve t\u00eb p\u00ebrmbytur u premton 200 mij\u00eb euro ndihm\u00eb - Video - Lajme nga Ulqini\" \/>\n<meta property=\"og:description\" content=\"Sot n\u00eb Ulqin p\u00ebr nj\u00eb takim pune q\u00ebndroi ministri i turizmit, Predrag Neneziq, i cili pas takimit me kryetarin e Komun\u00ebs s\u00eb Ulqinit, G\u00ebzim Hajdinaga,\" \/>\n<meta property=\"og:url\" content=\"https:\/\/www.visit-ulcinj.com\/blog\/2010\/01\/15\/predrag-nenziq-ulqinakeve-te-permbytur-u-premton-200-mije-euro-ndihme\/\" \/>\n<meta property=\"og:site_name\" content=\"Lajme nga Ulqini\" \/>\n<meta property=\"article:published_time\" content=\"2010-01-15T17:18:34+00:00\" \/>\n<meta property=\"article:modified_time\" content=\"2010-01-25T09:14:43+00:00\" \/>\n<meta property=\"og:image\" content=\"http:\/\/www.visit-ulcinj.com\/blog\/wp-content\/uploads\/2010\/01\/Predrag-Nenezic_Gzim-Hajdinaga.jpg\" \/>\n<meta name=\"twitter:label1\" content=\"Written by\" \/>\n\t<meta name=\"twitter:data1\" content=\"ulqini\" \/>\n\t<meta name=\"twitter:label2\" content=\"Est. reading time\" \/>\n\t<meta name=\"twitter:data2\" content=\"1 minute\" \/>\n<script type=\"application\/ld+json\" class=\"yoast-schema-graph\">{\"@context\":\"https:\/\/schema.org\",\"@graph\":[{\"@type\":\"WebSite\",\"@id\":\"https:\/\/www.visit-ulcinj.com\/blog\/#website\",\"url\":\"https:\/\/www.visit-ulcinj.com\/blog\/\",\"name\":\"Lajme nga Ulqini\",\"description\":\"Lajme,Vijesti,Ulqini,Ulqin,Crna Gora,Mali i Zi\",\"potentialAction\":[{\"@type\":\"SearchAction\",\"target\":{\"@type\":\"EntryPoint\",\"urlTemplate\":\"https:\/\/www.visit-ulcinj.com\/blog\/?s={search_term_string}\"},\"query-input\":\"required name=search_term_string\"}],\"inLanguage\":\"en-US\"},{\"@type\":\"ImageObject\",\"inLanguage\":\"en-US\",\"@id\":\"https:\/\/www.visit-ulcinj.com\/blog\/2010\/01\/15\/predrag-nenziq-ulqinakeve-te-permbytur-u-premton-200-mije-euro-ndihme\/#primaryimage\",\"url\":\"https:\/\/www.visit-ulcinj.com\/blog\/wp-content\/uploads\/2010\/01\/Predrag-Nenezic_Gzim-Hajdinaga.jpg\",\"contentUrl\":\"https:\/\/www.visit-ulcinj.com\/blog\/wp-content\/uploads\/2010\/01\/Predrag-Nenezic_Gzim-Hajdinaga.jpg\",\"width\":\"640\",\"height\":\"428\"},{\"@type\":\"WebPage\",\"@id\":\"https:\/\/www.visit-ulcinj.com\/blog\/2010\/01\/15\/predrag-nenziq-ulqinakeve-te-permbytur-u-premton-200-mije-euro-ndihme\/#webpage\",\"url\":\"https:\/\/www.visit-ulcinj.com\/blog\/2010\/01\/15\/predrag-nenziq-ulqinakeve-te-permbytur-u-premton-200-mije-euro-ndihme\/\",\"name\":\"Predrag Nenziq ulqinak\u00ebve t\u00eb p\u00ebrmbytur u premton 200 mij\u00eb euro ndihm\u00eb - Video - Lajme nga Ulqini\",\"isPartOf\":{\"@id\":\"https:\/\/www.visit-ulcinj.com\/blog\/#website\"},\"primaryImageOfPage\":{\"@id\":\"https:\/\/www.visit-ulcinj.com\/blog\/2010\/01\/15\/predrag-nenziq-ulqinakeve-te-permbytur-u-premton-200-mije-euro-ndihme\/#primaryimage\"},\"datePublished\":\"2010-01-15T17:18:34+00:00\",\"dateModified\":\"2010-01-25T09:14:43+00:00\",\"author\":{\"@id\":\"https:\/\/www.visit-ulcinj.com\/blog\/#\/schema\/person\/dcab619c614d3038751c63bc2aadc06d\"},\"description\":\"Sot n\u00eb Ulqin p\u00ebr nj\u00eb takim pune q\u00ebndroi ministri i turizmit, Predrag Neneziq, i cili pas takimit me kryetarin e Komun\u00ebs s\u00eb Ulqinit, G\u00ebzim Hajdinaga,\",\"breadcrumb\":{\"@id\":\"https:\/\/www.visit-ulcinj.com\/blog\/2010\/01\/15\/predrag-nenziq-ulqinakeve-te-permbytur-u-premton-200-mije-euro-ndihme\/#breadcrumb\"},\"inLanguage\":\"en-US\",\"potentialAction\":[{\"@type\":\"ReadAction\",\"target\":[\"https:\/\/www.visit-ulcinj.com\/blog\/2010\/01\/15\/predrag-nenziq-ulqinakeve-te-permbytur-u-premton-200-mije-euro-ndihme\/\"]}]},{\"@type\":\"BreadcrumbList\",\"@id\":\"https:\/\/www.visit-ulcinj.com\/blog\/2010\/01\/15\/predrag-nenziq-ulqinakeve-te-permbytur-u-premton-200-mije-euro-ndihme\/#breadcrumb\",\"itemListElement\":[{\"@type\":\"ListItem\",\"position\":1,\"name\":\"Predrag Nenziq ulqinak\u00ebve t\u00eb p\u00ebrmbytur u premton 200 mij\u00eb euro ndihm\u00eb &#8211; Video\"}]},{\"@type\":\"Person\",\"@id\":\"https:\/\/www.visit-ulcinj.com\/blog\/#\/schema\/person\/dcab619c614d3038751c63bc2aadc06d\",\"name\":\"ulqini\",\"sameAs\":[\"http:\/\/www.visit-ulcinj.com\"],\"url\":\"https:\/\/www.visit-ulcinj.com\/blog\/author\/admin\/\"}]}<\/script>\n<!-- \/ Yoast SEO plugin. -->","yoast_head_json":{"title":"Predrag Nenziq ulqinak\u00ebve t\u00eb p\u00ebrmbytur u premton 200 mij\u00eb euro ndihm\u00eb - Video - Lajme nga Ulqini","description":"Sot n\u00eb Ulqin p\u00ebr nj\u00eb takim pune q\u00ebndroi ministri i turizmit, Predrag Neneziq, i cili pas takimit me kryetarin e Komun\u00ebs s\u00eb Ulqinit, G\u00ebzim Hajdinaga,","robots":{"index":"index","follow":"follow","max-snippet":"max-snippet:-1","max-image-preview":"max-image-preview:large","max-video-preview":"max-video-preview:-1"},"canonical":"https:\/\/www.visit-ulcinj.com\/blog\/2010\/01\/15\/predrag-nenziq-ulqinakeve-te-permbytur-u-premton-200-mije-euro-ndihme\/","og_locale":"en_US","og_type":"article","og_title":"Predrag Nenziq ulqinak\u00ebve t\u00eb p\u00ebrmbytur u premton 200 mij\u00eb euro ndihm\u00eb - Video - Lajme nga Ulqini","og_description":"Sot n\u00eb Ulqin p\u00ebr nj\u00eb takim pune q\u00ebndroi ministri i turizmit, Predrag Neneziq, i cili pas takimit me kryetarin e Komun\u00ebs s\u00eb Ulqinit, G\u00ebzim Hajdinaga,","og_url":"https:\/\/www.visit-ulcinj.com\/blog\/2010\/01\/15\/predrag-nenziq-ulqinakeve-te-permbytur-u-premton-200-mije-euro-ndihme\/","og_site_name":"Lajme nga Ulqini","article_published_time":"2010-01-15T17:18:34+00:00","article_modified_time":"2010-01-25T09:14:43+00:00","og_image":[{"url":"http:\/\/www.visit-ulcinj.com\/blog\/wp-content\/uploads\/2010\/01\/Predrag-Nenezic_Gzim-Hajdinaga.jpg"}],"twitter_misc":{"Written by":"ulqini","Est. reading time":"1 minute"},"schema":{"@context":"https:\/\/schema.org","@graph":[{"@type":"WebSite","@id":"https:\/\/www.visit-ulcinj.com\/blog\/#website","url":"https:\/\/www.visit-ulcinj.com\/blog\/","name":"Lajme nga Ulqini","description":"Lajme,Vijesti,Ulqini,Ulqin,Crna Gora,Mali i Zi","potentialAction":[{"@type":"SearchAction","target":{"@type":"EntryPoint","urlTemplate":"https:\/\/www.visit-ulcinj.com\/blog\/?s={search_term_string}"},"query-input":"required name=search_term_string"}],"inLanguage":"en-US"},{"@type":"ImageObject","inLanguage":"en-US","@id":"https:\/\/www.visit-ulcinj.com\/blog\/2010\/01\/15\/predrag-nenziq-ulqinakeve-te-permbytur-u-premton-200-mije-euro-ndihme\/#primaryimage","url":"https:\/\/www.visit-ulcinj.com\/blog\/wp-content\/uploads\/2010\/01\/Predrag-Nenezic_Gzim-Hajdinaga.jpg","contentUrl":"https:\/\/www.visit-ulcinj.com\/blog\/wp-content\/uploads\/2010\/01\/Predrag-Nenezic_Gzim-Hajdinaga.jpg","width":"640","height":"428"},{"@type":"WebPage","@id":"https:\/\/www.visit-ulcinj.com\/blog\/2010\/01\/15\/predrag-nenziq-ulqinakeve-te-permbytur-u-premton-200-mije-euro-ndihme\/#webpage","url":"https:\/\/www.visit-ulcinj.com\/blog\/2010\/01\/15\/predrag-nenziq-ulqinakeve-te-permbytur-u-premton-200-mije-euro-ndihme\/","name":"Predrag Nenziq ulqinak\u00ebve t\u00eb p\u00ebrmbytur u premton 200 mij\u00eb euro ndihm\u00eb - Video - Lajme nga Ulqini","isPartOf":{"@id":"https:\/\/www.visit-ulcinj.com\/blog\/#website"},"primaryImageOfPage":{"@id":"https:\/\/www.visit-ulcinj.com\/blog\/2010\/01\/15\/predrag-nenziq-ulqinakeve-te-permbytur-u-premton-200-mije-euro-ndihme\/#primaryimage"},"datePublished":"2010-01-15T17:18:34+00:00","dateModified":"2010-01-25T09:14:43+00:00","author":{"@id":"https:\/\/www.visit-ulcinj.com\/blog\/#\/schema\/person\/dcab619c614d3038751c63bc2aadc06d"},"description":"Sot n\u00eb Ulqin p\u00ebr nj\u00eb takim pune q\u00ebndroi ministri i turizmit, Predrag Neneziq, i cili pas takimit me kryetarin e Komun\u00ebs s\u00eb Ulqinit, G\u00ebzim Hajdinaga,","breadcrumb":{"@id":"https:\/\/www.visit-ulcinj.com\/blog\/2010\/01\/15\/predrag-nenziq-ulqinakeve-te-permbytur-u-premton-200-mije-euro-ndihme\/#breadcrumb"},"inLanguage":"en-US","potentialAction":[{"@type":"ReadAction","target":["https:\/\/www.visit-ulcinj.com\/blog\/2010\/01\/15\/predrag-nenziq-ulqinakeve-te-permbytur-u-premton-200-mije-euro-ndihme\/"]}]},{"@type":"BreadcrumbList","@id":"https:\/\/www.visit-ulcinj.com\/blog\/2010\/01\/15\/predrag-nenziq-ulqinakeve-te-permbytur-u-premton-200-mije-euro-ndihme\/#breadcrumb","itemListElement":[{"@type":"ListItem","position":1,"name":"Predrag Nenziq ulqinak\u00ebve t\u00eb p\u00ebrmbytur u premton 200 mij\u00eb euro ndihm\u00eb &#8211; Video"}]},{"@type":"Person","@id":"https:\/\/www.visit-ulcinj.com\/blog\/#\/schema\/person\/dcab619c614d3038751c63bc2aadc06d","name":"ulqini","sameAs":["http:\/\/www.visit-ulcinj.com"],"url":"https:\/\/www.visit-ulcinj.com\/blog\/author\/admin\/"}]}},"jetpack_featured_media_url":"","jetpack_sharing_enabled":true,"jetpack_shortlink":"https:\/\/wp.me\/pe6lTn-7FG","_links":{"self":[{"href":"https:\/\/www.visit-ulcinj.com\/blog\/wp-json\/wp\/v2\/posts\/29492"}],"collection":[{"href":"https:\/\/www.visit-ulcinj.com\/blog\/wp-json\/wp\/v2\/posts"}],"about":[{"href":"https:\/\/www.visit-ulcinj.com\/blog\/wp-json\/wp\/v2\/types\/post"}],"author":[{"embeddable":true,"href":"https:\/\/www.visit-ulcinj.com\/blog\/wp-json\/wp\/v2\/users\/1"}],"replies":[{"embeddable":true,"href":"https:\/\/www.visit-ulcinj.com\/blog\/wp-json\/wp\/v2\/comments?post=29492"}],"version-history":[{"count":0,"href":"https:\/\/www.visit-ulcinj.com\/blog\/wp-json\/wp\/v2\/posts\/29492\/revisions"}],"wp:attachment":[{"href":"https:\/\/www.visit-ulcinj.com\/blog\/wp-json\/wp\/v2\/media?parent=29492"}],"wp:term":[{"taxonomy":"category","embeddable":true,"href":"https:\/\/www.visit-ulcinj.com\/blog\/wp-json\/wp\/v2\/categories?post=29492"},{"taxonomy":"post_tag","embeddable":true,"href":"https:\/\/www.visit-ulcinj.com\/blog\/wp-json\/wp\/v2\/tags?post=29492"}],"curies":[{"name":"wp","href":"https:\/\/api.w.org\/{rel}","templated":true}]}}