{"id":29497,"date":"2010-01-15T19:31:54","date_gmt":"2010-01-15T17:31:54","guid":{"rendered":"http:\/\/www.visit-ulcinj.com\/blog\/?p=29497"},"modified":"2010-01-16T00:04:42","modified_gmt":"2010-01-15T22:04:42","slug":"ministar-turizma-predrag-nenezic-posjetio-opstinu-ulcinj","status":"publish","type":"post","link":"https:\/\/www.visit-ulcinj.com\/blog\/2010\/01\/15\/ministar-turizma-predrag-nenezic-posjetio-opstinu-ulcinj\/","title":{"rendered":"Ministar turizma Predrag Nenezi? posjetio Op\u0161tinu Ulcinj"},"content":{"rendered":"<p><img loading=\"lazy\" class=\"alignleft\" title=\"Ministar turizma Predrag Nenezi?_Predsjednik op\u0161tine Gzim Hajdinaga\" src=\"http:\/\/www.visit-ulcinj.com\/blog\/wp-content\/uploads\/2010\/01\/Predrag-Nenezic_Gzim-Hajdinaga.jpg\" alt=\"\" width=\"580\" height=\"400\" \/>Ministar turizma Predrag Nenezi? sa saradnicima boravio je danas u radnoj posjeti Op\u0161tini Ulcinj.<br \/>\nNa sastanku sa predsjednikom op\u0161tine Gzimom Hajdinagom i podpredsjednikom Nailom Red\u017eom, ministar je informisan o aktuelnoj situaciji u toj Op\u0161tini, ?ije je podru?je u velikoj mjeri pogo?eno poplavom. Razgovarano je o modelima pomo?i ugro\u017eenim doma?instvima, turisti?koj privredi i sanaciji \u0161tete. Tako?e je razgovarano i o planovima i pripremnim aktivnostima za predstoje?u ljetnju turisti?ku sezonu sa akcentom na pobolj\u0161anje infrastrukture, naro?ito putne, u cilju unapre?enja turisti?ke ponude.<br \/>\n<a href=\"http:\/\/www.visit-ulcinj.com\/blog\/wp-content\/uploads\/2010\/01\/Mikan-Zec.jpg\"><img loading=\"lazy\" class=\"alignleft size-medium wp-image-29516\" title=\"Mikan Zec\" src=\"http:\/\/www.visit-ulcinj.com\/blog\/wp-content\/uploads\/2010\/01\/Mikan-Zec-300x223.jpg\" alt=\"Mikan Zec\" width=\"300\" height=\"223\" srcset=\"https:\/\/www.visit-ulcinj.com\/blog\/wp-content\/uploads\/2010\/01\/Mikan-Zec-300x223.jpg 300w, https:\/\/www.visit-ulcinj.com\/blog\/wp-content\/uploads\/2010\/01\/Mikan-Zec.jpg 484w\" sizes=\"(max-width: 300px) 100vw, 300px\" \/><\/a>Nakon sastanka, ministar Nenezi? i predsjednik op\u0161tine Hajdinaga sa saradnicima susreli su se sa direktorom HTP \u201eUlcinjska rivijera\u201d Mikanom Zecom i obi\u0161li Turisti?ko naselje Ada Bojana, gdje su se upoznali sa stanjem na terenu. Imaju?i u vidu razmjere elementarne nepogode koja je zadesila Crnu Goru, ministar je ocijenio da su sve slu\u017ebe, dr\u017eavne i op\u0161tinske, adekvatno i blagovremeno reagovale po pitanju minimiziranja i sanacije pri?injene \u0161tete, koja je prili?no velika, uz naglasak da ubudu?e treba vi\u0161e pa\u017enje pokloniti aktivnostima koje bi preduprijedile sli?ne eventualne \u0161tete.<br \/>\nMinistar je tako?e istakao da, iako je turisti?ko naselje na Adi pretrpjelo veliku \u0161tetu, pozitivno je to \u0161to je menad\u017ement kompanije osigurao taj turisti?ki kompleks od posljedica ovakvih doga?aja, tako da ?e i od osiguranja biti napla?ena odre?ena sredstva koja ?e pomo?i u sanaciji \u0161tete. Ono \u0161to je bitno je da ?e, upkos velikoj \u0161teti koja je nanijeta, turisti?ka sezona na Adi Bojani biti do?ekana spremno, ?ak i sa pro\u0161irenim smje\u0161tajnim kapacitetima.<br \/>\nVlada je ve? opredijelila sredstva za interventnu pomo?, a dodatna sredstva ?e se opredijeliti nakon \u0161to op\u0161tinske komisije dostave kona?ne izvje\u0161taje.<br \/>\nPredsjedik Hajdinaga zahvalio je ministru Nenezi?u na posjeti i istakao da je Op\u0161tinski \u0161tab, uz pomo? Vlade, uspio da sa?uva grad i Op\u0161tinu. Izrazio je uvjerenje da ?e se na?i na?in da se pomogne Ulcinjskoj rivjeri, kako bi spremno do?ekali predstoje?u sezonu. Op\u0161tinska komisija svakodnevno prati situaciju na terenu, a kona?na procjena \u0161tete bi?e mogu?a tek nakon \u0161to se voda u potpunosti povu?e.<br \/>\n<a href=\"http:\/\/www.gov.me\/mintur\/index.php?akcija=vijesti&amp;id=179192\" target=\"_blank\"><strong><br \/>\nMinistarstvo turizma<\/strong><\/a><\/p>\n<p><strong>VIDEO TV IN<br \/>\n<\/strong>[flv width=&#8221;580&#8243; height=&#8221;400&#8243;]http:\/\/www.rtvin.me\/flv\/15_01_post_ulcinj.flv[\/flv]<\/p>\n","protected":false},"excerpt":{"rendered":"<p>Ministar turizma Predrag Nenezi? sa saradnicima boravio je danas u radnoj posjeti Op\u0161tini Ulcinj. Na sastanku sa predsjednikom op\u0161tine Gzimom Hajdinagom i podpredsjednikom Nailom Red\u017eom, ministar je informisan o aktuelnoj situaciji u toj Op\u0161tini, ?ije je podru?je u velikoj mjeri pogo?eno poplavom. Razgovarano je o modelima pomo?i ugro\u017eenim doma?instvima, turisti?koj privredi i sanaciji \u0161tete. Tako?e [&hellip;]<\/p>\n","protected":false},"author":1,"featured_media":0,"comment_status":"open","ping_status":"closed","sticky":false,"template":"","format":"standard","meta":{"spay_email":"","jetpack_publicize_message":"","jetpack_is_tweetstorm":false,"jetpack_publicize_feature_enabled":true},"categories":[8337],"tags":[2667,11758],"jetpack_publicize_connections":[],"yoast_head":"<!-- This site is optimized with the Yoast SEO plugin v19.1 - https:\/\/yoast.com\/wordpress\/plugins\/seo\/ -->\n<title>Ministar turizma Predrag Nenezi? posjetio Op\u0161tinu Ulcinj - Lajme nga Ulqini<\/title>\n<meta name=\"description\" content=\"Ministar turizma Predrag Nenezi? sa saradnicima boravio je danas u radnoj posjeti Op\u0161tini Ulcinj. Na sastanku sa predsjednikom op\u0161tine Gzimom Hajdinagom i\" \/>\n<meta name=\"robots\" content=\"index, follow, max-snippet:-1, max-image-preview:large, max-video-preview:-1\" \/>\n<link rel=\"canonical\" href=\"https:\/\/www.visit-ulcinj.com\/blog\/2010\/01\/15\/ministar-turizma-predrag-nenezic-posjetio-opstinu-ulcinj\/\" \/>\n<meta property=\"og:locale\" content=\"en_US\" \/>\n<meta property=\"og:type\" content=\"article\" \/>\n<meta property=\"og:title\" content=\"Ministar turizma Predrag Nenezi? posjetio Op\u0161tinu Ulcinj - Lajme nga Ulqini\" \/>\n<meta property=\"og:description\" content=\"Ministar turizma Predrag Nenezi? sa saradnicima boravio je danas u radnoj posjeti Op\u0161tini Ulcinj. Na sastanku sa predsjednikom op\u0161tine Gzimom Hajdinagom i\" \/>\n<meta property=\"og:url\" content=\"https:\/\/www.visit-ulcinj.com\/blog\/2010\/01\/15\/ministar-turizma-predrag-nenezic-posjetio-opstinu-ulcinj\/\" \/>\n<meta property=\"og:site_name\" content=\"Lajme nga Ulqini\" \/>\n<meta property=\"article:published_time\" content=\"2010-01-15T17:31:54+00:00\" \/>\n<meta property=\"article:modified_time\" content=\"2010-01-15T22:04:42+00:00\" \/>\n<meta property=\"og:image\" content=\"http:\/\/www.visit-ulcinj.com\/blog\/wp-content\/uploads\/2010\/01\/Predrag-Nenezic_Gzim-Hajdinaga.jpg\" \/>\n<meta name=\"twitter:label1\" content=\"Written by\" \/>\n\t<meta name=\"twitter:data1\" content=\"ulqini\" \/>\n\t<meta name=\"twitter:label2\" content=\"Est. reading time\" \/>\n\t<meta name=\"twitter:data2\" content=\"2 minutes\" \/>\n<script type=\"application\/ld+json\" class=\"yoast-schema-graph\">{\"@context\":\"https:\/\/schema.org\",\"@graph\":[{\"@type\":\"WebSite\",\"@id\":\"https:\/\/www.visit-ulcinj.com\/blog\/#website\",\"url\":\"https:\/\/www.visit-ulcinj.com\/blog\/\",\"name\":\"Lajme nga Ulqini\",\"description\":\"Lajme,Vijesti,Ulqini,Ulqin,Crna Gora,Mali i Zi\",\"potentialAction\":[{\"@type\":\"SearchAction\",\"target\":{\"@type\":\"EntryPoint\",\"urlTemplate\":\"https:\/\/www.visit-ulcinj.com\/blog\/?s={search_term_string}\"},\"query-input\":\"required name=search_term_string\"}],\"inLanguage\":\"en-US\"},{\"@type\":\"ImageObject\",\"inLanguage\":\"en-US\",\"@id\":\"https:\/\/www.visit-ulcinj.com\/blog\/2010\/01\/15\/ministar-turizma-predrag-nenezic-posjetio-opstinu-ulcinj\/#primaryimage\",\"url\":\"https:\/\/www.visit-ulcinj.com\/blog\/wp-content\/uploads\/2010\/01\/Predrag-Nenezic_Gzim-Hajdinaga.jpg\",\"contentUrl\":\"https:\/\/www.visit-ulcinj.com\/blog\/wp-content\/uploads\/2010\/01\/Predrag-Nenezic_Gzim-Hajdinaga.jpg\",\"width\":\"640\",\"height\":\"428\"},{\"@type\":\"WebPage\",\"@id\":\"https:\/\/www.visit-ulcinj.com\/blog\/2010\/01\/15\/ministar-turizma-predrag-nenezic-posjetio-opstinu-ulcinj\/#webpage\",\"url\":\"https:\/\/www.visit-ulcinj.com\/blog\/2010\/01\/15\/ministar-turizma-predrag-nenezic-posjetio-opstinu-ulcinj\/\",\"name\":\"Ministar turizma Predrag Nenezi? posjetio Op\u0161tinu Ulcinj - Lajme nga Ulqini\",\"isPartOf\":{\"@id\":\"https:\/\/www.visit-ulcinj.com\/blog\/#website\"},\"primaryImageOfPage\":{\"@id\":\"https:\/\/www.visit-ulcinj.com\/blog\/2010\/01\/15\/ministar-turizma-predrag-nenezic-posjetio-opstinu-ulcinj\/#primaryimage\"},\"datePublished\":\"2010-01-15T17:31:54+00:00\",\"dateModified\":\"2010-01-15T22:04:42+00:00\",\"author\":{\"@id\":\"https:\/\/www.visit-ulcinj.com\/blog\/#\/schema\/person\/dcab619c614d3038751c63bc2aadc06d\"},\"description\":\"Ministar turizma Predrag Nenezi? sa saradnicima boravio je danas u radnoj posjeti Op\u0161tini Ulcinj. Na sastanku sa predsjednikom op\u0161tine Gzimom Hajdinagom i\",\"breadcrumb\":{\"@id\":\"https:\/\/www.visit-ulcinj.com\/blog\/2010\/01\/15\/ministar-turizma-predrag-nenezic-posjetio-opstinu-ulcinj\/#breadcrumb\"},\"inLanguage\":\"en-US\",\"potentialAction\":[{\"@type\":\"ReadAction\",\"target\":[\"https:\/\/www.visit-ulcinj.com\/blog\/2010\/01\/15\/ministar-turizma-predrag-nenezic-posjetio-opstinu-ulcinj\/\"]}]},{\"@type\":\"BreadcrumbList\",\"@id\":\"https:\/\/www.visit-ulcinj.com\/blog\/2010\/01\/15\/ministar-turizma-predrag-nenezic-posjetio-opstinu-ulcinj\/#breadcrumb\",\"itemListElement\":[{\"@type\":\"ListItem\",\"position\":1,\"name\":\"Ministar turizma Predrag Nenezi? posjetio Op\u0161tinu Ulcinj\"}]},{\"@type\":\"Person\",\"@id\":\"https:\/\/www.visit-ulcinj.com\/blog\/#\/schema\/person\/dcab619c614d3038751c63bc2aadc06d\",\"name\":\"ulqini\",\"sameAs\":[\"http:\/\/www.visit-ulcinj.com\"],\"url\":\"https:\/\/www.visit-ulcinj.com\/blog\/author\/admin\/\"}]}<\/script>\n<!-- \/ Yoast SEO plugin. -->","yoast_head_json":{"title":"Ministar turizma Predrag Nenezi? posjetio Op\u0161tinu Ulcinj - Lajme nga Ulqini","description":"Ministar turizma Predrag Nenezi? sa saradnicima boravio je danas u radnoj posjeti Op\u0161tini Ulcinj. Na sastanku sa predsjednikom op\u0161tine Gzimom Hajdinagom i","robots":{"index":"index","follow":"follow","max-snippet":"max-snippet:-1","max-image-preview":"max-image-preview:large","max-video-preview":"max-video-preview:-1"},"canonical":"https:\/\/www.visit-ulcinj.com\/blog\/2010\/01\/15\/ministar-turizma-predrag-nenezic-posjetio-opstinu-ulcinj\/","og_locale":"en_US","og_type":"article","og_title":"Ministar turizma Predrag Nenezi? posjetio Op\u0161tinu Ulcinj - Lajme nga Ulqini","og_description":"Ministar turizma Predrag Nenezi? sa saradnicima boravio je danas u radnoj posjeti Op\u0161tini Ulcinj. Na sastanku sa predsjednikom op\u0161tine Gzimom Hajdinagom i","og_url":"https:\/\/www.visit-ulcinj.com\/blog\/2010\/01\/15\/ministar-turizma-predrag-nenezic-posjetio-opstinu-ulcinj\/","og_site_name":"Lajme nga Ulqini","article_published_time":"2010-01-15T17:31:54+00:00","article_modified_time":"2010-01-15T22:04:42+00:00","og_image":[{"url":"http:\/\/www.visit-ulcinj.com\/blog\/wp-content\/uploads\/2010\/01\/Predrag-Nenezic_Gzim-Hajdinaga.jpg"}],"twitter_misc":{"Written by":"ulqini","Est. reading time":"2 minutes"},"schema":{"@context":"https:\/\/schema.org","@graph":[{"@type":"WebSite","@id":"https:\/\/www.visit-ulcinj.com\/blog\/#website","url":"https:\/\/www.visit-ulcinj.com\/blog\/","name":"Lajme nga Ulqini","description":"Lajme,Vijesti,Ulqini,Ulqin,Crna Gora,Mali i Zi","potentialAction":[{"@type":"SearchAction","target":{"@type":"EntryPoint","urlTemplate":"https:\/\/www.visit-ulcinj.com\/blog\/?s={search_term_string}"},"query-input":"required name=search_term_string"}],"inLanguage":"en-US"},{"@type":"ImageObject","inLanguage":"en-US","@id":"https:\/\/www.visit-ulcinj.com\/blog\/2010\/01\/15\/ministar-turizma-predrag-nenezic-posjetio-opstinu-ulcinj\/#primaryimage","url":"https:\/\/www.visit-ulcinj.com\/blog\/wp-content\/uploads\/2010\/01\/Predrag-Nenezic_Gzim-Hajdinaga.jpg","contentUrl":"https:\/\/www.visit-ulcinj.com\/blog\/wp-content\/uploads\/2010\/01\/Predrag-Nenezic_Gzim-Hajdinaga.jpg","width":"640","height":"428"},{"@type":"WebPage","@id":"https:\/\/www.visit-ulcinj.com\/blog\/2010\/01\/15\/ministar-turizma-predrag-nenezic-posjetio-opstinu-ulcinj\/#webpage","url":"https:\/\/www.visit-ulcinj.com\/blog\/2010\/01\/15\/ministar-turizma-predrag-nenezic-posjetio-opstinu-ulcinj\/","name":"Ministar turizma Predrag Nenezi? posjetio Op\u0161tinu Ulcinj - Lajme nga Ulqini","isPartOf":{"@id":"https:\/\/www.visit-ulcinj.com\/blog\/#website"},"primaryImageOfPage":{"@id":"https:\/\/www.visit-ulcinj.com\/blog\/2010\/01\/15\/ministar-turizma-predrag-nenezic-posjetio-opstinu-ulcinj\/#primaryimage"},"datePublished":"2010-01-15T17:31:54+00:00","dateModified":"2010-01-15T22:04:42+00:00","author":{"@id":"https:\/\/www.visit-ulcinj.com\/blog\/#\/schema\/person\/dcab619c614d3038751c63bc2aadc06d"},"description":"Ministar turizma Predrag Nenezi? sa saradnicima boravio je danas u radnoj posjeti Op\u0161tini Ulcinj. Na sastanku sa predsjednikom op\u0161tine Gzimom Hajdinagom i","breadcrumb":{"@id":"https:\/\/www.visit-ulcinj.com\/blog\/2010\/01\/15\/ministar-turizma-predrag-nenezic-posjetio-opstinu-ulcinj\/#breadcrumb"},"inLanguage":"en-US","potentialAction":[{"@type":"ReadAction","target":["https:\/\/www.visit-ulcinj.com\/blog\/2010\/01\/15\/ministar-turizma-predrag-nenezic-posjetio-opstinu-ulcinj\/"]}]},{"@type":"BreadcrumbList","@id":"https:\/\/www.visit-ulcinj.com\/blog\/2010\/01\/15\/ministar-turizma-predrag-nenezic-posjetio-opstinu-ulcinj\/#breadcrumb","itemListElement":[{"@type":"ListItem","position":1,"name":"Ministar turizma Predrag Nenezi? posjetio Op\u0161tinu Ulcinj"}]},{"@type":"Person","@id":"https:\/\/www.visit-ulcinj.com\/blog\/#\/schema\/person\/dcab619c614d3038751c63bc2aadc06d","name":"ulqini","sameAs":["http:\/\/www.visit-ulcinj.com"],"url":"https:\/\/www.visit-ulcinj.com\/blog\/author\/admin\/"}]}},"jetpack_featured_media_url":"","jetpack_sharing_enabled":true,"jetpack_shortlink":"https:\/\/wp.me\/pe6lTn-7FL","_links":{"self":[{"href":"https:\/\/www.visit-ulcinj.com\/blog\/wp-json\/wp\/v2\/posts\/29497"}],"collection":[{"href":"https:\/\/www.visit-ulcinj.com\/blog\/wp-json\/wp\/v2\/posts"}],"about":[{"href":"https:\/\/www.visit-ulcinj.com\/blog\/wp-json\/wp\/v2\/types\/post"}],"author":[{"embeddable":true,"href":"https:\/\/www.visit-ulcinj.com\/blog\/wp-json\/wp\/v2\/users\/1"}],"replies":[{"embeddable":true,"href":"https:\/\/www.visit-ulcinj.com\/blog\/wp-json\/wp\/v2\/comments?post=29497"}],"version-history":[{"count":0,"href":"https:\/\/www.visit-ulcinj.com\/blog\/wp-json\/wp\/v2\/posts\/29497\/revisions"}],"wp:attachment":[{"href":"https:\/\/www.visit-ulcinj.com\/blog\/wp-json\/wp\/v2\/media?parent=29497"}],"wp:term":[{"taxonomy":"category","embeddable":true,"href":"https:\/\/www.visit-ulcinj.com\/blog\/wp-json\/wp\/v2\/categories?post=29497"},{"taxonomy":"post_tag","embeddable":true,"href":"https:\/\/www.visit-ulcinj.com\/blog\/wp-json\/wp\/v2\/tags?post=29497"}],"curies":[{"name":"wp","href":"https:\/\/api.w.org\/{rel}","templated":true}]}}