{"id":295,"date":"2008-01-26T13:14:29","date_gmt":"2008-01-26T18:14:29","guid":{"rendered":"http:\/\/www.visit-ulcinj.com\/blog\/2008\/01\/26\/ura-e-klleznes-monument-i-kultures\/"},"modified":"2008-02-12T19:53:54","modified_gmt":"2008-02-13T00:53:54","slug":"ura-e-klleznes-monument-i-kultures","status":"publish","type":"post","link":"https:\/\/www.visit-ulcinj.com\/blog\/2008\/01\/26\/ura-e-klleznes-monument-i-kultures\/","title":{"rendered":"Ura e Kllezn\u00ebs &#8211; monument i kultur\u00ebs"},"content":{"rendered":"<p><img loading=\"lazy\" src=\"http:\/\/www.buzuku.cg.yu\/Arkivi\/Buzuku%2025\/Foto%20Buzuku%2025\/ura_e_klleznes.jpg\" align=\"left\" height=\"291\" hspace=\"2\" vspace=\"2\" width=\"218\" \/><font face=\"Tahoma\" size=\"3\">Prej koh\u00ebrave m\u00eb t\u00eb hershme e deri sot jan\u00eb nd\u00ebrtuar ura t\u00eb ndryshme, t\u00eb cilat  mund quhen vepra t\u00eb artit. Edhe n\u00eb An\u00eb t\u00eb Malit jan\u00eb nd\u00ebrtuar disa ura q\u00eb kan\u00eb  mund\u00ebsuar qarkullimin pa penges\u00eb t\u00eb udh\u00ebtar\u00ebve. Ura m\u00eb e njohur n\u00eb k\u00ebt\u00eb mjedis  \u00ebsht\u00eb ura e nd\u00ebrtuar n\u00eb fshatin Kllez\u00ebn, t\u00eb cil\u00ebn pa m\u00ebdyshje mund ta quajm\u00eb  monument m\u00eb impozant t\u00eb k\u00ebsaj natyre jo vet\u00ebm n\u00eb k\u00ebt\u00eb trev\u00eb por edhe m\u00eb gjer\u00eb.  Kjo ur\u00eb \u00ebsht\u00eb nd\u00ebrtuar prej guri mbi p\u00ebrroin e Megjyre\u00e7it, n\u00eb vitin 1696, n\u00eb  Kllezn\u00ebn e Sip\u00ebrme (komuna e Ulqinit). Ajo ka k\u00ebto dimensione: gjat\u00ebsia 12m,  gjer\u00ebsia 3.60m, lart\u00ebsia nga fundi i lumit 9.26m, trash\u00ebsia e gur\u00ebve te \u00e7el\u00ebsi  80cm. P\u00ebr nd\u00ebrtimin e k\u00ebsaj ur\u00eb \u00ebsht\u00eb nj\u00eb rr\u00ebfim interesant q\u00eb u p\u00ebrcoll brez  mbas brezi deri n\u00eb dit\u00ebt tona.<\/font><!--more--><font face=\"Tahoma\" size=\"3\"> Thuhet se mjeshtri i cili e ka nd\u00ebrtuar k\u00ebt\u00eb ur\u00eb  ka qen\u00eb nga Dibra. Atij kjo pun\u00eb i \u00ebsht\u00eb ofruar nga klleznor\u00ebt; ai ka th\u00ebn\u00eb se  g\u00eblqerja e cila do t\u00eb p\u00ebrdoret p\u00ebr nd\u00ebrtim duhet t\u00eb q\u00ebndroj\u00eb n\u00eb grop\u00eb 15 vjet.  Mbas k\u00ebsaj periudhe, mjeshtri dibran dhe nj\u00eb pun\u00ebtor tjet\u00ebr e kan\u00eb nd\u00ebrtuar k\u00ebt\u00eb  ur\u00eb. Pas kryerjes s\u00eb pun\u00ebs, mjeshtri \u00ebsht\u00eb vrar\u00eb dhe \u00ebsht\u00eb varrosur n\u00eb af\u00ebrsi t\u00eb  xhamis\u00eb, ku edhe sot ekziston varri. Thuhet se at\u00eb e ka vrar\u00eb p\u00ebr motive te  ul\u00ebta ish pun\u00ebtori i tij. N\u00ebp\u00ebr k\u00ebt\u00eb ur\u00eb kan\u00eb qarkulluar banor\u00ebt e Kllezn\u00ebs, por  edhe t\u00eb tjer\u00ebt t\u00eb cil\u00ebt kan\u00eb udh\u00ebtuar nga kjo an\u00eb p\u00ebr n\u00eb Ulqin e gjetiu. Nd\u00ebrsa,  me rastin e nd\u00ebrtimit t\u00eb rrug\u00ebs Ulqin-Kryth\u00eb n\u00eb vitin 1954, pran\u00eb k\u00ebsaj ur\u00eb  \u00ebsht\u00eb nd\u00ebrtuar ura e re p\u00ebr qarkullimin e mjeteve t\u00eb komunikacionit, dhe nga ajo  koh\u00eb ura e vjet\u00ebr humbi vlerat e m\u00ebparshme duke u b\u00ebr\u00eb dyt\u00ebsore. Q\u00eb nga nd\u00ebrtimi  i saj nuk \u00ebsht\u00eb b\u00ebr\u00eb ndonj\u00eb intervenim apo restaurim i saj, nd\u00ebrsa n\u00eb vitin 1982  ajo p\u00ebsoi goditje, sepse mbi ur\u00eb, pasi u hoq\u00ebn gur\u00ebt, u vendos\u00ebn gypat e  uj\u00ebsjell\u00ebsit t\u00eb Mill\u00ebs, duke krijuar kanalin p\u00ebrkat\u00ebs. Por p\u00ebr fat ura nuk p\u00ebsoi  d\u00ebme t\u00eb m\u00ebdha, edhe pse nj\u00eb gj\u00eb e till\u00eb ka mundur t\u00eb ndodh\u00eb. Nd\u00ebrkaq sikur t\u00eb  kishte pasur trajtimin e monumentit t\u00eb kultur\u00ebs, nj\u00eb gj\u00eb e till\u00eb nuk do t\u00eb  ki-shte ndodhur. Prandaj vler\u00ebsoj se \u00ebsht\u00eb e udh\u00ebs q\u00eb pushteti vendor i Ulqinit  t\u00eb marr\u00eb iniciativ\u00eb q\u00eb ura e Kllezn\u00ebs t\u00eb evidentohet n\u00eb regjistrin e monumenteve  t\u00eb kultur\u00ebs dhe si e till\u00eb t\u00eb k\u00ebt\u00eb mbrojtje li-gjore. Vet\u00ebm n\u00eb k\u00ebt\u00eb form\u00eb do t\u00eb  d\u00ebshmonim n\u00eb praktik\u00eb se d\u00ebshirojm\u00eb t\u00eb ruajm\u00eb dhe t\u00eb p\u00ebrkujdesemi p\u00ebr k\u00ebto pak  monumente q\u00eb ekzistojn\u00eb n\u00eb mjedisin ton\u00eb.<\/font><\/p>\n<p>Nail Draga<\/p>\n<p>www.buzuku.cg.yu<\/p>\n","protected":false},"excerpt":{"rendered":"<p><img loading=\"lazy\" src=\"http:\/\/www.buzuku.cg.yu\/Arkivi\/Buzuku%2025\/Foto%20Buzuku%2025\/ura_e_klleznes.jpg\" height=\"140\" width=\"140\" \/><\/p>\n","protected":false},"author":1,"featured_media":0,"comment_status":"open","ping_status":"closed","sticky":false,"template":"","format":"standard","meta":{"spay_email":"","jetpack_publicize_message":"","jetpack_is_tweetstorm":false,"jetpack_publicize_feature_enabled":true},"categories":[4],"tags":[1253,836,318,200,835,837],"jetpack_publicize_connections":[],"yoast_head":"<!-- This site is optimized with the Yoast SEO plugin v19.1 - https:\/\/yoast.com\/wordpress\/plugins\/seo\/ -->\n<title>Ura e Kllezn\u00ebs - monument i kultur\u00ebs - Lajme nga Ulqini<\/title>\n<meta name=\"robots\" content=\"index, follow, max-snippet:-1, max-image-preview:large, max-video-preview:-1\" \/>\n<link rel=\"canonical\" href=\"https:\/\/www.visit-ulcinj.com\/blog\/2008\/01\/26\/ura-e-klleznes-monument-i-kultures\/\" \/>\n<meta property=\"og:locale\" content=\"en_US\" \/>\n<meta property=\"og:type\" content=\"article\" \/>\n<meta property=\"og:title\" content=\"Ura e Kllezn\u00ebs - monument i kultur\u00ebs - Lajme nga Ulqini\" \/>\n<meta property=\"og:url\" content=\"https:\/\/www.visit-ulcinj.com\/blog\/2008\/01\/26\/ura-e-klleznes-monument-i-kultures\/\" \/>\n<meta property=\"og:site_name\" content=\"Lajme nga Ulqini\" \/>\n<meta property=\"article:published_time\" content=\"2008-01-26T18:14:29+00:00\" \/>\n<meta property=\"article:modified_time\" content=\"2008-02-13T00:53:54+00:00\" \/>\n<meta property=\"og:image\" content=\"http:\/\/www.buzuku.cg.yu\/Arkivi\/Buzuku%2025\/Foto%20Buzuku%2025\/ura_e_klleznes.jpg\" \/>\n<meta name=\"twitter:label1\" content=\"Written by\" \/>\n\t<meta name=\"twitter:data1\" content=\"ulqini\" \/>\n\t<meta name=\"twitter:label2\" content=\"Est. reading time\" \/>\n\t<meta name=\"twitter:data2\" content=\"3 minutes\" \/>\n<script type=\"application\/ld+json\" class=\"yoast-schema-graph\">{\"@context\":\"https:\/\/schema.org\",\"@graph\":[{\"@type\":\"WebSite\",\"@id\":\"https:\/\/www.visit-ulcinj.com\/blog\/#website\",\"url\":\"https:\/\/www.visit-ulcinj.com\/blog\/\",\"name\":\"Lajme nga Ulqini\",\"description\":\"Lajme,Vijesti,Ulqini,Ulqin,Crna Gora,Mali i Zi\",\"potentialAction\":[{\"@type\":\"SearchAction\",\"target\":{\"@type\":\"EntryPoint\",\"urlTemplate\":\"https:\/\/www.visit-ulcinj.com\/blog\/?s={search_term_string}\"},\"query-input\":\"required name=search_term_string\"}],\"inLanguage\":\"en-US\"},{\"@type\":\"ImageObject\",\"inLanguage\":\"en-US\",\"@id\":\"https:\/\/www.visit-ulcinj.com\/blog\/2008\/01\/26\/ura-e-klleznes-monument-i-kultures\/#primaryimage\",\"url\":\"http:\/\/www.buzuku.cg.yu\/Arkivi\/Buzuku%2025\/Foto%20Buzuku%2025\/ura_e_klleznes.jpg\",\"contentUrl\":\"http:\/\/www.buzuku.cg.yu\/Arkivi\/Buzuku%2025\/Foto%20Buzuku%2025\/ura_e_klleznes.jpg\"},{\"@type\":\"WebPage\",\"@id\":\"https:\/\/www.visit-ulcinj.com\/blog\/2008\/01\/26\/ura-e-klleznes-monument-i-kultures\/#webpage\",\"url\":\"https:\/\/www.visit-ulcinj.com\/blog\/2008\/01\/26\/ura-e-klleznes-monument-i-kultures\/\",\"name\":\"Ura e Kllezn\u00ebs - monument i kultur\u00ebs - Lajme nga Ulqini\",\"isPartOf\":{\"@id\":\"https:\/\/www.visit-ulcinj.com\/blog\/#website\"},\"primaryImageOfPage\":{\"@id\":\"https:\/\/www.visit-ulcinj.com\/blog\/2008\/01\/26\/ura-e-klleznes-monument-i-kultures\/#primaryimage\"},\"datePublished\":\"2008-01-26T18:14:29+00:00\",\"dateModified\":\"2008-02-13T00:53:54+00:00\",\"author\":{\"@id\":\"https:\/\/www.visit-ulcinj.com\/blog\/#\/schema\/person\/dcab619c614d3038751c63bc2aadc06d\"},\"breadcrumb\":{\"@id\":\"https:\/\/www.visit-ulcinj.com\/blog\/2008\/01\/26\/ura-e-klleznes-monument-i-kultures\/#breadcrumb\"},\"inLanguage\":\"en-US\",\"potentialAction\":[{\"@type\":\"ReadAction\",\"target\":[\"https:\/\/www.visit-ulcinj.com\/blog\/2008\/01\/26\/ura-e-klleznes-monument-i-kultures\/\"]}]},{\"@type\":\"BreadcrumbList\",\"@id\":\"https:\/\/www.visit-ulcinj.com\/blog\/2008\/01\/26\/ura-e-klleznes-monument-i-kultures\/#breadcrumb\",\"itemListElement\":[{\"@type\":\"ListItem\",\"position\":1,\"name\":\"Ura e Kllezn\u00ebs &#8211; monument i kultur\u00ebs\"}]},{\"@type\":\"Person\",\"@id\":\"https:\/\/www.visit-ulcinj.com\/blog\/#\/schema\/person\/dcab619c614d3038751c63bc2aadc06d\",\"name\":\"ulqini\",\"sameAs\":[\"http:\/\/www.visit-ulcinj.com\"],\"url\":\"https:\/\/www.visit-ulcinj.com\/blog\/author\/admin\/\"}]}<\/script>\n<!-- \/ Yoast SEO plugin. -->","yoast_head_json":{"title":"Ura e Kllezn\u00ebs - monument i kultur\u00ebs - Lajme nga Ulqini","robots":{"index":"index","follow":"follow","max-snippet":"max-snippet:-1","max-image-preview":"max-image-preview:large","max-video-preview":"max-video-preview:-1"},"canonical":"https:\/\/www.visit-ulcinj.com\/blog\/2008\/01\/26\/ura-e-klleznes-monument-i-kultures\/","og_locale":"en_US","og_type":"article","og_title":"Ura e Kllezn\u00ebs - monument i kultur\u00ebs - Lajme nga Ulqini","og_url":"https:\/\/www.visit-ulcinj.com\/blog\/2008\/01\/26\/ura-e-klleznes-monument-i-kultures\/","og_site_name":"Lajme nga Ulqini","article_published_time":"2008-01-26T18:14:29+00:00","article_modified_time":"2008-02-13T00:53:54+00:00","og_image":[{"url":"http:\/\/www.buzuku.cg.yu\/Arkivi\/Buzuku%2025\/Foto%20Buzuku%2025\/ura_e_klleznes.jpg"}],"twitter_misc":{"Written by":"ulqini","Est. reading time":"3 minutes"},"schema":{"@context":"https:\/\/schema.org","@graph":[{"@type":"WebSite","@id":"https:\/\/www.visit-ulcinj.com\/blog\/#website","url":"https:\/\/www.visit-ulcinj.com\/blog\/","name":"Lajme nga Ulqini","description":"Lajme,Vijesti,Ulqini,Ulqin,Crna Gora,Mali i Zi","potentialAction":[{"@type":"SearchAction","target":{"@type":"EntryPoint","urlTemplate":"https:\/\/www.visit-ulcinj.com\/blog\/?s={search_term_string}"},"query-input":"required name=search_term_string"}],"inLanguage":"en-US"},{"@type":"ImageObject","inLanguage":"en-US","@id":"https:\/\/www.visit-ulcinj.com\/blog\/2008\/01\/26\/ura-e-klleznes-monument-i-kultures\/#primaryimage","url":"http:\/\/www.buzuku.cg.yu\/Arkivi\/Buzuku%2025\/Foto%20Buzuku%2025\/ura_e_klleznes.jpg","contentUrl":"http:\/\/www.buzuku.cg.yu\/Arkivi\/Buzuku%2025\/Foto%20Buzuku%2025\/ura_e_klleznes.jpg"},{"@type":"WebPage","@id":"https:\/\/www.visit-ulcinj.com\/blog\/2008\/01\/26\/ura-e-klleznes-monument-i-kultures\/#webpage","url":"https:\/\/www.visit-ulcinj.com\/blog\/2008\/01\/26\/ura-e-klleznes-monument-i-kultures\/","name":"Ura e Kllezn\u00ebs - monument i kultur\u00ebs - Lajme nga Ulqini","isPartOf":{"@id":"https:\/\/www.visit-ulcinj.com\/blog\/#website"},"primaryImageOfPage":{"@id":"https:\/\/www.visit-ulcinj.com\/blog\/2008\/01\/26\/ura-e-klleznes-monument-i-kultures\/#primaryimage"},"datePublished":"2008-01-26T18:14:29+00:00","dateModified":"2008-02-13T00:53:54+00:00","author":{"@id":"https:\/\/www.visit-ulcinj.com\/blog\/#\/schema\/person\/dcab619c614d3038751c63bc2aadc06d"},"breadcrumb":{"@id":"https:\/\/www.visit-ulcinj.com\/blog\/2008\/01\/26\/ura-e-klleznes-monument-i-kultures\/#breadcrumb"},"inLanguage":"en-US","potentialAction":[{"@type":"ReadAction","target":["https:\/\/www.visit-ulcinj.com\/blog\/2008\/01\/26\/ura-e-klleznes-monument-i-kultures\/"]}]},{"@type":"BreadcrumbList","@id":"https:\/\/www.visit-ulcinj.com\/blog\/2008\/01\/26\/ura-e-klleznes-monument-i-kultures\/#breadcrumb","itemListElement":[{"@type":"ListItem","position":1,"name":"Ura e Kllezn\u00ebs &#8211; monument i kultur\u00ebs"}]},{"@type":"Person","@id":"https:\/\/www.visit-ulcinj.com\/blog\/#\/schema\/person\/dcab619c614d3038751c63bc2aadc06d","name":"ulqini","sameAs":["http:\/\/www.visit-ulcinj.com"],"url":"https:\/\/www.visit-ulcinj.com\/blog\/author\/admin\/"}]}},"jetpack_featured_media_url":"","jetpack_sharing_enabled":true,"jetpack_shortlink":"https:\/\/wp.me\/pe6lTn-4L","_links":{"self":[{"href":"https:\/\/www.visit-ulcinj.com\/blog\/wp-json\/wp\/v2\/posts\/295"}],"collection":[{"href":"https:\/\/www.visit-ulcinj.com\/blog\/wp-json\/wp\/v2\/posts"}],"about":[{"href":"https:\/\/www.visit-ulcinj.com\/blog\/wp-json\/wp\/v2\/types\/post"}],"author":[{"embeddable":true,"href":"https:\/\/www.visit-ulcinj.com\/blog\/wp-json\/wp\/v2\/users\/1"}],"replies":[{"embeddable":true,"href":"https:\/\/www.visit-ulcinj.com\/blog\/wp-json\/wp\/v2\/comments?post=295"}],"version-history":[{"count":0,"href":"https:\/\/www.visit-ulcinj.com\/blog\/wp-json\/wp\/v2\/posts\/295\/revisions"}],"wp:attachment":[{"href":"https:\/\/www.visit-ulcinj.com\/blog\/wp-json\/wp\/v2\/media?parent=295"}],"wp:term":[{"taxonomy":"category","embeddable":true,"href":"https:\/\/www.visit-ulcinj.com\/blog\/wp-json\/wp\/v2\/categories?post=295"},{"taxonomy":"post_tag","embeddable":true,"href":"https:\/\/www.visit-ulcinj.com\/blog\/wp-json\/wp\/v2\/tags?post=295"}],"curies":[{"name":"wp","href":"https:\/\/api.w.org\/{rel}","templated":true}]}}