{"id":29512,"date":"2010-01-15T23:11:56","date_gmt":"2010-01-15T21:11:56","guid":{"rendered":"http:\/\/www.visit-ulcinj.com\/blog\/?p=29512"},"modified":"2010-01-15T23:11:56","modified_gmt":"2010-01-15T21:11:56","slug":"arta-bajrami-shtatzane","status":"publish","type":"post","link":"https:\/\/www.visit-ulcinj.com\/blog\/2010\/01\/15\/arta-bajrami-shtatzane\/","title":{"rendered":"Arta Bajrami shtatzane!?"},"content":{"rendered":"<p><a href=\"http:\/\/www.visit-ulcinj.com\/blog\/wp-content\/uploads\/2010\/01\/Arta-Bajrami.jpg\"><img loading=\"lazy\" class=\"alignleft size-full wp-image-29513\" title=\"Arta Bajrami\" src=\"http:\/\/www.visit-ulcinj.com\/blog\/wp-content\/uploads\/2010\/01\/Arta-Bajrami.jpg\" alt=\"Arta Bajrami\" width=\"371\" height=\"604\" \/><\/a>Koh\u00ebve t\u00eb fundit flitej me t\u00eb madhe se k\u00ebng\u00ebtarja Arta Bajrami \u00ebsht\u00eb shtatz\u00ebn\u00eb. \u00cbsht\u00eb m\u00eb se normale q\u00eb njeriu pasi t\u00eb martohet t\u00eb planifikoj\u00eb edhe zgjerimin e familjes. Menduam se k\u00ebt\u00eb gj\u00eb e ka planifikuar edhe k\u00ebng\u00ebtarja e cila nuk po ndalet n\u00eb pun\u00ebn e saj. Edhe pse e martuar, Arta nuk \u00ebsht\u00eb shk\u00ebputur aspak nga angazhimet muzikore, qofshin ato koncerte, mbr\u00ebmje muzikore apo xhirime televizive. Mund t\u00eb thuhet se ishte nd\u00ebr t\u00eb paktat k\u00ebng\u00ebtare e cila u paraqit gati n\u00eb \u00e7do televizion dhe program festiv. Albumi i fundit po ec\u00ebn shum\u00eb mir\u00eb n\u00eb shitje dhe mban n\u00eb vete k\u00ebng\u00eb hite. \u201cJo nuk jam shtatz\u00ebn\u00eb, e di q\u00eb kan\u00eb qarkulluar fjal\u00eb t\u00eb shumta n\u00ebp\u00ebr media dhe web-faqe t\u00eb ndryshme, por \u00ebsht\u00eb keqkuptuar intervista ime dh\u00ebn\u00eb m\u00eb her\u00ebt duke th\u00ebn\u00eb q\u00eb planifikoj familje\u201d, k\u00ebshtu ka theksuar Arta Bajrami n\u00eb nj\u00eb intervist\u00eb p\u00ebr mediat kosovare. K\u00ebt\u00eb vit ajo mendon t\u00eb punoj\u00eb edhe m\u00eb shum\u00eb p\u00ebr karrier\u00ebn e saj duke realizuar k\u00ebng\u00eb dhe hite t\u00eb reja. K\u00ebt\u00eb rradh\u00eb k\u00ebng\u00ebtarja ka vendosur t\u00eb filloj\u00eb realizimin e k\u00ebng\u00ebve n\u00eb zhanrin popullor. P\u00ebr sa u p\u00ebrket thashethemeve n\u00eb lidhje me shtatz\u00ebnin\u00eb e saj akoma dyshohet pasi k\u00ebt\u00eb gj\u00eb e v\u00ebrteton edhe fotoja t\u00eb cil\u00ebn e publikojm\u00eb si d\u00ebshmi. Kjo foto \u00ebsht\u00eb shk\u00ebputur gjat\u00eb realizimit t\u00eb klipit \u201cFalje nuk ka\u201d balad\u00eb kjo shum\u00eb e p\u00eblqyer e k\u00ebng\u00ebtares dhe ka disa muaj q\u00eb \u00ebsht\u00eb hedhur n\u00eb treg. Tashti, Arta ose ka d\u00ebshtuar n\u00eb shtatz\u00ebnin\u00eb e saj ose e mban t\u00eb fshehur akoma?<\/p>\n<p><strong>Panorama Plus<br \/>\n<\/strong><!--YouTube Error: bad URL entered--><strong><\/strong><\/p>\n","protected":false},"excerpt":{"rendered":"<p>Koh\u00ebve t\u00eb fundit flitej me t\u00eb madhe se k\u00ebng\u00ebtarja Arta Bajrami \u00ebsht\u00eb shtatz\u00ebn\u00eb. \u00cbsht\u00eb m\u00eb se normale q\u00eb njeriu pasi t\u00eb martohet t\u00eb planifikoj\u00eb edhe zgjerimin e familjes. Menduam se k\u00ebt\u00eb gj\u00eb e ka planifikuar edhe k\u00ebng\u00ebtarja e cila nuk po ndalet n\u00eb pun\u00ebn e saj. Edhe pse e martuar, Arta nuk \u00ebsht\u00eb shk\u00ebputur aspak [&hellip;]<\/p>\n","protected":false},"author":1,"featured_media":0,"comment_status":"open","ping_status":"closed","sticky":false,"template":"","format":"standard","meta":{"spay_email":"","jetpack_publicize_message":"","jetpack_is_tweetstorm":false,"jetpack_publicize_feature_enabled":true},"categories":[1],"tags":[4955],"jetpack_publicize_connections":[],"yoast_head":"<!-- This site is optimized with the Yoast SEO plugin v19.1 - https:\/\/yoast.com\/wordpress\/plugins\/seo\/ -->\n<title>Arta Bajrami shtatzane!? - Lajme nga Ulqini<\/title>\n<meta name=\"description\" content=\"Koh\u00ebve t\u00eb fundit flitej me t\u00eb madhe se k\u00ebng\u00ebtarja Arta Bajrami \u00ebsht\u00eb shtatz\u00ebn\u00eb. \u00cbsht\u00eb m\u00eb se normale q\u00eb njeriu pasi t\u00eb martohet t\u00eb planifikoj\u00eb edhe\" \/>\n<meta name=\"robots\" content=\"index, follow, max-snippet:-1, max-image-preview:large, max-video-preview:-1\" \/>\n<link rel=\"canonical\" href=\"https:\/\/www.visit-ulcinj.com\/blog\/2010\/01\/15\/arta-bajrami-shtatzane\/\" \/>\n<meta property=\"og:locale\" content=\"en_US\" \/>\n<meta property=\"og:type\" content=\"article\" \/>\n<meta property=\"og:title\" content=\"Arta Bajrami shtatzane!? - Lajme nga Ulqini\" \/>\n<meta property=\"og:description\" content=\"Koh\u00ebve t\u00eb fundit flitej me t\u00eb madhe se k\u00ebng\u00ebtarja Arta Bajrami \u00ebsht\u00eb shtatz\u00ebn\u00eb. \u00cbsht\u00eb m\u00eb se normale q\u00eb njeriu pasi t\u00eb martohet t\u00eb planifikoj\u00eb edhe\" \/>\n<meta property=\"og:url\" content=\"https:\/\/www.visit-ulcinj.com\/blog\/2010\/01\/15\/arta-bajrami-shtatzane\/\" \/>\n<meta property=\"og:site_name\" content=\"Lajme nga Ulqini\" \/>\n<meta property=\"article:published_time\" content=\"2010-01-15T21:11:56+00:00\" \/>\n<meta property=\"og:image\" content=\"http:\/\/www.visit-ulcinj.com\/blog\/wp-content\/uploads\/2010\/01\/Arta-Bajrami.jpg\" \/>\n<meta name=\"twitter:label1\" content=\"Written by\" \/>\n\t<meta name=\"twitter:data1\" content=\"ulqini\" \/>\n\t<meta name=\"twitter:label2\" content=\"Est. reading time\" \/>\n\t<meta name=\"twitter:data2\" content=\"2 minutes\" \/>\n<script type=\"application\/ld+json\" class=\"yoast-schema-graph\">{\"@context\":\"https:\/\/schema.org\",\"@graph\":[{\"@type\":\"WebSite\",\"@id\":\"https:\/\/www.visit-ulcinj.com\/blog\/#website\",\"url\":\"https:\/\/www.visit-ulcinj.com\/blog\/\",\"name\":\"Lajme nga Ulqini\",\"description\":\"Lajme,Vijesti,Ulqini,Ulqin,Crna Gora,Mali i Zi\",\"potentialAction\":[{\"@type\":\"SearchAction\",\"target\":{\"@type\":\"EntryPoint\",\"urlTemplate\":\"https:\/\/www.visit-ulcinj.com\/blog\/?s={search_term_string}\"},\"query-input\":\"required name=search_term_string\"}],\"inLanguage\":\"en-US\"},{\"@type\":\"ImageObject\",\"inLanguage\":\"en-US\",\"@id\":\"https:\/\/www.visit-ulcinj.com\/blog\/2010\/01\/15\/arta-bajrami-shtatzane\/#primaryimage\",\"url\":\"http:\/\/www.visit-ulcinj.com\/blog\/wp-content\/uploads\/2010\/01\/Arta-Bajrami.jpg\",\"contentUrl\":\"http:\/\/www.visit-ulcinj.com\/blog\/wp-content\/uploads\/2010\/01\/Arta-Bajrami.jpg\"},{\"@type\":\"WebPage\",\"@id\":\"https:\/\/www.visit-ulcinj.com\/blog\/2010\/01\/15\/arta-bajrami-shtatzane\/#webpage\",\"url\":\"https:\/\/www.visit-ulcinj.com\/blog\/2010\/01\/15\/arta-bajrami-shtatzane\/\",\"name\":\"Arta Bajrami shtatzane!? - Lajme nga Ulqini\",\"isPartOf\":{\"@id\":\"https:\/\/www.visit-ulcinj.com\/blog\/#website\"},\"primaryImageOfPage\":{\"@id\":\"https:\/\/www.visit-ulcinj.com\/blog\/2010\/01\/15\/arta-bajrami-shtatzane\/#primaryimage\"},\"datePublished\":\"2010-01-15T21:11:56+00:00\",\"dateModified\":\"2010-01-15T21:11:56+00:00\",\"author\":{\"@id\":\"https:\/\/www.visit-ulcinj.com\/blog\/#\/schema\/person\/dcab619c614d3038751c63bc2aadc06d\"},\"description\":\"Koh\u00ebve t\u00eb fundit flitej me t\u00eb madhe se k\u00ebng\u00ebtarja Arta Bajrami \u00ebsht\u00eb shtatz\u00ebn\u00eb. \u00cbsht\u00eb m\u00eb se normale q\u00eb njeriu pasi t\u00eb martohet t\u00eb planifikoj\u00eb edhe\",\"breadcrumb\":{\"@id\":\"https:\/\/www.visit-ulcinj.com\/blog\/2010\/01\/15\/arta-bajrami-shtatzane\/#breadcrumb\"},\"inLanguage\":\"en-US\",\"potentialAction\":[{\"@type\":\"ReadAction\",\"target\":[\"https:\/\/www.visit-ulcinj.com\/blog\/2010\/01\/15\/arta-bajrami-shtatzane\/\"]}]},{\"@type\":\"BreadcrumbList\",\"@id\":\"https:\/\/www.visit-ulcinj.com\/blog\/2010\/01\/15\/arta-bajrami-shtatzane\/#breadcrumb\",\"itemListElement\":[{\"@type\":\"ListItem\",\"position\":1,\"name\":\"Arta Bajrami shtatzane!?\"}]},{\"@type\":\"Person\",\"@id\":\"https:\/\/www.visit-ulcinj.com\/blog\/#\/schema\/person\/dcab619c614d3038751c63bc2aadc06d\",\"name\":\"ulqini\",\"sameAs\":[\"http:\/\/www.visit-ulcinj.com\"],\"url\":\"https:\/\/www.visit-ulcinj.com\/blog\/author\/admin\/\"}]}<\/script>\n<!-- \/ Yoast SEO plugin. -->","yoast_head_json":{"title":"Arta Bajrami shtatzane!? - Lajme nga Ulqini","description":"Koh\u00ebve t\u00eb fundit flitej me t\u00eb madhe se k\u00ebng\u00ebtarja Arta Bajrami \u00ebsht\u00eb shtatz\u00ebn\u00eb. \u00cbsht\u00eb m\u00eb se normale q\u00eb njeriu pasi t\u00eb martohet t\u00eb planifikoj\u00eb edhe","robots":{"index":"index","follow":"follow","max-snippet":"max-snippet:-1","max-image-preview":"max-image-preview:large","max-video-preview":"max-video-preview:-1"},"canonical":"https:\/\/www.visit-ulcinj.com\/blog\/2010\/01\/15\/arta-bajrami-shtatzane\/","og_locale":"en_US","og_type":"article","og_title":"Arta Bajrami shtatzane!? - Lajme nga Ulqini","og_description":"Koh\u00ebve t\u00eb fundit flitej me t\u00eb madhe se k\u00ebng\u00ebtarja Arta Bajrami \u00ebsht\u00eb shtatz\u00ebn\u00eb. \u00cbsht\u00eb m\u00eb se normale q\u00eb njeriu pasi t\u00eb martohet t\u00eb planifikoj\u00eb edhe","og_url":"https:\/\/www.visit-ulcinj.com\/blog\/2010\/01\/15\/arta-bajrami-shtatzane\/","og_site_name":"Lajme nga Ulqini","article_published_time":"2010-01-15T21:11:56+00:00","og_image":[{"url":"http:\/\/www.visit-ulcinj.com\/blog\/wp-content\/uploads\/2010\/01\/Arta-Bajrami.jpg"}],"twitter_misc":{"Written by":"ulqini","Est. reading time":"2 minutes"},"schema":{"@context":"https:\/\/schema.org","@graph":[{"@type":"WebSite","@id":"https:\/\/www.visit-ulcinj.com\/blog\/#website","url":"https:\/\/www.visit-ulcinj.com\/blog\/","name":"Lajme nga Ulqini","description":"Lajme,Vijesti,Ulqini,Ulqin,Crna Gora,Mali i Zi","potentialAction":[{"@type":"SearchAction","target":{"@type":"EntryPoint","urlTemplate":"https:\/\/www.visit-ulcinj.com\/blog\/?s={search_term_string}"},"query-input":"required name=search_term_string"}],"inLanguage":"en-US"},{"@type":"ImageObject","inLanguage":"en-US","@id":"https:\/\/www.visit-ulcinj.com\/blog\/2010\/01\/15\/arta-bajrami-shtatzane\/#primaryimage","url":"http:\/\/www.visit-ulcinj.com\/blog\/wp-content\/uploads\/2010\/01\/Arta-Bajrami.jpg","contentUrl":"http:\/\/www.visit-ulcinj.com\/blog\/wp-content\/uploads\/2010\/01\/Arta-Bajrami.jpg"},{"@type":"WebPage","@id":"https:\/\/www.visit-ulcinj.com\/blog\/2010\/01\/15\/arta-bajrami-shtatzane\/#webpage","url":"https:\/\/www.visit-ulcinj.com\/blog\/2010\/01\/15\/arta-bajrami-shtatzane\/","name":"Arta Bajrami shtatzane!? - Lajme nga Ulqini","isPartOf":{"@id":"https:\/\/www.visit-ulcinj.com\/blog\/#website"},"primaryImageOfPage":{"@id":"https:\/\/www.visit-ulcinj.com\/blog\/2010\/01\/15\/arta-bajrami-shtatzane\/#primaryimage"},"datePublished":"2010-01-15T21:11:56+00:00","dateModified":"2010-01-15T21:11:56+00:00","author":{"@id":"https:\/\/www.visit-ulcinj.com\/blog\/#\/schema\/person\/dcab619c614d3038751c63bc2aadc06d"},"description":"Koh\u00ebve t\u00eb fundit flitej me t\u00eb madhe se k\u00ebng\u00ebtarja Arta Bajrami \u00ebsht\u00eb shtatz\u00ebn\u00eb. \u00cbsht\u00eb m\u00eb se normale q\u00eb njeriu pasi t\u00eb martohet t\u00eb planifikoj\u00eb edhe","breadcrumb":{"@id":"https:\/\/www.visit-ulcinj.com\/blog\/2010\/01\/15\/arta-bajrami-shtatzane\/#breadcrumb"},"inLanguage":"en-US","potentialAction":[{"@type":"ReadAction","target":["https:\/\/www.visit-ulcinj.com\/blog\/2010\/01\/15\/arta-bajrami-shtatzane\/"]}]},{"@type":"BreadcrumbList","@id":"https:\/\/www.visit-ulcinj.com\/blog\/2010\/01\/15\/arta-bajrami-shtatzane\/#breadcrumb","itemListElement":[{"@type":"ListItem","position":1,"name":"Arta Bajrami shtatzane!?"}]},{"@type":"Person","@id":"https:\/\/www.visit-ulcinj.com\/blog\/#\/schema\/person\/dcab619c614d3038751c63bc2aadc06d","name":"ulqini","sameAs":["http:\/\/www.visit-ulcinj.com"],"url":"https:\/\/www.visit-ulcinj.com\/blog\/author\/admin\/"}]}},"jetpack_featured_media_url":"","jetpack_sharing_enabled":true,"jetpack_shortlink":"https:\/\/wp.me\/pe6lTn-7G0","_links":{"self":[{"href":"https:\/\/www.visit-ulcinj.com\/blog\/wp-json\/wp\/v2\/posts\/29512"}],"collection":[{"href":"https:\/\/www.visit-ulcinj.com\/blog\/wp-json\/wp\/v2\/posts"}],"about":[{"href":"https:\/\/www.visit-ulcinj.com\/blog\/wp-json\/wp\/v2\/types\/post"}],"author":[{"embeddable":true,"href":"https:\/\/www.visit-ulcinj.com\/blog\/wp-json\/wp\/v2\/users\/1"}],"replies":[{"embeddable":true,"href":"https:\/\/www.visit-ulcinj.com\/blog\/wp-json\/wp\/v2\/comments?post=29512"}],"version-history":[{"count":0,"href":"https:\/\/www.visit-ulcinj.com\/blog\/wp-json\/wp\/v2\/posts\/29512\/revisions"}],"wp:attachment":[{"href":"https:\/\/www.visit-ulcinj.com\/blog\/wp-json\/wp\/v2\/media?parent=29512"}],"wp:term":[{"taxonomy":"category","embeddable":true,"href":"https:\/\/www.visit-ulcinj.com\/blog\/wp-json\/wp\/v2\/categories?post=29512"},{"taxonomy":"post_tag","embeddable":true,"href":"https:\/\/www.visit-ulcinj.com\/blog\/wp-json\/wp\/v2\/tags?post=29512"}],"curies":[{"name":"wp","href":"https:\/\/api.w.org\/{rel}","templated":true}]}}