{"id":29521,"date":"2010-01-17T19:55:48","date_gmt":"2010-01-17T17:55:48","guid":{"rendered":"http:\/\/www.visit-ulcinj.com\/blog\/?p=29521"},"modified":"2010-01-17T19:56:36","modified_gmt":"2010-01-17T17:56:36","slug":"rita-ora-talentja-kosovare-e-londres","status":"publish","type":"post","link":"https:\/\/www.visit-ulcinj.com\/blog\/2010\/01\/17\/rita-ora-talentja-kosovare-e-londres\/","title":{"rendered":"Rita Ora: Talentja kosovare e Londr\u00ebs"},"content":{"rendered":"<p><a href=\"http:\/\/www.visit-ulcinj.com\/blog\/wp-content\/uploads\/2010\/01\/Rita-Ora.jpg\"><img loading=\"lazy\" class=\"alignleft size-full wp-image-29524\" title=\"Rita Ora\" src=\"http:\/\/www.visit-ulcinj.com\/blog\/wp-content\/uploads\/2010\/01\/Rita-Ora.jpg\" alt=\"Rita Ora\" width=\"401\" height=\"404\" \/><\/a>Talentja e re, Rita Ora, e cila jeton n\u00eb Lond\u00ebr, pritet q\u00eb sivjet t\u00eb sh\u00ebnoj\u00eb suksese t\u00eb reja n\u00eb muzik\u00eb<br \/>\nAjo ka vet\u00ebm 18 vjet. Quhet Rita Sahat\u00e7ia (Ora). Ka lindur n\u00eb Prishtin\u00eb, p\u00ebrderisa gjat\u00eb luft\u00ebs ka emigruar n\u00eb Lond\u00ebr, bashk\u00eb me prind\u00ebrit dhe motr\u00ebn e saj m\u00eb t\u00eb madhe.<br \/>\nPas k\u00ebsaj, ajo \u00ebsht\u00eb rritur n\u00eb lagjen Ladbroke Grove t\u00eb Londr\u00ebs, p\u00ebrderisa \u00ebsht\u00eb shquar p\u00ebr stilin e saj unik n\u00eb muzik\u00eb dhe konsiderohet si nj\u00ebra prej z\u00ebrave m\u00eb t\u00eb mir\u00eb q\u00eb ka Britania e Madhe, viteve t\u00eb fundit.<br \/>\nKryesisht \u00ebsht\u00eb e frym\u00ebzuar nga Miles Davis, Billy Holiday dhe t\u00eb tjer\u00eb, p\u00ebrderisa ka incizuar k\u00ebng\u00eb, pasi ka r\u00ebn\u00eb n\u00eb kontakt me producentin Martin Terefe. Bashk\u00eb me t\u00eb, ajo ka zhvilluar nj\u00eb z\u00eb q\u00eb konsiderohet si zhan\u00ebr \u201cblues bashk\u00ebkohor\u201d.<br \/>\nN\u00eb aranzhime, deri me tani Rita dhe Martin kan\u00eb bashk\u00ebpunuar me Ron Sexsmith, Tommy Sims, Craig David, James Morrison dhe Sacha Skarbek, me t\u00eb cilat k\u00ebng\u00eb ajo do t\u00eb debutoj\u00eb me albumin q\u00eb do t\u00eb lansohet n\u00eb treg s\u00eb shpejti.<br \/>\nDueti i par\u00eb i Ritas ishte me Craig David, n\u00eb k\u00ebng\u00ebn \u201cAwkward\u201d q\u00eb ishte edhe n\u00eb albumin e kat\u00ebrt t\u00eb k\u00ebng\u00ebtarit, \u201cTrust Me\u201d q\u00eb u lansua n\u00eb n\u00ebntor t\u00eb vitit 2007 dhe debutoi bashk\u00eb me Craig n\u00eb rezidenc\u00ebn e tij artistike n\u00eb Lond\u00ebr me 2007.<br \/>\nAjo realizoi koncertin e par\u00eb t\u00eb saj m\u00eb 22 tetor n\u00eb Manchester. Koncerti i saj u konsiderua si nj\u00eb koncert q\u00eb do t\u2019i jap\u00eb shtytje karrier\u00ebs s\u00eb saj t\u00eb ardhme si k\u00ebng\u00ebtare.<br \/>\nPos k\u00ebsaj, ajo bashk\u00ebpunoi edhe n\u00eb nj\u00eb k\u00ebng\u00eb te re me Craig David q\u00eb quhet, \u201cWhere&#8217;s Your Love\u201d, n\u00eb t\u00eb cil\u00ebn k\u00ebndon edhe Tinchy Stryder. K\u00ebnga \u00ebsht\u00eb l\u00ebshuar p\u00ebr shkarkim digjital m\u00eb 20 n\u00ebntor 2008.<br \/>\nK\u00ebng\u00ebtarja aktualisht ndodhet n\u00eb Prishtin\u00eb, bashk\u00eb me familjen e saj.<br \/>\nRita n\u00eb duetin e saj me Craig David n\u00eb k\u00ebng\u00ebn \u201cAwkward\u201d<\/p>\n<p><strong><br \/>\nGazeta Express<br \/>\n<br \/>\n<\/strong><!--YouTube Error: bad URL entered--><\/p>\n","protected":false},"excerpt":{"rendered":"<p>Talentja e re, Rita Ora, e cila jeton n\u00eb Lond\u00ebr, pritet q\u00eb sivjet t\u00eb sh\u00ebnoj\u00eb suksese t\u00eb reja n\u00eb muzik\u00eb Ajo ka vet\u00ebm 18 vjet. Quhet Rita Sahat\u00e7ia (Ora). Ka lindur n\u00eb Prishtin\u00eb, p\u00ebrderisa gjat\u00eb luft\u00ebs ka emigruar n\u00eb Lond\u00ebr, bashk\u00eb me prind\u00ebrit dhe motr\u00ebn e saj m\u00eb t\u00eb madhe. Pas k\u00ebsaj, ajo \u00ebsht\u00eb rritur [&hellip;]<\/p>\n","protected":false},"author":1,"featured_media":0,"comment_status":"open","ping_status":"closed","sticky":false,"template":"","format":"standard","meta":{"spay_email":"","jetpack_publicize_message":"","jetpack_is_tweetstorm":false,"jetpack_publicize_feature_enabled":true},"categories":[1],"tags":[13350,13349],"jetpack_publicize_connections":[],"yoast_head":"<!-- This site is optimized with the Yoast SEO plugin v19.1 - https:\/\/yoast.com\/wordpress\/plugins\/seo\/ -->\n<title>Rita Ora: Talentja kosovare e Londr\u00ebs - Lajme nga Ulqini<\/title>\n<meta name=\"description\" content=\"Talentja e re, Rita Ora, e cila jeton n\u00eb Lond\u00ebr, pritet q\u00eb sivjet t\u00eb sh\u00ebnoj\u00eb suksese t\u00eb reja n\u00eb muzik\u00eb Ajo ka vet\u00ebm 18 vjet. Quhet Rita Sahat\u00e7ia (Ora). Ka\" \/>\n<meta name=\"robots\" content=\"index, follow, max-snippet:-1, max-image-preview:large, max-video-preview:-1\" \/>\n<link rel=\"canonical\" href=\"https:\/\/www.visit-ulcinj.com\/blog\/2010\/01\/17\/rita-ora-talentja-kosovare-e-londres\/\" \/>\n<meta property=\"og:locale\" content=\"en_US\" \/>\n<meta property=\"og:type\" content=\"article\" \/>\n<meta property=\"og:title\" content=\"Rita Ora: Talentja kosovare e Londr\u00ebs - Lajme nga Ulqini\" \/>\n<meta property=\"og:description\" content=\"Talentja e re, Rita Ora, e cila jeton n\u00eb Lond\u00ebr, pritet q\u00eb sivjet t\u00eb sh\u00ebnoj\u00eb suksese t\u00eb reja n\u00eb muzik\u00eb Ajo ka vet\u00ebm 18 vjet. Quhet Rita Sahat\u00e7ia (Ora). Ka\" \/>\n<meta property=\"og:url\" content=\"https:\/\/www.visit-ulcinj.com\/blog\/2010\/01\/17\/rita-ora-talentja-kosovare-e-londres\/\" \/>\n<meta property=\"og:site_name\" content=\"Lajme nga Ulqini\" \/>\n<meta property=\"article:published_time\" content=\"2010-01-17T17:55:48+00:00\" \/>\n<meta property=\"article:modified_time\" content=\"2010-01-17T17:56:36+00:00\" \/>\n<meta property=\"og:image\" content=\"http:\/\/www.visit-ulcinj.com\/blog\/wp-content\/uploads\/2010\/01\/Rita-Ora.jpg\" \/>\n<meta name=\"twitter:label1\" content=\"Written by\" \/>\n\t<meta name=\"twitter:data1\" content=\"ulqini\" \/>\n\t<meta name=\"twitter:label2\" content=\"Est. reading time\" \/>\n\t<meta name=\"twitter:data2\" content=\"2 minutes\" \/>\n<script type=\"application\/ld+json\" class=\"yoast-schema-graph\">{\"@context\":\"https:\/\/schema.org\",\"@graph\":[{\"@type\":\"WebSite\",\"@id\":\"https:\/\/www.visit-ulcinj.com\/blog\/#website\",\"url\":\"https:\/\/www.visit-ulcinj.com\/blog\/\",\"name\":\"Lajme nga Ulqini\",\"description\":\"Lajme,Vijesti,Ulqini,Ulqin,Crna Gora,Mali i Zi\",\"potentialAction\":[{\"@type\":\"SearchAction\",\"target\":{\"@type\":\"EntryPoint\",\"urlTemplate\":\"https:\/\/www.visit-ulcinj.com\/blog\/?s={search_term_string}\"},\"query-input\":\"required name=search_term_string\"}],\"inLanguage\":\"en-US\"},{\"@type\":\"ImageObject\",\"inLanguage\":\"en-US\",\"@id\":\"https:\/\/www.visit-ulcinj.com\/blog\/2010\/01\/17\/rita-ora-talentja-kosovare-e-londres\/#primaryimage\",\"url\":\"http:\/\/www.visit-ulcinj.com\/blog\/wp-content\/uploads\/2010\/01\/Rita-Ora.jpg\",\"contentUrl\":\"http:\/\/www.visit-ulcinj.com\/blog\/wp-content\/uploads\/2010\/01\/Rita-Ora.jpg\"},{\"@type\":\"WebPage\",\"@id\":\"https:\/\/www.visit-ulcinj.com\/blog\/2010\/01\/17\/rita-ora-talentja-kosovare-e-londres\/#webpage\",\"url\":\"https:\/\/www.visit-ulcinj.com\/blog\/2010\/01\/17\/rita-ora-talentja-kosovare-e-londres\/\",\"name\":\"Rita Ora: Talentja kosovare e Londr\u00ebs - Lajme nga Ulqini\",\"isPartOf\":{\"@id\":\"https:\/\/www.visit-ulcinj.com\/blog\/#website\"},\"primaryImageOfPage\":{\"@id\":\"https:\/\/www.visit-ulcinj.com\/blog\/2010\/01\/17\/rita-ora-talentja-kosovare-e-londres\/#primaryimage\"},\"datePublished\":\"2010-01-17T17:55:48+00:00\",\"dateModified\":\"2010-01-17T17:56:36+00:00\",\"author\":{\"@id\":\"https:\/\/www.visit-ulcinj.com\/blog\/#\/schema\/person\/dcab619c614d3038751c63bc2aadc06d\"},\"description\":\"Talentja e re, Rita Ora, e cila jeton n\u00eb Lond\u00ebr, pritet q\u00eb sivjet t\u00eb sh\u00ebnoj\u00eb suksese t\u00eb reja n\u00eb muzik\u00eb Ajo ka vet\u00ebm 18 vjet. Quhet Rita Sahat\u00e7ia (Ora). Ka\",\"breadcrumb\":{\"@id\":\"https:\/\/www.visit-ulcinj.com\/blog\/2010\/01\/17\/rita-ora-talentja-kosovare-e-londres\/#breadcrumb\"},\"inLanguage\":\"en-US\",\"potentialAction\":[{\"@type\":\"ReadAction\",\"target\":[\"https:\/\/www.visit-ulcinj.com\/blog\/2010\/01\/17\/rita-ora-talentja-kosovare-e-londres\/\"]}]},{\"@type\":\"BreadcrumbList\",\"@id\":\"https:\/\/www.visit-ulcinj.com\/blog\/2010\/01\/17\/rita-ora-talentja-kosovare-e-londres\/#breadcrumb\",\"itemListElement\":[{\"@type\":\"ListItem\",\"position\":1,\"name\":\"Rita Ora: Talentja kosovare e Londr\u00ebs\"}]},{\"@type\":\"Person\",\"@id\":\"https:\/\/www.visit-ulcinj.com\/blog\/#\/schema\/person\/dcab619c614d3038751c63bc2aadc06d\",\"name\":\"ulqini\",\"sameAs\":[\"http:\/\/www.visit-ulcinj.com\"],\"url\":\"https:\/\/www.visit-ulcinj.com\/blog\/author\/admin\/\"}]}<\/script>\n<!-- \/ Yoast SEO plugin. -->","yoast_head_json":{"title":"Rita Ora: Talentja kosovare e Londr\u00ebs - Lajme nga Ulqini","description":"Talentja e re, Rita Ora, e cila jeton n\u00eb Lond\u00ebr, pritet q\u00eb sivjet t\u00eb sh\u00ebnoj\u00eb suksese t\u00eb reja n\u00eb muzik\u00eb Ajo ka vet\u00ebm 18 vjet. Quhet Rita Sahat\u00e7ia (Ora). Ka","robots":{"index":"index","follow":"follow","max-snippet":"max-snippet:-1","max-image-preview":"max-image-preview:large","max-video-preview":"max-video-preview:-1"},"canonical":"https:\/\/www.visit-ulcinj.com\/blog\/2010\/01\/17\/rita-ora-talentja-kosovare-e-londres\/","og_locale":"en_US","og_type":"article","og_title":"Rita Ora: Talentja kosovare e Londr\u00ebs - Lajme nga Ulqini","og_description":"Talentja e re, Rita Ora, e cila jeton n\u00eb Lond\u00ebr, pritet q\u00eb sivjet t\u00eb sh\u00ebnoj\u00eb suksese t\u00eb reja n\u00eb muzik\u00eb Ajo ka vet\u00ebm 18 vjet. Quhet Rita Sahat\u00e7ia (Ora). Ka","og_url":"https:\/\/www.visit-ulcinj.com\/blog\/2010\/01\/17\/rita-ora-talentja-kosovare-e-londres\/","og_site_name":"Lajme nga Ulqini","article_published_time":"2010-01-17T17:55:48+00:00","article_modified_time":"2010-01-17T17:56:36+00:00","og_image":[{"url":"http:\/\/www.visit-ulcinj.com\/blog\/wp-content\/uploads\/2010\/01\/Rita-Ora.jpg"}],"twitter_misc":{"Written by":"ulqini","Est. reading time":"2 minutes"},"schema":{"@context":"https:\/\/schema.org","@graph":[{"@type":"WebSite","@id":"https:\/\/www.visit-ulcinj.com\/blog\/#website","url":"https:\/\/www.visit-ulcinj.com\/blog\/","name":"Lajme nga Ulqini","description":"Lajme,Vijesti,Ulqini,Ulqin,Crna Gora,Mali i Zi","potentialAction":[{"@type":"SearchAction","target":{"@type":"EntryPoint","urlTemplate":"https:\/\/www.visit-ulcinj.com\/blog\/?s={search_term_string}"},"query-input":"required name=search_term_string"}],"inLanguage":"en-US"},{"@type":"ImageObject","inLanguage":"en-US","@id":"https:\/\/www.visit-ulcinj.com\/blog\/2010\/01\/17\/rita-ora-talentja-kosovare-e-londres\/#primaryimage","url":"http:\/\/www.visit-ulcinj.com\/blog\/wp-content\/uploads\/2010\/01\/Rita-Ora.jpg","contentUrl":"http:\/\/www.visit-ulcinj.com\/blog\/wp-content\/uploads\/2010\/01\/Rita-Ora.jpg"},{"@type":"WebPage","@id":"https:\/\/www.visit-ulcinj.com\/blog\/2010\/01\/17\/rita-ora-talentja-kosovare-e-londres\/#webpage","url":"https:\/\/www.visit-ulcinj.com\/blog\/2010\/01\/17\/rita-ora-talentja-kosovare-e-londres\/","name":"Rita Ora: Talentja kosovare e Londr\u00ebs - Lajme nga Ulqini","isPartOf":{"@id":"https:\/\/www.visit-ulcinj.com\/blog\/#website"},"primaryImageOfPage":{"@id":"https:\/\/www.visit-ulcinj.com\/blog\/2010\/01\/17\/rita-ora-talentja-kosovare-e-londres\/#primaryimage"},"datePublished":"2010-01-17T17:55:48+00:00","dateModified":"2010-01-17T17:56:36+00:00","author":{"@id":"https:\/\/www.visit-ulcinj.com\/blog\/#\/schema\/person\/dcab619c614d3038751c63bc2aadc06d"},"description":"Talentja e re, Rita Ora, e cila jeton n\u00eb Lond\u00ebr, pritet q\u00eb sivjet t\u00eb sh\u00ebnoj\u00eb suksese t\u00eb reja n\u00eb muzik\u00eb Ajo ka vet\u00ebm 18 vjet. Quhet Rita Sahat\u00e7ia (Ora). Ka","breadcrumb":{"@id":"https:\/\/www.visit-ulcinj.com\/blog\/2010\/01\/17\/rita-ora-talentja-kosovare-e-londres\/#breadcrumb"},"inLanguage":"en-US","potentialAction":[{"@type":"ReadAction","target":["https:\/\/www.visit-ulcinj.com\/blog\/2010\/01\/17\/rita-ora-talentja-kosovare-e-londres\/"]}]},{"@type":"BreadcrumbList","@id":"https:\/\/www.visit-ulcinj.com\/blog\/2010\/01\/17\/rita-ora-talentja-kosovare-e-londres\/#breadcrumb","itemListElement":[{"@type":"ListItem","position":1,"name":"Rita Ora: Talentja kosovare e Londr\u00ebs"}]},{"@type":"Person","@id":"https:\/\/www.visit-ulcinj.com\/blog\/#\/schema\/person\/dcab619c614d3038751c63bc2aadc06d","name":"ulqini","sameAs":["http:\/\/www.visit-ulcinj.com"],"url":"https:\/\/www.visit-ulcinj.com\/blog\/author\/admin\/"}]}},"jetpack_featured_media_url":"","jetpack_sharing_enabled":true,"jetpack_shortlink":"https:\/\/wp.me\/pe6lTn-7G9","_links":{"self":[{"href":"https:\/\/www.visit-ulcinj.com\/blog\/wp-json\/wp\/v2\/posts\/29521"}],"collection":[{"href":"https:\/\/www.visit-ulcinj.com\/blog\/wp-json\/wp\/v2\/posts"}],"about":[{"href":"https:\/\/www.visit-ulcinj.com\/blog\/wp-json\/wp\/v2\/types\/post"}],"author":[{"embeddable":true,"href":"https:\/\/www.visit-ulcinj.com\/blog\/wp-json\/wp\/v2\/users\/1"}],"replies":[{"embeddable":true,"href":"https:\/\/www.visit-ulcinj.com\/blog\/wp-json\/wp\/v2\/comments?post=29521"}],"version-history":[{"count":0,"href":"https:\/\/www.visit-ulcinj.com\/blog\/wp-json\/wp\/v2\/posts\/29521\/revisions"}],"wp:attachment":[{"href":"https:\/\/www.visit-ulcinj.com\/blog\/wp-json\/wp\/v2\/media?parent=29521"}],"wp:term":[{"taxonomy":"category","embeddable":true,"href":"https:\/\/www.visit-ulcinj.com\/blog\/wp-json\/wp\/v2\/categories?post=29521"},{"taxonomy":"post_tag","embeddable":true,"href":"https:\/\/www.visit-ulcinj.com\/blog\/wp-json\/wp\/v2\/tags?post=29521"}],"curies":[{"name":"wp","href":"https:\/\/api.w.org\/{rel}","templated":true}]}}