{"id":29532,"date":"2010-01-17T21:34:06","date_gmt":"2010-01-17T19:34:06","guid":{"rendered":"http:\/\/www.visit-ulcinj.com\/blog\/?p=29532"},"modified":"2010-01-17T21:34:06","modified_gmt":"2010-01-17T19:34:06","slug":"permbyjtet-ne-mal-te-zi-qeveria-200-mije-euro-ndihme","status":"publish","type":"post","link":"https:\/\/www.visit-ulcinj.com\/blog\/2010\/01\/17\/permbyjtet-ne-mal-te-zi-qeveria-200-mije-euro-ndihme\/","title":{"rendered":"Permbyjtet ne Mal te Zi, qeveria 200 mije euro ndihme"},"content":{"rendered":"<p><span style=\"font-weight: bold;\"><a href=\"http:\/\/www.visit-ulcinj.com\/blog\/wp-content\/uploads\/2010\/01\/PERBYTJET-NE-BUN.jpg\"><img loading=\"lazy\" class=\"alignleft size-full wp-image-29533\" title=\"PERBYTJET NE BUN\" src=\"http:\/\/www.visit-ulcinj.com\/blog\/wp-content\/uploads\/2010\/01\/PERBYTJET-NE-BUN.jpg\" alt=\"PERBYTJET NE BUN\" width=\"364\" height=\"287\" srcset=\"https:\/\/www.visit-ulcinj.com\/blog\/wp-content\/uploads\/2010\/01\/PERBYTJET-NE-BUN.jpg 364w, https:\/\/www.visit-ulcinj.com\/blog\/wp-content\/uploads\/2010\/01\/PERBYTJET-NE-BUN-300x236.jpg 300w\" sizes=\"(max-width: 364px) 100vw, 364px\" \/><\/a>PODGORICE- <\/span>Moti me diell dhe ulja e dukshme e nivelit t\u00eb Bun\u00ebs ka b\u00ebr\u00eb q\u00eb dhe n\u00eb an\u00ebn tjet\u00ebr t\u00eb liqenit t\u00eb Shkodr\u00ebs, n\u00eb Mal t\u00eb Zi t\u00eb p\u00ebrmir\u00ebsohet situata e p\u00ebrmbytjeve. Mediat nga Ulqini informojn\u00eb se gjendja m\u00eb e mir\u00eb \u00ebsht\u00eb edhe n\u00eb Rijeka Crnojeviqa dhe n\u00eb Obod t\u00eb Liqenit t\u00eb Shkodr\u00ebs, n\u00eb Komun\u00ebn e Cetin\u00ebs dhe n\u00eb ishullin Ada.<br \/>\nMinistri i Turizmit t\u00eb qeveris\u00eb s\u00eb Malit t\u00eb Zi Predrag Nenezic zhvilloi dje nj\u00eb takim me kryetarin e Komun\u00ebs s\u00eb Ulqinit, G\u00ebzim Hajdinaga. Gjithashtu ai vizitoi ishullin Ada, dhe pa nga af\u00ebr d\u00ebmet e shkaktuar nga p\u00ebrmbytjet e dit\u00ebve t\u00eb fundit n\u00eb k\u00ebt\u00eb zon\u00eb.<br \/>\nMinistri Nenezic u premtoi familjeve t\u00eb p\u00ebrmbytura 200 mij\u00eb euro.<br \/>\nNga Qeveria \u00ebsht\u00eb paralajm\u00ebruar se jan\u00eb ndar\u00eb 200 mij\u00eb euro ndihm\u00eb intervenuese, kurse komisioni do t\u00eb vler\u00ebsoj\u00eb d\u00ebmet kur uji t\u00eb t\u00ebrhiqet plot\u00ebsisht. Nga 10 mij\u00eb euro ndihm\u00eb p\u00ebr rajonet e p\u00ebrmbytura, gjegj\u00ebsisht p\u00ebr komun\u00ebn urbane Gollubovci dhe komunat Cetin\u00eb e Ulqin, ka premtuar edhe Banka e Par\u00eb e Malit t\u00eb Zi- shkruaj mediat ne Ulqin.<br \/>\nInstituti i Sh\u00ebndetit Publik apelon p\u00ebrdorimin e ujrave t\u00eb ambalazhuar p\u00ebr shkak t\u00eb ujrave t\u00eb zeza q\u00eb n\u00eb rajonet e p\u00ebrmbytura kan\u00eb dal\u00eb n\u00eb sip\u00ebrfaqe.<br \/>\n<br style=\"font-weight: bold;\" \/><span style=\"font-weight: bold;\">(s.g\/BalkanWeb)<\/span><\/p>\n","protected":false},"excerpt":{"rendered":"<p>PODGORICE- Moti me diell dhe ulja e dukshme e nivelit t\u00eb Bun\u00ebs ka b\u00ebr\u00eb q\u00eb dhe n\u00eb an\u00ebn tjet\u00ebr t\u00eb liqenit t\u00eb Shkodr\u00ebs, n\u00eb Mal t\u00eb Zi t\u00eb p\u00ebrmir\u00ebsohet situata e p\u00ebrmbytjeve. Mediat nga Ulqini informojn\u00eb se gjendja m\u00eb e mir\u00eb \u00ebsht\u00eb edhe n\u00eb Rijeka Crnojeviqa dhe n\u00eb Obod t\u00eb Liqenit t\u00eb Shkodr\u00ebs, n\u00eb Komun\u00ebn [&hellip;]<\/p>\n","protected":false},"author":1,"featured_media":0,"comment_status":"open","ping_status":"closed","sticky":false,"template":"","format":"standard","meta":{"spay_email":"","jetpack_publicize_message":"","jetpack_is_tweetstorm":false,"jetpack_publicize_feature_enabled":true},"categories":[12],"tags":[509,18],"jetpack_publicize_connections":[],"yoast_head":"<!-- This site is optimized with the Yoast SEO plugin v19.1 - https:\/\/yoast.com\/wordpress\/plugins\/seo\/ -->\n<title>Permbyjtet ne Mal te Zi, qeveria 200 mije euro ndihme - Lajme nga Ulqini<\/title>\n<meta name=\"description\" content=\"PODGORICE- Moti me diell dhe ulja e dukshme e nivelit t\u00eb Bun\u00ebs ka b\u00ebr\u00eb q\u00eb dhe n\u00eb an\u00ebn tjet\u00ebr t\u00eb liqenit t\u00eb Shkodr\u00ebs, n\u00eb Mal t\u00eb Zi t\u00eb p\u00ebrmir\u00ebsohet situata\" \/>\n<meta name=\"robots\" content=\"index, follow, max-snippet:-1, max-image-preview:large, max-video-preview:-1\" \/>\n<link rel=\"canonical\" href=\"https:\/\/www.visit-ulcinj.com\/blog\/2010\/01\/17\/permbyjtet-ne-mal-te-zi-qeveria-200-mije-euro-ndihme\/\" \/>\n<meta property=\"og:locale\" content=\"en_US\" \/>\n<meta property=\"og:type\" content=\"article\" \/>\n<meta property=\"og:title\" content=\"Permbyjtet ne Mal te Zi, qeveria 200 mije euro ndihme - Lajme nga Ulqini\" \/>\n<meta property=\"og:description\" content=\"PODGORICE- Moti me diell dhe ulja e dukshme e nivelit t\u00eb Bun\u00ebs ka b\u00ebr\u00eb q\u00eb dhe n\u00eb an\u00ebn tjet\u00ebr t\u00eb liqenit t\u00eb Shkodr\u00ebs, n\u00eb Mal t\u00eb Zi t\u00eb p\u00ebrmir\u00ebsohet situata\" \/>\n<meta property=\"og:url\" content=\"https:\/\/www.visit-ulcinj.com\/blog\/2010\/01\/17\/permbyjtet-ne-mal-te-zi-qeveria-200-mije-euro-ndihme\/\" \/>\n<meta property=\"og:site_name\" content=\"Lajme nga Ulqini\" \/>\n<meta property=\"article:published_time\" content=\"2010-01-17T19:34:06+00:00\" \/>\n<meta property=\"og:image\" content=\"http:\/\/www.visit-ulcinj.com\/blog\/wp-content\/uploads\/2010\/01\/PERBYTJET-NE-BUN.jpg\" \/>\n<meta name=\"twitter:label1\" content=\"Written by\" \/>\n\t<meta name=\"twitter:data1\" content=\"ulqini\" \/>\n\t<meta name=\"twitter:label2\" content=\"Est. reading time\" \/>\n\t<meta name=\"twitter:data2\" content=\"1 minute\" \/>\n<script type=\"application\/ld+json\" class=\"yoast-schema-graph\">{\"@context\":\"https:\/\/schema.org\",\"@graph\":[{\"@type\":\"WebSite\",\"@id\":\"https:\/\/www.visit-ulcinj.com\/blog\/#website\",\"url\":\"https:\/\/www.visit-ulcinj.com\/blog\/\",\"name\":\"Lajme nga Ulqini\",\"description\":\"Lajme,Vijesti,Ulqini,Ulqin,Crna Gora,Mali i Zi\",\"potentialAction\":[{\"@type\":\"SearchAction\",\"target\":{\"@type\":\"EntryPoint\",\"urlTemplate\":\"https:\/\/www.visit-ulcinj.com\/blog\/?s={search_term_string}\"},\"query-input\":\"required name=search_term_string\"}],\"inLanguage\":\"en-US\"},{\"@type\":\"ImageObject\",\"inLanguage\":\"en-US\",\"@id\":\"https:\/\/www.visit-ulcinj.com\/blog\/2010\/01\/17\/permbyjtet-ne-mal-te-zi-qeveria-200-mije-euro-ndihme\/#primaryimage\",\"url\":\"https:\/\/www.visit-ulcinj.com\/blog\/wp-content\/uploads\/2010\/01\/PERBYTJET-NE-BUN.jpg\",\"contentUrl\":\"https:\/\/www.visit-ulcinj.com\/blog\/wp-content\/uploads\/2010\/01\/PERBYTJET-NE-BUN.jpg\",\"width\":\"364\",\"height\":\"287\"},{\"@type\":\"WebPage\",\"@id\":\"https:\/\/www.visit-ulcinj.com\/blog\/2010\/01\/17\/permbyjtet-ne-mal-te-zi-qeveria-200-mije-euro-ndihme\/#webpage\",\"url\":\"https:\/\/www.visit-ulcinj.com\/blog\/2010\/01\/17\/permbyjtet-ne-mal-te-zi-qeveria-200-mije-euro-ndihme\/\",\"name\":\"Permbyjtet ne Mal te Zi, qeveria 200 mije euro ndihme - Lajme nga Ulqini\",\"isPartOf\":{\"@id\":\"https:\/\/www.visit-ulcinj.com\/blog\/#website\"},\"primaryImageOfPage\":{\"@id\":\"https:\/\/www.visit-ulcinj.com\/blog\/2010\/01\/17\/permbyjtet-ne-mal-te-zi-qeveria-200-mije-euro-ndihme\/#primaryimage\"},\"datePublished\":\"2010-01-17T19:34:06+00:00\",\"dateModified\":\"2010-01-17T19:34:06+00:00\",\"author\":{\"@id\":\"https:\/\/www.visit-ulcinj.com\/blog\/#\/schema\/person\/dcab619c614d3038751c63bc2aadc06d\"},\"description\":\"PODGORICE- Moti me diell dhe ulja e dukshme e nivelit t\u00eb Bun\u00ebs ka b\u00ebr\u00eb q\u00eb dhe n\u00eb an\u00ebn tjet\u00ebr t\u00eb liqenit t\u00eb Shkodr\u00ebs, n\u00eb Mal t\u00eb Zi t\u00eb p\u00ebrmir\u00ebsohet situata\",\"breadcrumb\":{\"@id\":\"https:\/\/www.visit-ulcinj.com\/blog\/2010\/01\/17\/permbyjtet-ne-mal-te-zi-qeveria-200-mije-euro-ndihme\/#breadcrumb\"},\"inLanguage\":\"en-US\",\"potentialAction\":[{\"@type\":\"ReadAction\",\"target\":[\"https:\/\/www.visit-ulcinj.com\/blog\/2010\/01\/17\/permbyjtet-ne-mal-te-zi-qeveria-200-mije-euro-ndihme\/\"]}]},{\"@type\":\"BreadcrumbList\",\"@id\":\"https:\/\/www.visit-ulcinj.com\/blog\/2010\/01\/17\/permbyjtet-ne-mal-te-zi-qeveria-200-mije-euro-ndihme\/#breadcrumb\",\"itemListElement\":[{\"@type\":\"ListItem\",\"position\":1,\"name\":\"Permbyjtet ne Mal te Zi, qeveria 200 mije euro ndihme\"}]},{\"@type\":\"Person\",\"@id\":\"https:\/\/www.visit-ulcinj.com\/blog\/#\/schema\/person\/dcab619c614d3038751c63bc2aadc06d\",\"name\":\"ulqini\",\"sameAs\":[\"http:\/\/www.visit-ulcinj.com\"],\"url\":\"https:\/\/www.visit-ulcinj.com\/blog\/author\/admin\/\"}]}<\/script>\n<!-- \/ Yoast SEO plugin. -->","yoast_head_json":{"title":"Permbyjtet ne Mal te Zi, qeveria 200 mije euro ndihme - Lajme nga Ulqini","description":"PODGORICE- Moti me diell dhe ulja e dukshme e nivelit t\u00eb Bun\u00ebs ka b\u00ebr\u00eb q\u00eb dhe n\u00eb an\u00ebn tjet\u00ebr t\u00eb liqenit t\u00eb Shkodr\u00ebs, n\u00eb Mal t\u00eb Zi t\u00eb p\u00ebrmir\u00ebsohet situata","robots":{"index":"index","follow":"follow","max-snippet":"max-snippet:-1","max-image-preview":"max-image-preview:large","max-video-preview":"max-video-preview:-1"},"canonical":"https:\/\/www.visit-ulcinj.com\/blog\/2010\/01\/17\/permbyjtet-ne-mal-te-zi-qeveria-200-mije-euro-ndihme\/","og_locale":"en_US","og_type":"article","og_title":"Permbyjtet ne Mal te Zi, qeveria 200 mije euro ndihme - Lajme nga Ulqini","og_description":"PODGORICE- Moti me diell dhe ulja e dukshme e nivelit t\u00eb Bun\u00ebs ka b\u00ebr\u00eb q\u00eb dhe n\u00eb an\u00ebn tjet\u00ebr t\u00eb liqenit t\u00eb Shkodr\u00ebs, n\u00eb Mal t\u00eb Zi t\u00eb p\u00ebrmir\u00ebsohet situata","og_url":"https:\/\/www.visit-ulcinj.com\/blog\/2010\/01\/17\/permbyjtet-ne-mal-te-zi-qeveria-200-mije-euro-ndihme\/","og_site_name":"Lajme nga Ulqini","article_published_time":"2010-01-17T19:34:06+00:00","og_image":[{"url":"http:\/\/www.visit-ulcinj.com\/blog\/wp-content\/uploads\/2010\/01\/PERBYTJET-NE-BUN.jpg"}],"twitter_misc":{"Written by":"ulqini","Est. reading time":"1 minute"},"schema":{"@context":"https:\/\/schema.org","@graph":[{"@type":"WebSite","@id":"https:\/\/www.visit-ulcinj.com\/blog\/#website","url":"https:\/\/www.visit-ulcinj.com\/blog\/","name":"Lajme nga Ulqini","description":"Lajme,Vijesti,Ulqini,Ulqin,Crna Gora,Mali i Zi","potentialAction":[{"@type":"SearchAction","target":{"@type":"EntryPoint","urlTemplate":"https:\/\/www.visit-ulcinj.com\/blog\/?s={search_term_string}"},"query-input":"required name=search_term_string"}],"inLanguage":"en-US"},{"@type":"ImageObject","inLanguage":"en-US","@id":"https:\/\/www.visit-ulcinj.com\/blog\/2010\/01\/17\/permbyjtet-ne-mal-te-zi-qeveria-200-mije-euro-ndihme\/#primaryimage","url":"https:\/\/www.visit-ulcinj.com\/blog\/wp-content\/uploads\/2010\/01\/PERBYTJET-NE-BUN.jpg","contentUrl":"https:\/\/www.visit-ulcinj.com\/blog\/wp-content\/uploads\/2010\/01\/PERBYTJET-NE-BUN.jpg","width":"364","height":"287"},{"@type":"WebPage","@id":"https:\/\/www.visit-ulcinj.com\/blog\/2010\/01\/17\/permbyjtet-ne-mal-te-zi-qeveria-200-mije-euro-ndihme\/#webpage","url":"https:\/\/www.visit-ulcinj.com\/blog\/2010\/01\/17\/permbyjtet-ne-mal-te-zi-qeveria-200-mije-euro-ndihme\/","name":"Permbyjtet ne Mal te Zi, qeveria 200 mije euro ndihme - Lajme nga Ulqini","isPartOf":{"@id":"https:\/\/www.visit-ulcinj.com\/blog\/#website"},"primaryImageOfPage":{"@id":"https:\/\/www.visit-ulcinj.com\/blog\/2010\/01\/17\/permbyjtet-ne-mal-te-zi-qeveria-200-mije-euro-ndihme\/#primaryimage"},"datePublished":"2010-01-17T19:34:06+00:00","dateModified":"2010-01-17T19:34:06+00:00","author":{"@id":"https:\/\/www.visit-ulcinj.com\/blog\/#\/schema\/person\/dcab619c614d3038751c63bc2aadc06d"},"description":"PODGORICE- Moti me diell dhe ulja e dukshme e nivelit t\u00eb Bun\u00ebs ka b\u00ebr\u00eb q\u00eb dhe n\u00eb an\u00ebn tjet\u00ebr t\u00eb liqenit t\u00eb Shkodr\u00ebs, n\u00eb Mal t\u00eb Zi t\u00eb p\u00ebrmir\u00ebsohet situata","breadcrumb":{"@id":"https:\/\/www.visit-ulcinj.com\/blog\/2010\/01\/17\/permbyjtet-ne-mal-te-zi-qeveria-200-mije-euro-ndihme\/#breadcrumb"},"inLanguage":"en-US","potentialAction":[{"@type":"ReadAction","target":["https:\/\/www.visit-ulcinj.com\/blog\/2010\/01\/17\/permbyjtet-ne-mal-te-zi-qeveria-200-mije-euro-ndihme\/"]}]},{"@type":"BreadcrumbList","@id":"https:\/\/www.visit-ulcinj.com\/blog\/2010\/01\/17\/permbyjtet-ne-mal-te-zi-qeveria-200-mije-euro-ndihme\/#breadcrumb","itemListElement":[{"@type":"ListItem","position":1,"name":"Permbyjtet ne Mal te Zi, qeveria 200 mije euro ndihme"}]},{"@type":"Person","@id":"https:\/\/www.visit-ulcinj.com\/blog\/#\/schema\/person\/dcab619c614d3038751c63bc2aadc06d","name":"ulqini","sameAs":["http:\/\/www.visit-ulcinj.com"],"url":"https:\/\/www.visit-ulcinj.com\/blog\/author\/admin\/"}]}},"jetpack_featured_media_url":"","jetpack_sharing_enabled":true,"jetpack_shortlink":"https:\/\/wp.me\/pe6lTn-7Gk","_links":{"self":[{"href":"https:\/\/www.visit-ulcinj.com\/blog\/wp-json\/wp\/v2\/posts\/29532"}],"collection":[{"href":"https:\/\/www.visit-ulcinj.com\/blog\/wp-json\/wp\/v2\/posts"}],"about":[{"href":"https:\/\/www.visit-ulcinj.com\/blog\/wp-json\/wp\/v2\/types\/post"}],"author":[{"embeddable":true,"href":"https:\/\/www.visit-ulcinj.com\/blog\/wp-json\/wp\/v2\/users\/1"}],"replies":[{"embeddable":true,"href":"https:\/\/www.visit-ulcinj.com\/blog\/wp-json\/wp\/v2\/comments?post=29532"}],"version-history":[{"count":0,"href":"https:\/\/www.visit-ulcinj.com\/blog\/wp-json\/wp\/v2\/posts\/29532\/revisions"}],"wp:attachment":[{"href":"https:\/\/www.visit-ulcinj.com\/blog\/wp-json\/wp\/v2\/media?parent=29532"}],"wp:term":[{"taxonomy":"category","embeddable":true,"href":"https:\/\/www.visit-ulcinj.com\/blog\/wp-json\/wp\/v2\/categories?post=29532"},{"taxonomy":"post_tag","embeddable":true,"href":"https:\/\/www.visit-ulcinj.com\/blog\/wp-json\/wp\/v2\/tags?post=29532"}],"curies":[{"name":"wp","href":"https:\/\/api.w.org\/{rel}","templated":true}]}}