{"id":29545,"date":"2010-01-18T20:46:34","date_gmt":"2010-01-18T18:46:34","guid":{"rendered":"http:\/\/www.visit-ulcinj.com\/blog\/?p=29545"},"modified":"2010-01-19T21:29:49","modified_gmt":"2010-01-19T19:29:49","slug":"lament-nad-adom-nestaje-ostrvo-mirisa","status":"publish","type":"post","link":"https:\/\/www.visit-ulcinj.com\/blog\/2010\/01\/18\/lament-nad-adom-nestaje-ostrvo-mirisa\/","title":{"rendered":"Lament nad Adom: Nestaje ostrvo mirisa"},"content":{"rendered":"<p><a href=\"http:\/\/www.visit-ulcinj.com\/blog\/wp-content\/uploads\/2010\/01\/Ada-Bojana-pod-vodom.jpg\"><img loading=\"lazy\" class=\"alignleft size-full wp-image-29546\" title=\"Ada Bojana pod vodom\" src=\"http:\/\/www.visit-ulcinj.com\/blog\/wp-content\/uploads\/2010\/01\/Ada-Bojana-pod-vodom.jpg\" alt=\"Ada Bojana pod vodom\" width=\"580\" height=\"400\" \/><\/a>\u0160tete koju je vodena nepogoda proizvela na ulcinjskom podru?ju nikada ne?e biti ta?no procijenjene. To se u prvom redu odnosi na ubrzano nestajanje pla\u017ee na Adi. Sna\u017eni talasi juga, uz brzinu Bojane, odnijeli su dvadesetak metara pje\u0161?ane obale tako da je ona sada na pojedinim mjestima ne prelazi ni tri metra!<br \/>\nOd ku?ice u kojoj su se nekada izdavali suncobrani i pla\u017eni mobilijar ne vide se vi\u0161e ni temelji, a popularni \u201eDisko&#8221; je trajno o\u0161te?en i \u201epliva&#8221; u vodi. Kao i cijela Ada!<br \/>\nA taj se objekat prije 30 godina nalazio sto metara od mora. Da je proces nestajanja pla\u017ee dramati?no ubrzan svjedo?i ?injenica da je razdaljina od \u201eDiska&#8221; do mora lane iznosila 25 metara!<br \/>\nPotpisnik ovih redova mo\u017ee kazati da je jedan od posljednjih koji je do\u017eivio Adu: u\u017eivao na njenim pla\u017eama, divio se kristalno ?istom moru, gledao najljep\u0161i zalazak sunca na ovoj planeti, udisao mirise koje je taj rajski otok proizvodio.<br \/>\nSada je i on siroma\u0161niji. Ali, mi smo ono \u0161to pamtimo. Sje?anje je jedini raj iz kojeg ne mo\u017eemo biti istjerani.<\/p>\n<p><strong>Autor: Mustafa Canka<br \/>\nFOTO PRI?A (autor fotografija Mustafa Canka):<br \/>\n<a href=\"www.e-balkan.net\" target=\"_blank\">www.e-balkan.net<\/a><\/strong><br \/>\n<strong>\n\t\t<style type=\"text\/css\">\n\t\t\t#gallery-1 {\n\t\t\t\tmargin: auto;\n\t\t\t}\n\t\t\t#gallery-1 .gallery-item {\n\t\t\t\tfloat: left;\n\t\t\t\tmargin-top: 10px;\n\t\t\t\ttext-align: center;\n\t\t\t\twidth: 33%;\n\t\t\t}\n\t\t\t#gallery-1 img {\n\t\t\t\tborder: 2px solid #cfcfcf;\n\t\t\t}\n\t\t\t#gallery-1 .gallery-caption {\n\t\t\t\tmargin-left: 0;\n\t\t\t}\n\t\t\t\/* see gallery_shortcode() in wp-includes\/media.php *\/\n\t\t<\/style>\n\t\t<div id='gallery-1' class='gallery galleryid-29545 gallery-columns-3 gallery-size-thumbnail'><dl class='gallery-item'>\n\t\t\t<dt class='gallery-icon landscape'>\n\t\t\t\t<a href='https:\/\/www.visit-ulcinj.com\/blog\/wp-content\/uploads\/2010\/01\/Ada-Bojana-pod-vodom.jpg'><img width=\"150\" height=\"150\" src=\"https:\/\/www.visit-ulcinj.com\/blog\/wp-content\/uploads\/2010\/01\/Ada-Bojana-pod-vodom-150x150.jpg\" class=\"attachment-thumbnail size-thumbnail\" alt=\"\" loading=\"lazy\" \/><\/a>\n\t\t\t<\/dt><\/dl><dl class='gallery-item'>\n\t\t\t<dt class='gallery-icon landscape'>\n\t\t\t\t<a href='https:\/\/www.visit-ulcinj.com\/blog\/wp-content\/uploads\/2010\/01\/Popularni-Disko-u-vodi_ada-bojana.jpg'><img width=\"150\" height=\"150\" src=\"https:\/\/www.visit-ulcinj.com\/blog\/wp-content\/uploads\/2010\/01\/Popularni-Disko-u-vodi_ada-bojana-150x150.jpg\" class=\"attachment-thumbnail size-thumbnail\" alt=\"\" loading=\"lazy\" \/><\/a>\n\t\t\t<\/dt><\/dl><dl class='gallery-item'>\n\t\t\t<dt class='gallery-icon '>\n\t\t\t\t<a href='https:\/\/www.visit-ulcinj.com\/blog\/wp-content\/uploads\/2010\/01\/Vra\u00c4\u2021anje-normali-Ribar-na-Adi-Bojani.jpg'><img width=\"1\" height=\"1\" src=\"https:\/\/www.visit-ulcinj.com\/blog\/wp-content\/uploads\/2010\/01\/Vra\u00c4\u2021anje-normali-Ribar-na-Adi-Bojani.jpg\" class=\"attachment-thumbnail size-thumbnail\" alt=\"\" loading=\"lazy\" \/><\/a>\n\t\t\t<\/dt><\/dl><br style=\"clear: both\" \/>\n\t\t<\/div>\n<br \/>\n<\/strong><!--YouTube Error: bad URL entered--><\/p>\n","protected":false},"excerpt":{"rendered":"<p>\u0160tete koju je vodena nepogoda proizvela na ulcinjskom podru?ju nikada ne?e biti ta?no procijenjene. To se u prvom redu odnosi na ubrzano nestajanje pla\u017ee na Adi. Sna\u017eni talasi juga, uz brzinu Bojane, odnijeli su dvadesetak metara pje\u0161?ane obale tako da je ona sada na pojedinim mjestima ne prelazi ni tri metra! Od ku?ice u kojoj [&hellip;]<\/p>\n","protected":false},"author":1,"featured_media":0,"comment_status":"open","ping_status":"closed","sticky":false,"template":"","format":"standard","meta":{"spay_email":"","jetpack_publicize_message":"","jetpack_is_tweetstorm":false,"jetpack_publicize_feature_enabled":true},"categories":[8337],"tags":[13330,19],"jetpack_publicize_connections":[],"yoast_head":"<!-- This site is optimized with the Yoast SEO plugin v19.1 - https:\/\/yoast.com\/wordpress\/plugins\/seo\/ -->\n<title>Lament nad Adom: Nestaje ostrvo mirisa - Lajme nga Ulqini<\/title>\n<meta name=\"description\" content=\"\u0160tete koju je vodena nepogoda proizvela na ulcinjskom podru?ju nikada ne?e biti ta?no procijenjene. To se u prvom redu odnosi na ubrzano nestajanje pla\u017ee\" \/>\n<meta name=\"robots\" content=\"index, follow, max-snippet:-1, max-image-preview:large, max-video-preview:-1\" \/>\n<link rel=\"canonical\" href=\"https:\/\/www.visit-ulcinj.com\/blog\/2010\/01\/18\/lament-nad-adom-nestaje-ostrvo-mirisa\/\" \/>\n<meta property=\"og:locale\" content=\"en_US\" \/>\n<meta property=\"og:type\" content=\"article\" \/>\n<meta property=\"og:title\" content=\"Lament nad Adom: Nestaje ostrvo mirisa - Lajme nga Ulqini\" \/>\n<meta property=\"og:description\" content=\"\u0160tete koju je vodena nepogoda proizvela na ulcinjskom podru?ju nikada ne?e biti ta?no procijenjene. To se u prvom redu odnosi na ubrzano nestajanje pla\u017ee\" \/>\n<meta property=\"og:url\" content=\"https:\/\/www.visit-ulcinj.com\/blog\/2010\/01\/18\/lament-nad-adom-nestaje-ostrvo-mirisa\/\" \/>\n<meta property=\"og:site_name\" content=\"Lajme nga Ulqini\" \/>\n<meta property=\"article:published_time\" content=\"2010-01-18T18:46:34+00:00\" \/>\n<meta property=\"article:modified_time\" content=\"2010-01-19T19:29:49+00:00\" \/>\n<meta property=\"og:image\" content=\"https:\/\/www.visit-ulcinj.com\/blog\/wp-content\/uploads\/2010\/01\/Ada-Bojana-pod-vodom-150x150.jpg\" \/>\n<meta name=\"twitter:label1\" content=\"Written by\" \/>\n\t<meta name=\"twitter:data1\" content=\"ulqini\" \/>\n\t<meta name=\"twitter:label2\" content=\"Est. reading time\" \/>\n\t<meta name=\"twitter:data2\" content=\"1 minute\" \/>\n<script type=\"application\/ld+json\" class=\"yoast-schema-graph\">{\"@context\":\"https:\/\/schema.org\",\"@graph\":[{\"@type\":\"WebSite\",\"@id\":\"https:\/\/www.visit-ulcinj.com\/blog\/#website\",\"url\":\"https:\/\/www.visit-ulcinj.com\/blog\/\",\"name\":\"Lajme nga Ulqini\",\"description\":\"Lajme,Vijesti,Ulqini,Ulqin,Crna Gora,Mali i Zi\",\"potentialAction\":[{\"@type\":\"SearchAction\",\"target\":{\"@type\":\"EntryPoint\",\"urlTemplate\":\"https:\/\/www.visit-ulcinj.com\/blog\/?s={search_term_string}\"},\"query-input\":\"required name=search_term_string\"}],\"inLanguage\":\"en-US\"},{\"@type\":\"ImageObject\",\"inLanguage\":\"en-US\",\"@id\":\"https:\/\/www.visit-ulcinj.com\/blog\/2010\/01\/18\/lament-nad-adom-nestaje-ostrvo-mirisa\/#primaryimage\",\"url\":\"https:\/\/www.visit-ulcinj.com\/blog\/wp-content\/uploads\/2010\/01\/Ada-Bojana-pod-vodom.jpg\",\"contentUrl\":\"https:\/\/www.visit-ulcinj.com\/blog\/wp-content\/uploads\/2010\/01\/Ada-Bojana-pod-vodom.jpg\",\"width\":\"640\",\"height\":\"480\"},{\"@type\":\"WebPage\",\"@id\":\"https:\/\/www.visit-ulcinj.com\/blog\/2010\/01\/18\/lament-nad-adom-nestaje-ostrvo-mirisa\/#webpage\",\"url\":\"https:\/\/www.visit-ulcinj.com\/blog\/2010\/01\/18\/lament-nad-adom-nestaje-ostrvo-mirisa\/\",\"name\":\"Lament nad Adom: Nestaje ostrvo mirisa - Lajme nga Ulqini\",\"isPartOf\":{\"@id\":\"https:\/\/www.visit-ulcinj.com\/blog\/#website\"},\"primaryImageOfPage\":{\"@id\":\"https:\/\/www.visit-ulcinj.com\/blog\/2010\/01\/18\/lament-nad-adom-nestaje-ostrvo-mirisa\/#primaryimage\"},\"datePublished\":\"2010-01-18T18:46:34+00:00\",\"dateModified\":\"2010-01-19T19:29:49+00:00\",\"author\":{\"@id\":\"https:\/\/www.visit-ulcinj.com\/blog\/#\/schema\/person\/dcab619c614d3038751c63bc2aadc06d\"},\"description\":\"\u0160tete koju je vodena nepogoda proizvela na ulcinjskom podru?ju nikada ne?e biti ta?no procijenjene. To se u prvom redu odnosi na ubrzano nestajanje pla\u017ee\",\"breadcrumb\":{\"@id\":\"https:\/\/www.visit-ulcinj.com\/blog\/2010\/01\/18\/lament-nad-adom-nestaje-ostrvo-mirisa\/#breadcrumb\"},\"inLanguage\":\"en-US\",\"potentialAction\":[{\"@type\":\"ReadAction\",\"target\":[\"https:\/\/www.visit-ulcinj.com\/blog\/2010\/01\/18\/lament-nad-adom-nestaje-ostrvo-mirisa\/\"]}]},{\"@type\":\"BreadcrumbList\",\"@id\":\"https:\/\/www.visit-ulcinj.com\/blog\/2010\/01\/18\/lament-nad-adom-nestaje-ostrvo-mirisa\/#breadcrumb\",\"itemListElement\":[{\"@type\":\"ListItem\",\"position\":1,\"name\":\"Lament nad Adom: Nestaje ostrvo mirisa\"}]},{\"@type\":\"Person\",\"@id\":\"https:\/\/www.visit-ulcinj.com\/blog\/#\/schema\/person\/dcab619c614d3038751c63bc2aadc06d\",\"name\":\"ulqini\",\"sameAs\":[\"http:\/\/www.visit-ulcinj.com\"],\"url\":\"https:\/\/www.visit-ulcinj.com\/blog\/author\/admin\/\"}]}<\/script>\n<!-- \/ Yoast SEO plugin. -->","yoast_head_json":{"title":"Lament nad Adom: Nestaje ostrvo mirisa - Lajme nga Ulqini","description":"\u0160tete koju je vodena nepogoda proizvela na ulcinjskom podru?ju nikada ne?e biti ta?no procijenjene. To se u prvom redu odnosi na ubrzano nestajanje pla\u017ee","robots":{"index":"index","follow":"follow","max-snippet":"max-snippet:-1","max-image-preview":"max-image-preview:large","max-video-preview":"max-video-preview:-1"},"canonical":"https:\/\/www.visit-ulcinj.com\/blog\/2010\/01\/18\/lament-nad-adom-nestaje-ostrvo-mirisa\/","og_locale":"en_US","og_type":"article","og_title":"Lament nad Adom: Nestaje ostrvo mirisa - Lajme nga Ulqini","og_description":"\u0160tete koju je vodena nepogoda proizvela na ulcinjskom podru?ju nikada ne?e biti ta?no procijenjene. To se u prvom redu odnosi na ubrzano nestajanje pla\u017ee","og_url":"https:\/\/www.visit-ulcinj.com\/blog\/2010\/01\/18\/lament-nad-adom-nestaje-ostrvo-mirisa\/","og_site_name":"Lajme nga Ulqini","article_published_time":"2010-01-18T18:46:34+00:00","article_modified_time":"2010-01-19T19:29:49+00:00","og_image":[{"url":"https:\/\/www.visit-ulcinj.com\/blog\/wp-content\/uploads\/2010\/01\/Ada-Bojana-pod-vodom-150x150.jpg"}],"twitter_misc":{"Written by":"ulqini","Est. reading time":"1 minute"},"schema":{"@context":"https:\/\/schema.org","@graph":[{"@type":"WebSite","@id":"https:\/\/www.visit-ulcinj.com\/blog\/#website","url":"https:\/\/www.visit-ulcinj.com\/blog\/","name":"Lajme nga Ulqini","description":"Lajme,Vijesti,Ulqini,Ulqin,Crna Gora,Mali i Zi","potentialAction":[{"@type":"SearchAction","target":{"@type":"EntryPoint","urlTemplate":"https:\/\/www.visit-ulcinj.com\/blog\/?s={search_term_string}"},"query-input":"required name=search_term_string"}],"inLanguage":"en-US"},{"@type":"ImageObject","inLanguage":"en-US","@id":"https:\/\/www.visit-ulcinj.com\/blog\/2010\/01\/18\/lament-nad-adom-nestaje-ostrvo-mirisa\/#primaryimage","url":"https:\/\/www.visit-ulcinj.com\/blog\/wp-content\/uploads\/2010\/01\/Ada-Bojana-pod-vodom.jpg","contentUrl":"https:\/\/www.visit-ulcinj.com\/blog\/wp-content\/uploads\/2010\/01\/Ada-Bojana-pod-vodom.jpg","width":"640","height":"480"},{"@type":"WebPage","@id":"https:\/\/www.visit-ulcinj.com\/blog\/2010\/01\/18\/lament-nad-adom-nestaje-ostrvo-mirisa\/#webpage","url":"https:\/\/www.visit-ulcinj.com\/blog\/2010\/01\/18\/lament-nad-adom-nestaje-ostrvo-mirisa\/","name":"Lament nad Adom: Nestaje ostrvo mirisa - Lajme nga Ulqini","isPartOf":{"@id":"https:\/\/www.visit-ulcinj.com\/blog\/#website"},"primaryImageOfPage":{"@id":"https:\/\/www.visit-ulcinj.com\/blog\/2010\/01\/18\/lament-nad-adom-nestaje-ostrvo-mirisa\/#primaryimage"},"datePublished":"2010-01-18T18:46:34+00:00","dateModified":"2010-01-19T19:29:49+00:00","author":{"@id":"https:\/\/www.visit-ulcinj.com\/blog\/#\/schema\/person\/dcab619c614d3038751c63bc2aadc06d"},"description":"\u0160tete koju je vodena nepogoda proizvela na ulcinjskom podru?ju nikada ne?e biti ta?no procijenjene. To se u prvom redu odnosi na ubrzano nestajanje pla\u017ee","breadcrumb":{"@id":"https:\/\/www.visit-ulcinj.com\/blog\/2010\/01\/18\/lament-nad-adom-nestaje-ostrvo-mirisa\/#breadcrumb"},"inLanguage":"en-US","potentialAction":[{"@type":"ReadAction","target":["https:\/\/www.visit-ulcinj.com\/blog\/2010\/01\/18\/lament-nad-adom-nestaje-ostrvo-mirisa\/"]}]},{"@type":"BreadcrumbList","@id":"https:\/\/www.visit-ulcinj.com\/blog\/2010\/01\/18\/lament-nad-adom-nestaje-ostrvo-mirisa\/#breadcrumb","itemListElement":[{"@type":"ListItem","position":1,"name":"Lament nad Adom: Nestaje ostrvo mirisa"}]},{"@type":"Person","@id":"https:\/\/www.visit-ulcinj.com\/blog\/#\/schema\/person\/dcab619c614d3038751c63bc2aadc06d","name":"ulqini","sameAs":["http:\/\/www.visit-ulcinj.com"],"url":"https:\/\/www.visit-ulcinj.com\/blog\/author\/admin\/"}]}},"jetpack_featured_media_url":"","jetpack_sharing_enabled":true,"jetpack_shortlink":"https:\/\/wp.me\/pe6lTn-7Gx","_links":{"self":[{"href":"https:\/\/www.visit-ulcinj.com\/blog\/wp-json\/wp\/v2\/posts\/29545"}],"collection":[{"href":"https:\/\/www.visit-ulcinj.com\/blog\/wp-json\/wp\/v2\/posts"}],"about":[{"href":"https:\/\/www.visit-ulcinj.com\/blog\/wp-json\/wp\/v2\/types\/post"}],"author":[{"embeddable":true,"href":"https:\/\/www.visit-ulcinj.com\/blog\/wp-json\/wp\/v2\/users\/1"}],"replies":[{"embeddable":true,"href":"https:\/\/www.visit-ulcinj.com\/blog\/wp-json\/wp\/v2\/comments?post=29545"}],"version-history":[{"count":0,"href":"https:\/\/www.visit-ulcinj.com\/blog\/wp-json\/wp\/v2\/posts\/29545\/revisions"}],"wp:attachment":[{"href":"https:\/\/www.visit-ulcinj.com\/blog\/wp-json\/wp\/v2\/media?parent=29545"}],"wp:term":[{"taxonomy":"category","embeddable":true,"href":"https:\/\/www.visit-ulcinj.com\/blog\/wp-json\/wp\/v2\/categories?post=29545"},{"taxonomy":"post_tag","embeddable":true,"href":"https:\/\/www.visit-ulcinj.com\/blog\/wp-json\/wp\/v2\/tags?post=29545"}],"curies":[{"name":"wp","href":"https:\/\/api.w.org\/{rel}","templated":true}]}}