{"id":29551,"date":"2010-01-18T21:18:31","date_gmt":"2010-01-18T19:18:31","guid":{"rendered":"http:\/\/www.visit-ulcinj.com\/blog\/?p=29551"},"modified":"2010-01-18T21:18:31","modified_gmt":"2010-01-18T19:18:31","slug":"nora-istrefi-me-nje-klip-si-te-tunes","status":"publish","type":"post","link":"https:\/\/www.visit-ulcinj.com\/blog\/2010\/01\/18\/nora-istrefi-me-nje-klip-si-te-tunes\/","title":{"rendered":"Nora Istrefi me nj\u00eb klip si t\u00eb Tun\u00ebs"},"content":{"rendered":"<p><a href=\"http:\/\/www.visit-ulcinj.com\/blog\/wp-content\/uploads\/2010\/01\/Nora-Istrefi.jpg\"><img loading=\"lazy\" class=\"alignleft size-full wp-image-29552\" title=\"Nora Istrefi\" src=\"http:\/\/www.visit-ulcinj.com\/blog\/wp-content\/uploads\/2010\/01\/Nora-Istrefi.jpg\" alt=\"Nora Istrefi\" width=\"580\" height=\"347\" \/><\/a>\u201cSekret\u201d titullohet k\u00ebnga m\u00eb e re e Nora Istrefit.\u00a0 K\u00ebng\u00ebtarja ishte shum\u00eb e suksesshme gjat\u00eb vitit q\u00eb e lam\u00eb pas. K\u00ebto dit\u00eb, ajo sapo ka lan\u00e7uar n\u00eb treg k\u00ebng\u00ebn dhe videoklipin m\u00eb t\u00eb ri. Kjo k\u00ebng\u00eb, sipas Nor\u00ebs ka nj\u00eb tematik\u00eb dashurie, me nj\u00eb realitet q\u00eb po ndodh n\u00eb shoq\u00ebrin\u00eb ton\u00eb. P\u00ebr m\u00eb shum\u00eb rreth p\u00ebrgatitjes s\u00eb k\u00ebng\u00ebs dhe videoklipit, ajo thekson: \u201cBesoj se k\u00ebnga do t\u00eb p\u00eblqehet n\u00eb publik, meqen\u00ebse kemi punuar shum\u00eb p\u00ebr t\u00eb. Vlen t\u00eb ceket bashk\u00ebpunimi i mir\u00eb me Florin dhe Enisin, pasi arrit\u00ebm t\u00eb realizojm\u00eb nj\u00eb k\u00ebng\u00eb t\u00eb mir\u00eb p\u00ebr adhuruesit e mi. K\u00ebng\u00ebn \u201cSekret\u201d e kam realizuar n\u00eb fund t\u00eb muajit dhjetor t\u00eb vitit 2009 dhe e nxorra n\u00eb treg pik\u00ebrisht tani.<br \/>\nMe k\u00ebt\u00eb k\u00ebng\u00eb jam paraqitur edhe n\u00eb programet e Vitit t\u00eb Ri dhe besoj se ia kam arritur ta nxjerr n\u00eb koh\u00ebn e duhur. K\u00ebng\u00ebn e kam p\u00ebrgatitur me Florin, i cili e ka b\u00ebr\u00eb tekstin dhe kompozimin e k\u00ebng\u00ebs, nd\u00ebrsa aranzhimin e ka realizuar Enis Presheva. K\u00ebnga p\u00ebrmban nj\u00eb tekst me tematik\u00eb dashurie, nj\u00eb tekst lirik, jo monotone, q\u00eb mund t\u00eb prek\u00eb \u00e7do vesh d\u00ebgjuesi\u201d, thot\u00eb k\u00ebng\u00ebtarja. Ajo po ec\u00ebn e sigurt\u00eb n\u00eb karrier\u00ebn e saj dhe deri m\u00eb tani ka realizuar shum\u00eb videoklipe. \u201cParimet e mia jan\u00eb q\u00eb \u00e7do k\u00ebng\u00eb ta nxjerr n\u00eb treg edhe me videoklip. Po ashtu, edhe k\u00ebsaj k\u00ebnge ia kam p\u00ebrgatitur videospotin, t\u00eb cilin e p\u00ebrgatita n\u00eb Shkup.<br \/>\n\u00cbsht\u00eb e v\u00ebrtet\u00eb se n\u00eb klip dukem me nj\u00eb pamje pak m\u00eb ndryshe, d\u00ebshir\u00eb e imja \u00ebsht\u00eb q\u00eb n\u00eb klipe t\u00eb eksperimentoj me paraqitje t\u00eb reja dhe besoj se ia kam arritur. Gjithnj\u00eb mundohem t\u00eb dukem ndryshe nga secili klip, ngase vet\u00eb adhuruesit preferojn\u00eb q\u00eb n\u00eb secilin spot t\u00eb dukem me stil dhe dukje t\u00eb ve\u00e7ant\u00eb\u201d. Klipi \u00ebsht\u00eb punuar n\u00ebn regjin\u00eb e Dejan Milicevic, nd\u00ebrkoh\u00eb n\u00eb disa skena ngjason pak n\u00eb klipin e Tun\u00ebs \u201cE boj nxeht\u00eb\u201d. Leht\u00eb mund t\u00eb shihen modelet duke vall\u00ebzuar, por edhe k\u00ebng\u00ebtarja me l\u00ebvizje ritmike, l\u00ebvizje k\u00ebto t\u00eb cilat nuk jemi m\u00ebsuar t\u2019i shohim n\u00ebp\u00ebr klipe t\u00eb tjera t\u00eb saj. Edhe ngjyrat e klipit jan\u00eb t\u00eb ngjashme meq\u00eb jan\u00eb punuar nga i nj\u00ebjti regjisor. Sa i p\u00ebrket pamjes s\u00eb k\u00ebng\u00ebtares, Nora duket m\u00eb estravagante dhe me veshje shum\u00eb seksi.<br \/>\n\u201cNatyrisht, shpenzoj shum\u00eb p\u00ebr t\u2019u dukur sa m\u00eb bukur n\u00eb \u00e7do projekt timin. Shumat p\u00ebr t\u00eb realizuar nj\u00eb k\u00ebng\u00eb apo videoklip jan\u00eb marramend\u00ebse, por me mund dhe p\u00ebrpjekje ia dal. Fal\u00eb publikut tim kam arritur deri k\u00ebtu ku jam dhe i fal\u00ebnderoj t\u00eb gjith\u00eb ata q\u00eb m\u00eb p\u00ebrkrahin\u201d. Sa u p\u00ebrket planeve t\u00eb reja n\u00eb vitin 2010, Nora tregon: \u201cNga viti q\u00eb sapo e filluam pres t\u00eb punoj edhe m\u00eb shum\u00eb k\u00ebng\u00eb t\u00eb reja, ngaq\u00eb n\u00eb vitin 2009 nuk kam qen\u00eb edhe aq aktive me projekte t\u00eb reja, kam dashur q\u00eb ta shijoj k\u00ebng\u00ebn \u201cVet\u00ebm mua\u201d p\u00ebr disa muaj me radh\u00eb. Dhe, n\u00eb fund t\u00eb muajit dhjetor, vendosa t\u00eb nxjerr n\u00eb treg edhe nj\u00eb k\u00ebng\u00eb t\u00eb re, me t\u00eb cil\u00ebn u prezantova edhe n\u00eb programet festive t\u00eb vitit t\u00eb ri. Natyrisht, pres suksese t\u00eb vazhdueshme n\u00ebp\u00ebr koncerte e turne brenda dhe jasht\u00eb vendit edhe gjat\u00eb vitit 2010\u201d. Nd\u00ebrsa sa i p\u00ebrket ceremonis\u00eb martesore, k\u00ebng\u00ebtarja edhe sivjet do t\u00eb shijoj\u00eb lidhjen e dashuris\u00eb vet\u00ebm n\u00eb fejes\u00eb dhe \u00e7ifti nuk ka nd\u00ebrmend t\u00eb nd\u00ebrrmarr\u00eb hapin drejt martes\u00ebs: \u201cJo, martes\u00eb nuk pres n\u00eb vitin 2010, sepse nuk i kam mbushur ende t\u00eb 24-at dhe besoj se ende ka koh\u00eb.<\/p>\n<p><strong>PanoramaPlus<br \/>\n<br \/>\n<\/strong><!--YouTube Error: bad URL entered--><\/p>\n","protected":false},"excerpt":{"rendered":"<p>\u201cSekret\u201d titullohet k\u00ebnga m\u00eb e re e Nora Istrefit.\u00a0 K\u00ebng\u00ebtarja ishte shum\u00eb e suksesshme gjat\u00eb vitit q\u00eb e lam\u00eb pas. K\u00ebto dit\u00eb, ajo sapo ka lan\u00e7uar n\u00eb treg k\u00ebng\u00ebn dhe videoklipin m\u00eb t\u00eb ri. Kjo k\u00ebng\u00eb, sipas Nor\u00ebs ka nj\u00eb tematik\u00eb dashurie, me nj\u00eb realitet q\u00eb po ndodh n\u00eb shoq\u00ebrin\u00eb ton\u00eb. P\u00ebr m\u00eb shum\u00eb rreth [&hellip;]<\/p>\n","protected":false},"author":1,"featured_media":0,"comment_status":"open","ping_status":"closed","sticky":false,"template":"","format":"standard","meta":{"spay_email":"","jetpack_publicize_message":"","jetpack_is_tweetstorm":false,"jetpack_publicize_feature_enabled":true},"categories":[1],"tags":[4939],"jetpack_publicize_connections":[],"yoast_head":"<!-- This site is optimized with the Yoast SEO plugin v19.1 - https:\/\/yoast.com\/wordpress\/plugins\/seo\/ -->\n<title>Nora Istrefi me nj\u00eb klip si t\u00eb Tun\u00ebs - Lajme nga Ulqini<\/title>\n<meta name=\"description\" content=\"\u201cSekret\u201d titullohet k\u00ebnga m\u00eb e re e Nora Istrefit.\u00a0 K\u00ebng\u00ebtarja ishte shum\u00eb e suksesshme gjat\u00eb vitit q\u00eb e lam\u00eb pas. K\u00ebto dit\u00eb, ajo sapo ka lan\u00e7uar n\u00eb treg\" \/>\n<meta name=\"robots\" content=\"index, follow, max-snippet:-1, max-image-preview:large, max-video-preview:-1\" \/>\n<link rel=\"canonical\" href=\"https:\/\/www.visit-ulcinj.com\/blog\/2010\/01\/18\/nora-istrefi-me-nje-klip-si-te-tunes\/\" \/>\n<meta property=\"og:locale\" content=\"en_US\" \/>\n<meta property=\"og:type\" content=\"article\" \/>\n<meta property=\"og:title\" content=\"Nora Istrefi me nj\u00eb klip si t\u00eb Tun\u00ebs - Lajme nga Ulqini\" \/>\n<meta property=\"og:description\" content=\"\u201cSekret\u201d titullohet k\u00ebnga m\u00eb e re e Nora Istrefit.\u00a0 K\u00ebng\u00ebtarja ishte shum\u00eb e suksesshme gjat\u00eb vitit q\u00eb e lam\u00eb pas. K\u00ebto dit\u00eb, ajo sapo ka lan\u00e7uar n\u00eb treg\" \/>\n<meta property=\"og:url\" content=\"https:\/\/www.visit-ulcinj.com\/blog\/2010\/01\/18\/nora-istrefi-me-nje-klip-si-te-tunes\/\" \/>\n<meta property=\"og:site_name\" content=\"Lajme nga Ulqini\" \/>\n<meta property=\"article:published_time\" content=\"2010-01-18T19:18:31+00:00\" \/>\n<meta property=\"og:image\" content=\"https:\/\/www.visit-ulcinj.com\/blog\/wp-content\/uploads\/2010\/01\/Nora-Istrefi-150x150.jpg\" \/>\n<meta name=\"twitter:label1\" content=\"Written by\" \/>\n\t<meta name=\"twitter:data1\" content=\"ulqini\" \/>\n\t<meta name=\"twitter:label2\" content=\"Est. reading time\" \/>\n\t<meta name=\"twitter:data2\" content=\"3 minutes\" \/>\n<script type=\"application\/ld+json\" class=\"yoast-schema-graph\">{\"@context\":\"https:\/\/schema.org\",\"@graph\":[{\"@type\":\"WebSite\",\"@id\":\"https:\/\/www.visit-ulcinj.com\/blog\/#website\",\"url\":\"https:\/\/www.visit-ulcinj.com\/blog\/\",\"name\":\"Lajme nga Ulqini\",\"description\":\"Lajme,Vijesti,Ulqini,Ulqin,Crna Gora,Mali i Zi\",\"potentialAction\":[{\"@type\":\"SearchAction\",\"target\":{\"@type\":\"EntryPoint\",\"urlTemplate\":\"https:\/\/www.visit-ulcinj.com\/blog\/?s={search_term_string}\"},\"query-input\":\"required name=search_term_string\"}],\"inLanguage\":\"en-US\"},{\"@type\":\"ImageObject\",\"inLanguage\":\"en-US\",\"@id\":\"https:\/\/www.visit-ulcinj.com\/blog\/2010\/01\/18\/nora-istrefi-me-nje-klip-si-te-tunes\/#primaryimage\",\"url\":\"http:\/\/www.visit-ulcinj.com\/blog\/wp-content\/uploads\/2010\/01\/Nora-Istrefi.jpg\",\"contentUrl\":\"http:\/\/www.visit-ulcinj.com\/blog\/wp-content\/uploads\/2010\/01\/Nora-Istrefi.jpg\"},{\"@type\":\"WebPage\",\"@id\":\"https:\/\/www.visit-ulcinj.com\/blog\/2010\/01\/18\/nora-istrefi-me-nje-klip-si-te-tunes\/#webpage\",\"url\":\"https:\/\/www.visit-ulcinj.com\/blog\/2010\/01\/18\/nora-istrefi-me-nje-klip-si-te-tunes\/\",\"name\":\"Nora Istrefi me nj\u00eb klip si t\u00eb Tun\u00ebs - Lajme nga Ulqini\",\"isPartOf\":{\"@id\":\"https:\/\/www.visit-ulcinj.com\/blog\/#website\"},\"primaryImageOfPage\":{\"@id\":\"https:\/\/www.visit-ulcinj.com\/blog\/2010\/01\/18\/nora-istrefi-me-nje-klip-si-te-tunes\/#primaryimage\"},\"datePublished\":\"2010-01-18T19:18:31+00:00\",\"dateModified\":\"2010-01-18T19:18:31+00:00\",\"author\":{\"@id\":\"https:\/\/www.visit-ulcinj.com\/blog\/#\/schema\/person\/dcab619c614d3038751c63bc2aadc06d\"},\"description\":\"\u201cSekret\u201d titullohet k\u00ebnga m\u00eb e re e Nora Istrefit.\u00a0 K\u00ebng\u00ebtarja ishte shum\u00eb e suksesshme gjat\u00eb vitit q\u00eb e lam\u00eb pas. K\u00ebto dit\u00eb, ajo sapo ka lan\u00e7uar n\u00eb treg\",\"breadcrumb\":{\"@id\":\"https:\/\/www.visit-ulcinj.com\/blog\/2010\/01\/18\/nora-istrefi-me-nje-klip-si-te-tunes\/#breadcrumb\"},\"inLanguage\":\"en-US\",\"potentialAction\":[{\"@type\":\"ReadAction\",\"target\":[\"https:\/\/www.visit-ulcinj.com\/blog\/2010\/01\/18\/nora-istrefi-me-nje-klip-si-te-tunes\/\"]}]},{\"@type\":\"BreadcrumbList\",\"@id\":\"https:\/\/www.visit-ulcinj.com\/blog\/2010\/01\/18\/nora-istrefi-me-nje-klip-si-te-tunes\/#breadcrumb\",\"itemListElement\":[{\"@type\":\"ListItem\",\"position\":1,\"name\":\"Nora Istrefi me nj\u00eb klip si t\u00eb Tun\u00ebs\"}]},{\"@type\":\"Person\",\"@id\":\"https:\/\/www.visit-ulcinj.com\/blog\/#\/schema\/person\/dcab619c614d3038751c63bc2aadc06d\",\"name\":\"ulqini\",\"sameAs\":[\"http:\/\/www.visit-ulcinj.com\"],\"url\":\"https:\/\/www.visit-ulcinj.com\/blog\/author\/admin\/\"}]}<\/script>\n<!-- \/ Yoast SEO plugin. -->","yoast_head_json":{"title":"Nora Istrefi me nj\u00eb klip si t\u00eb Tun\u00ebs - Lajme nga Ulqini","description":"\u201cSekret\u201d titullohet k\u00ebnga m\u00eb e re e Nora Istrefit.\u00a0 K\u00ebng\u00ebtarja ishte shum\u00eb e suksesshme gjat\u00eb vitit q\u00eb e lam\u00eb pas. K\u00ebto dit\u00eb, ajo sapo ka lan\u00e7uar n\u00eb treg","robots":{"index":"index","follow":"follow","max-snippet":"max-snippet:-1","max-image-preview":"max-image-preview:large","max-video-preview":"max-video-preview:-1"},"canonical":"https:\/\/www.visit-ulcinj.com\/blog\/2010\/01\/18\/nora-istrefi-me-nje-klip-si-te-tunes\/","og_locale":"en_US","og_type":"article","og_title":"Nora Istrefi me nj\u00eb klip si t\u00eb Tun\u00ebs - Lajme nga Ulqini","og_description":"\u201cSekret\u201d titullohet k\u00ebnga m\u00eb e re e Nora Istrefit.\u00a0 K\u00ebng\u00ebtarja ishte shum\u00eb e suksesshme gjat\u00eb vitit q\u00eb e lam\u00eb pas. K\u00ebto dit\u00eb, ajo sapo ka lan\u00e7uar n\u00eb treg","og_url":"https:\/\/www.visit-ulcinj.com\/blog\/2010\/01\/18\/nora-istrefi-me-nje-klip-si-te-tunes\/","og_site_name":"Lajme nga Ulqini","article_published_time":"2010-01-18T19:18:31+00:00","og_image":[{"url":"https:\/\/www.visit-ulcinj.com\/blog\/wp-content\/uploads\/2010\/01\/Nora-Istrefi-150x150.jpg"}],"twitter_misc":{"Written by":"ulqini","Est. reading time":"3 minutes"},"schema":{"@context":"https:\/\/schema.org","@graph":[{"@type":"WebSite","@id":"https:\/\/www.visit-ulcinj.com\/blog\/#website","url":"https:\/\/www.visit-ulcinj.com\/blog\/","name":"Lajme nga Ulqini","description":"Lajme,Vijesti,Ulqini,Ulqin,Crna Gora,Mali i Zi","potentialAction":[{"@type":"SearchAction","target":{"@type":"EntryPoint","urlTemplate":"https:\/\/www.visit-ulcinj.com\/blog\/?s={search_term_string}"},"query-input":"required name=search_term_string"}],"inLanguage":"en-US"},{"@type":"ImageObject","inLanguage":"en-US","@id":"https:\/\/www.visit-ulcinj.com\/blog\/2010\/01\/18\/nora-istrefi-me-nje-klip-si-te-tunes\/#primaryimage","url":"http:\/\/www.visit-ulcinj.com\/blog\/wp-content\/uploads\/2010\/01\/Nora-Istrefi.jpg","contentUrl":"http:\/\/www.visit-ulcinj.com\/blog\/wp-content\/uploads\/2010\/01\/Nora-Istrefi.jpg"},{"@type":"WebPage","@id":"https:\/\/www.visit-ulcinj.com\/blog\/2010\/01\/18\/nora-istrefi-me-nje-klip-si-te-tunes\/#webpage","url":"https:\/\/www.visit-ulcinj.com\/blog\/2010\/01\/18\/nora-istrefi-me-nje-klip-si-te-tunes\/","name":"Nora Istrefi me nj\u00eb klip si t\u00eb Tun\u00ebs - Lajme nga Ulqini","isPartOf":{"@id":"https:\/\/www.visit-ulcinj.com\/blog\/#website"},"primaryImageOfPage":{"@id":"https:\/\/www.visit-ulcinj.com\/blog\/2010\/01\/18\/nora-istrefi-me-nje-klip-si-te-tunes\/#primaryimage"},"datePublished":"2010-01-18T19:18:31+00:00","dateModified":"2010-01-18T19:18:31+00:00","author":{"@id":"https:\/\/www.visit-ulcinj.com\/blog\/#\/schema\/person\/dcab619c614d3038751c63bc2aadc06d"},"description":"\u201cSekret\u201d titullohet k\u00ebnga m\u00eb e re e Nora Istrefit.\u00a0 K\u00ebng\u00ebtarja ishte shum\u00eb e suksesshme gjat\u00eb vitit q\u00eb e lam\u00eb pas. K\u00ebto dit\u00eb, ajo sapo ka lan\u00e7uar n\u00eb treg","breadcrumb":{"@id":"https:\/\/www.visit-ulcinj.com\/blog\/2010\/01\/18\/nora-istrefi-me-nje-klip-si-te-tunes\/#breadcrumb"},"inLanguage":"en-US","potentialAction":[{"@type":"ReadAction","target":["https:\/\/www.visit-ulcinj.com\/blog\/2010\/01\/18\/nora-istrefi-me-nje-klip-si-te-tunes\/"]}]},{"@type":"BreadcrumbList","@id":"https:\/\/www.visit-ulcinj.com\/blog\/2010\/01\/18\/nora-istrefi-me-nje-klip-si-te-tunes\/#breadcrumb","itemListElement":[{"@type":"ListItem","position":1,"name":"Nora Istrefi me nj\u00eb klip si t\u00eb Tun\u00ebs"}]},{"@type":"Person","@id":"https:\/\/www.visit-ulcinj.com\/blog\/#\/schema\/person\/dcab619c614d3038751c63bc2aadc06d","name":"ulqini","sameAs":["http:\/\/www.visit-ulcinj.com"],"url":"https:\/\/www.visit-ulcinj.com\/blog\/author\/admin\/"}]}},"jetpack_featured_media_url":"","jetpack_sharing_enabled":true,"jetpack_shortlink":"https:\/\/wp.me\/pe6lTn-7GD","_links":{"self":[{"href":"https:\/\/www.visit-ulcinj.com\/blog\/wp-json\/wp\/v2\/posts\/29551"}],"collection":[{"href":"https:\/\/www.visit-ulcinj.com\/blog\/wp-json\/wp\/v2\/posts"}],"about":[{"href":"https:\/\/www.visit-ulcinj.com\/blog\/wp-json\/wp\/v2\/types\/post"}],"author":[{"embeddable":true,"href":"https:\/\/www.visit-ulcinj.com\/blog\/wp-json\/wp\/v2\/users\/1"}],"replies":[{"embeddable":true,"href":"https:\/\/www.visit-ulcinj.com\/blog\/wp-json\/wp\/v2\/comments?post=29551"}],"version-history":[{"count":0,"href":"https:\/\/www.visit-ulcinj.com\/blog\/wp-json\/wp\/v2\/posts\/29551\/revisions"}],"wp:attachment":[{"href":"https:\/\/www.visit-ulcinj.com\/blog\/wp-json\/wp\/v2\/media?parent=29551"}],"wp:term":[{"taxonomy":"category","embeddable":true,"href":"https:\/\/www.visit-ulcinj.com\/blog\/wp-json\/wp\/v2\/categories?post=29551"},{"taxonomy":"post_tag","embeddable":true,"href":"https:\/\/www.visit-ulcinj.com\/blog\/wp-json\/wp\/v2\/tags?post=29551"}],"curies":[{"name":"wp","href":"https:\/\/api.w.org\/{rel}","templated":true}]}}