{"id":29566,"date":"2010-01-20T06:58:57","date_gmt":"2010-01-20T04:58:57","guid":{"rendered":"http:\/\/www.visit-ulcinj.com\/blog\/?p=29566"},"modified":"2010-02-07T17:03:57","modified_gmt":"2010-02-07T15:03:57","slug":"mali-i-zi-do-te-rregullohet-shtrati-i-bunes","status":"publish","type":"post","link":"https:\/\/www.visit-ulcinj.com\/blog\/2010\/01\/20\/mali-i-zi-do-te-rregullohet-shtrati-i-bunes\/","title":{"rendered":"Mali i Zi: Do t\u00eb rregullohet shtrati i Bun\u00ebs"},"content":{"rendered":"<div><strong><a href=\"http:\/\/www.visit-ulcinj.com\/blog\/wp-content\/uploads\/2010\/01\/Rafet-Husovic.jpg\"><img loading=\"lazy\" class=\"alignleft size-full wp-image-29567\" title=\"Rafet Husovic\" src=\"http:\/\/www.visit-ulcinj.com\/blog\/wp-content\/uploads\/2010\/01\/Rafet-Husovic.jpg\" alt=\"Rafet Husovic\" width=\"329\" height=\"491\" \/><\/a>Njoftimet nga Mali i Zi thon\u00eb se p\u00ebrmbytjet e k\u00ebtij fillim muaji edhe n\u00eb k\u00ebt\u00eb vend kan\u00eb shkaktuar d\u00ebme t\u00eb konsiderueshme.<\/strong><\/div>\n<p>An\u00ebtari i qeveris\u00eb malazeze dhe kryetar i komisionit qeveritar p\u00ebr fatkeq\u00ebsi elementare, <strong>Rafet Husoviq<\/strong>, thot\u00eb p\u00ebr BBC-n\u00eb se pret q\u00eb pas qet\u00ebsimit t\u00eb plot\u00eb t\u00eb situat\u00ebs Shqip\u00ebria dhe Mali i Zi t\u00eb konkretizojn\u00eb projektin e p\u00ebrbashk\u00ebt                   p\u00ebr rregullimin e shtratit t\u00eb lumit t\u00eb Bun\u00ebs.<\/p>\n<p>Ky projekt, sipas zyrtarit t\u00eb lart\u00eb malazez mund t\u00eb marr\u00eb edhe mb\u00ebshtetjen e Bashkimit Evropian.<\/p>\n<p><!-- end_story -->Me ministrin Husoviq bisedoi <strong>Seladin Xhezairi<\/strong> dhe fillimisht e pyeti se cili \u00ebsht\u00eb epilogu i p\u00ebrmbytjeve t\u00eb dit\u00ebve t\u00eb kaluara n\u00eb k\u00ebt\u00eb vend?<\/p>\n<p><strong>Husoviq:<\/strong> D\u00ebm i madh i \u00ebsht\u00eb shkaktuar komun\u00ebs s\u00eb Cetin\u00ebs, Gollubovcit dhe gjith\u00ebsesi komun\u00ebs s\u00eb Ulqinit. N\u00eb Ulqin niveli i Bun\u00ebs u rrit shum\u00eb, u p\u00ebrmbyt\u00ebn edhe disa vendbanime. Ndodhi q\u00eb t\u00eb paraqitet edhe era e jugut q\u00eb pengoi derdhjen e Bun\u00ebs n\u00eb det dhe u regjistrua nj\u00eb kthim mbrapa, gj\u00eb q\u00eb ndikoi q\u00eb edhe niveli i liqenit t\u00eb Shkodr\u00ebs t\u00eb rritet p\u00ebr nja nj\u00eb met\u00ebr e gjys\u00ebm. Prandaj, gjith\u00eb kjo shkaktoi shum\u00eb d\u00ebme, por njoftimet m\u00eb t\u00eb fundit flasin se kemi nj\u00eb t\u00ebrheqje t\u00eb dukshme t\u00eb ujit dhe n\u00eb Ulqin situata paraqitet paksa m\u00eb e mir\u00eb.<\/p>\n<p><strong>BBC:<\/strong> A posedoni t\u00eb dh\u00ebna t\u00eb p\u00ebraf\u00ebrta p\u00ebr d\u00ebmet e shkaktuara?<\/p>\n<p><strong>Husoviq:<\/strong> Ne kemi inspektuar n\u00eb holl\u00ebsi t\u00eb gjitha k\u00ebto terrene, e angazhuar ka qen\u00eb Ministria e Brendshme dhe Ministria e Mbrojtjes, si dhe komisioni q\u00eb un\u00eb drejtoj, por \u00ebsht\u00eb ende her\u00ebt t\u00eb flitet p\u00ebr d\u00ebmet, sepse thjesht uji ende nuk \u00ebsht\u00eb t\u00ebrhequr nga t\u00eb gjitha sht\u00ebpit\u00eb dhe vendbanimet, k\u00ebshtu q\u00eb presim q\u00eb brenda nj\u00eb apo dy dit\u00ebsh komisionet p\u00ebr vler\u00ebsimin e d\u00ebmeve t\u00eb nisin pun\u00ebn dhe shpresoj se brenda nja dhjet\u00eb dit\u00ebsh do t\u00eb njoftohet se cilat jan\u00eb d\u00ebmet e p\u00ebraf\u00ebrta. N\u00eb k\u00ebt\u00eb moment me t\u00eb v\u00ebrtet\u00eb nuk mund t\u00eb flitet p\u00ebr d\u00ebmet.<\/p>\n<p><strong>BBC:<\/strong> Zoti minist\u00ebr, n\u00eb Shqip\u00ebrin\u00eb fqinje, autoritete shqiptare kan\u00eb th\u00ebn\u00eb se d\u00ebmet e shkaktuara do t\u00eb kompensohen nga buxheti                   i shtetit. Si do t\u00eb veprohet tek ju n\u00eb Mal t\u00eb Zi?<\/p>\n<p><strong>Husoviq:<\/strong> Edhe ne do t\u00eb veprojm\u00eb ngjash\u00ebm, vet\u00ebmse Qeveria e Malit t\u00eb Zi nuk mund t\u00eb kompensoj\u00eb n\u00eb t\u00ebr\u00ebsi t\u00eb gjitha d\u00ebmet e shkaktuara, por m\u00eb duhet t\u00eb theksoj se qysh tash jan\u00eb paraqitur disa donator\u00eb, shoqata biznesmen\u00ebsh, organizma t\u00eb tjer\u00eb t\u00eb ndrysh\u00ebm si Kryqi i Kuq e t\u00eb tjer\u00eb. Ne presim edhe m\u00eb shum\u00eb ndihm\u00eb nga ekonomia dhe gjith\u00ebsesi se edhe qeveria do t\u00eb ket\u00eb nj\u00eb pjes\u00ebmarrje t\u00eb konsiderueshme, me q\u00ebllim q\u00eb qytetar\u00ebve t&#8217;ju kompensohet nj\u00eb pjes\u00eb e madhe e d\u00ebmit t\u00eb shkaktuar.<\/p>\n<p><strong>BBC:<\/strong> Dit\u00eb m\u00eb par\u00eb, kryeministri i Shqip\u00ebris\u00eb fqinje, Sali Berisha, duke folur p\u00ebr masat q\u00eb do nd\u00ebrmerren me q\u00ebllim t\u00eb zbutjes s\u00eb pasojave t\u00eb v\u00ebrshimeve eventuale, paralajm\u00ebroi bashk\u00ebpunimin me Ju, Malin e Zi, me q\u00ebllim t\u00eb rregullimit t\u00eb shtratit t\u00eb lumit t\u00eb Bun\u00ebs. \u00c7far\u00eb mund t\u00eb thoni m\u00eb shum\u00eb?<\/p>\n<p><strong>Husoviq:<\/strong> Gjith\u00ebsesi se edhe ne jemi t\u00eb interesuar q\u00eb ky problem t\u00eb zgjidhet. Ministria e Pun\u00ebve t\u00eb Brendshme dhe kryetari i komun\u00ebs s\u00eb Ulqinit kan\u00eb biseduar p\u00ebr k\u00ebt\u00eb \u00e7\u00ebshtje me njer\u00ebzit relevant\u00eb n\u00eb Shqip\u00ebri dhe mendojm\u00eb se nj\u00eb projekt i p\u00ebrbashk\u00ebt q\u00eb do t\u00eb paraqitej edhe para Bashkimit Europian do t\u00eb kishte jehon\u00eb t\u00eb mir\u00eb dhe sigurisht se do t\u00eb akordoheshin edhe mjete t\u00eb caktuara, duke marr\u00eb parasysh se fjala \u00ebsht\u00eb p\u00ebr mbrojtjen e mjedisit dhe t\u00eb thuash p\u00ebr nj\u00eb problem rajonal. Presim se n\u00eb k\u00ebt\u00eb plan mund t\u00eb b\u00ebhet shum\u00eb. Jan\u00eb planifikuar aktivitete p\u00ebr periudh\u00ebm menj\u00ebher\u00eb pas qet\u00ebsimit dhe t\u00ebrheqjes p\u00ebrfundimtare t\u00eb ujit. At\u00ebher\u00eb ministrit\u00eb e ngarkuara p\u00ebr k\u00ebt\u00eb pjes\u00eb t\u00eb pun\u00ebs do t\u00eb vazhdojn\u00eb veprimet e p\u00ebrcaktuara dhe mendoj se do t\u00eb kemi nj\u00eb zgjidhje pozitive.<\/p>\n<p><strong>BBC:<\/strong> Dhe, krejt\u00ebsisht n\u00eb fund, zoti minist\u00ebr, n\u00eb Shqip\u00ebri lidhur me p\u00ebrmbytjet zhvillohen polemika t\u00eb ashpra mes qeveris\u00eb dhe opozit\u00ebs. Kjo e fundit thot\u00eb se fajtore p\u00ebr to nuk \u00ebsht\u00eb natyra por faktori njeri, respektivisht qeveria. Si \u00ebsht\u00eb atmosfera tek ju kur \u00ebsht\u00eb fjala p\u00ebr k\u00ebt\u00eb?<\/p>\n<p><strong>Husoviq:<\/strong> Tek ne gjendja \u00ebsht\u00eb krejt\u00ebsisht tjet\u00ebr. Thjesht, njer\u00ebzit e kan\u00eb kuptuar se k\u00ebto jan\u00eb fatkeq\u00ebsi elementare, se natyra e ka kryer nj\u00eb pjes\u00eb t\u00eb pun\u00ebs s\u00eb vet\u00eb dhe v\u00ebrtet \u00ebsht\u00eb v\u00ebshtit\u00eb t&#8217;i kund\u00ebrv\u00ebhesh asaj mase t\u00eb madhe t\u00eb ujit e cila p\u00ebr shkak t\u00eb detit nuk mundi t\u00eb derdhet, por u kthye mbrapsht. Njer\u00ebzit t\u00eb cil\u00ebt ne i vizituam k\u00ebto dit\u00eb e kishin t\u00eb qart\u00eb se kjo do t\u00eb ndodhte edhe sikur dikush tjet\u00ebr t\u00eb ishte n\u00eb pushtet, prandaj k\u00ebso ndarjesh tek ne nuk jan\u00eb t\u00eb theksuara dhe mendoj se p\u00ebr to, n\u00eb k\u00ebt\u00eb rast konkret, nuk ka vend.<\/p>\n<p><a href=\"http:\/\/www.bbc.co.uk\/albanian\/news\/2010\/01\/100119_montenegro_floods.shtml\" target=\"_blank\"><strong>BBC<\/strong><\/a><\/p>\n<p><strong>\n\t\t<style type=\"text\/css\">\n\t\t\t#gallery-1 {\n\t\t\t\tmargin: auto;\n\t\t\t}\n\t\t\t#gallery-1 .gallery-item {\n\t\t\t\tfloat: left;\n\t\t\t\tmargin-top: 10px;\n\t\t\t\ttext-align: center;\n\t\t\t\twidth: 33%;\n\t\t\t}\n\t\t\t#gallery-1 img {\n\t\t\t\tborder: 2px solid #cfcfcf;\n\t\t\t}\n\t\t\t#gallery-1 .gallery-caption {\n\t\t\t\tmargin-left: 0;\n\t\t\t}\n\t\t\t\/* see gallery_shortcode() in wp-includes\/media.php *\/\n\t\t<\/style>\n\t\t<div id='gallery-1' class='gallery galleryid-29566 gallery-columns-3 gallery-size-thumbnail'><dl class='gallery-item'>\n\t\t\t<dt class='gallery-icon portrait'>\n\t\t\t\t<a href='https:\/\/www.visit-ulcinj.com\/blog\/wp-content\/uploads\/2010\/01\/Rafet-Husovic.jpg'><img width=\"150\" height=\"150\" src=\"https:\/\/www.visit-ulcinj.com\/blog\/wp-content\/uploads\/2010\/01\/Rafet-Husovic-150x150.jpg\" class=\"attachment-thumbnail size-thumbnail\" alt=\"\" loading=\"lazy\" \/><\/a>\n\t\t\t<\/dt><\/dl><dl class='gallery-item'>\n\t\t\t<dt class='gallery-icon portrait'>\n\t\t\t\t<a href='https:\/\/www.visit-ulcinj.com\/blog\/wp-content\/uploads\/2010\/01\/ada_bojana.jpg'><img width=\"150\" height=\"150\" src=\"https:\/\/www.visit-ulcinj.com\/blog\/wp-content\/uploads\/2010\/01\/ada_bojana-150x150.jpg\" class=\"attachment-thumbnail size-thumbnail\" alt=\"\" loading=\"lazy\" \/><\/a>\n\t\t\t<\/dt><\/dl><dl class='gallery-item'>\n\t\t\t<dt class='gallery-icon landscape'>\n\t\t\t\t<a href='https:\/\/www.visit-ulcinj.com\/blog\/wp-content\/uploads\/2010\/01\/Ada-Bojana-ulcinj-montenegro.jpg'><img width=\"150\" height=\"150\" src=\"https:\/\/www.visit-ulcinj.com\/blog\/wp-content\/uploads\/2010\/01\/Ada-Bojana-ulcinj-montenegro-150x150.jpg\" class=\"attachment-thumbnail size-thumbnail\" alt=\"\" loading=\"lazy\" \/><\/a>\n\t\t\t<\/dt><\/dl><br style=\"clear: both\" \/><dl class='gallery-item'>\n\t\t\t<dt class='gallery-icon landscape'>\n\t\t\t\t<a href='https:\/\/www.visit-ulcinj.com\/blog\/wp-content\/uploads\/2010\/01\/Ada-Bojana-ulcinj-montenegro_3.jpg'><img width=\"150\" height=\"150\" src=\"https:\/\/www.visit-ulcinj.com\/blog\/wp-content\/uploads\/2010\/01\/Ada-Bojana-ulcinj-montenegro_3-150x150.jpg\" class=\"attachment-thumbnail size-thumbnail\" alt=\"\" loading=\"lazy\" \/><\/a>\n\t\t\t<\/dt><\/dl><dl class='gallery-item'>\n\t\t\t<dt class='gallery-icon landscape'>\n\t\t\t\t<a href='https:\/\/www.visit-ulcinj.com\/blog\/wp-content\/uploads\/2010\/01\/Ada-Bojana-ulcinj-montenegro_4.jpg'><img width=\"150\" height=\"150\" src=\"https:\/\/www.visit-ulcinj.com\/blog\/wp-content\/uploads\/2010\/01\/Ada-Bojana-ulcinj-montenegro_4-150x150.jpg\" class=\"attachment-thumbnail size-thumbnail\" alt=\"\" loading=\"lazy\" \/><\/a>\n\t\t\t<\/dt><\/dl><dl class='gallery-item'>\n\t\t\t<dt class='gallery-icon landscape'>\n\t\t\t\t<a href='https:\/\/www.visit-ulcinj.com\/blog\/wp-content\/uploads\/2010\/01\/Ada-Bojana-ulcinj-montenegro_5.jpg'><img width=\"150\" height=\"150\" src=\"https:\/\/www.visit-ulcinj.com\/blog\/wp-content\/uploads\/2010\/01\/Ada-Bojana-ulcinj-montenegro_5-150x150.jpg\" class=\"attachment-thumbnail size-thumbnail\" alt=\"\" loading=\"lazy\" \/><\/a>\n\t\t\t<\/dt><\/dl><br style=\"clear: both\" \/><dl class='gallery-item'>\n\t\t\t<dt class='gallery-icon landscape'>\n\t\t\t\t<a href='https:\/\/www.visit-ulcinj.com\/blog\/wp-content\/uploads\/2010\/01\/Ada-Bojana-ulcinj-montenegro_6.jpg'><img width=\"150\" height=\"150\" src=\"https:\/\/www.visit-ulcinj.com\/blog\/wp-content\/uploads\/2010\/01\/Ada-Bojana-ulcinj-montenegro_6-150x150.jpg\" class=\"attachment-thumbnail size-thumbnail\" alt=\"\" loading=\"lazy\" \/><\/a>\n\t\t\t<\/dt><\/dl><dl class='gallery-item'>\n\t\t\t<dt class='gallery-icon landscape'>\n\t\t\t\t<a href='https:\/\/www.visit-ulcinj.com\/blog\/wp-content\/uploads\/2010\/01\/Ada-Bojana-ulcinj-montenegro_7.jpg'><img width=\"150\" height=\"150\" src=\"https:\/\/www.visit-ulcinj.com\/blog\/wp-content\/uploads\/2010\/01\/Ada-Bojana-ulcinj-montenegro_7-150x150.jpg\" class=\"attachment-thumbnail size-thumbnail\" alt=\"\" loading=\"lazy\" \/><\/a>\n\t\t\t<\/dt><\/dl><dl class='gallery-item'>\n\t\t\t<dt class='gallery-icon portrait'>\n\t\t\t\t<a href='https:\/\/www.visit-ulcinj.com\/blog\/wp-content\/uploads\/2010\/01\/Ada-Bojana-ulcinj-montenegro_10.jpg'><img width=\"150\" height=\"150\" src=\"https:\/\/www.visit-ulcinj.com\/blog\/wp-content\/uploads\/2010\/01\/Ada-Bojana-ulcinj-montenegro_10-150x150.jpg\" class=\"attachment-thumbnail size-thumbnail\" alt=\"\" loading=\"lazy\" \/><\/a>\n\t\t\t<\/dt><\/dl><br style=\"clear: both\" \/><dl class='gallery-item'>\n\t\t\t<dt class='gallery-icon landscape'>\n\t\t\t\t<a href='https:\/\/www.visit-ulcinj.com\/blog\/wp-content\/uploads\/2010\/01\/Ada-Bojana-ulcinj-montenegro_12.jpg'><img width=\"150\" height=\"150\" src=\"https:\/\/www.visit-ulcinj.com\/blog\/wp-content\/uploads\/2010\/01\/Ada-Bojana-ulcinj-montenegro_12-150x150.jpg\" class=\"attachment-thumbnail size-thumbnail\" alt=\"\" loading=\"lazy\" \/><\/a>\n\t\t\t<\/dt><\/dl><dl class='gallery-item'>\n\t\t\t<dt class='gallery-icon portrait'>\n\t\t\t\t<a href='https:\/\/www.visit-ulcinj.com\/blog\/wp-content\/uploads\/2010\/01\/Ada-Bojana-ulcinj-montenegro_16.jpg'><img width=\"150\" height=\"150\" src=\"https:\/\/www.visit-ulcinj.com\/blog\/wp-content\/uploads\/2010\/01\/Ada-Bojana-ulcinj-montenegro_16-150x150.jpg\" class=\"attachment-thumbnail size-thumbnail\" alt=\"\" loading=\"lazy\" \/><\/a>\n\t\t\t<\/dt><\/dl><dl class='gallery-item'>\n\t\t\t<dt class='gallery-icon landscape'>\n\t\t\t\t<a href='https:\/\/www.visit-ulcinj.com\/blog\/wp-content\/uploads\/2010\/01\/Ada-Bojana-ulcinj-montenegro_14.jpg'><img width=\"150\" height=\"150\" src=\"https:\/\/www.visit-ulcinj.com\/blog\/wp-content\/uploads\/2010\/01\/Ada-Bojana-ulcinj-montenegro_14-150x150.jpg\" class=\"attachment-thumbnail size-thumbnail\" alt=\"\" loading=\"lazy\" \/><\/a>\n\t\t\t<\/dt><\/dl><br style=\"clear: both\" \/>\n\t\t<\/div>\n<\/p>\n<p><\/strong><\/p>\n<div style=\"display: none;\">5FrdkYQGbpg<\/div>\n<p><strong><span>Video nga Ana e Malit &#8211; Permbytjet 2010<br \/>\n<!--YouTube Error: bad URL entered--><\/span><\/strong><\/p>\n<p><strong> <\/strong><\/p>\n<p><strong> <\/strong><\/p>\n","protected":false},"excerpt":{"rendered":"<p>Njoftimet nga Mali i Zi thon\u00eb se p\u00ebrmbytjet e k\u00ebtij fillim muaji edhe n\u00eb k\u00ebt\u00eb vend kan\u00eb shkaktuar d\u00ebme t\u00eb konsiderueshme. An\u00ebtari i qeveris\u00eb malazeze dhe kryetar i komisionit qeveritar p\u00ebr fatkeq\u00ebsi elementare, Rafet Husoviq, thot\u00eb p\u00ebr BBC-n\u00eb se pret q\u00eb pas qet\u00ebsimit t\u00eb plot\u00eb t\u00eb situat\u00ebs Shqip\u00ebria dhe Mali i Zi t\u00eb konkretizojn\u00eb projektin [&hellip;]<\/p>\n","protected":false},"author":1,"featured_media":0,"comment_status":"open","ping_status":"closed","sticky":false,"template":"","format":"standard","meta":{"spay_email":"","jetpack_publicize_message":"","jetpack_is_tweetstorm":false,"jetpack_publicize_feature_enabled":true},"categories":[11],"tags":[138,95,79,11190,13337,18,13478],"jetpack_publicize_connections":[],"yoast_head":"<!-- This site is optimized with the Yoast SEO plugin v19.1 - https:\/\/yoast.com\/wordpress\/plugins\/seo\/ -->\n<title>Mali i Zi: Do t\u00eb rregullohet shtrati i Bun\u00ebs - Lajme nga Ulqini<\/title>\n<meta name=\"description\" content=\"Njoftimet nga Mali i Zi thon\u00eb se p\u00ebrmbytjet e k\u00ebtij fillim muaji edhe n\u00eb k\u00ebt\u00eb vend kan\u00eb shkaktuar d\u00ebme t\u00eb konsiderueshme. An\u00ebtari i qeveris\u00eb malazeze dhe\" \/>\n<meta name=\"robots\" content=\"index, follow, max-snippet:-1, max-image-preview:large, max-video-preview:-1\" \/>\n<link rel=\"canonical\" href=\"https:\/\/www.visit-ulcinj.com\/blog\/2010\/01\/20\/mali-i-zi-do-te-rregullohet-shtrati-i-bunes\/\" \/>\n<meta property=\"og:locale\" content=\"en_US\" \/>\n<meta property=\"og:type\" content=\"article\" \/>\n<meta property=\"og:title\" content=\"Mali i Zi: Do t\u00eb rregullohet shtrati i Bun\u00ebs - Lajme nga Ulqini\" \/>\n<meta property=\"og:description\" content=\"Njoftimet nga Mali i Zi thon\u00eb se p\u00ebrmbytjet e k\u00ebtij fillim muaji edhe n\u00eb k\u00ebt\u00eb vend kan\u00eb shkaktuar d\u00ebme t\u00eb konsiderueshme. An\u00ebtari i qeveris\u00eb malazeze dhe\" \/>\n<meta property=\"og:url\" content=\"https:\/\/www.visit-ulcinj.com\/blog\/2010\/01\/20\/mali-i-zi-do-te-rregullohet-shtrati-i-bunes\/\" \/>\n<meta property=\"og:site_name\" content=\"Lajme nga Ulqini\" \/>\n<meta property=\"article:published_time\" content=\"2010-01-20T04:58:57+00:00\" \/>\n<meta property=\"article:modified_time\" content=\"2010-02-07T15:03:57+00:00\" \/>\n<meta property=\"og:image\" content=\"https:\/\/www.visit-ulcinj.com\/blog\/wp-content\/uploads\/2010\/01\/Rafet-Husovic-150x150.jpg\" \/>\n<meta name=\"twitter:label1\" content=\"Written by\" \/>\n\t<meta name=\"twitter:data1\" content=\"ulqini\" \/>\n\t<meta name=\"twitter:label2\" content=\"Est. reading time\" \/>\n\t<meta name=\"twitter:data2\" content=\"5 minutes\" \/>\n<script type=\"application\/ld+json\" class=\"yoast-schema-graph\">{\"@context\":\"https:\/\/schema.org\",\"@graph\":[{\"@type\":\"WebSite\",\"@id\":\"https:\/\/www.visit-ulcinj.com\/blog\/#website\",\"url\":\"https:\/\/www.visit-ulcinj.com\/blog\/\",\"name\":\"Lajme nga Ulqini\",\"description\":\"Lajme,Vijesti,Ulqini,Ulqin,Crna Gora,Mali i Zi\",\"potentialAction\":[{\"@type\":\"SearchAction\",\"target\":{\"@type\":\"EntryPoint\",\"urlTemplate\":\"https:\/\/www.visit-ulcinj.com\/blog\/?s={search_term_string}\"},\"query-input\":\"required name=search_term_string\"}],\"inLanguage\":\"en-US\"},{\"@type\":\"ImageObject\",\"inLanguage\":\"en-US\",\"@id\":\"https:\/\/www.visit-ulcinj.com\/blog\/2010\/01\/20\/mali-i-zi-do-te-rregullohet-shtrati-i-bunes\/#primaryimage\",\"url\":\"https:\/\/www.visit-ulcinj.com\/blog\/wp-content\/uploads\/2010\/01\/Rafet-Husovic.jpg\",\"contentUrl\":\"https:\/\/www.visit-ulcinj.com\/blog\/wp-content\/uploads\/2010\/01\/Rafet-Husovic.jpg\",\"width\":\"428\",\"height\":\"640\"},{\"@type\":\"WebPage\",\"@id\":\"https:\/\/www.visit-ulcinj.com\/blog\/2010\/01\/20\/mali-i-zi-do-te-rregullohet-shtrati-i-bunes\/#webpage\",\"url\":\"https:\/\/www.visit-ulcinj.com\/blog\/2010\/01\/20\/mali-i-zi-do-te-rregullohet-shtrati-i-bunes\/\",\"name\":\"Mali i Zi: Do t\u00eb rregullohet shtrati i Bun\u00ebs - Lajme nga Ulqini\",\"isPartOf\":{\"@id\":\"https:\/\/www.visit-ulcinj.com\/blog\/#website\"},\"primaryImageOfPage\":{\"@id\":\"https:\/\/www.visit-ulcinj.com\/blog\/2010\/01\/20\/mali-i-zi-do-te-rregullohet-shtrati-i-bunes\/#primaryimage\"},\"datePublished\":\"2010-01-20T04:58:57+00:00\",\"dateModified\":\"2010-02-07T15:03:57+00:00\",\"author\":{\"@id\":\"https:\/\/www.visit-ulcinj.com\/blog\/#\/schema\/person\/dcab619c614d3038751c63bc2aadc06d\"},\"description\":\"Njoftimet nga Mali i Zi thon\u00eb se p\u00ebrmbytjet e k\u00ebtij fillim muaji edhe n\u00eb k\u00ebt\u00eb vend kan\u00eb shkaktuar d\u00ebme t\u00eb konsiderueshme. An\u00ebtari i qeveris\u00eb malazeze dhe\",\"breadcrumb\":{\"@id\":\"https:\/\/www.visit-ulcinj.com\/blog\/2010\/01\/20\/mali-i-zi-do-te-rregullohet-shtrati-i-bunes\/#breadcrumb\"},\"inLanguage\":\"en-US\",\"potentialAction\":[{\"@type\":\"ReadAction\",\"target\":[\"https:\/\/www.visit-ulcinj.com\/blog\/2010\/01\/20\/mali-i-zi-do-te-rregullohet-shtrati-i-bunes\/\"]}]},{\"@type\":\"BreadcrumbList\",\"@id\":\"https:\/\/www.visit-ulcinj.com\/blog\/2010\/01\/20\/mali-i-zi-do-te-rregullohet-shtrati-i-bunes\/#breadcrumb\",\"itemListElement\":[{\"@type\":\"ListItem\",\"position\":1,\"name\":\"Mali i Zi: Do t\u00eb rregullohet shtrati i Bun\u00ebs\"}]},{\"@type\":\"Person\",\"@id\":\"https:\/\/www.visit-ulcinj.com\/blog\/#\/schema\/person\/dcab619c614d3038751c63bc2aadc06d\",\"name\":\"ulqini\",\"sameAs\":[\"http:\/\/www.visit-ulcinj.com\"],\"url\":\"https:\/\/www.visit-ulcinj.com\/blog\/author\/admin\/\"}]}<\/script>\n<!-- \/ Yoast SEO plugin. -->","yoast_head_json":{"title":"Mali i Zi: Do t\u00eb rregullohet shtrati i Bun\u00ebs - Lajme nga Ulqini","description":"Njoftimet nga Mali i Zi thon\u00eb se p\u00ebrmbytjet e k\u00ebtij fillim muaji edhe n\u00eb k\u00ebt\u00eb vend kan\u00eb shkaktuar d\u00ebme t\u00eb konsiderueshme. An\u00ebtari i qeveris\u00eb malazeze dhe","robots":{"index":"index","follow":"follow","max-snippet":"max-snippet:-1","max-image-preview":"max-image-preview:large","max-video-preview":"max-video-preview:-1"},"canonical":"https:\/\/www.visit-ulcinj.com\/blog\/2010\/01\/20\/mali-i-zi-do-te-rregullohet-shtrati-i-bunes\/","og_locale":"en_US","og_type":"article","og_title":"Mali i Zi: Do t\u00eb rregullohet shtrati i Bun\u00ebs - Lajme nga Ulqini","og_description":"Njoftimet nga Mali i Zi thon\u00eb se p\u00ebrmbytjet e k\u00ebtij fillim muaji edhe n\u00eb k\u00ebt\u00eb vend kan\u00eb shkaktuar d\u00ebme t\u00eb konsiderueshme. An\u00ebtari i qeveris\u00eb malazeze dhe","og_url":"https:\/\/www.visit-ulcinj.com\/blog\/2010\/01\/20\/mali-i-zi-do-te-rregullohet-shtrati-i-bunes\/","og_site_name":"Lajme nga Ulqini","article_published_time":"2010-01-20T04:58:57+00:00","article_modified_time":"2010-02-07T15:03:57+00:00","og_image":[{"url":"https:\/\/www.visit-ulcinj.com\/blog\/wp-content\/uploads\/2010\/01\/Rafet-Husovic-150x150.jpg"}],"twitter_misc":{"Written by":"ulqini","Est. reading time":"5 minutes"},"schema":{"@context":"https:\/\/schema.org","@graph":[{"@type":"WebSite","@id":"https:\/\/www.visit-ulcinj.com\/blog\/#website","url":"https:\/\/www.visit-ulcinj.com\/blog\/","name":"Lajme nga Ulqini","description":"Lajme,Vijesti,Ulqini,Ulqin,Crna Gora,Mali i Zi","potentialAction":[{"@type":"SearchAction","target":{"@type":"EntryPoint","urlTemplate":"https:\/\/www.visit-ulcinj.com\/blog\/?s={search_term_string}"},"query-input":"required name=search_term_string"}],"inLanguage":"en-US"},{"@type":"ImageObject","inLanguage":"en-US","@id":"https:\/\/www.visit-ulcinj.com\/blog\/2010\/01\/20\/mali-i-zi-do-te-rregullohet-shtrati-i-bunes\/#primaryimage","url":"https:\/\/www.visit-ulcinj.com\/blog\/wp-content\/uploads\/2010\/01\/Rafet-Husovic.jpg","contentUrl":"https:\/\/www.visit-ulcinj.com\/blog\/wp-content\/uploads\/2010\/01\/Rafet-Husovic.jpg","width":"428","height":"640"},{"@type":"WebPage","@id":"https:\/\/www.visit-ulcinj.com\/blog\/2010\/01\/20\/mali-i-zi-do-te-rregullohet-shtrati-i-bunes\/#webpage","url":"https:\/\/www.visit-ulcinj.com\/blog\/2010\/01\/20\/mali-i-zi-do-te-rregullohet-shtrati-i-bunes\/","name":"Mali i Zi: Do t\u00eb rregullohet shtrati i Bun\u00ebs - Lajme nga Ulqini","isPartOf":{"@id":"https:\/\/www.visit-ulcinj.com\/blog\/#website"},"primaryImageOfPage":{"@id":"https:\/\/www.visit-ulcinj.com\/blog\/2010\/01\/20\/mali-i-zi-do-te-rregullohet-shtrati-i-bunes\/#primaryimage"},"datePublished":"2010-01-20T04:58:57+00:00","dateModified":"2010-02-07T15:03:57+00:00","author":{"@id":"https:\/\/www.visit-ulcinj.com\/blog\/#\/schema\/person\/dcab619c614d3038751c63bc2aadc06d"},"description":"Njoftimet nga Mali i Zi thon\u00eb se p\u00ebrmbytjet e k\u00ebtij fillim muaji edhe n\u00eb k\u00ebt\u00eb vend kan\u00eb shkaktuar d\u00ebme t\u00eb konsiderueshme. An\u00ebtari i qeveris\u00eb malazeze dhe","breadcrumb":{"@id":"https:\/\/www.visit-ulcinj.com\/blog\/2010\/01\/20\/mali-i-zi-do-te-rregullohet-shtrati-i-bunes\/#breadcrumb"},"inLanguage":"en-US","potentialAction":[{"@type":"ReadAction","target":["https:\/\/www.visit-ulcinj.com\/blog\/2010\/01\/20\/mali-i-zi-do-te-rregullohet-shtrati-i-bunes\/"]}]},{"@type":"BreadcrumbList","@id":"https:\/\/www.visit-ulcinj.com\/blog\/2010\/01\/20\/mali-i-zi-do-te-rregullohet-shtrati-i-bunes\/#breadcrumb","itemListElement":[{"@type":"ListItem","position":1,"name":"Mali i Zi: Do t\u00eb rregullohet shtrati i Bun\u00ebs"}]},{"@type":"Person","@id":"https:\/\/www.visit-ulcinj.com\/blog\/#\/schema\/person\/dcab619c614d3038751c63bc2aadc06d","name":"ulqini","sameAs":["http:\/\/www.visit-ulcinj.com"],"url":"https:\/\/www.visit-ulcinj.com\/blog\/author\/admin\/"}]}},"jetpack_featured_media_url":"","jetpack_sharing_enabled":true,"jetpack_shortlink":"https:\/\/wp.me\/pe6lTn-7GS","_links":{"self":[{"href":"https:\/\/www.visit-ulcinj.com\/blog\/wp-json\/wp\/v2\/posts\/29566"}],"collection":[{"href":"https:\/\/www.visit-ulcinj.com\/blog\/wp-json\/wp\/v2\/posts"}],"about":[{"href":"https:\/\/www.visit-ulcinj.com\/blog\/wp-json\/wp\/v2\/types\/post"}],"author":[{"embeddable":true,"href":"https:\/\/www.visit-ulcinj.com\/blog\/wp-json\/wp\/v2\/users\/1"}],"replies":[{"embeddable":true,"href":"https:\/\/www.visit-ulcinj.com\/blog\/wp-json\/wp\/v2\/comments?post=29566"}],"version-history":[{"count":0,"href":"https:\/\/www.visit-ulcinj.com\/blog\/wp-json\/wp\/v2\/posts\/29566\/revisions"}],"wp:attachment":[{"href":"https:\/\/www.visit-ulcinj.com\/blog\/wp-json\/wp\/v2\/media?parent=29566"}],"wp:term":[{"taxonomy":"category","embeddable":true,"href":"https:\/\/www.visit-ulcinj.com\/blog\/wp-json\/wp\/v2\/categories?post=29566"},{"taxonomy":"post_tag","embeddable":true,"href":"https:\/\/www.visit-ulcinj.com\/blog\/wp-json\/wp\/v2\/tags?post=29566"}],"curies":[{"name":"wp","href":"https:\/\/api.w.org\/{rel}","templated":true}]}}