{"id":29587,"date":"2010-01-20T07:33:06","date_gmt":"2010-01-20T05:33:06","guid":{"rendered":"http:\/\/www.visit-ulcinj.com\/blog\/?p=29587"},"modified":"2010-01-20T07:34:39","modified_gmt":"2010-01-20T05:34:39","slug":"vesa-le-anash-muziken-per-studimet-master","status":"publish","type":"post","link":"https:\/\/www.visit-ulcinj.com\/blog\/2010\/01\/20\/vesa-le-anash-muziken-per-studimet-master\/","title":{"rendered":"Vesa l\u00eb anash muzik\u00ebn p\u00ebr studimet master"},"content":{"rendered":"<p><a href=\"http:\/\/www.visit-ulcinj.com\/blog\/wp-content\/uploads\/2010\/01\/vesa-luma.jpg\"><img loading=\"lazy\" class=\"alignleft size-full wp-image-29588\" title=\"vesa luma\" src=\"http:\/\/www.visit-ulcinj.com\/blog\/wp-content\/uploads\/2010\/01\/vesa-luma.jpg\" alt=\"vesa luma\" width=\"290\" height=\"390\" \/><\/a>K\u00ebng\u00ebtarja Vesa Luma ka vendosur t\u00eb filloj\u00eb studimet p\u00ebr master n\u00eb Prishtin\u00eb.<\/p>\n<p>Ajo p\u00ebr momentin nuk mendon t\u00eb realizoj\u00eb ndonj\u00eb k\u00ebng\u00eb t\u00eb re, por planifikon tu p\u00ebrkushtohet studimeve.<br \/>\n\u201cK\u00ebto dit\u00eb kam filluar studimet master n\u00eb Universitetin AAB n\u00eb drejtimin Komunikim Masiv. P\u00ebr momentin nuk kam n\u00eb plan realizimin e ndonj\u00eb k\u00ebnge t\u00eb re, pasi do p\u00ebrkushtohem m\u00eb shum\u00eb te studimet deri n\u00eb prill t\u00eb k\u00ebtij viti, kur edhe mbaron nj\u00eb pjes\u00eb e ligj\u00ebratave\u201d, tregon k\u00ebng\u00ebtarja p\u00ebr \u201cPanorama plus\u201d.<br \/>\nVesa vitin q\u00eb kaloi ka pasur nj\u00eb sukses t\u00eb jasht\u00ebzakonsh\u00ebm n\u00ebp\u00ebr koncerte dhe mbr\u00ebmje muzikore.<\/p>\n<p>Gjithashtu ajo ka qen\u00eb e pranishme p\u00ebr fansat edhe me k\u00ebng\u00eb e klipe.<\/p>\n<p>Vitin e p\u00ebrfundoi me nj\u00eb klip si dhurat\u00eb p\u00ebr fansat edhe pse k\u00ebnga ishte e vjet\u00ebr, nj\u00eb balad\u00eb shum\u00eb e p\u00eblqyer e cila e kishte impresionuar k\u00ebng\u00ebtaren dhe nxitur p\u00ebr t\u00eb realizuar edhe klip p\u00ebr t\u00eb nj\u00ebjt\u00ebn k\u00ebng\u00eb.<\/p>\n<p><strong>Panorama Plus<br \/>\n<\/strong><!--YouTube Error: bad URL entered--><\/p>\n","protected":false},"excerpt":{"rendered":"<p>K\u00ebng\u00ebtarja Vesa Luma ka vendosur t\u00eb filloj\u00eb studimet p\u00ebr master n\u00eb Prishtin\u00eb. Ajo p\u00ebr momentin nuk mendon t\u00eb realizoj\u00eb ndonj\u00eb k\u00ebng\u00eb t\u00eb re, por planifikon tu p\u00ebrkushtohet studimeve. \u201cK\u00ebto dit\u00eb kam filluar studimet master n\u00eb Universitetin AAB n\u00eb drejtimin Komunikim Masiv. P\u00ebr momentin nuk kam n\u00eb plan realizimin e ndonj\u00eb k\u00ebnge t\u00eb re, pasi do [&hellip;]<\/p>\n","protected":false},"author":1,"featured_media":0,"comment_status":"open","ping_status":"closed","sticky":false,"template":"","format":"standard","meta":{"spay_email":"","jetpack_publicize_message":"","jetpack_is_tweetstorm":false,"jetpack_publicize_feature_enabled":true},"categories":[1],"tags":[5017],"jetpack_publicize_connections":[],"yoast_head":"<!-- This site is optimized with the Yoast SEO plugin v19.1 - https:\/\/yoast.com\/wordpress\/plugins\/seo\/ -->\n<title>Vesa l\u00eb anash muzik\u00ebn p\u00ebr studimet master - Lajme nga Ulqini<\/title>\n<meta name=\"description\" content=\"K\u00ebng\u00ebtarja Vesa Luma ka vendosur t\u00eb filloj\u00eb studimet p\u00ebr master n\u00eb Prishtin\u00eb. Ajo p\u00ebr momentin nuk mendon t\u00eb realizoj\u00eb ndonj\u00eb k\u00ebng\u00eb t\u00eb re, por planifikon\" \/>\n<meta name=\"robots\" content=\"index, follow, max-snippet:-1, max-image-preview:large, max-video-preview:-1\" \/>\n<link rel=\"canonical\" href=\"https:\/\/www.visit-ulcinj.com\/blog\/2010\/01\/20\/vesa-le-anash-muziken-per-studimet-master\/\" \/>\n<meta property=\"og:locale\" content=\"en_US\" \/>\n<meta property=\"og:type\" content=\"article\" \/>\n<meta property=\"og:title\" content=\"Vesa l\u00eb anash muzik\u00ebn p\u00ebr studimet master - Lajme nga Ulqini\" \/>\n<meta property=\"og:description\" content=\"K\u00ebng\u00ebtarja Vesa Luma ka vendosur t\u00eb filloj\u00eb studimet p\u00ebr master n\u00eb Prishtin\u00eb. Ajo p\u00ebr momentin nuk mendon t\u00eb realizoj\u00eb ndonj\u00eb k\u00ebng\u00eb t\u00eb re, por planifikon\" \/>\n<meta property=\"og:url\" content=\"https:\/\/www.visit-ulcinj.com\/blog\/2010\/01\/20\/vesa-le-anash-muziken-per-studimet-master\/\" \/>\n<meta property=\"og:site_name\" content=\"Lajme nga Ulqini\" \/>\n<meta property=\"article:published_time\" content=\"2010-01-20T05:33:06+00:00\" \/>\n<meta property=\"article:modified_time\" content=\"2010-01-20T05:34:39+00:00\" \/>\n<meta property=\"og:image\" content=\"http:\/\/www.visit-ulcinj.com\/blog\/wp-content\/uploads\/2010\/01\/vesa-luma.jpg\" \/>\n<meta name=\"twitter:label1\" content=\"Written by\" \/>\n\t<meta name=\"twitter:data1\" content=\"ulqini\" \/>\n\t<meta name=\"twitter:label2\" content=\"Est. reading time\" \/>\n\t<meta name=\"twitter:data2\" content=\"1 minute\" \/>\n<script type=\"application\/ld+json\" class=\"yoast-schema-graph\">{\"@context\":\"https:\/\/schema.org\",\"@graph\":[{\"@type\":\"WebSite\",\"@id\":\"https:\/\/www.visit-ulcinj.com\/blog\/#website\",\"url\":\"https:\/\/www.visit-ulcinj.com\/blog\/\",\"name\":\"Lajme nga Ulqini\",\"description\":\"Lajme,Vijesti,Ulqini,Ulqin,Crna Gora,Mali i Zi\",\"potentialAction\":[{\"@type\":\"SearchAction\",\"target\":{\"@type\":\"EntryPoint\",\"urlTemplate\":\"https:\/\/www.visit-ulcinj.com\/blog\/?s={search_term_string}\"},\"query-input\":\"required name=search_term_string\"}],\"inLanguage\":\"en-US\"},{\"@type\":\"ImageObject\",\"inLanguage\":\"en-US\",\"@id\":\"https:\/\/www.visit-ulcinj.com\/blog\/2010\/01\/20\/vesa-le-anash-muziken-per-studimet-master\/#primaryimage\",\"url\":\"http:\/\/www.visit-ulcinj.com\/blog\/wp-content\/uploads\/2010\/01\/vesa-luma.jpg\",\"contentUrl\":\"http:\/\/www.visit-ulcinj.com\/blog\/wp-content\/uploads\/2010\/01\/vesa-luma.jpg\"},{\"@type\":\"WebPage\",\"@id\":\"https:\/\/www.visit-ulcinj.com\/blog\/2010\/01\/20\/vesa-le-anash-muziken-per-studimet-master\/#webpage\",\"url\":\"https:\/\/www.visit-ulcinj.com\/blog\/2010\/01\/20\/vesa-le-anash-muziken-per-studimet-master\/\",\"name\":\"Vesa l\u00eb anash muzik\u00ebn p\u00ebr studimet master - Lajme nga Ulqini\",\"isPartOf\":{\"@id\":\"https:\/\/www.visit-ulcinj.com\/blog\/#website\"},\"primaryImageOfPage\":{\"@id\":\"https:\/\/www.visit-ulcinj.com\/blog\/2010\/01\/20\/vesa-le-anash-muziken-per-studimet-master\/#primaryimage\"},\"datePublished\":\"2010-01-20T05:33:06+00:00\",\"dateModified\":\"2010-01-20T05:34:39+00:00\",\"author\":{\"@id\":\"https:\/\/www.visit-ulcinj.com\/blog\/#\/schema\/person\/dcab619c614d3038751c63bc2aadc06d\"},\"description\":\"K\u00ebng\u00ebtarja Vesa Luma ka vendosur t\u00eb filloj\u00eb studimet p\u00ebr master n\u00eb Prishtin\u00eb. Ajo p\u00ebr momentin nuk mendon t\u00eb realizoj\u00eb ndonj\u00eb k\u00ebng\u00eb t\u00eb re, por planifikon\",\"breadcrumb\":{\"@id\":\"https:\/\/www.visit-ulcinj.com\/blog\/2010\/01\/20\/vesa-le-anash-muziken-per-studimet-master\/#breadcrumb\"},\"inLanguage\":\"en-US\",\"potentialAction\":[{\"@type\":\"ReadAction\",\"target\":[\"https:\/\/www.visit-ulcinj.com\/blog\/2010\/01\/20\/vesa-le-anash-muziken-per-studimet-master\/\"]}]},{\"@type\":\"BreadcrumbList\",\"@id\":\"https:\/\/www.visit-ulcinj.com\/blog\/2010\/01\/20\/vesa-le-anash-muziken-per-studimet-master\/#breadcrumb\",\"itemListElement\":[{\"@type\":\"ListItem\",\"position\":1,\"name\":\"Vesa l\u00eb anash muzik\u00ebn p\u00ebr studimet master\"}]},{\"@type\":\"Person\",\"@id\":\"https:\/\/www.visit-ulcinj.com\/blog\/#\/schema\/person\/dcab619c614d3038751c63bc2aadc06d\",\"name\":\"ulqini\",\"sameAs\":[\"http:\/\/www.visit-ulcinj.com\"],\"url\":\"https:\/\/www.visit-ulcinj.com\/blog\/author\/admin\/\"}]}<\/script>\n<!-- \/ Yoast SEO plugin. -->","yoast_head_json":{"title":"Vesa l\u00eb anash muzik\u00ebn p\u00ebr studimet master - Lajme nga Ulqini","description":"K\u00ebng\u00ebtarja Vesa Luma ka vendosur t\u00eb filloj\u00eb studimet p\u00ebr master n\u00eb Prishtin\u00eb. Ajo p\u00ebr momentin nuk mendon t\u00eb realizoj\u00eb ndonj\u00eb k\u00ebng\u00eb t\u00eb re, por planifikon","robots":{"index":"index","follow":"follow","max-snippet":"max-snippet:-1","max-image-preview":"max-image-preview:large","max-video-preview":"max-video-preview:-1"},"canonical":"https:\/\/www.visit-ulcinj.com\/blog\/2010\/01\/20\/vesa-le-anash-muziken-per-studimet-master\/","og_locale":"en_US","og_type":"article","og_title":"Vesa l\u00eb anash muzik\u00ebn p\u00ebr studimet master - Lajme nga Ulqini","og_description":"K\u00ebng\u00ebtarja Vesa Luma ka vendosur t\u00eb filloj\u00eb studimet p\u00ebr master n\u00eb Prishtin\u00eb. Ajo p\u00ebr momentin nuk mendon t\u00eb realizoj\u00eb ndonj\u00eb k\u00ebng\u00eb t\u00eb re, por planifikon","og_url":"https:\/\/www.visit-ulcinj.com\/blog\/2010\/01\/20\/vesa-le-anash-muziken-per-studimet-master\/","og_site_name":"Lajme nga Ulqini","article_published_time":"2010-01-20T05:33:06+00:00","article_modified_time":"2010-01-20T05:34:39+00:00","og_image":[{"url":"http:\/\/www.visit-ulcinj.com\/blog\/wp-content\/uploads\/2010\/01\/vesa-luma.jpg"}],"twitter_misc":{"Written by":"ulqini","Est. reading time":"1 minute"},"schema":{"@context":"https:\/\/schema.org","@graph":[{"@type":"WebSite","@id":"https:\/\/www.visit-ulcinj.com\/blog\/#website","url":"https:\/\/www.visit-ulcinj.com\/blog\/","name":"Lajme nga Ulqini","description":"Lajme,Vijesti,Ulqini,Ulqin,Crna Gora,Mali i Zi","potentialAction":[{"@type":"SearchAction","target":{"@type":"EntryPoint","urlTemplate":"https:\/\/www.visit-ulcinj.com\/blog\/?s={search_term_string}"},"query-input":"required name=search_term_string"}],"inLanguage":"en-US"},{"@type":"ImageObject","inLanguage":"en-US","@id":"https:\/\/www.visit-ulcinj.com\/blog\/2010\/01\/20\/vesa-le-anash-muziken-per-studimet-master\/#primaryimage","url":"http:\/\/www.visit-ulcinj.com\/blog\/wp-content\/uploads\/2010\/01\/vesa-luma.jpg","contentUrl":"http:\/\/www.visit-ulcinj.com\/blog\/wp-content\/uploads\/2010\/01\/vesa-luma.jpg"},{"@type":"WebPage","@id":"https:\/\/www.visit-ulcinj.com\/blog\/2010\/01\/20\/vesa-le-anash-muziken-per-studimet-master\/#webpage","url":"https:\/\/www.visit-ulcinj.com\/blog\/2010\/01\/20\/vesa-le-anash-muziken-per-studimet-master\/","name":"Vesa l\u00eb anash muzik\u00ebn p\u00ebr studimet master - Lajme nga Ulqini","isPartOf":{"@id":"https:\/\/www.visit-ulcinj.com\/blog\/#website"},"primaryImageOfPage":{"@id":"https:\/\/www.visit-ulcinj.com\/blog\/2010\/01\/20\/vesa-le-anash-muziken-per-studimet-master\/#primaryimage"},"datePublished":"2010-01-20T05:33:06+00:00","dateModified":"2010-01-20T05:34:39+00:00","author":{"@id":"https:\/\/www.visit-ulcinj.com\/blog\/#\/schema\/person\/dcab619c614d3038751c63bc2aadc06d"},"description":"K\u00ebng\u00ebtarja Vesa Luma ka vendosur t\u00eb filloj\u00eb studimet p\u00ebr master n\u00eb Prishtin\u00eb. Ajo p\u00ebr momentin nuk mendon t\u00eb realizoj\u00eb ndonj\u00eb k\u00ebng\u00eb t\u00eb re, por planifikon","breadcrumb":{"@id":"https:\/\/www.visit-ulcinj.com\/blog\/2010\/01\/20\/vesa-le-anash-muziken-per-studimet-master\/#breadcrumb"},"inLanguage":"en-US","potentialAction":[{"@type":"ReadAction","target":["https:\/\/www.visit-ulcinj.com\/blog\/2010\/01\/20\/vesa-le-anash-muziken-per-studimet-master\/"]}]},{"@type":"BreadcrumbList","@id":"https:\/\/www.visit-ulcinj.com\/blog\/2010\/01\/20\/vesa-le-anash-muziken-per-studimet-master\/#breadcrumb","itemListElement":[{"@type":"ListItem","position":1,"name":"Vesa l\u00eb anash muzik\u00ebn p\u00ebr studimet master"}]},{"@type":"Person","@id":"https:\/\/www.visit-ulcinj.com\/blog\/#\/schema\/person\/dcab619c614d3038751c63bc2aadc06d","name":"ulqini","sameAs":["http:\/\/www.visit-ulcinj.com"],"url":"https:\/\/www.visit-ulcinj.com\/blog\/author\/admin\/"}]}},"jetpack_featured_media_url":"","jetpack_sharing_enabled":true,"jetpack_shortlink":"https:\/\/wp.me\/pe6lTn-7Hd","_links":{"self":[{"href":"https:\/\/www.visit-ulcinj.com\/blog\/wp-json\/wp\/v2\/posts\/29587"}],"collection":[{"href":"https:\/\/www.visit-ulcinj.com\/blog\/wp-json\/wp\/v2\/posts"}],"about":[{"href":"https:\/\/www.visit-ulcinj.com\/blog\/wp-json\/wp\/v2\/types\/post"}],"author":[{"embeddable":true,"href":"https:\/\/www.visit-ulcinj.com\/blog\/wp-json\/wp\/v2\/users\/1"}],"replies":[{"embeddable":true,"href":"https:\/\/www.visit-ulcinj.com\/blog\/wp-json\/wp\/v2\/comments?post=29587"}],"version-history":[{"count":0,"href":"https:\/\/www.visit-ulcinj.com\/blog\/wp-json\/wp\/v2\/posts\/29587\/revisions"}],"wp:attachment":[{"href":"https:\/\/www.visit-ulcinj.com\/blog\/wp-json\/wp\/v2\/media?parent=29587"}],"wp:term":[{"taxonomy":"category","embeddable":true,"href":"https:\/\/www.visit-ulcinj.com\/blog\/wp-json\/wp\/v2\/categories?post=29587"},{"taxonomy":"post_tag","embeddable":true,"href":"https:\/\/www.visit-ulcinj.com\/blog\/wp-json\/wp\/v2\/tags?post=29587"}],"curies":[{"name":"wp","href":"https:\/\/api.w.org\/{rel}","templated":true}]}}