{"id":29603,"date":"2010-01-20T22:38:14","date_gmt":"2010-01-20T20:38:14","guid":{"rendered":"http:\/\/www.visit-ulcinj.com\/blog\/?p=29603"},"modified":"2010-01-23T19:33:29","modified_gmt":"2010-01-23T17:33:29","slug":"dovrsiti-lucicu-u-ulcinju","status":"publish","type":"post","link":"https:\/\/www.visit-ulcinj.com\/blog\/2010\/01\/20\/dovrsiti-lucicu-u-ulcinju\/","title":{"rendered":"Dovr\u0161iti lu?icu u Ulcinju"},"content":{"rendered":"<p><a href=\"http:\/\/www.visit-ulcinj.com\/blog\/wp-content\/uploads\/2010\/01\/lu?ica-Kacema_ulcinj.JPG\"><img loading=\"lazy\" class=\"alignleft size-full wp-image-29605\" title=\"lu?ica Kacema_ulcinj\" src=\"http:\/\/www.visit-ulcinj.com\/blog\/wp-content\/uploads\/2010\/01\/lu?ica-Kacema_ulcinj.JPG\" alt=\"lu?ica Kacema_ulcinj\" width=\"580\" height=\"400\" \/><\/a>Ulcinj &#8211; Predstavnici op\u0161tine Ulcinj i \u201cMorskog dobra\u201d dogovorili su ju?e prioritete u predsezoni ljeta 2010. Zaklju?eno je da prva faza izgradnje lu?ice Kacema mora biti zavr\u0161ena do sezone, ?ime ?e biti omogu?en privez barki.<br \/>\nGradona?elnik Gzim Hajdinaga i direktor \u201cMorskog dobra\u201d Rajko Barovi? dogovorili su da se narednih dana sanira obalni zid, a radovi potom nastave.<br \/>\n\u201cMorsko dobro nastavi?e saradnju sa Komunalnim preduze?em u Ulcinju, uz dogovor da se vi\u0161e ra?una povede o komunalnom redu zale?a Velike pla\u017ee, a novina je \u0161to ?e zakupci morskog dobra potpisivati zajedni?ki ugovor ta dva preduze?a o odr\u017eavanju ?isto?e i odvozu sme?a na povr\u0161ini koju koriste\u201d, saop\u0161teno je iz \u201cMorskog dobra\u201d, poslije sastanka, na kome je, izme?u ostalog, dogovoreno odr\u017eavanje rasvjete u zoni morskog dobra, posebno na Port Mileni.<\/p>\n<p><strong>H.A.<br \/>\n<a href=\"http:\/\/www.vijesti.me\/index.php?id_pre=327033&amp;godina=2010\" target=\"_blank\">Vijesti<\/a><\/strong><\/p>\n<p><strong><a href=\"http:\/\/www.vijesti.me\/index.php?id_pre=327033&amp;godina=2010\" target=\"_blank\">\n\t\t<style type=\"text\/css\">\n\t\t\t#gallery-1 {\n\t\t\t\tmargin: auto;\n\t\t\t}\n\t\t\t#gallery-1 .gallery-item {\n\t\t\t\tfloat: left;\n\t\t\t\tmargin-top: 10px;\n\t\t\t\ttext-align: center;\n\t\t\t\twidth: 33%;\n\t\t\t}\n\t\t\t#gallery-1 img {\n\t\t\t\tborder: 2px solid #cfcfcf;\n\t\t\t}\n\t\t\t#gallery-1 .gallery-caption {\n\t\t\t\tmargin-left: 0;\n\t\t\t}\n\t\t\t\/* see gallery_shortcode() in wp-includes\/media.php *\/\n\t\t<\/style>\n\t\t<div id='gallery-1' class='gallery galleryid-29603 gallery-columns-3 gallery-size-thumbnail'><dl class='gallery-item'>\n\t\t\t<dt class='gallery-icon '>\n\t\t\t\t<a href='https:\/\/www.visit-ulcinj.com\/blog\/wp-content\/uploads\/2010\/01\/lu\u00c4\u008dica-Kacema_ulcinj.JPG'><img width=\"1\" height=\"1\" src=\"https:\/\/www.visit-ulcinj.com\/blog\/wp-content\/uploads\/2010\/01\/lu\u00c4\u008dica-Kacema_ulcinj.JPG\" class=\"attachment-thumbnail size-thumbnail\" alt=\"\" loading=\"lazy\" \/><\/a>\n\t\t\t<\/dt><\/dl><dl class='gallery-item'>\n\t\t\t<dt class='gallery-icon '>\n\t\t\t\t<a href='https:\/\/www.visit-ulcinj.com\/blog\/wp-content\/uploads\/2010\/01\/lu\u00c4\u008dica-Kacema_ulcinj.1.JPG'><img width=\"1\" height=\"1\" src=\"https:\/\/www.visit-ulcinj.com\/blog\/wp-content\/uploads\/2010\/01\/lu\u00c4\u008dica-Kacema_ulcinj.1.JPG\" class=\"attachment-thumbnail size-thumbnail\" alt=\"\" loading=\"lazy\" \/><\/a>\n\t\t\t<\/dt><\/dl><dl class='gallery-item'>\n\t\t\t<dt class='gallery-icon '>\n\t\t\t\t<a href='https:\/\/www.visit-ulcinj.com\/blog\/wp-content\/uploads\/2010\/01\/lu\u00c4\u008dica-Kacema_ulcinj.2.JPG'><img width=\"1\" height=\"1\" src=\"https:\/\/www.visit-ulcinj.com\/blog\/wp-content\/uploads\/2010\/01\/lu\u00c4\u008dica-Kacema_ulcinj.2.JPG\" class=\"attachment-thumbnail size-thumbnail\" alt=\"\" loading=\"lazy\" \/><\/a>\n\t\t\t<\/dt><\/dl><br style=\"clear: both\" \/><dl class='gallery-item'>\n\t\t\t<dt class='gallery-icon '>\n\t\t\t\t<a href='https:\/\/www.visit-ulcinj.com\/blog\/wp-content\/uploads\/2010\/01\/lu\u00c4\u008dica-Kacema_ulcinj.3.JPG'><img width=\"1\" height=\"1\" src=\"https:\/\/www.visit-ulcinj.com\/blog\/wp-content\/uploads\/2010\/01\/lu\u00c4\u008dica-Kacema_ulcinj.3.JPG\" class=\"attachment-thumbnail size-thumbnail\" alt=\"\" loading=\"lazy\" \/><\/a>\n\t\t\t<\/dt><\/dl><dl class='gallery-item'>\n\t\t\t<dt class='gallery-icon '>\n\t\t\t\t<a href='https:\/\/www.visit-ulcinj.com\/blog\/wp-content\/uploads\/2010\/01\/lu\u00c4\u008dica-Kacema_ulcinj.4.JPG'><img width=\"1\" height=\"1\" src=\"https:\/\/www.visit-ulcinj.com\/blog\/wp-content\/uploads\/2010\/01\/lu\u00c4\u008dica-Kacema_ulcinj.4.JPG\" class=\"attachment-thumbnail size-thumbnail\" alt=\"\" loading=\"lazy\" \/><\/a>\n\t\t\t<\/dt><\/dl><dl class='gallery-item'>\n\t\t\t<dt class='gallery-icon '>\n\t\t\t\t<a href='https:\/\/www.visit-ulcinj.com\/blog\/wp-content\/uploads\/2010\/01\/lu\u00c4\u008dica-Kacema_ulcinj.6.JPG'><img width=\"1\" height=\"1\" src=\"https:\/\/www.visit-ulcinj.com\/blog\/wp-content\/uploads\/2010\/01\/lu\u00c4\u008dica-Kacema_ulcinj.6.JPG\" class=\"attachment-thumbnail size-thumbnail\" alt=\"\" loading=\"lazy\" \/><\/a>\n\t\t\t<\/dt><\/dl><br style=\"clear: both\" \/><dl class='gallery-item'>\n\t\t\t<dt class='gallery-icon '>\n\t\t\t\t<a href='https:\/\/www.visit-ulcinj.com\/blog\/wp-content\/uploads\/2010\/01\/lu\u00c4\u008dica-Kacema_ulcinj.7.JPG'><img width=\"1\" height=\"1\" src=\"https:\/\/www.visit-ulcinj.com\/blog\/wp-content\/uploads\/2010\/01\/lu\u00c4\u008dica-Kacema_ulcinj.7.JPG\" class=\"attachment-thumbnail size-thumbnail\" alt=\"\" loading=\"lazy\" \/><\/a>\n\t\t\t<\/dt><\/dl><dl class='gallery-item'>\n\t\t\t<dt class='gallery-icon landscape'>\n\t\t\t\t<a href='https:\/\/www.visit-ulcinj.com\/blog\/wp-content\/uploads\/2010\/01\/izgradnja-male-lucice-_kaceme_ulcinj1.jpg'><img width=\"150\" height=\"150\" src=\"https:\/\/www.visit-ulcinj.com\/blog\/wp-content\/uploads\/2010\/01\/izgradnja-male-lucice-_kaceme_ulcinj1-150x150.jpg\" class=\"attachment-thumbnail size-thumbnail\" alt=\"\" loading=\"lazy\" \/><\/a>\n\t\t\t<\/dt><\/dl><dl class='gallery-item'>\n\t\t\t<dt class='gallery-icon landscape'>\n\t\t\t\t<a href='https:\/\/www.visit-ulcinj.com\/blog\/wp-content\/uploads\/2010\/01\/izgradnja-male-lucice-_kaceme_ulcinj.jpg'><img width=\"150\" height=\"150\" src=\"https:\/\/www.visit-ulcinj.com\/blog\/wp-content\/uploads\/2010\/01\/izgradnja-male-lucice-_kaceme_ulcinj-150x150.jpg\" class=\"attachment-thumbnail size-thumbnail\" alt=\"\" loading=\"lazy\" \/><\/a>\n\t\t\t<\/dt><\/dl><br style=\"clear: both\" \/><dl class='gallery-item'>\n\t\t\t<dt class='gallery-icon '>\n\t\t\t\t<a href='https:\/\/www.visit-ulcinj.com\/blog\/wp-content\/uploads\/2010\/01\/Lu\u00c4\u008dica-Kacema-_Ulcinj-.jpg'><img width=\"1\" height=\"1\" src=\"https:\/\/www.visit-ulcinj.com\/blog\/wp-content\/uploads\/2010\/01\/Lu\u00c4\u008dica-Kacema-_Ulcinj-.jpg\" class=\"attachment-thumbnail size-thumbnail\" alt=\"\" loading=\"lazy\" \/><\/a>\n\t\t\t<\/dt><\/dl><dl class='gallery-item'>\n\t\t\t<dt class='gallery-icon '>\n\t\t\t\t<a href='https:\/\/www.visit-ulcinj.com\/blog\/wp-content\/uploads\/2010\/01\/Lu\u00c4\u008dica-Kacema-_Ulcinj-1.jpg'><img width=\"1\" height=\"1\" src=\"https:\/\/www.visit-ulcinj.com\/blog\/wp-content\/uploads\/2010\/01\/Lu\u00c4\u008dica-Kacema-_Ulcinj-1.jpg\" class=\"attachment-thumbnail size-thumbnail\" alt=\"\" loading=\"lazy\" \/><\/a>\n\t\t\t<\/dt><\/dl>\n\t\t\t<br style='clear: both' \/>\n\t\t<\/div>\n<\/p>\n<p><\/a><\/strong><\/p>\n<p><strong><\/strong><!--YouTube Error: bad URL entered--><\/p>\n","protected":false},"excerpt":{"rendered":"<p>Ulcinj &#8211; Predstavnici op\u0161tine Ulcinj i \u201cMorskog dobra\u201d dogovorili su ju?e prioritete u predsezoni ljeta 2010. Zaklju?eno je da prva faza izgradnje lu?ice Kacema mora biti zavr\u0161ena do sezone, ?ime ?e biti omogu?en privez barki. Gradona?elnik Gzim Hajdinaga i direktor \u201cMorskog dobra\u201d Rajko Barovi? dogovorili su da se narednih dana sanira obalni zid, a radovi [&hellip;]<\/p>\n","protected":false},"author":1,"featured_media":0,"comment_status":"open","ping_status":"closed","sticky":false,"template":"","format":"standard","meta":{"spay_email":"","jetpack_publicize_message":"","jetpack_is_tweetstorm":false,"jetpack_publicize_feature_enabled":true},"categories":[8337],"tags":[12499,13357],"jetpack_publicize_connections":[],"yoast_head":"<!-- This site is optimized with the Yoast SEO plugin v19.1 - https:\/\/yoast.com\/wordpress\/plugins\/seo\/ -->\n<title>Dovr\u0161iti lu?icu u Ulcinju - Lajme nga Ulqini<\/title>\n<meta name=\"description\" content=\"Ulcinj - Predstavnici op\u0161tine Ulcinj i \u201cMorskog dobra\u201d dogovorili su ju?e prioritete u predsezoni ljeta 2010. Zaklju?eno je da prva faza izgradnje lu?ice\" \/>\n<meta name=\"robots\" content=\"index, follow, max-snippet:-1, max-image-preview:large, max-video-preview:-1\" \/>\n<link rel=\"canonical\" href=\"https:\/\/www.visit-ulcinj.com\/blog\/2010\/01\/20\/dovrsiti-lucicu-u-ulcinju\/\" \/>\n<meta property=\"og:locale\" content=\"en_US\" \/>\n<meta property=\"og:type\" content=\"article\" \/>\n<meta property=\"og:title\" content=\"Dovr\u0161iti lu?icu u Ulcinju - Lajme nga Ulqini\" \/>\n<meta property=\"og:description\" content=\"Ulcinj - Predstavnici op\u0161tine Ulcinj i \u201cMorskog dobra\u201d dogovorili su ju?e prioritete u predsezoni ljeta 2010. Zaklju?eno je da prva faza izgradnje lu?ice\" \/>\n<meta property=\"og:url\" content=\"https:\/\/www.visit-ulcinj.com\/blog\/2010\/01\/20\/dovrsiti-lucicu-u-ulcinju\/\" \/>\n<meta property=\"og:site_name\" content=\"Lajme nga Ulqini\" \/>\n<meta property=\"article:published_time\" content=\"2010-01-20T20:38:14+00:00\" \/>\n<meta property=\"article:modified_time\" content=\"2010-01-23T17:33:29+00:00\" \/>\n<meta property=\"og:image\" content=\"https:\/\/www.visit-ulcinj.com\/blog\/wp-content\/uploads\/2010\/01\/lu\u00c4\u008dica-Kacema_ulcinj.JPG\" \/>\n<meta name=\"twitter:label1\" content=\"Written by\" \/>\n\t<meta name=\"twitter:data1\" content=\"ulqini\" \/>\n\t<meta name=\"twitter:label2\" content=\"Est. reading time\" \/>\n\t<meta name=\"twitter:data2\" content=\"1 minute\" \/>\n<script type=\"application\/ld+json\" class=\"yoast-schema-graph\">{\"@context\":\"https:\/\/schema.org\",\"@graph\":[{\"@type\":\"WebSite\",\"@id\":\"https:\/\/www.visit-ulcinj.com\/blog\/#website\",\"url\":\"https:\/\/www.visit-ulcinj.com\/blog\/\",\"name\":\"Lajme nga Ulqini\",\"description\":\"Lajme,Vijesti,Ulqini,Ulqin,Crna Gora,Mali i Zi\",\"potentialAction\":[{\"@type\":\"SearchAction\",\"target\":{\"@type\":\"EntryPoint\",\"urlTemplate\":\"https:\/\/www.visit-ulcinj.com\/blog\/?s={search_term_string}\"},\"query-input\":\"required name=search_term_string\"}],\"inLanguage\":\"en-US\"},{\"@type\":\"ImageObject\",\"inLanguage\":\"en-US\",\"@id\":\"https:\/\/www.visit-ulcinj.com\/blog\/2010\/01\/20\/dovrsiti-lucicu-u-ulcinju\/#primaryimage\",\"url\":\"http:\/\/www.visit-ulcinj.com\/blog\/wp-content\/uploads\/2010\/01\/lu?ica-Kacema_ulcinj.JPG\",\"contentUrl\":\"http:\/\/www.visit-ulcinj.com\/blog\/wp-content\/uploads\/2010\/01\/lu?ica-Kacema_ulcinj.JPG\"},{\"@type\":\"WebPage\",\"@id\":\"https:\/\/www.visit-ulcinj.com\/blog\/2010\/01\/20\/dovrsiti-lucicu-u-ulcinju\/#webpage\",\"url\":\"https:\/\/www.visit-ulcinj.com\/blog\/2010\/01\/20\/dovrsiti-lucicu-u-ulcinju\/\",\"name\":\"Dovr\u0161iti lu?icu u Ulcinju - Lajme nga Ulqini\",\"isPartOf\":{\"@id\":\"https:\/\/www.visit-ulcinj.com\/blog\/#website\"},\"primaryImageOfPage\":{\"@id\":\"https:\/\/www.visit-ulcinj.com\/blog\/2010\/01\/20\/dovrsiti-lucicu-u-ulcinju\/#primaryimage\"},\"datePublished\":\"2010-01-20T20:38:14+00:00\",\"dateModified\":\"2010-01-23T17:33:29+00:00\",\"author\":{\"@id\":\"https:\/\/www.visit-ulcinj.com\/blog\/#\/schema\/person\/dcab619c614d3038751c63bc2aadc06d\"},\"description\":\"Ulcinj - Predstavnici op\u0161tine Ulcinj i \u201cMorskog dobra\u201d dogovorili su ju?e prioritete u predsezoni ljeta 2010. Zaklju?eno je da prva faza izgradnje lu?ice\",\"breadcrumb\":{\"@id\":\"https:\/\/www.visit-ulcinj.com\/blog\/2010\/01\/20\/dovrsiti-lucicu-u-ulcinju\/#breadcrumb\"},\"inLanguage\":\"en-US\",\"potentialAction\":[{\"@type\":\"ReadAction\",\"target\":[\"https:\/\/www.visit-ulcinj.com\/blog\/2010\/01\/20\/dovrsiti-lucicu-u-ulcinju\/\"]}]},{\"@type\":\"BreadcrumbList\",\"@id\":\"https:\/\/www.visit-ulcinj.com\/blog\/2010\/01\/20\/dovrsiti-lucicu-u-ulcinju\/#breadcrumb\",\"itemListElement\":[{\"@type\":\"ListItem\",\"position\":1,\"name\":\"Dovr\u0161iti lu?icu u Ulcinju\"}]},{\"@type\":\"Person\",\"@id\":\"https:\/\/www.visit-ulcinj.com\/blog\/#\/schema\/person\/dcab619c614d3038751c63bc2aadc06d\",\"name\":\"ulqini\",\"sameAs\":[\"http:\/\/www.visit-ulcinj.com\"],\"url\":\"https:\/\/www.visit-ulcinj.com\/blog\/author\/admin\/\"}]}<\/script>\n<!-- \/ Yoast SEO plugin. -->","yoast_head_json":{"title":"Dovr\u0161iti lu?icu u Ulcinju - Lajme nga Ulqini","description":"Ulcinj - Predstavnici op\u0161tine Ulcinj i \u201cMorskog dobra\u201d dogovorili su ju?e prioritete u predsezoni ljeta 2010. Zaklju?eno je da prva faza izgradnje lu?ice","robots":{"index":"index","follow":"follow","max-snippet":"max-snippet:-1","max-image-preview":"max-image-preview:large","max-video-preview":"max-video-preview:-1"},"canonical":"https:\/\/www.visit-ulcinj.com\/blog\/2010\/01\/20\/dovrsiti-lucicu-u-ulcinju\/","og_locale":"en_US","og_type":"article","og_title":"Dovr\u0161iti lu?icu u Ulcinju - Lajme nga Ulqini","og_description":"Ulcinj - Predstavnici op\u0161tine Ulcinj i \u201cMorskog dobra\u201d dogovorili su ju?e prioritete u predsezoni ljeta 2010. Zaklju?eno je da prva faza izgradnje lu?ice","og_url":"https:\/\/www.visit-ulcinj.com\/blog\/2010\/01\/20\/dovrsiti-lucicu-u-ulcinju\/","og_site_name":"Lajme nga Ulqini","article_published_time":"2010-01-20T20:38:14+00:00","article_modified_time":"2010-01-23T17:33:29+00:00","og_image":[{"url":"https:\/\/www.visit-ulcinj.com\/blog\/wp-content\/uploads\/2010\/01\/lu\u00c4\u008dica-Kacema_ulcinj.JPG"}],"twitter_misc":{"Written by":"ulqini","Est. reading time":"1 minute"},"schema":{"@context":"https:\/\/schema.org","@graph":[{"@type":"WebSite","@id":"https:\/\/www.visit-ulcinj.com\/blog\/#website","url":"https:\/\/www.visit-ulcinj.com\/blog\/","name":"Lajme nga Ulqini","description":"Lajme,Vijesti,Ulqini,Ulqin,Crna Gora,Mali i Zi","potentialAction":[{"@type":"SearchAction","target":{"@type":"EntryPoint","urlTemplate":"https:\/\/www.visit-ulcinj.com\/blog\/?s={search_term_string}"},"query-input":"required name=search_term_string"}],"inLanguage":"en-US"},{"@type":"ImageObject","inLanguage":"en-US","@id":"https:\/\/www.visit-ulcinj.com\/blog\/2010\/01\/20\/dovrsiti-lucicu-u-ulcinju\/#primaryimage","url":"http:\/\/www.visit-ulcinj.com\/blog\/wp-content\/uploads\/2010\/01\/lu?ica-Kacema_ulcinj.JPG","contentUrl":"http:\/\/www.visit-ulcinj.com\/blog\/wp-content\/uploads\/2010\/01\/lu?ica-Kacema_ulcinj.JPG"},{"@type":"WebPage","@id":"https:\/\/www.visit-ulcinj.com\/blog\/2010\/01\/20\/dovrsiti-lucicu-u-ulcinju\/#webpage","url":"https:\/\/www.visit-ulcinj.com\/blog\/2010\/01\/20\/dovrsiti-lucicu-u-ulcinju\/","name":"Dovr\u0161iti lu?icu u Ulcinju - Lajme nga Ulqini","isPartOf":{"@id":"https:\/\/www.visit-ulcinj.com\/blog\/#website"},"primaryImageOfPage":{"@id":"https:\/\/www.visit-ulcinj.com\/blog\/2010\/01\/20\/dovrsiti-lucicu-u-ulcinju\/#primaryimage"},"datePublished":"2010-01-20T20:38:14+00:00","dateModified":"2010-01-23T17:33:29+00:00","author":{"@id":"https:\/\/www.visit-ulcinj.com\/blog\/#\/schema\/person\/dcab619c614d3038751c63bc2aadc06d"},"description":"Ulcinj - Predstavnici op\u0161tine Ulcinj i \u201cMorskog dobra\u201d dogovorili su ju?e prioritete u predsezoni ljeta 2010. Zaklju?eno je da prva faza izgradnje lu?ice","breadcrumb":{"@id":"https:\/\/www.visit-ulcinj.com\/blog\/2010\/01\/20\/dovrsiti-lucicu-u-ulcinju\/#breadcrumb"},"inLanguage":"en-US","potentialAction":[{"@type":"ReadAction","target":["https:\/\/www.visit-ulcinj.com\/blog\/2010\/01\/20\/dovrsiti-lucicu-u-ulcinju\/"]}]},{"@type":"BreadcrumbList","@id":"https:\/\/www.visit-ulcinj.com\/blog\/2010\/01\/20\/dovrsiti-lucicu-u-ulcinju\/#breadcrumb","itemListElement":[{"@type":"ListItem","position":1,"name":"Dovr\u0161iti lu?icu u Ulcinju"}]},{"@type":"Person","@id":"https:\/\/www.visit-ulcinj.com\/blog\/#\/schema\/person\/dcab619c614d3038751c63bc2aadc06d","name":"ulqini","sameAs":["http:\/\/www.visit-ulcinj.com"],"url":"https:\/\/www.visit-ulcinj.com\/blog\/author\/admin\/"}]}},"jetpack_featured_media_url":"","jetpack_sharing_enabled":true,"jetpack_shortlink":"https:\/\/wp.me\/pe6lTn-7Ht","_links":{"self":[{"href":"https:\/\/www.visit-ulcinj.com\/blog\/wp-json\/wp\/v2\/posts\/29603"}],"collection":[{"href":"https:\/\/www.visit-ulcinj.com\/blog\/wp-json\/wp\/v2\/posts"}],"about":[{"href":"https:\/\/www.visit-ulcinj.com\/blog\/wp-json\/wp\/v2\/types\/post"}],"author":[{"embeddable":true,"href":"https:\/\/www.visit-ulcinj.com\/blog\/wp-json\/wp\/v2\/users\/1"}],"replies":[{"embeddable":true,"href":"https:\/\/www.visit-ulcinj.com\/blog\/wp-json\/wp\/v2\/comments?post=29603"}],"version-history":[{"count":0,"href":"https:\/\/www.visit-ulcinj.com\/blog\/wp-json\/wp\/v2\/posts\/29603\/revisions"}],"wp:attachment":[{"href":"https:\/\/www.visit-ulcinj.com\/blog\/wp-json\/wp\/v2\/media?parent=29603"}],"wp:term":[{"taxonomy":"category","embeddable":true,"href":"https:\/\/www.visit-ulcinj.com\/blog\/wp-json\/wp\/v2\/categories?post=29603"},{"taxonomy":"post_tag","embeddable":true,"href":"https:\/\/www.visit-ulcinj.com\/blog\/wp-json\/wp\/v2\/tags?post=29603"}],"curies":[{"name":"wp","href":"https:\/\/api.w.org\/{rel}","templated":true}]}}