{"id":29619,"date":"2010-01-20T23:01:37","date_gmt":"2010-01-20T21:01:37","guid":{"rendered":"http:\/\/www.visit-ulcinj.com\/blog\/?p=29619"},"modified":"2010-01-20T23:03:50","modified_gmt":"2010-01-20T21:03:50","slug":"kaltrina-selimi-shkon-ne-londer","status":"publish","type":"post","link":"https:\/\/www.visit-ulcinj.com\/blog\/2010\/01\/20\/kaltrina-selimi-shkon-ne-londer\/","title":{"rendered":"Kaltrina Selimi, shkon n\u00eb Lond\u00ebr"},"content":{"rendered":"<p><strong><a href=\"http:\/\/www.visit-ulcinj.com\/blog\/wp-content\/uploads\/2010\/01\/Kaltrina-Selimi-me-shoqeri.jpg\"><img loading=\"lazy\" class=\"alignleft size-full wp-image-29626\" title=\"Kaltrina Selimi me shoqeri\" src=\"http:\/\/www.visit-ulcinj.com\/blog\/wp-content\/uploads\/2010\/01\/Kaltrina-Selimi-me-shoqeri.jpg\" alt=\"Kaltrina Selimi me shoqeri\" width=\"580\" height=\"400\" \/><\/a>K\u00ebng\u00ebtarja Kaltrina Selimi gjendet n\u00eb Lond\u00ebr.<\/strong><br \/>\nSi duket Kaltrina atje do t\u00eb q\u00ebndroj\u00eb rreth nj\u00eb muaj, me q\u00ebllim q\u00eb t\u00eb pushoj\u00eb n\u00eb krah\u00eb t\u00eb fejuarit t\u00eb saj, Dritonit.<br \/>\nNuk ka plane p\u00ebr ndonj\u00eb martes\u00eb, sikurse q\u00eb nuk ka plane p\u00ebr ndonj\u00eb tjet\u00ebr hit t\u00eb radh\u00ebs. Pas sukseseve q\u00eb pati nga \u201cK\u00ebnga Magjike\u201d, me k\u00ebng\u00ebn e re t\u00eb saj, t\u00eb titulluar \u201cDit\u00eblindja\u201d, Kaltrina Selimi ia ther\u00eb p\u00ebr n\u00eb Lond\u00ebr. Kjo, p\u00ebr arsye se Kalt\u00ebrin\u00ebs i duhet paksa pushim, nga angazhimet q\u00eb ka pasur rreth \u201cK\u00ebnga Magjike\u201d, si dhe pas angazhimeve t\u00eb shumta q\u00eb kishte p\u00ebr fest\u00ebn e Vitit t\u00eb Ri.<br \/>\nAjo, tashm\u00eb gjendet n\u00eb krah\u00ebt e t\u00eb fejuarit t\u00eb saj.<br \/>\nM\u00ebsohet se Kaltrina atje do t\u00eb q\u00ebndroj\u00eb p\u00ebraf\u00ebrsisht nj\u00eb muaj, nd\u00ebrsa p\u00ebr nj\u00eb muaj rresht fansat e saj nuk do t\u00eb mund t\u00eb presin ndonj\u00eb k\u00ebng\u00eb apo klip t\u00eb ri.<\/p>\n<p><strong>Bota Sot<\/strong><br \/>\n<br \/>\n<!--YouTube Error: bad URL entered--><\/p>\n","protected":false},"excerpt":{"rendered":"<p>K\u00ebng\u00ebtarja Kaltrina Selimi gjendet n\u00eb Lond\u00ebr. Si duket Kaltrina atje do t\u00eb q\u00ebndroj\u00eb rreth nj\u00eb muaj, me q\u00ebllim q\u00eb t\u00eb pushoj\u00eb n\u00eb krah\u00eb t\u00eb fejuarit t\u00eb saj, Dritonit. Nuk ka plane p\u00ebr ndonj\u00eb martes\u00eb, sikurse q\u00eb nuk ka plane p\u00ebr ndonj\u00eb tjet\u00ebr hit t\u00eb radh\u00ebs. Pas sukseseve q\u00eb pati nga \u201cK\u00ebnga Magjike\u201d, me k\u00ebng\u00ebn e [&hellip;]<\/p>\n","protected":false},"author":1,"featured_media":0,"comment_status":"open","ping_status":"closed","sticky":false,"template":"","format":"standard","meta":{"spay_email":"","jetpack_publicize_message":"","jetpack_is_tweetstorm":false,"jetpack_publicize_feature_enabled":true},"categories":[1],"tags":[5572],"jetpack_publicize_connections":[],"yoast_head":"<!-- This site is optimized with the Yoast SEO plugin v19.1 - https:\/\/yoast.com\/wordpress\/plugins\/seo\/ -->\n<title>Kaltrina Selimi, shkon n\u00eb Lond\u00ebr - Lajme nga Ulqini<\/title>\n<meta name=\"description\" content=\"K\u00ebng\u00ebtarja Kaltrina Selimi gjendet n\u00eb Lond\u00ebr. Si duket Kaltrina atje do t\u00eb q\u00ebndroj\u00eb rreth nj\u00eb muaj, me q\u00ebllim q\u00eb t\u00eb pushoj\u00eb n\u00eb krah\u00eb t\u00eb fejuarit t\u00eb saj,\" \/>\n<meta name=\"robots\" content=\"index, follow, max-snippet:-1, max-image-preview:large, max-video-preview:-1\" \/>\n<link rel=\"canonical\" href=\"https:\/\/www.visit-ulcinj.com\/blog\/2010\/01\/20\/kaltrina-selimi-shkon-ne-londer\/\" \/>\n<meta property=\"og:locale\" content=\"en_US\" \/>\n<meta property=\"og:type\" content=\"article\" \/>\n<meta property=\"og:title\" content=\"Kaltrina Selimi, shkon n\u00eb Lond\u00ebr - Lajme nga Ulqini\" \/>\n<meta property=\"og:description\" content=\"K\u00ebng\u00ebtarja Kaltrina Selimi gjendet n\u00eb Lond\u00ebr. Si duket Kaltrina atje do t\u00eb q\u00ebndroj\u00eb rreth nj\u00eb muaj, me q\u00ebllim q\u00eb t\u00eb pushoj\u00eb n\u00eb krah\u00eb t\u00eb fejuarit t\u00eb saj,\" \/>\n<meta property=\"og:url\" content=\"https:\/\/www.visit-ulcinj.com\/blog\/2010\/01\/20\/kaltrina-selimi-shkon-ne-londer\/\" \/>\n<meta property=\"og:site_name\" content=\"Lajme nga Ulqini\" \/>\n<meta property=\"article:published_time\" content=\"2010-01-20T21:01:37+00:00\" \/>\n<meta property=\"article:modified_time\" content=\"2010-01-20T21:03:50+00:00\" \/>\n<meta property=\"og:image\" content=\"https:\/\/www.visit-ulcinj.com\/blog\/wp-content\/uploads\/2010\/01\/Kaltrina-Selimi-150x150.jpg\" \/>\n<meta name=\"twitter:label1\" content=\"Written by\" \/>\n\t<meta name=\"twitter:data1\" content=\"ulqini\" \/>\n\t<meta name=\"twitter:label2\" content=\"Est. reading time\" \/>\n\t<meta name=\"twitter:data2\" content=\"1 minute\" \/>\n<script type=\"application\/ld+json\" class=\"yoast-schema-graph\">{\"@context\":\"https:\/\/schema.org\",\"@graph\":[{\"@type\":\"WebSite\",\"@id\":\"https:\/\/www.visit-ulcinj.com\/blog\/#website\",\"url\":\"https:\/\/www.visit-ulcinj.com\/blog\/\",\"name\":\"Lajme nga Ulqini\",\"description\":\"Lajme,Vijesti,Ulqini,Ulqin,Crna Gora,Mali i Zi\",\"potentialAction\":[{\"@type\":\"SearchAction\",\"target\":{\"@type\":\"EntryPoint\",\"urlTemplate\":\"https:\/\/www.visit-ulcinj.com\/blog\/?s={search_term_string}\"},\"query-input\":\"required name=search_term_string\"}],\"inLanguage\":\"en-US\"},{\"@type\":\"ImageObject\",\"inLanguage\":\"en-US\",\"@id\":\"https:\/\/www.visit-ulcinj.com\/blog\/2010\/01\/20\/kaltrina-selimi-shkon-ne-londer\/#primaryimage\",\"url\":\"http:\/\/www.visit-ulcinj.com\/blog\/wp-content\/uploads\/2010\/01\/Kaltrina-Selimi-me-shoqeri.jpg\",\"contentUrl\":\"http:\/\/www.visit-ulcinj.com\/blog\/wp-content\/uploads\/2010\/01\/Kaltrina-Selimi-me-shoqeri.jpg\"},{\"@type\":\"WebPage\",\"@id\":\"https:\/\/www.visit-ulcinj.com\/blog\/2010\/01\/20\/kaltrina-selimi-shkon-ne-londer\/#webpage\",\"url\":\"https:\/\/www.visit-ulcinj.com\/blog\/2010\/01\/20\/kaltrina-selimi-shkon-ne-londer\/\",\"name\":\"Kaltrina Selimi, shkon n\u00eb Lond\u00ebr - Lajme nga Ulqini\",\"isPartOf\":{\"@id\":\"https:\/\/www.visit-ulcinj.com\/blog\/#website\"},\"primaryImageOfPage\":{\"@id\":\"https:\/\/www.visit-ulcinj.com\/blog\/2010\/01\/20\/kaltrina-selimi-shkon-ne-londer\/#primaryimage\"},\"datePublished\":\"2010-01-20T21:01:37+00:00\",\"dateModified\":\"2010-01-20T21:03:50+00:00\",\"author\":{\"@id\":\"https:\/\/www.visit-ulcinj.com\/blog\/#\/schema\/person\/dcab619c614d3038751c63bc2aadc06d\"},\"description\":\"K\u00ebng\u00ebtarja Kaltrina Selimi gjendet n\u00eb Lond\u00ebr. Si duket Kaltrina atje do t\u00eb q\u00ebndroj\u00eb rreth nj\u00eb muaj, me q\u00ebllim q\u00eb t\u00eb pushoj\u00eb n\u00eb krah\u00eb t\u00eb fejuarit t\u00eb saj,\",\"breadcrumb\":{\"@id\":\"https:\/\/www.visit-ulcinj.com\/blog\/2010\/01\/20\/kaltrina-selimi-shkon-ne-londer\/#breadcrumb\"},\"inLanguage\":\"en-US\",\"potentialAction\":[{\"@type\":\"ReadAction\",\"target\":[\"https:\/\/www.visit-ulcinj.com\/blog\/2010\/01\/20\/kaltrina-selimi-shkon-ne-londer\/\"]}]},{\"@type\":\"BreadcrumbList\",\"@id\":\"https:\/\/www.visit-ulcinj.com\/blog\/2010\/01\/20\/kaltrina-selimi-shkon-ne-londer\/#breadcrumb\",\"itemListElement\":[{\"@type\":\"ListItem\",\"position\":1,\"name\":\"Kaltrina Selimi, shkon n\u00eb Lond\u00ebr\"}]},{\"@type\":\"Person\",\"@id\":\"https:\/\/www.visit-ulcinj.com\/blog\/#\/schema\/person\/dcab619c614d3038751c63bc2aadc06d\",\"name\":\"ulqini\",\"sameAs\":[\"http:\/\/www.visit-ulcinj.com\"],\"url\":\"https:\/\/www.visit-ulcinj.com\/blog\/author\/admin\/\"}]}<\/script>\n<!-- \/ Yoast SEO plugin. -->","yoast_head_json":{"title":"Kaltrina Selimi, shkon n\u00eb Lond\u00ebr - Lajme nga Ulqini","description":"K\u00ebng\u00ebtarja Kaltrina Selimi gjendet n\u00eb Lond\u00ebr. Si duket Kaltrina atje do t\u00eb q\u00ebndroj\u00eb rreth nj\u00eb muaj, me q\u00ebllim q\u00eb t\u00eb pushoj\u00eb n\u00eb krah\u00eb t\u00eb fejuarit t\u00eb saj,","robots":{"index":"index","follow":"follow","max-snippet":"max-snippet:-1","max-image-preview":"max-image-preview:large","max-video-preview":"max-video-preview:-1"},"canonical":"https:\/\/www.visit-ulcinj.com\/blog\/2010\/01\/20\/kaltrina-selimi-shkon-ne-londer\/","og_locale":"en_US","og_type":"article","og_title":"Kaltrina Selimi, shkon n\u00eb Lond\u00ebr - Lajme nga Ulqini","og_description":"K\u00ebng\u00ebtarja Kaltrina Selimi gjendet n\u00eb Lond\u00ebr. Si duket Kaltrina atje do t\u00eb q\u00ebndroj\u00eb rreth nj\u00eb muaj, me q\u00ebllim q\u00eb t\u00eb pushoj\u00eb n\u00eb krah\u00eb t\u00eb fejuarit t\u00eb saj,","og_url":"https:\/\/www.visit-ulcinj.com\/blog\/2010\/01\/20\/kaltrina-selimi-shkon-ne-londer\/","og_site_name":"Lajme nga Ulqini","article_published_time":"2010-01-20T21:01:37+00:00","article_modified_time":"2010-01-20T21:03:50+00:00","og_image":[{"url":"https:\/\/www.visit-ulcinj.com\/blog\/wp-content\/uploads\/2010\/01\/Kaltrina-Selimi-150x150.jpg"}],"twitter_misc":{"Written by":"ulqini","Est. reading time":"1 minute"},"schema":{"@context":"https:\/\/schema.org","@graph":[{"@type":"WebSite","@id":"https:\/\/www.visit-ulcinj.com\/blog\/#website","url":"https:\/\/www.visit-ulcinj.com\/blog\/","name":"Lajme nga Ulqini","description":"Lajme,Vijesti,Ulqini,Ulqin,Crna Gora,Mali i Zi","potentialAction":[{"@type":"SearchAction","target":{"@type":"EntryPoint","urlTemplate":"https:\/\/www.visit-ulcinj.com\/blog\/?s={search_term_string}"},"query-input":"required name=search_term_string"}],"inLanguage":"en-US"},{"@type":"ImageObject","inLanguage":"en-US","@id":"https:\/\/www.visit-ulcinj.com\/blog\/2010\/01\/20\/kaltrina-selimi-shkon-ne-londer\/#primaryimage","url":"http:\/\/www.visit-ulcinj.com\/blog\/wp-content\/uploads\/2010\/01\/Kaltrina-Selimi-me-shoqeri.jpg","contentUrl":"http:\/\/www.visit-ulcinj.com\/blog\/wp-content\/uploads\/2010\/01\/Kaltrina-Selimi-me-shoqeri.jpg"},{"@type":"WebPage","@id":"https:\/\/www.visit-ulcinj.com\/blog\/2010\/01\/20\/kaltrina-selimi-shkon-ne-londer\/#webpage","url":"https:\/\/www.visit-ulcinj.com\/blog\/2010\/01\/20\/kaltrina-selimi-shkon-ne-londer\/","name":"Kaltrina Selimi, shkon n\u00eb Lond\u00ebr - Lajme nga Ulqini","isPartOf":{"@id":"https:\/\/www.visit-ulcinj.com\/blog\/#website"},"primaryImageOfPage":{"@id":"https:\/\/www.visit-ulcinj.com\/blog\/2010\/01\/20\/kaltrina-selimi-shkon-ne-londer\/#primaryimage"},"datePublished":"2010-01-20T21:01:37+00:00","dateModified":"2010-01-20T21:03:50+00:00","author":{"@id":"https:\/\/www.visit-ulcinj.com\/blog\/#\/schema\/person\/dcab619c614d3038751c63bc2aadc06d"},"description":"K\u00ebng\u00ebtarja Kaltrina Selimi gjendet n\u00eb Lond\u00ebr. Si duket Kaltrina atje do t\u00eb q\u00ebndroj\u00eb rreth nj\u00eb muaj, me q\u00ebllim q\u00eb t\u00eb pushoj\u00eb n\u00eb krah\u00eb t\u00eb fejuarit t\u00eb saj,","breadcrumb":{"@id":"https:\/\/www.visit-ulcinj.com\/blog\/2010\/01\/20\/kaltrina-selimi-shkon-ne-londer\/#breadcrumb"},"inLanguage":"en-US","potentialAction":[{"@type":"ReadAction","target":["https:\/\/www.visit-ulcinj.com\/blog\/2010\/01\/20\/kaltrina-selimi-shkon-ne-londer\/"]}]},{"@type":"BreadcrumbList","@id":"https:\/\/www.visit-ulcinj.com\/blog\/2010\/01\/20\/kaltrina-selimi-shkon-ne-londer\/#breadcrumb","itemListElement":[{"@type":"ListItem","position":1,"name":"Kaltrina Selimi, shkon n\u00eb Lond\u00ebr"}]},{"@type":"Person","@id":"https:\/\/www.visit-ulcinj.com\/blog\/#\/schema\/person\/dcab619c614d3038751c63bc2aadc06d","name":"ulqini","sameAs":["http:\/\/www.visit-ulcinj.com"],"url":"https:\/\/www.visit-ulcinj.com\/blog\/author\/admin\/"}]}},"jetpack_featured_media_url":"","jetpack_sharing_enabled":true,"jetpack_shortlink":"https:\/\/wp.me\/pe6lTn-7HJ","_links":{"self":[{"href":"https:\/\/www.visit-ulcinj.com\/blog\/wp-json\/wp\/v2\/posts\/29619"}],"collection":[{"href":"https:\/\/www.visit-ulcinj.com\/blog\/wp-json\/wp\/v2\/posts"}],"about":[{"href":"https:\/\/www.visit-ulcinj.com\/blog\/wp-json\/wp\/v2\/types\/post"}],"author":[{"embeddable":true,"href":"https:\/\/www.visit-ulcinj.com\/blog\/wp-json\/wp\/v2\/users\/1"}],"replies":[{"embeddable":true,"href":"https:\/\/www.visit-ulcinj.com\/blog\/wp-json\/wp\/v2\/comments?post=29619"}],"version-history":[{"count":0,"href":"https:\/\/www.visit-ulcinj.com\/blog\/wp-json\/wp\/v2\/posts\/29619\/revisions"}],"wp:attachment":[{"href":"https:\/\/www.visit-ulcinj.com\/blog\/wp-json\/wp\/v2\/media?parent=29619"}],"wp:term":[{"taxonomy":"category","embeddable":true,"href":"https:\/\/www.visit-ulcinj.com\/blog\/wp-json\/wp\/v2\/categories?post=29619"},{"taxonomy":"post_tag","embeddable":true,"href":"https:\/\/www.visit-ulcinj.com\/blog\/wp-json\/wp\/v2\/tags?post=29619"}],"curies":[{"name":"wp","href":"https:\/\/api.w.org\/{rel}","templated":true}]}}