{"id":2963,"date":"2008-09-04T13:31:17","date_gmt":"2008-09-04T18:31:17","guid":{"rendered":"http:\/\/www.visit-ulcinj.com\/blog\/?p=2963"},"modified":"2008-09-04T13:31:17","modified_gmt":"2008-09-04T18:31:17","slug":"ulcinjnovi-most-i-dalje-samo-u-obecanjima","status":"publish","type":"post","link":"https:\/\/www.visit-ulcinj.com\/blog\/2008\/09\/04\/ulcinjnovi-most-i-dalje-samo-u-obecanjima\/","title":{"rendered":"Ulcinj:Novi most i dalje samo u obe?anjima"},"content":{"rendered":"<p><a href=\"http:\/\/www.visit-ulcinj.com\/blog\/wp-content\/uploads\/2008\/01\/luigj-shkreli.jpg\"><img loading=\"lazy\" class=\"alignleft size-medium wp-image-342\" title=\"Luigj Shkreli\" src=\"http:\/\/www.visit-ulcinj.com\/blog\/wp-content\/uploads\/2008\/01\/luigj-shkreli.jpg\" alt=\"\" width=\"246\" height=\"300\" \/><\/a><strong>Kasni realizacija zna?ajne investicije u ulcinju<\/strong><br \/>\nUlcinj &#8211; \u0160ef ulcinjskog DPS-a Ljui? \u0160krelja kazao je da lokalna vlast najju\u017enije op\u0161tine ulazi u period \u201ckada bi trebalo da realizuje i ispuni obe?anja data gra?anima\u201d.<br \/>\nOdgovaraju?i na pitanje \u201cVijesti\u201d za\u0161to kasni najavljeno postavljanje kamena temeljca za dogradnju bulevara na Velikoj pla\u017ei i izgradnju novog mosta na Port Mileni, on je rekao \u201cda su sporni imovinsko &#8211; pravni odnosi\u201d.<br \/>\n&#8211; Projekat, koji je u me?uvremenu revidiran, sada je \u201cte\u017eak\u201d 10 miliona eura od ?ega ?e dr\u017eava investirati osam, a Op\u0161tina dva miliona. Pouzdano znam da je dr\u017eava spremila novac za taj projekat, ali mi na tom potezu jo\u0161 imamo nerije\u0161ene imovinsko- pravne odnose. Vjerujem da ?emo do dolaska premijera Mila ?ukanovi?a, koga o?ekujemo za mjesec-dva, imati kompletnu projektnu dokumentaciju sa precizno planiranom dinamikom izvo?enja radova &#8211; kazao je \u0160krelja.<br \/>\nOn je izbjegao da odgovori na pitanje da li ?e most biti zavr\u0161en do naredne sezone.<br \/>\n&#8211; Nijesam gra?evinac da bih mogao da odgovorim na to pitanje. U svakom slu?aju, znam da pare nijesu problem i da je izvjesno da ?e radovi uskoro po?eti &#8211; kazao je \u0160krelja.<br \/>\nPredsjednik Filip Vujanovi? po?etkom marta ove godine, prilikom zvani?ne posjete Ulcinju, kazao je \u201cda bi izgradnja novog mosta na Port Mileni trebalo da po?ne u \u0161estom ili sedmom mjesecu\u201d.<br \/>\nMjesec kasnije, na Dan op\u0161tine, to je ponovio i gradona?elnik Ulcinja Gzim Hajdinaga.<a href=\"http:\/\/www.visit-ulcinj.com\/blog\/wp-content\/uploads\/2008\/05\/luigj-shkreli1.jpg\"><img loading=\"lazy\" class=\"alignright size-medium wp-image-1634\" title=\"luigj shkreli_01\" src=\"http:\/\/www.visit-ulcinj.com\/blog\/wp-content\/uploads\/2008\/05\/luigj-shkreli1.jpg\" alt=\"\" width=\"131\" height=\"146\" \/><\/a><br \/>\nUprkos manjem broju gostiju nego lani, jedini most na Port Mileni koji se nalazi kod hotela \u201cOtrant\u201d i ove sezone predstavljao je usko saobra?ajno grlo.<br \/>\n<strong>Brodovi i jahte ?e mo?i da prolaze<\/strong><br \/>\nPromjene u projektu, kako je rekao \u0160krelja, odnose se na most \u201c?iji je luk sada vi\u0161i kako bi ispod njega mogli da prolaze brodovi i jahte\u201d.<br \/>\n&#8211; Imali smo u vidu da ?e Port Milena u dogledno vrijeme ponovo postati plovna, tako da smo projekat morali prilagoditi i tim okolnostima &#8211; kazao je on.<br \/>\n<strong>S.A.<br \/>\nIzvor Vijesti<\/strong><\/p>\n<p style=\"text-align: center;\"><a href=\"http:\/\/www.visit-ulcinj.com\/?rub=taxicobi\"><img loading=\"lazy\" class=\"aligncenter size-full wp-image-2798\" title=\"taxi-cobi-ulqintaxi-cobi-ulcinjcrna-goramontenegromali-i-ziulqini\" src=\"http:\/\/www.visit-ulcinj.com\/blog\/wp-content\/uploads\/2008\/08\/taxi-cobi-ulqintaxi-cobi-ulcinjcrna-goramontenegromali-i-ziulqini.jpg\" alt=\"\" width=\"320\" height=\"150\" srcset=\"https:\/\/www.visit-ulcinj.com\/blog\/wp-content\/uploads\/2008\/08\/taxi-cobi-ulqintaxi-cobi-ulcinjcrna-goramontenegromali-i-ziulqini.jpg 320w, https:\/\/www.visit-ulcinj.com\/blog\/wp-content\/uploads\/2008\/08\/taxi-cobi-ulqintaxi-cobi-ulcinjcrna-goramontenegromali-i-ziulqini-300x140.jpg 300w\" sizes=\"(max-width: 320px) 100vw, 320px\" \/><\/a><\/p>\n","protected":false},"excerpt":{"rendered":"<p><img loading=\"lazy\" class=\"alignleft size-medium wp-image-342\" title=\"Luigj Shkreli\" src=\"http:\/\/www.visit-ulcinj.com\/blog\/wp-content\/uploads\/2008\/01\/luigj-shkreli.jpg\" alt=\"\" width=\"140\" height=\"140\" \/><\/p>\n","protected":false},"author":1,"featured_media":0,"comment_status":"open","ping_status":"closed","sticky":false,"template":"","format":"standard","meta":{"spay_email":"","jetpack_publicize_message":"","jetpack_is_tweetstorm":false,"jetpack_publicize_feature_enabled":true},"categories":[5,12],"tags":[941,19,4477],"jetpack_publicize_connections":[],"yoast_head":"<!-- This site is optimized with the Yoast SEO plugin v19.1 - https:\/\/yoast.com\/wordpress\/plugins\/seo\/ -->\n<title>Ulcinj:Novi most i dalje samo u obe?anjima - Lajme nga Ulqini<\/title>\n<meta name=\"robots\" content=\"index, follow, max-snippet:-1, max-image-preview:large, max-video-preview:-1\" \/>\n<link rel=\"canonical\" href=\"https:\/\/www.visit-ulcinj.com\/blog\/2008\/09\/04\/ulcinjnovi-most-i-dalje-samo-u-obecanjima\/\" \/>\n<meta property=\"og:locale\" content=\"en_US\" \/>\n<meta property=\"og:type\" content=\"article\" \/>\n<meta property=\"og:title\" content=\"Ulcinj:Novi most i dalje samo u obe?anjima - Lajme nga Ulqini\" \/>\n<meta property=\"og:url\" content=\"https:\/\/www.visit-ulcinj.com\/blog\/2008\/09\/04\/ulcinjnovi-most-i-dalje-samo-u-obecanjima\/\" \/>\n<meta property=\"og:site_name\" content=\"Lajme nga Ulqini\" \/>\n<meta property=\"article:published_time\" content=\"2008-09-04T18:31:17+00:00\" \/>\n<meta property=\"og:image\" content=\"http:\/\/www.visit-ulcinj.com\/blog\/wp-content\/uploads\/2008\/01\/luigj-shkreli.jpg\" \/>\n<meta name=\"twitter:label1\" content=\"Written by\" \/>\n\t<meta name=\"twitter:data1\" content=\"ulqini\" \/>\n\t<meta name=\"twitter:label2\" content=\"Est. reading time\" \/>\n\t<meta name=\"twitter:data2\" content=\"2 minutes\" \/>\n<script type=\"application\/ld+json\" class=\"yoast-schema-graph\">{\"@context\":\"https:\/\/schema.org\",\"@graph\":[{\"@type\":\"WebSite\",\"@id\":\"https:\/\/www.visit-ulcinj.com\/blog\/#website\",\"url\":\"https:\/\/www.visit-ulcinj.com\/blog\/\",\"name\":\"Lajme nga Ulqini\",\"description\":\"Lajme,Vijesti,Ulqini,Ulqin,Crna Gora,Mali i Zi\",\"potentialAction\":[{\"@type\":\"SearchAction\",\"target\":{\"@type\":\"EntryPoint\",\"urlTemplate\":\"https:\/\/www.visit-ulcinj.com\/blog\/?s={search_term_string}\"},\"query-input\":\"required name=search_term_string\"}],\"inLanguage\":\"en-US\"},{\"@type\":\"ImageObject\",\"inLanguage\":\"en-US\",\"@id\":\"https:\/\/www.visit-ulcinj.com\/blog\/2008\/09\/04\/ulcinjnovi-most-i-dalje-samo-u-obecanjima\/#primaryimage\",\"url\":\"http:\/\/www.visit-ulcinj.com\/blog\/wp-content\/uploads\/2008\/01\/luigj-shkreli.jpg\",\"contentUrl\":\"http:\/\/www.visit-ulcinj.com\/blog\/wp-content\/uploads\/2008\/01\/luigj-shkreli.jpg\"},{\"@type\":\"WebPage\",\"@id\":\"https:\/\/www.visit-ulcinj.com\/blog\/2008\/09\/04\/ulcinjnovi-most-i-dalje-samo-u-obecanjima\/#webpage\",\"url\":\"https:\/\/www.visit-ulcinj.com\/blog\/2008\/09\/04\/ulcinjnovi-most-i-dalje-samo-u-obecanjima\/\",\"name\":\"Ulcinj:Novi most i dalje samo u obe?anjima - Lajme nga Ulqini\",\"isPartOf\":{\"@id\":\"https:\/\/www.visit-ulcinj.com\/blog\/#website\"},\"primaryImageOfPage\":{\"@id\":\"https:\/\/www.visit-ulcinj.com\/blog\/2008\/09\/04\/ulcinjnovi-most-i-dalje-samo-u-obecanjima\/#primaryimage\"},\"datePublished\":\"2008-09-04T18:31:17+00:00\",\"dateModified\":\"2008-09-04T18:31:17+00:00\",\"author\":{\"@id\":\"https:\/\/www.visit-ulcinj.com\/blog\/#\/schema\/person\/dcab619c614d3038751c63bc2aadc06d\"},\"breadcrumb\":{\"@id\":\"https:\/\/www.visit-ulcinj.com\/blog\/2008\/09\/04\/ulcinjnovi-most-i-dalje-samo-u-obecanjima\/#breadcrumb\"},\"inLanguage\":\"en-US\",\"potentialAction\":[{\"@type\":\"ReadAction\",\"target\":[\"https:\/\/www.visit-ulcinj.com\/blog\/2008\/09\/04\/ulcinjnovi-most-i-dalje-samo-u-obecanjima\/\"]}]},{\"@type\":\"BreadcrumbList\",\"@id\":\"https:\/\/www.visit-ulcinj.com\/blog\/2008\/09\/04\/ulcinjnovi-most-i-dalje-samo-u-obecanjima\/#breadcrumb\",\"itemListElement\":[{\"@type\":\"ListItem\",\"position\":1,\"name\":\"Ulcinj:Novi most i dalje samo u obe?anjima\"}]},{\"@type\":\"Person\",\"@id\":\"https:\/\/www.visit-ulcinj.com\/blog\/#\/schema\/person\/dcab619c614d3038751c63bc2aadc06d\",\"name\":\"ulqini\",\"sameAs\":[\"http:\/\/www.visit-ulcinj.com\"],\"url\":\"https:\/\/www.visit-ulcinj.com\/blog\/author\/admin\/\"}]}<\/script>\n<!-- \/ Yoast SEO plugin. -->","yoast_head_json":{"title":"Ulcinj:Novi most i dalje samo u obe?anjima - Lajme nga Ulqini","robots":{"index":"index","follow":"follow","max-snippet":"max-snippet:-1","max-image-preview":"max-image-preview:large","max-video-preview":"max-video-preview:-1"},"canonical":"https:\/\/www.visit-ulcinj.com\/blog\/2008\/09\/04\/ulcinjnovi-most-i-dalje-samo-u-obecanjima\/","og_locale":"en_US","og_type":"article","og_title":"Ulcinj:Novi most i dalje samo u obe?anjima - Lajme nga Ulqini","og_url":"https:\/\/www.visit-ulcinj.com\/blog\/2008\/09\/04\/ulcinjnovi-most-i-dalje-samo-u-obecanjima\/","og_site_name":"Lajme nga Ulqini","article_published_time":"2008-09-04T18:31:17+00:00","og_image":[{"url":"http:\/\/www.visit-ulcinj.com\/blog\/wp-content\/uploads\/2008\/01\/luigj-shkreli.jpg"}],"twitter_misc":{"Written by":"ulqini","Est. reading time":"2 minutes"},"schema":{"@context":"https:\/\/schema.org","@graph":[{"@type":"WebSite","@id":"https:\/\/www.visit-ulcinj.com\/blog\/#website","url":"https:\/\/www.visit-ulcinj.com\/blog\/","name":"Lajme nga Ulqini","description":"Lajme,Vijesti,Ulqini,Ulqin,Crna Gora,Mali i Zi","potentialAction":[{"@type":"SearchAction","target":{"@type":"EntryPoint","urlTemplate":"https:\/\/www.visit-ulcinj.com\/blog\/?s={search_term_string}"},"query-input":"required name=search_term_string"}],"inLanguage":"en-US"},{"@type":"ImageObject","inLanguage":"en-US","@id":"https:\/\/www.visit-ulcinj.com\/blog\/2008\/09\/04\/ulcinjnovi-most-i-dalje-samo-u-obecanjima\/#primaryimage","url":"http:\/\/www.visit-ulcinj.com\/blog\/wp-content\/uploads\/2008\/01\/luigj-shkreli.jpg","contentUrl":"http:\/\/www.visit-ulcinj.com\/blog\/wp-content\/uploads\/2008\/01\/luigj-shkreli.jpg"},{"@type":"WebPage","@id":"https:\/\/www.visit-ulcinj.com\/blog\/2008\/09\/04\/ulcinjnovi-most-i-dalje-samo-u-obecanjima\/#webpage","url":"https:\/\/www.visit-ulcinj.com\/blog\/2008\/09\/04\/ulcinjnovi-most-i-dalje-samo-u-obecanjima\/","name":"Ulcinj:Novi most i dalje samo u obe?anjima - Lajme nga Ulqini","isPartOf":{"@id":"https:\/\/www.visit-ulcinj.com\/blog\/#website"},"primaryImageOfPage":{"@id":"https:\/\/www.visit-ulcinj.com\/blog\/2008\/09\/04\/ulcinjnovi-most-i-dalje-samo-u-obecanjima\/#primaryimage"},"datePublished":"2008-09-04T18:31:17+00:00","dateModified":"2008-09-04T18:31:17+00:00","author":{"@id":"https:\/\/www.visit-ulcinj.com\/blog\/#\/schema\/person\/dcab619c614d3038751c63bc2aadc06d"},"breadcrumb":{"@id":"https:\/\/www.visit-ulcinj.com\/blog\/2008\/09\/04\/ulcinjnovi-most-i-dalje-samo-u-obecanjima\/#breadcrumb"},"inLanguage":"en-US","potentialAction":[{"@type":"ReadAction","target":["https:\/\/www.visit-ulcinj.com\/blog\/2008\/09\/04\/ulcinjnovi-most-i-dalje-samo-u-obecanjima\/"]}]},{"@type":"BreadcrumbList","@id":"https:\/\/www.visit-ulcinj.com\/blog\/2008\/09\/04\/ulcinjnovi-most-i-dalje-samo-u-obecanjima\/#breadcrumb","itemListElement":[{"@type":"ListItem","position":1,"name":"Ulcinj:Novi most i dalje samo u obe?anjima"}]},{"@type":"Person","@id":"https:\/\/www.visit-ulcinj.com\/blog\/#\/schema\/person\/dcab619c614d3038751c63bc2aadc06d","name":"ulqini","sameAs":["http:\/\/www.visit-ulcinj.com"],"url":"https:\/\/www.visit-ulcinj.com\/blog\/author\/admin\/"}]}},"jetpack_featured_media_url":"","jetpack_sharing_enabled":true,"jetpack_shortlink":"https:\/\/wp.me\/pe6lTn-LN","_links":{"self":[{"href":"https:\/\/www.visit-ulcinj.com\/blog\/wp-json\/wp\/v2\/posts\/2963"}],"collection":[{"href":"https:\/\/www.visit-ulcinj.com\/blog\/wp-json\/wp\/v2\/posts"}],"about":[{"href":"https:\/\/www.visit-ulcinj.com\/blog\/wp-json\/wp\/v2\/types\/post"}],"author":[{"embeddable":true,"href":"https:\/\/www.visit-ulcinj.com\/blog\/wp-json\/wp\/v2\/users\/1"}],"replies":[{"embeddable":true,"href":"https:\/\/www.visit-ulcinj.com\/blog\/wp-json\/wp\/v2\/comments?post=2963"}],"version-history":[{"count":0,"href":"https:\/\/www.visit-ulcinj.com\/blog\/wp-json\/wp\/v2\/posts\/2963\/revisions"}],"wp:attachment":[{"href":"https:\/\/www.visit-ulcinj.com\/blog\/wp-json\/wp\/v2\/media?parent=2963"}],"wp:term":[{"taxonomy":"category","embeddable":true,"href":"https:\/\/www.visit-ulcinj.com\/blog\/wp-json\/wp\/v2\/categories?post=2963"},{"taxonomy":"post_tag","embeddable":true,"href":"https:\/\/www.visit-ulcinj.com\/blog\/wp-json\/wp\/v2\/tags?post=2963"}],"curies":[{"name":"wp","href":"https:\/\/api.w.org\/{rel}","templated":true}]}}