{"id":29630,"date":"2010-01-21T08:28:10","date_gmt":"2010-01-21T06:28:10","guid":{"rendered":"http:\/\/www.visit-ulcinj.com\/blog\/?p=29630"},"modified":"2010-01-21T08:35:52","modified_gmt":"2010-01-21T06:35:52","slug":"mali-i-zi-i-vendosur-per-anetaresimin-ne-nato-video","status":"publish","type":"post","link":"https:\/\/www.visit-ulcinj.com\/blog\/2010\/01\/21\/mali-i-zi-i-vendosur-per-anetaresimin-ne-nato-video\/","title":{"rendered":"Mali i Zi i vendosur p\u00ebr an\u00ebtar\u00ebsimin n\u00eb NATO &#8211; Video"},"content":{"rendered":"<p><a href=\"http:\/\/www.visit-ulcinj.com\/blog\/wp-content\/uploads\/2010\/01\/Millo-gjukanovic_Hillari-Klinton.jpg\"><img loading=\"lazy\" class=\"alignleft size-full wp-image-29631\" title=\"Millo gjukanovic_Hillari Klinton\" src=\"http:\/\/www.visit-ulcinj.com\/blog\/wp-content\/uploads\/2010\/01\/Millo-gjukanovic_Hillari-Klinton.jpg\" alt=\"Millo gjukanovic_Hillari Klinton\" width=\"580\" height=\"400\" \/><\/a>Kryeministri i Malit t\u00eb Zi, Millo Gjukanovi\u00e7 thot\u00eb se vendi i tij do t\u00eb punoj\u00eb shum\u00eb p\u00ebr t\u00eb ndjekur rrug\u00ebn drejt nj\u00eb antar\u00ebsimi t\u00eb mundsh\u00ebm n\u00eb aleanc\u00ebn e NATO-s.<br \/>\nZoti Gjukanovi\u00e7 i b\u00ebri komentet pas takimit dje k\u00ebtu n\u00eb Uashington me Sekretaren amerikane t\u00eb Shtetit Hillari Klinton n\u00eb kuardin e nj\u00eb vizite tre ditore n\u00eb Shtetet e Bashkuara.<br \/>\nKryemintri tha se Mali i Zi po k\u00ebrkon zbatimit e Planit t\u00eb Veprimit p\u00ebr An\u00ebtarsim n\u00eb NATO, p\u00ebrmes s\u00eb cilit aleanca p\u00ebrgatit vendin p\u00ebr nj\u00eb an\u00ebtar\u00ebsim t\u00eb mundsh\u00ebm.<br \/>\nAi tha se Mali i Zi do t\u00eb punoj\u00eb q\u00eb t\u00eb p\u00ebrmbush t\u00eb gjitha detyrimet p\u00ebr tu an\u00ebtarsuar n\u00eb NATO duke p\u00ebrfshir\u00eb k\u00ebtu forcimin e sundimit t\u00eb ligjit.<br \/>\nSekretarja Klinton u zotua p\u00ebr p\u00ebrkrahjen e Shteteve t\u00eb Bashkuara q\u00eb Mali i Zi t\u00eb b\u00ebhet pjes\u00eb e pandar\u00eb e bashk\u00ebsis\u00eb euroatlantike.<br \/>\nZonja Klinton po ashtu vler\u00ebsoi p\u00ebrpjekjet e Malit t\u00eb Zi p\u00ebr t\u00eb siguruar stabilitetin n\u00eb Ballkan dhe p\u00ebr d\u00ebrgimin e trupave t\u00eb tyre n\u00eb Afganistan.<\/p>\n<p><strong>VAO<br \/>\n<\/strong><!--YouTube Error: bad URL entered--><\/p>\n","protected":false},"excerpt":{"rendered":"<p>Kryeministri i Malit t\u00eb Zi, Millo Gjukanovi\u00e7 thot\u00eb se vendi i tij do t\u00eb punoj\u00eb shum\u00eb p\u00ebr t\u00eb ndjekur rrug\u00ebn drejt nj\u00eb antar\u00ebsimi t\u00eb mundsh\u00ebm n\u00eb aleanc\u00ebn e NATO-s. Zoti Gjukanovi\u00e7 i b\u00ebri komentet pas takimit dje k\u00ebtu n\u00eb Uashington me Sekretaren amerikane t\u00eb Shtetit Hillari Klinton n\u00eb kuardin e nj\u00eb vizite tre ditore n\u00eb [&hellip;]<\/p>\n","protected":false},"author":1,"featured_media":0,"comment_status":"open","ping_status":"closed","sticky":false,"template":"","format":"standard","meta":{"spay_email":"","jetpack_publicize_message":"","jetpack_is_tweetstorm":false,"jetpack_publicize_feature_enabled":true},"categories":[12],"tags":[13358,2433,1753],"jetpack_publicize_connections":[],"yoast_head":"<!-- This site is optimized with the Yoast SEO plugin v19.1 - https:\/\/yoast.com\/wordpress\/plugins\/seo\/ -->\n<title>Mali i Zi i vendosur p\u00ebr an\u00ebtar\u00ebsimin n\u00eb NATO - Video - Lajme nga Ulqini<\/title>\n<meta name=\"description\" content=\"Kryeministri i Malit t\u00eb Zi, Millo Gjukanovi\u00e7 thot\u00eb se vendi i tij do t\u00eb punoj\u00eb shum\u00eb p\u00ebr t\u00eb ndjekur rrug\u00ebn drejt nj\u00eb antar\u00ebsimi t\u00eb mundsh\u00ebm n\u00eb aleanc\u00ebn e\" \/>\n<meta name=\"robots\" content=\"index, follow, max-snippet:-1, max-image-preview:large, max-video-preview:-1\" \/>\n<link rel=\"canonical\" href=\"https:\/\/www.visit-ulcinj.com\/blog\/2010\/01\/21\/mali-i-zi-i-vendosur-per-anetaresimin-ne-nato-video\/\" \/>\n<meta property=\"og:locale\" content=\"en_US\" \/>\n<meta property=\"og:type\" content=\"article\" \/>\n<meta property=\"og:title\" content=\"Mali i Zi i vendosur p\u00ebr an\u00ebtar\u00ebsimin n\u00eb NATO - Video - Lajme nga Ulqini\" \/>\n<meta property=\"og:description\" content=\"Kryeministri i Malit t\u00eb Zi, Millo Gjukanovi\u00e7 thot\u00eb se vendi i tij do t\u00eb punoj\u00eb shum\u00eb p\u00ebr t\u00eb ndjekur rrug\u00ebn drejt nj\u00eb antar\u00ebsimi t\u00eb mundsh\u00ebm n\u00eb aleanc\u00ebn e\" \/>\n<meta property=\"og:url\" content=\"https:\/\/www.visit-ulcinj.com\/blog\/2010\/01\/21\/mali-i-zi-i-vendosur-per-anetaresimin-ne-nato-video\/\" \/>\n<meta property=\"og:site_name\" content=\"Lajme nga Ulqini\" \/>\n<meta property=\"article:published_time\" content=\"2010-01-21T06:28:10+00:00\" \/>\n<meta property=\"article:modified_time\" content=\"2010-01-21T06:35:52+00:00\" \/>\n<meta property=\"og:image\" content=\"http:\/\/www.visit-ulcinj.com\/blog\/wp-content\/uploads\/2010\/01\/Millo-gjukanovic_Hillari-Klinton.jpg\" \/>\n<meta name=\"twitter:label1\" content=\"Written by\" \/>\n\t<meta name=\"twitter:data1\" content=\"ulqini\" \/>\n\t<meta name=\"twitter:label2\" content=\"Est. reading time\" \/>\n\t<meta name=\"twitter:data2\" content=\"1 minute\" \/>\n<script type=\"application\/ld+json\" class=\"yoast-schema-graph\">{\"@context\":\"https:\/\/schema.org\",\"@graph\":[{\"@type\":\"WebSite\",\"@id\":\"https:\/\/www.visit-ulcinj.com\/blog\/#website\",\"url\":\"https:\/\/www.visit-ulcinj.com\/blog\/\",\"name\":\"Lajme nga Ulqini\",\"description\":\"Lajme,Vijesti,Ulqini,Ulqin,Crna Gora,Mali i Zi\",\"potentialAction\":[{\"@type\":\"SearchAction\",\"target\":{\"@type\":\"EntryPoint\",\"urlTemplate\":\"https:\/\/www.visit-ulcinj.com\/blog\/?s={search_term_string}\"},\"query-input\":\"required name=search_term_string\"}],\"inLanguage\":\"en-US\"},{\"@type\":\"ImageObject\",\"inLanguage\":\"en-US\",\"@id\":\"https:\/\/www.visit-ulcinj.com\/blog\/2010\/01\/21\/mali-i-zi-i-vendosur-per-anetaresimin-ne-nato-video\/#primaryimage\",\"url\":\"https:\/\/www.visit-ulcinj.com\/blog\/wp-content\/uploads\/2010\/01\/Millo-gjukanovic_Hillari-Klinton.jpg\",\"contentUrl\":\"https:\/\/www.visit-ulcinj.com\/blog\/wp-content\/uploads\/2010\/01\/Millo-gjukanovic_Hillari-Klinton.jpg\",\"width\":\"762\",\"height\":\"533\"},{\"@type\":\"WebPage\",\"@id\":\"https:\/\/www.visit-ulcinj.com\/blog\/2010\/01\/21\/mali-i-zi-i-vendosur-per-anetaresimin-ne-nato-video\/#webpage\",\"url\":\"https:\/\/www.visit-ulcinj.com\/blog\/2010\/01\/21\/mali-i-zi-i-vendosur-per-anetaresimin-ne-nato-video\/\",\"name\":\"Mali i Zi i vendosur p\u00ebr an\u00ebtar\u00ebsimin n\u00eb NATO - Video - Lajme nga Ulqini\",\"isPartOf\":{\"@id\":\"https:\/\/www.visit-ulcinj.com\/blog\/#website\"},\"primaryImageOfPage\":{\"@id\":\"https:\/\/www.visit-ulcinj.com\/blog\/2010\/01\/21\/mali-i-zi-i-vendosur-per-anetaresimin-ne-nato-video\/#primaryimage\"},\"datePublished\":\"2010-01-21T06:28:10+00:00\",\"dateModified\":\"2010-01-21T06:35:52+00:00\",\"author\":{\"@id\":\"https:\/\/www.visit-ulcinj.com\/blog\/#\/schema\/person\/dcab619c614d3038751c63bc2aadc06d\"},\"description\":\"Kryeministri i Malit t\u00eb Zi, Millo Gjukanovi\u00e7 thot\u00eb se vendi i tij do t\u00eb punoj\u00eb shum\u00eb p\u00ebr t\u00eb ndjekur rrug\u00ebn drejt nj\u00eb antar\u00ebsimi t\u00eb mundsh\u00ebm n\u00eb aleanc\u00ebn e\",\"breadcrumb\":{\"@id\":\"https:\/\/www.visit-ulcinj.com\/blog\/2010\/01\/21\/mali-i-zi-i-vendosur-per-anetaresimin-ne-nato-video\/#breadcrumb\"},\"inLanguage\":\"en-US\",\"potentialAction\":[{\"@type\":\"ReadAction\",\"target\":[\"https:\/\/www.visit-ulcinj.com\/blog\/2010\/01\/21\/mali-i-zi-i-vendosur-per-anetaresimin-ne-nato-video\/\"]}]},{\"@type\":\"BreadcrumbList\",\"@id\":\"https:\/\/www.visit-ulcinj.com\/blog\/2010\/01\/21\/mali-i-zi-i-vendosur-per-anetaresimin-ne-nato-video\/#breadcrumb\",\"itemListElement\":[{\"@type\":\"ListItem\",\"position\":1,\"name\":\"Mali i Zi i vendosur p\u00ebr an\u00ebtar\u00ebsimin n\u00eb NATO &#8211; Video\"}]},{\"@type\":\"Person\",\"@id\":\"https:\/\/www.visit-ulcinj.com\/blog\/#\/schema\/person\/dcab619c614d3038751c63bc2aadc06d\",\"name\":\"ulqini\",\"sameAs\":[\"http:\/\/www.visit-ulcinj.com\"],\"url\":\"https:\/\/www.visit-ulcinj.com\/blog\/author\/admin\/\"}]}<\/script>\n<!-- \/ Yoast SEO plugin. -->","yoast_head_json":{"title":"Mali i Zi i vendosur p\u00ebr an\u00ebtar\u00ebsimin n\u00eb NATO - Video - Lajme nga Ulqini","description":"Kryeministri i Malit t\u00eb Zi, Millo Gjukanovi\u00e7 thot\u00eb se vendi i tij do t\u00eb punoj\u00eb shum\u00eb p\u00ebr t\u00eb ndjekur rrug\u00ebn drejt nj\u00eb antar\u00ebsimi t\u00eb mundsh\u00ebm n\u00eb aleanc\u00ebn e","robots":{"index":"index","follow":"follow","max-snippet":"max-snippet:-1","max-image-preview":"max-image-preview:large","max-video-preview":"max-video-preview:-1"},"canonical":"https:\/\/www.visit-ulcinj.com\/blog\/2010\/01\/21\/mali-i-zi-i-vendosur-per-anetaresimin-ne-nato-video\/","og_locale":"en_US","og_type":"article","og_title":"Mali i Zi i vendosur p\u00ebr an\u00ebtar\u00ebsimin n\u00eb NATO - Video - Lajme nga Ulqini","og_description":"Kryeministri i Malit t\u00eb Zi, Millo Gjukanovi\u00e7 thot\u00eb se vendi i tij do t\u00eb punoj\u00eb shum\u00eb p\u00ebr t\u00eb ndjekur rrug\u00ebn drejt nj\u00eb antar\u00ebsimi t\u00eb mundsh\u00ebm n\u00eb aleanc\u00ebn e","og_url":"https:\/\/www.visit-ulcinj.com\/blog\/2010\/01\/21\/mali-i-zi-i-vendosur-per-anetaresimin-ne-nato-video\/","og_site_name":"Lajme nga Ulqini","article_published_time":"2010-01-21T06:28:10+00:00","article_modified_time":"2010-01-21T06:35:52+00:00","og_image":[{"url":"http:\/\/www.visit-ulcinj.com\/blog\/wp-content\/uploads\/2010\/01\/Millo-gjukanovic_Hillari-Klinton.jpg"}],"twitter_misc":{"Written by":"ulqini","Est. reading time":"1 minute"},"schema":{"@context":"https:\/\/schema.org","@graph":[{"@type":"WebSite","@id":"https:\/\/www.visit-ulcinj.com\/blog\/#website","url":"https:\/\/www.visit-ulcinj.com\/blog\/","name":"Lajme nga Ulqini","description":"Lajme,Vijesti,Ulqini,Ulqin,Crna Gora,Mali i Zi","potentialAction":[{"@type":"SearchAction","target":{"@type":"EntryPoint","urlTemplate":"https:\/\/www.visit-ulcinj.com\/blog\/?s={search_term_string}"},"query-input":"required name=search_term_string"}],"inLanguage":"en-US"},{"@type":"ImageObject","inLanguage":"en-US","@id":"https:\/\/www.visit-ulcinj.com\/blog\/2010\/01\/21\/mali-i-zi-i-vendosur-per-anetaresimin-ne-nato-video\/#primaryimage","url":"https:\/\/www.visit-ulcinj.com\/blog\/wp-content\/uploads\/2010\/01\/Millo-gjukanovic_Hillari-Klinton.jpg","contentUrl":"https:\/\/www.visit-ulcinj.com\/blog\/wp-content\/uploads\/2010\/01\/Millo-gjukanovic_Hillari-Klinton.jpg","width":"762","height":"533"},{"@type":"WebPage","@id":"https:\/\/www.visit-ulcinj.com\/blog\/2010\/01\/21\/mali-i-zi-i-vendosur-per-anetaresimin-ne-nato-video\/#webpage","url":"https:\/\/www.visit-ulcinj.com\/blog\/2010\/01\/21\/mali-i-zi-i-vendosur-per-anetaresimin-ne-nato-video\/","name":"Mali i Zi i vendosur p\u00ebr an\u00ebtar\u00ebsimin n\u00eb NATO - Video - Lajme nga Ulqini","isPartOf":{"@id":"https:\/\/www.visit-ulcinj.com\/blog\/#website"},"primaryImageOfPage":{"@id":"https:\/\/www.visit-ulcinj.com\/blog\/2010\/01\/21\/mali-i-zi-i-vendosur-per-anetaresimin-ne-nato-video\/#primaryimage"},"datePublished":"2010-01-21T06:28:10+00:00","dateModified":"2010-01-21T06:35:52+00:00","author":{"@id":"https:\/\/www.visit-ulcinj.com\/blog\/#\/schema\/person\/dcab619c614d3038751c63bc2aadc06d"},"description":"Kryeministri i Malit t\u00eb Zi, Millo Gjukanovi\u00e7 thot\u00eb se vendi i tij do t\u00eb punoj\u00eb shum\u00eb p\u00ebr t\u00eb ndjekur rrug\u00ebn drejt nj\u00eb antar\u00ebsimi t\u00eb mundsh\u00ebm n\u00eb aleanc\u00ebn e","breadcrumb":{"@id":"https:\/\/www.visit-ulcinj.com\/blog\/2010\/01\/21\/mali-i-zi-i-vendosur-per-anetaresimin-ne-nato-video\/#breadcrumb"},"inLanguage":"en-US","potentialAction":[{"@type":"ReadAction","target":["https:\/\/www.visit-ulcinj.com\/blog\/2010\/01\/21\/mali-i-zi-i-vendosur-per-anetaresimin-ne-nato-video\/"]}]},{"@type":"BreadcrumbList","@id":"https:\/\/www.visit-ulcinj.com\/blog\/2010\/01\/21\/mali-i-zi-i-vendosur-per-anetaresimin-ne-nato-video\/#breadcrumb","itemListElement":[{"@type":"ListItem","position":1,"name":"Mali i Zi i vendosur p\u00ebr an\u00ebtar\u00ebsimin n\u00eb NATO &#8211; Video"}]},{"@type":"Person","@id":"https:\/\/www.visit-ulcinj.com\/blog\/#\/schema\/person\/dcab619c614d3038751c63bc2aadc06d","name":"ulqini","sameAs":["http:\/\/www.visit-ulcinj.com"],"url":"https:\/\/www.visit-ulcinj.com\/blog\/author\/admin\/"}]}},"jetpack_featured_media_url":"","jetpack_sharing_enabled":true,"jetpack_shortlink":"https:\/\/wp.me\/pe6lTn-7HU","_links":{"self":[{"href":"https:\/\/www.visit-ulcinj.com\/blog\/wp-json\/wp\/v2\/posts\/29630"}],"collection":[{"href":"https:\/\/www.visit-ulcinj.com\/blog\/wp-json\/wp\/v2\/posts"}],"about":[{"href":"https:\/\/www.visit-ulcinj.com\/blog\/wp-json\/wp\/v2\/types\/post"}],"author":[{"embeddable":true,"href":"https:\/\/www.visit-ulcinj.com\/blog\/wp-json\/wp\/v2\/users\/1"}],"replies":[{"embeddable":true,"href":"https:\/\/www.visit-ulcinj.com\/blog\/wp-json\/wp\/v2\/comments?post=29630"}],"version-history":[{"count":0,"href":"https:\/\/www.visit-ulcinj.com\/blog\/wp-json\/wp\/v2\/posts\/29630\/revisions"}],"wp:attachment":[{"href":"https:\/\/www.visit-ulcinj.com\/blog\/wp-json\/wp\/v2\/media?parent=29630"}],"wp:term":[{"taxonomy":"category","embeddable":true,"href":"https:\/\/www.visit-ulcinj.com\/blog\/wp-json\/wp\/v2\/categories?post=29630"},{"taxonomy":"post_tag","embeddable":true,"href":"https:\/\/www.visit-ulcinj.com\/blog\/wp-json\/wp\/v2\/tags?post=29630"}],"curies":[{"name":"wp","href":"https:\/\/api.w.org\/{rel}","templated":true}]}}