{"id":29643,"date":"2010-01-21T11:05:20","date_gmt":"2010-01-21T09:05:20","guid":{"rendered":"http:\/\/www.visit-ulcinj.com\/blog\/?p=29643"},"modified":"2010-01-21T11:05:20","modified_gmt":"2010-01-21T09:05:20","slug":"kumtese-keshilli-nacional-i-shqiptareve-ne-malin-e-zi","status":"publish","type":"post","link":"https:\/\/www.visit-ulcinj.com\/blog\/2010\/01\/21\/kumtese-keshilli-nacional-i-shqiptareve-ne-malin-e-zi\/","title":{"rendered":"Kumtes\u00eb: K\u00ebshilli Nacional i Shqiptar\u00ebve n\u00eb Malin e Zi"},"content":{"rendered":"<p><a href=\"http:\/\/www.visit-ulcinj.com\/blog\/wp-content\/uploads\/2010\/01\/K\u00cbSHILLI-NACIONAL-I-SHQIPTAR\u00cbVE-N\u00cb-MALIN-E-ZI.jpg\"><img loading=\"lazy\" class=\"alignleft size-full wp-image-29644\" title=\"K\u00cbSHILLI-NACIONAL-I-SHQIPTAR\u00cbVE-N\u00cb-MALIN-E-ZI\" src=\"http:\/\/www.visit-ulcinj.com\/blog\/wp-content\/uploads\/2010\/01\/K\u00cbSHILLI-NACIONAL-I-SHQIPTAR\u00cbVE-N\u00cb-MALIN-E-ZI.jpg\" alt=\"K\u00cbSHILLI-NACIONAL-I-SHQIPTAR\u00cbVE-N\u00cb-MALIN-E-ZI\" width=\"580\" height=\"400\" \/><\/a>K\u00ebshilli Nacional i Shqiptar\u00ebve n\u00eb Malin e Zi p\u00ebrsh\u00ebndet vendosjen e mardh\u00ebnieve diplomatike mes Malit t\u00eb Zi dhe Kosov\u00ebs jav\u00ebn e kaluar, me shk\u00ebmbimin e letrave t\u00eb ministrave t\u00eb pun\u00ebve te jashtme t\u00eb dy shteteve.<br \/>\nKNSH vler\u00ebson se vendosja e mardh\u00ebnieve diplomatike, pas njohjes s\u00eb shtetit t\u00eb pamvarur\u00a0 Kosov\u00ebs nga Mali i Zi, vitin e kaluar , ishte nj\u00eb hap i pritsh\u00ebm madje ndoshta pak edhe i vonuar.\u00a0 Megjithat\u00eb vler\u00ebsojm\u00eb se ky moment gjithsesi do t\u00eb ndikoj\u00eb n\u00eb p\u00ebrmir\u00ebsimin dhe avancimin e marr\u00ebdh\u00ebnieve n\u00eb mes t\u00eb dy shteteve, Malit t\u00eb Zi dhe Kosoves, si dy shtete t\u00eb reja t\u00eb pavarura n\u00eb Ballkan, e q\u00eb drejtp\u00ebrdrejt do t\u00eb ndikoj\u00eb n\u00eb rritjen e stabilitetit n\u00eb rajon\u00a0\u00a0 dhe m\u00eb gj\u00ebr\u00eb .<br \/>\nP\u00ebr ne shqiptar\u00ebt n\u00eb Malin e Zi, ky moment ka\u00a0 r\u00ebnd\u00ebsi\u00a0 pasi Kosova do t\u00eb ket\u00eb mund\u00ebsi q\u00eb edhe n\u00eb m\u00ebnyr\u00eb institucionale, m\u00eb\u00a0 p\u00ebr s\u00eb af\u00ebrmi\u00a0\u00a0 t\u00eb njihet\u00a0 me pozit\u00ebn e\u00a0\u00a0 v\u00ebllez\u00ebrve shqiptar\u00eb\u00a0 n\u00eb Malin e Zi,\u00a0 si popull autokton n\u00eb trojet e veta etnike e jo t\u00eb ardhur apo t\u00eb importuar nga ndonj\u00eb vend tjet\u00ebr .<\/p>\n<p>Ndon\u00ebse Kosova dhe populli i saj,\u00a0 edhe n\u00eb t\u00eb kaluar\u00ebn, ka qen\u00eb mb\u00ebshtet\u00ebse e fort\u00eb dhe e vetme p\u00ebr ne shqiptar\u00ebt n\u00eb Malin e Zi, dhe shqiptar\u00ebt e tjer\u00eb n\u00eb trojet e tyre jasht\u00eb Shqip\u00ebris\u00eb. Nuk\u00a0 duhet harruar kurr\u00eb fakti se q\u00eb n\u00eb fillim u shkolluam n\u00eb Kosov\u00eb(shkolla t\u00eb mesme e fakultete), por\u00a0 nj\u00eb pjes\u00eb e mir\u00eb\u00a0 e t\u00eb rinjve tan\u00eb edhe sot po shkollohen\u00a0 n\u00eb Universitetet e Kosov\u00ebs . Shpresojm\u00eb se me vendosjen e marr\u00ebdh\u00ebnieve diplomatike n\u00eb\u00a0 mes dy shteteve, kjo mb\u00ebshtetje do t\u00eb vazhdoj\u00eb, po edhe do\u00a0 t\u00eb thellohet.<br \/>\nK\u00ebshilli Nacional i Shqiptar\u00ebve pret q\u00eb s\u00eb shpejti t\u00eb b\u00ebhet edhe shk\u00ebmbimi i ambasador\u00ebve n\u00eb mes dy shteteve fqinj, t\u00eb cil\u00ebt kan\u00eb shum\u00eb arsye t\u00eb ken\u00eb e t\u00eb zhvillojn\u00eb marr\u00ebdh\u00ebnie t\u00eb mira fqinj\u00ebsore e diplomatike .<\/p>\n<p><strong>KRYETARI<br \/>\nTahir Tahiri<\/strong><\/p>\n","protected":false},"excerpt":{"rendered":"<p>K\u00ebshilli Nacional i Shqiptar\u00ebve n\u00eb Malin e Zi p\u00ebrsh\u00ebndet vendosjen e mardh\u00ebnieve diplomatike mes Malit t\u00eb Zi dhe Kosov\u00ebs jav\u00ebn e kaluar, me shk\u00ebmbimin e letrave t\u00eb ministrave t\u00eb pun\u00ebve te jashtme t\u00eb dy shteteve. KNSH vler\u00ebson se vendosja e mardh\u00ebnieve diplomatike, pas njohjes s\u00eb shtetit t\u00eb pamvarur\u00a0 Kosov\u00ebs nga Mali i Zi, vitin e [&hellip;]<\/p>\n","protected":false},"author":1,"featured_media":0,"comment_status":"open","ping_status":"closed","sticky":false,"template":"","format":"standard","meta":{"spay_email":"","jetpack_publicize_message":"","jetpack_is_tweetstorm":false,"jetpack_publicize_feature_enabled":true},"categories":[6],"tags":[5913,899],"jetpack_publicize_connections":[],"yoast_head":"<!-- This site is optimized with the Yoast SEO plugin v19.1 - https:\/\/yoast.com\/wordpress\/plugins\/seo\/ -->\n<title>Kumtes\u00eb: K\u00ebshilli Nacional i Shqiptar\u00ebve n\u00eb Malin e Zi - Lajme nga Ulqini<\/title>\n<meta name=\"description\" content=\"K\u00ebshilli Nacional i Shqiptar\u00ebve n\u00eb Malin e Zi p\u00ebrsh\u00ebndet vendosjen e mardh\u00ebnieve diplomatike mes Malit t\u00eb Zi dhe Kosov\u00ebs jav\u00ebn e kaluar, me shk\u00ebmbimin e\" \/>\n<meta name=\"robots\" content=\"index, follow, max-snippet:-1, max-image-preview:large, max-video-preview:-1\" \/>\n<link rel=\"canonical\" href=\"https:\/\/www.visit-ulcinj.com\/blog\/2010\/01\/21\/kumtese-keshilli-nacional-i-shqiptareve-ne-malin-e-zi\/\" \/>\n<meta property=\"og:locale\" content=\"en_US\" \/>\n<meta property=\"og:type\" content=\"article\" \/>\n<meta property=\"og:title\" content=\"Kumtes\u00eb: K\u00ebshilli Nacional i Shqiptar\u00ebve n\u00eb Malin e Zi - Lajme nga Ulqini\" \/>\n<meta property=\"og:description\" content=\"K\u00ebshilli Nacional i Shqiptar\u00ebve n\u00eb Malin e Zi p\u00ebrsh\u00ebndet vendosjen e mardh\u00ebnieve diplomatike mes Malit t\u00eb Zi dhe Kosov\u00ebs jav\u00ebn e kaluar, me shk\u00ebmbimin e\" \/>\n<meta property=\"og:url\" content=\"https:\/\/www.visit-ulcinj.com\/blog\/2010\/01\/21\/kumtese-keshilli-nacional-i-shqiptareve-ne-malin-e-zi\/\" \/>\n<meta property=\"og:site_name\" content=\"Lajme nga Ulqini\" \/>\n<meta property=\"article:published_time\" content=\"2010-01-21T09:05:20+00:00\" \/>\n<meta name=\"twitter:label1\" content=\"Written by\" \/>\n\t<meta name=\"twitter:data1\" content=\"ulqini\" \/>\n\t<meta name=\"twitter:label2\" content=\"Est. reading time\" \/>\n\t<meta name=\"twitter:data2\" content=\"2 minutes\" \/>\n<script type=\"application\/ld+json\" class=\"yoast-schema-graph\">{\"@context\":\"https:\/\/schema.org\",\"@graph\":[{\"@type\":\"WebSite\",\"@id\":\"https:\/\/www.visit-ulcinj.com\/blog\/#website\",\"url\":\"https:\/\/www.visit-ulcinj.com\/blog\/\",\"name\":\"Lajme nga Ulqini\",\"description\":\"Lajme,Vijesti,Ulqini,Ulqin,Crna Gora,Mali i Zi\",\"potentialAction\":[{\"@type\":\"SearchAction\",\"target\":{\"@type\":\"EntryPoint\",\"urlTemplate\":\"https:\/\/www.visit-ulcinj.com\/blog\/?s={search_term_string}\"},\"query-input\":\"required name=search_term_string\"}],\"inLanguage\":\"en-US\"},{\"@type\":\"WebPage\",\"@id\":\"https:\/\/www.visit-ulcinj.com\/blog\/2010\/01\/21\/kumtese-keshilli-nacional-i-shqiptareve-ne-malin-e-zi\/#webpage\",\"url\":\"https:\/\/www.visit-ulcinj.com\/blog\/2010\/01\/21\/kumtese-keshilli-nacional-i-shqiptareve-ne-malin-e-zi\/\",\"name\":\"Kumtes\u00eb: K\u00ebshilli Nacional i Shqiptar\u00ebve n\u00eb Malin e Zi - Lajme nga Ulqini\",\"isPartOf\":{\"@id\":\"https:\/\/www.visit-ulcinj.com\/blog\/#website\"},\"datePublished\":\"2010-01-21T09:05:20+00:00\",\"dateModified\":\"2010-01-21T09:05:20+00:00\",\"author\":{\"@id\":\"https:\/\/www.visit-ulcinj.com\/blog\/#\/schema\/person\/dcab619c614d3038751c63bc2aadc06d\"},\"description\":\"K\u00ebshilli Nacional i Shqiptar\u00ebve n\u00eb Malin e Zi p\u00ebrsh\u00ebndet vendosjen e mardh\u00ebnieve diplomatike mes Malit t\u00eb Zi dhe Kosov\u00ebs jav\u00ebn e kaluar, me shk\u00ebmbimin e\",\"breadcrumb\":{\"@id\":\"https:\/\/www.visit-ulcinj.com\/blog\/2010\/01\/21\/kumtese-keshilli-nacional-i-shqiptareve-ne-malin-e-zi\/#breadcrumb\"},\"inLanguage\":\"en-US\",\"potentialAction\":[{\"@type\":\"ReadAction\",\"target\":[\"https:\/\/www.visit-ulcinj.com\/blog\/2010\/01\/21\/kumtese-keshilli-nacional-i-shqiptareve-ne-malin-e-zi\/\"]}]},{\"@type\":\"BreadcrumbList\",\"@id\":\"https:\/\/www.visit-ulcinj.com\/blog\/2010\/01\/21\/kumtese-keshilli-nacional-i-shqiptareve-ne-malin-e-zi\/#breadcrumb\",\"itemListElement\":[{\"@type\":\"ListItem\",\"position\":1,\"name\":\"Kumtes\u00eb: K\u00ebshilli Nacional i Shqiptar\u00ebve n\u00eb Malin e Zi\"}]},{\"@type\":\"Person\",\"@id\":\"https:\/\/www.visit-ulcinj.com\/blog\/#\/schema\/person\/dcab619c614d3038751c63bc2aadc06d\",\"name\":\"ulqini\",\"sameAs\":[\"http:\/\/www.visit-ulcinj.com\"],\"url\":\"https:\/\/www.visit-ulcinj.com\/blog\/author\/admin\/\"}]}<\/script>\n<!-- \/ Yoast SEO plugin. -->","yoast_head_json":{"title":"Kumtes\u00eb: K\u00ebshilli Nacional i Shqiptar\u00ebve n\u00eb Malin e Zi - Lajme nga Ulqini","description":"K\u00ebshilli Nacional i Shqiptar\u00ebve n\u00eb Malin e Zi p\u00ebrsh\u00ebndet vendosjen e mardh\u00ebnieve diplomatike mes Malit t\u00eb Zi dhe Kosov\u00ebs jav\u00ebn e kaluar, me shk\u00ebmbimin e","robots":{"index":"index","follow":"follow","max-snippet":"max-snippet:-1","max-image-preview":"max-image-preview:large","max-video-preview":"max-video-preview:-1"},"canonical":"https:\/\/www.visit-ulcinj.com\/blog\/2010\/01\/21\/kumtese-keshilli-nacional-i-shqiptareve-ne-malin-e-zi\/","og_locale":"en_US","og_type":"article","og_title":"Kumtes\u00eb: K\u00ebshilli Nacional i Shqiptar\u00ebve n\u00eb Malin e Zi - Lajme nga Ulqini","og_description":"K\u00ebshilli Nacional i Shqiptar\u00ebve n\u00eb Malin e Zi p\u00ebrsh\u00ebndet vendosjen e mardh\u00ebnieve diplomatike mes Malit t\u00eb Zi dhe Kosov\u00ebs jav\u00ebn e kaluar, me shk\u00ebmbimin e","og_url":"https:\/\/www.visit-ulcinj.com\/blog\/2010\/01\/21\/kumtese-keshilli-nacional-i-shqiptareve-ne-malin-e-zi\/","og_site_name":"Lajme nga Ulqini","article_published_time":"2010-01-21T09:05:20+00:00","twitter_misc":{"Written by":"ulqini","Est. reading time":"2 minutes"},"schema":{"@context":"https:\/\/schema.org","@graph":[{"@type":"WebSite","@id":"https:\/\/www.visit-ulcinj.com\/blog\/#website","url":"https:\/\/www.visit-ulcinj.com\/blog\/","name":"Lajme nga Ulqini","description":"Lajme,Vijesti,Ulqini,Ulqin,Crna Gora,Mali i Zi","potentialAction":[{"@type":"SearchAction","target":{"@type":"EntryPoint","urlTemplate":"https:\/\/www.visit-ulcinj.com\/blog\/?s={search_term_string}"},"query-input":"required name=search_term_string"}],"inLanguage":"en-US"},{"@type":"WebPage","@id":"https:\/\/www.visit-ulcinj.com\/blog\/2010\/01\/21\/kumtese-keshilli-nacional-i-shqiptareve-ne-malin-e-zi\/#webpage","url":"https:\/\/www.visit-ulcinj.com\/blog\/2010\/01\/21\/kumtese-keshilli-nacional-i-shqiptareve-ne-malin-e-zi\/","name":"Kumtes\u00eb: K\u00ebshilli Nacional i Shqiptar\u00ebve n\u00eb Malin e Zi - Lajme nga Ulqini","isPartOf":{"@id":"https:\/\/www.visit-ulcinj.com\/blog\/#website"},"datePublished":"2010-01-21T09:05:20+00:00","dateModified":"2010-01-21T09:05:20+00:00","author":{"@id":"https:\/\/www.visit-ulcinj.com\/blog\/#\/schema\/person\/dcab619c614d3038751c63bc2aadc06d"},"description":"K\u00ebshilli Nacional i Shqiptar\u00ebve n\u00eb Malin e Zi p\u00ebrsh\u00ebndet vendosjen e mardh\u00ebnieve diplomatike mes Malit t\u00eb Zi dhe Kosov\u00ebs jav\u00ebn e kaluar, me shk\u00ebmbimin e","breadcrumb":{"@id":"https:\/\/www.visit-ulcinj.com\/blog\/2010\/01\/21\/kumtese-keshilli-nacional-i-shqiptareve-ne-malin-e-zi\/#breadcrumb"},"inLanguage":"en-US","potentialAction":[{"@type":"ReadAction","target":["https:\/\/www.visit-ulcinj.com\/blog\/2010\/01\/21\/kumtese-keshilli-nacional-i-shqiptareve-ne-malin-e-zi\/"]}]},{"@type":"BreadcrumbList","@id":"https:\/\/www.visit-ulcinj.com\/blog\/2010\/01\/21\/kumtese-keshilli-nacional-i-shqiptareve-ne-malin-e-zi\/#breadcrumb","itemListElement":[{"@type":"ListItem","position":1,"name":"Kumtes\u00eb: K\u00ebshilli Nacional i Shqiptar\u00ebve n\u00eb Malin e Zi"}]},{"@type":"Person","@id":"https:\/\/www.visit-ulcinj.com\/blog\/#\/schema\/person\/dcab619c614d3038751c63bc2aadc06d","name":"ulqini","sameAs":["http:\/\/www.visit-ulcinj.com"],"url":"https:\/\/www.visit-ulcinj.com\/blog\/author\/admin\/"}]}},"jetpack_featured_media_url":"","jetpack_sharing_enabled":true,"jetpack_shortlink":"https:\/\/wp.me\/pe6lTn-7I7","_links":{"self":[{"href":"https:\/\/www.visit-ulcinj.com\/blog\/wp-json\/wp\/v2\/posts\/29643"}],"collection":[{"href":"https:\/\/www.visit-ulcinj.com\/blog\/wp-json\/wp\/v2\/posts"}],"about":[{"href":"https:\/\/www.visit-ulcinj.com\/blog\/wp-json\/wp\/v2\/types\/post"}],"author":[{"embeddable":true,"href":"https:\/\/www.visit-ulcinj.com\/blog\/wp-json\/wp\/v2\/users\/1"}],"replies":[{"embeddable":true,"href":"https:\/\/www.visit-ulcinj.com\/blog\/wp-json\/wp\/v2\/comments?post=29643"}],"version-history":[{"count":0,"href":"https:\/\/www.visit-ulcinj.com\/blog\/wp-json\/wp\/v2\/posts\/29643\/revisions"}],"wp:attachment":[{"href":"https:\/\/www.visit-ulcinj.com\/blog\/wp-json\/wp\/v2\/media?parent=29643"}],"wp:term":[{"taxonomy":"category","embeddable":true,"href":"https:\/\/www.visit-ulcinj.com\/blog\/wp-json\/wp\/v2\/categories?post=29643"},{"taxonomy":"post_tag","embeddable":true,"href":"https:\/\/www.visit-ulcinj.com\/blog\/wp-json\/wp\/v2\/tags?post=29643"}],"curies":[{"name":"wp","href":"https:\/\/api.w.org\/{rel}","templated":true}]}}