{"id":29667,"date":"2010-01-22T20:38:15","date_gmt":"2010-01-22T18:38:15","guid":{"rendered":"http:\/\/www.visit-ulcinj.com\/blog\/?p=29667"},"modified":"2010-01-22T20:45:22","modified_gmt":"2010-01-22T18:45:22","slug":"sa-otpadom-muku-muce-i-u-ulcinjskoj-opstini","status":"publish","type":"post","link":"https:\/\/www.visit-ulcinj.com\/blog\/2010\/01\/22\/sa-otpadom-muku-muce-i-u-ulcinjskoj-opstini\/","title":{"rendered":"Sa otpadom muku mu?e i u Ulcinjskoj op\u0161tini"},"content":{"rendered":"<p><a href=\"http:\/\/www.visit-ulcinj.com\/blog\/wp-content\/uploads\/2010\/01\/ljoro_nrekic.1.jpg\"><img loading=\"lazy\" class=\"size-full wp-image-29668 alignleft\" title=\"ljoro_nrekic.1\" src=\"http:\/\/www.visit-ulcinj.com\/blog\/wp-content\/uploads\/2010\/01\/ljoro_nrekic.1.jpg\" alt=\"ljoro_nrekic.1\" width=\"278\" height=\"350\" srcset=\"https:\/\/www.visit-ulcinj.com\/blog\/wp-content\/uploads\/2010\/01\/ljoro_nrekic.1.jpg 278w, https:\/\/www.visit-ulcinj.com\/blog\/wp-content\/uploads\/2010\/01\/ljoro_nrekic.1-238x300.jpg 238w\" sizes=\"(max-width: 278px) 100vw, 278px\" \/><\/a>Sa otpadom muku mu?e i u ulcinjskoj op\u0161tini, gdje se voda vratila u korito, vodostaj Bojane spustio se za oko metar i na obalama otkrio velike koli?ine razli?itog otpada.<br \/>\n?lan kriznog \u0161taba Ljoro Nreki? kazao je da je ulcinjska op\u0161tina pokrenula projekat ?i\u0161?enja obala od otpada, te da ?e akciju pro\u0161iriti uz pomo? nadle\u017enih slu\u017ebi i privatnika.<br \/>\nIako se vodostaj rijeke Bojane spustio za gotovo metar i voda povukla sa imanja i iz ku?a, neki od mje\u0161tana \u0160toja, Ade Bojane i ugro\u017eenih sela smatraju da najve?e nevolje tek dolaze.<br \/>\nIzlivene septi?ke jame u \u0160toju jedan su od najve?ih problema doma?instava u tom mjestu. Mje\u0161tanin Mi\u0161ko Lekovi? apelovao je na nadle\u017ene da \u0161to prije pokrenu akciju kako bi se obavila dezinfekcija tog podru?ja i gra?ani vratili normalnom \u017eivotu.<br \/>\n\u201cU \u0160toju nemaju vodovod, niti kanalizaciju, a oko ku?a izliveno je i po \u0161est septi?kih jama. Osim toga u tom mjestu mje\u0161tani jo\u0161 ne mogu iza?i vani bez ?izama\u201d, kazao je Lekovi?.<br \/>\nKako je ju?e za \u201cVijesti\u201d rekao Nreki? u ulcinjskoj op\u0161tini nema \u201cepidemiolo\u0161kih znakova\u201d. Komisija za naknadu \u0161tete od elementarnih nepogoda ve? je nekoliko dana na terenu, a o procjeni \u0161tete, kako ka\u017ee Nreki?, bi?e rije?i nakon potpunog povla?enja vode.<br \/>\n\u201cGra?ani svakodnevno prijavljuju \u0161tete nastale usljed poplava od kojih se ve?ina odnosi na poljoprivredna zemlji\u0161ta, planta\u017ee, plastenike i ku?e. U utorak je zakazana vanredna sjednica parlamenta na kojoj ?e se raspravljati o svim problemima koje su donijele poplave\u201d, objasnio je on.<br \/>\nLekovi?, koji je vlasnik restorana na Adi Bojani, istakao je da se vlasnici ugostiteljskih objekata na tom podru?ju ne nadaju da ?e nakon procjene \u0161tete mo?i da povrate izgubljeno.<br \/>\n\u201cMoja porodica ne?e mnogo dobiti procjenom, ali se nadam da ?e ljudima koji \u017eive skromno i danima su boravili u vodi \u0161teta biti korektno procijenjena\u201d, istakao je Lekovi?.<br \/>\nDoma?instva ugro\u017eenih sela Lisa Bori i Fraskanjel od prije nekoliko dana nijesu vi\u0161e odsje?ena od ostatka op\u0161tine.<\/p>\n<p><strong>M. N. &#8211; D. ?.<br \/>\n<a href=\"http:\/\/www.vijesti.me\/index.php?id_pre=327183&amp;godina=2010\" target=\"_blank\">Vijesti<\/a><\/strong><\/p>\n<p><strong>VIDEO TV IN<br \/>\n[flv width=&#8221;580&#8243; height=&#8221;400&#8243;]http:\/\/www.rtvin.me\/flv\/20_01_post_akcija_ciscenja.flv[\/flv]<a href=\"http:\/\/www.vijesti.me\/index.php?id_pre=327183&amp;godina=2010\" target=\"_blank\"><\/a><\/strong><\/p>\n","protected":false},"excerpt":{"rendered":"<p>Sa otpadom muku mu?e i u ulcinjskoj op\u0161tini, gdje se voda vratila u korito, vodostaj Bojane spustio se za oko metar i na obalama otkrio velike koli?ine razli?itog otpada. ?lan kriznog \u0161taba Ljoro Nreki? kazao je da je ulcinjska op\u0161tina pokrenula projekat ?i\u0161?enja obala od otpada, te da ?e akciju pro\u0161iriti uz pomo? nadle\u017enih slu\u017ebi [&hellip;]<\/p>\n","protected":false},"author":1,"featured_media":0,"comment_status":"open","ping_status":"closed","sticky":false,"template":"","format":"standard","meta":{"spay_email":"","jetpack_publicize_message":"","jetpack_is_tweetstorm":false,"jetpack_publicize_feature_enabled":true},"categories":[8337],"tags":[138,10203,13364,4568,2044],"jetpack_publicize_connections":[],"yoast_head":"<!-- This site is optimized with the Yoast SEO plugin v19.1 - https:\/\/yoast.com\/wordpress\/plugins\/seo\/ -->\n<title>Sa otpadom muku mu?e i u Ulcinjskoj op\u0161tini - Lajme nga Ulqini<\/title>\n<meta name=\"description\" content=\"Sa otpadom muku mu?e i u ulcinjskoj op\u0161tini, gdje se voda vratila u korito, vodostaj Bojane spustio se za oko metar i na obalama otkrio velike koli?ine\" \/>\n<meta name=\"robots\" content=\"index, follow, max-snippet:-1, max-image-preview:large, max-video-preview:-1\" \/>\n<link rel=\"canonical\" href=\"https:\/\/www.visit-ulcinj.com\/blog\/2010\/01\/22\/sa-otpadom-muku-muce-i-u-ulcinjskoj-opstini\/\" \/>\n<meta property=\"og:locale\" content=\"en_US\" \/>\n<meta property=\"og:type\" content=\"article\" \/>\n<meta property=\"og:title\" content=\"Sa otpadom muku mu?e i u Ulcinjskoj op\u0161tini - Lajme nga Ulqini\" \/>\n<meta property=\"og:description\" content=\"Sa otpadom muku mu?e i u ulcinjskoj op\u0161tini, gdje se voda vratila u korito, vodostaj Bojane spustio se za oko metar i na obalama otkrio velike koli?ine\" \/>\n<meta property=\"og:url\" content=\"https:\/\/www.visit-ulcinj.com\/blog\/2010\/01\/22\/sa-otpadom-muku-muce-i-u-ulcinjskoj-opstini\/\" \/>\n<meta property=\"og:site_name\" content=\"Lajme nga Ulqini\" \/>\n<meta property=\"article:published_time\" content=\"2010-01-22T18:38:15+00:00\" \/>\n<meta property=\"article:modified_time\" content=\"2010-01-22T18:45:22+00:00\" \/>\n<meta property=\"og:image\" content=\"http:\/\/www.visit-ulcinj.com\/blog\/wp-content\/uploads\/2010\/01\/ljoro_nrekic.1.jpg\" \/>\n<meta name=\"twitter:label1\" content=\"Written by\" \/>\n\t<meta name=\"twitter:data1\" content=\"ulqini\" \/>\n\t<meta name=\"twitter:label2\" content=\"Est. reading time\" \/>\n\t<meta name=\"twitter:data2\" content=\"2 minutes\" \/>\n<script type=\"application\/ld+json\" class=\"yoast-schema-graph\">{\"@context\":\"https:\/\/schema.org\",\"@graph\":[{\"@type\":\"WebSite\",\"@id\":\"https:\/\/www.visit-ulcinj.com\/blog\/#website\",\"url\":\"https:\/\/www.visit-ulcinj.com\/blog\/\",\"name\":\"Lajme nga Ulqini\",\"description\":\"Lajme,Vijesti,Ulqini,Ulqin,Crna Gora,Mali i Zi\",\"potentialAction\":[{\"@type\":\"SearchAction\",\"target\":{\"@type\":\"EntryPoint\",\"urlTemplate\":\"https:\/\/www.visit-ulcinj.com\/blog\/?s={search_term_string}\"},\"query-input\":\"required name=search_term_string\"}],\"inLanguage\":\"en-US\"},{\"@type\":\"ImageObject\",\"inLanguage\":\"en-US\",\"@id\":\"https:\/\/www.visit-ulcinj.com\/blog\/2010\/01\/22\/sa-otpadom-muku-muce-i-u-ulcinjskoj-opstini\/#primaryimage\",\"url\":\"https:\/\/www.visit-ulcinj.com\/blog\/wp-content\/uploads\/2010\/01\/ljoro_nrekic.1.jpg\",\"contentUrl\":\"https:\/\/www.visit-ulcinj.com\/blog\/wp-content\/uploads\/2010\/01\/ljoro_nrekic.1.jpg\",\"width\":\"278\",\"height\":\"350\"},{\"@type\":\"WebPage\",\"@id\":\"https:\/\/www.visit-ulcinj.com\/blog\/2010\/01\/22\/sa-otpadom-muku-muce-i-u-ulcinjskoj-opstini\/#webpage\",\"url\":\"https:\/\/www.visit-ulcinj.com\/blog\/2010\/01\/22\/sa-otpadom-muku-muce-i-u-ulcinjskoj-opstini\/\",\"name\":\"Sa otpadom muku mu?e i u Ulcinjskoj op\u0161tini - Lajme nga Ulqini\",\"isPartOf\":{\"@id\":\"https:\/\/www.visit-ulcinj.com\/blog\/#website\"},\"primaryImageOfPage\":{\"@id\":\"https:\/\/www.visit-ulcinj.com\/blog\/2010\/01\/22\/sa-otpadom-muku-muce-i-u-ulcinjskoj-opstini\/#primaryimage\"},\"datePublished\":\"2010-01-22T18:38:15+00:00\",\"dateModified\":\"2010-01-22T18:45:22+00:00\",\"author\":{\"@id\":\"https:\/\/www.visit-ulcinj.com\/blog\/#\/schema\/person\/dcab619c614d3038751c63bc2aadc06d\"},\"description\":\"Sa otpadom muku mu?e i u ulcinjskoj op\u0161tini, gdje se voda vratila u korito, vodostaj Bojane spustio se za oko metar i na obalama otkrio velike koli?ine\",\"breadcrumb\":{\"@id\":\"https:\/\/www.visit-ulcinj.com\/blog\/2010\/01\/22\/sa-otpadom-muku-muce-i-u-ulcinjskoj-opstini\/#breadcrumb\"},\"inLanguage\":\"en-US\",\"potentialAction\":[{\"@type\":\"ReadAction\",\"target\":[\"https:\/\/www.visit-ulcinj.com\/blog\/2010\/01\/22\/sa-otpadom-muku-muce-i-u-ulcinjskoj-opstini\/\"]}]},{\"@type\":\"BreadcrumbList\",\"@id\":\"https:\/\/www.visit-ulcinj.com\/blog\/2010\/01\/22\/sa-otpadom-muku-muce-i-u-ulcinjskoj-opstini\/#breadcrumb\",\"itemListElement\":[{\"@type\":\"ListItem\",\"position\":1,\"name\":\"Sa otpadom muku mu?e i u Ulcinjskoj op\u0161tini\"}]},{\"@type\":\"Person\",\"@id\":\"https:\/\/www.visit-ulcinj.com\/blog\/#\/schema\/person\/dcab619c614d3038751c63bc2aadc06d\",\"name\":\"ulqini\",\"sameAs\":[\"http:\/\/www.visit-ulcinj.com\"],\"url\":\"https:\/\/www.visit-ulcinj.com\/blog\/author\/admin\/\"}]}<\/script>\n<!-- \/ Yoast SEO plugin. -->","yoast_head_json":{"title":"Sa otpadom muku mu?e i u Ulcinjskoj op\u0161tini - Lajme nga Ulqini","description":"Sa otpadom muku mu?e i u ulcinjskoj op\u0161tini, gdje se voda vratila u korito, vodostaj Bojane spustio se za oko metar i na obalama otkrio velike koli?ine","robots":{"index":"index","follow":"follow","max-snippet":"max-snippet:-1","max-image-preview":"max-image-preview:large","max-video-preview":"max-video-preview:-1"},"canonical":"https:\/\/www.visit-ulcinj.com\/blog\/2010\/01\/22\/sa-otpadom-muku-muce-i-u-ulcinjskoj-opstini\/","og_locale":"en_US","og_type":"article","og_title":"Sa otpadom muku mu?e i u Ulcinjskoj op\u0161tini - Lajme nga Ulqini","og_description":"Sa otpadom muku mu?e i u ulcinjskoj op\u0161tini, gdje se voda vratila u korito, vodostaj Bojane spustio se za oko metar i na obalama otkrio velike koli?ine","og_url":"https:\/\/www.visit-ulcinj.com\/blog\/2010\/01\/22\/sa-otpadom-muku-muce-i-u-ulcinjskoj-opstini\/","og_site_name":"Lajme nga Ulqini","article_published_time":"2010-01-22T18:38:15+00:00","article_modified_time":"2010-01-22T18:45:22+00:00","og_image":[{"url":"http:\/\/www.visit-ulcinj.com\/blog\/wp-content\/uploads\/2010\/01\/ljoro_nrekic.1.jpg"}],"twitter_misc":{"Written by":"ulqini","Est. reading time":"2 minutes"},"schema":{"@context":"https:\/\/schema.org","@graph":[{"@type":"WebSite","@id":"https:\/\/www.visit-ulcinj.com\/blog\/#website","url":"https:\/\/www.visit-ulcinj.com\/blog\/","name":"Lajme nga Ulqini","description":"Lajme,Vijesti,Ulqini,Ulqin,Crna Gora,Mali i Zi","potentialAction":[{"@type":"SearchAction","target":{"@type":"EntryPoint","urlTemplate":"https:\/\/www.visit-ulcinj.com\/blog\/?s={search_term_string}"},"query-input":"required name=search_term_string"}],"inLanguage":"en-US"},{"@type":"ImageObject","inLanguage":"en-US","@id":"https:\/\/www.visit-ulcinj.com\/blog\/2010\/01\/22\/sa-otpadom-muku-muce-i-u-ulcinjskoj-opstini\/#primaryimage","url":"https:\/\/www.visit-ulcinj.com\/blog\/wp-content\/uploads\/2010\/01\/ljoro_nrekic.1.jpg","contentUrl":"https:\/\/www.visit-ulcinj.com\/blog\/wp-content\/uploads\/2010\/01\/ljoro_nrekic.1.jpg","width":"278","height":"350"},{"@type":"WebPage","@id":"https:\/\/www.visit-ulcinj.com\/blog\/2010\/01\/22\/sa-otpadom-muku-muce-i-u-ulcinjskoj-opstini\/#webpage","url":"https:\/\/www.visit-ulcinj.com\/blog\/2010\/01\/22\/sa-otpadom-muku-muce-i-u-ulcinjskoj-opstini\/","name":"Sa otpadom muku mu?e i u Ulcinjskoj op\u0161tini - Lajme nga Ulqini","isPartOf":{"@id":"https:\/\/www.visit-ulcinj.com\/blog\/#website"},"primaryImageOfPage":{"@id":"https:\/\/www.visit-ulcinj.com\/blog\/2010\/01\/22\/sa-otpadom-muku-muce-i-u-ulcinjskoj-opstini\/#primaryimage"},"datePublished":"2010-01-22T18:38:15+00:00","dateModified":"2010-01-22T18:45:22+00:00","author":{"@id":"https:\/\/www.visit-ulcinj.com\/blog\/#\/schema\/person\/dcab619c614d3038751c63bc2aadc06d"},"description":"Sa otpadom muku mu?e i u ulcinjskoj op\u0161tini, gdje se voda vratila u korito, vodostaj Bojane spustio se za oko metar i na obalama otkrio velike koli?ine","breadcrumb":{"@id":"https:\/\/www.visit-ulcinj.com\/blog\/2010\/01\/22\/sa-otpadom-muku-muce-i-u-ulcinjskoj-opstini\/#breadcrumb"},"inLanguage":"en-US","potentialAction":[{"@type":"ReadAction","target":["https:\/\/www.visit-ulcinj.com\/blog\/2010\/01\/22\/sa-otpadom-muku-muce-i-u-ulcinjskoj-opstini\/"]}]},{"@type":"BreadcrumbList","@id":"https:\/\/www.visit-ulcinj.com\/blog\/2010\/01\/22\/sa-otpadom-muku-muce-i-u-ulcinjskoj-opstini\/#breadcrumb","itemListElement":[{"@type":"ListItem","position":1,"name":"Sa otpadom muku mu?e i u Ulcinjskoj op\u0161tini"}]},{"@type":"Person","@id":"https:\/\/www.visit-ulcinj.com\/blog\/#\/schema\/person\/dcab619c614d3038751c63bc2aadc06d","name":"ulqini","sameAs":["http:\/\/www.visit-ulcinj.com"],"url":"https:\/\/www.visit-ulcinj.com\/blog\/author\/admin\/"}]}},"jetpack_featured_media_url":"","jetpack_sharing_enabled":true,"jetpack_shortlink":"https:\/\/wp.me\/pe6lTn-7Iv","_links":{"self":[{"href":"https:\/\/www.visit-ulcinj.com\/blog\/wp-json\/wp\/v2\/posts\/29667"}],"collection":[{"href":"https:\/\/www.visit-ulcinj.com\/blog\/wp-json\/wp\/v2\/posts"}],"about":[{"href":"https:\/\/www.visit-ulcinj.com\/blog\/wp-json\/wp\/v2\/types\/post"}],"author":[{"embeddable":true,"href":"https:\/\/www.visit-ulcinj.com\/blog\/wp-json\/wp\/v2\/users\/1"}],"replies":[{"embeddable":true,"href":"https:\/\/www.visit-ulcinj.com\/blog\/wp-json\/wp\/v2\/comments?post=29667"}],"version-history":[{"count":0,"href":"https:\/\/www.visit-ulcinj.com\/blog\/wp-json\/wp\/v2\/posts\/29667\/revisions"}],"wp:attachment":[{"href":"https:\/\/www.visit-ulcinj.com\/blog\/wp-json\/wp\/v2\/media?parent=29667"}],"wp:term":[{"taxonomy":"category","embeddable":true,"href":"https:\/\/www.visit-ulcinj.com\/blog\/wp-json\/wp\/v2\/categories?post=29667"},{"taxonomy":"post_tag","embeddable":true,"href":"https:\/\/www.visit-ulcinj.com\/blog\/wp-json\/wp\/v2\/tags?post=29667"}],"curies":[{"name":"wp","href":"https:\/\/api.w.org\/{rel}","templated":true}]}}