{"id":29705,"date":"2010-01-23T19:48:40","date_gmt":"2010-01-23T17:48:40","guid":{"rendered":"http:\/\/www.visit-ulcinj.com\/blog\/?p=29705"},"modified":"2010-01-23T20:44:21","modified_gmt":"2010-01-23T18:44:21","slug":"reagovanje-u-vezi-sa-posjetom-delegacije-jp-morsko-dobro-dana-19-01-2010-ulcinju","status":"publish","type":"post","link":"https:\/\/www.visit-ulcinj.com\/blog\/2010\/01\/23\/reagovanje-u-vezi-sa-posjetom-delegacije-jp-morsko-dobro-dana-19-01-2010-ulcinju\/","title":{"rendered":"Forca moli \u201eMorsko Dobro\u201d da ne obmanjuje Ulcinjane"},"content":{"rendered":"<p><a href=\"http:\/\/www.visit-ulcinj.com\/blog\/wp-content\/uploads\/2010\/01\/Forca_logo.jpg\"><img loading=\"lazy\" class=\"alignleft size-full wp-image-29706\" title=\"Forca_logo\" src=\"http:\/\/www.visit-ulcinj.com\/blog\/wp-content\/uploads\/2010\/01\/Forca_logo.jpg\" alt=\"Forca_logo\" width=\"580\" height=\"240\" \/><\/a><strong>Tri godine za lu?icu<br \/>\n<\/strong>Ulcinj &#8211; \u201dMorsko dobro\u201d tradicionalno svake godine u ovo vrijeme dolazi u posjetu Ulcinju i najavljuje velike investicije, a ujedno i potpisivanje ugovora o saradnji Op\u0161tine Ulcinj i tog preduze?a. Prije nekoliko dana ?itava ekipa tog preduze?a, zajedno sa predsjednikom Op\u0161tine Ulcinj pred novinarima najavljuju ponovo, zavr\u0161etak, kako sami ka\u017eu, najve?e investicije koju \u201cMorsko dobro\u201d realizuje u Ulcinju &#8211; lu?icu Kacema. Ako vam za lu?icu nijesu dovoljne tri godine, koliko bi vam trajala gradnja ulcinjske marine, koju je obe?ao gra?anima va\u0161 partner Hajdinaga?\u201d, upitala je ju?e ulcinjska Forca.<\/p>\n<p>U saop\u0161tenju informativne slu\u017ebe te partije pi\u0161e da \u201cMorsko dobro\u201d svake godine najavljuje da ?e zavr\u0161iti lu?icu do po?etka turisti?ke sezone.<br \/>\n\u201cMi vas podsje?amo da je turisti?ka sezona u Ulcinju, dok vi nijeste preuzeli upravljanje obalom, po?injala u aprilu\u201d.<br \/>\nForca dalje nagla\u0161ava da iz dokumentacije budvanskog preduze?a \u201csaznaje da je Upravni odbor \u201cMorskog dobra\u201d odobrio 10 odsto da od prihodovanih sredstava do 2008. godine usmjeravate za rje\u0161avanje stambenih potreba zaposlenima, a 90 odsto za kupovinu poslovnog prostora u 2009. i to u iznosu od 1.684.983 eura\u201d.<br \/>\n\u201cZa lu?icu Kacema, koju ste nazvali marinom, vama su potrebne tri godine, a za stambena pitanja i poslovni prostor u Budvi samo jedna godina\u201c, pi\u0161e u saop\u0161tenju.<\/p>\n<p>Forca \u201cmoli gospodu iz \\&#8217;Morskog dobra\\&#8217; da ne obmanjuju gra?ane obe?anjima o investicijama koje kasne, koje su spore ili se nikad ne realizuju\u201d.<br \/>\n\u201cOvo obra?anje ima za cilj da vas podsjeti da i ovaj put nijeste pro\u0161li nezapa\u017eeni. Naprotiv, izazvali ste jo\u0161 ja?e ogor?enje gra?ana, jer ste ?ak zaboravili da posjetite Bojanu, cjelokupnu obalu, koja je na osnovu ?lana 2 Zakona o morskom dobru teritorija o kojoj se vi morate starati\u201d.<\/p>\n<p>Nijeste donatori nego odgovorni<\/p>\n<p>\u201cUzurpacije, divlja gradnja, izliv kanalizacije i deponije sme?a najvi\u0161e se de\u0161avaju na teritoriji koja je vama, na\u017ealost, data na upravljanje i od koje prihodujete za rje\u0161avanje stambenih pitanja va\u0161ih radnika i kupovinu poslovnog prostora, kako bi vam bilo udobnije, a teritoriji kaja vam obezbje?uje preko 50 odsto povr\u0161ine va\u0161eg djelovanja, posve?ujete pa\u017enju i to samo medijski jednom godi\u0161nje\u201d, pi\u0161e Forca u saop\u0161tenju nakon posjete ?elnika \u201cMorskog dobra\u201d Ulcinju.<br \/>\n\u201cGradona?elniku Op\u0161tine Ulcinj ste poklonili 10.000 eura za poplave umjesto da nam date cjelokupni izvje\u0161taj i plan o mjerama koje ?ete preduzeti za dugoro?no rje\u0161avanje i obezbje?ivanje korita i obale Bojane. Vi ne mo\u017eete biti donatori za elementarne nepogode, ve? nosilac dugoro?nog rje\u0161avanja ovog problema\u201d, poru?ila je Forca \u201cMorskom dobru\u201d.<\/p>\n<div><strong>H.A.<br \/>\n<a href=\"http:\/\/www.vijesti.me\/index.php?id_pre=327321&amp;godina=2010\" target=\"_blank\">Vijesti<\/a><\/strong><\/div>\n","protected":false},"excerpt":{"rendered":"<p>Tri godine za lu?icu Ulcinj &#8211; \u201dMorsko dobro\u201d tradicionalno svake godine u ovo vrijeme dolazi u posjetu Ulcinju i najavljuje velike investicije, a ujedno i potpisivanje ugovora o saradnji Op\u0161tine Ulcinj i tog preduze?a. Prije nekoliko dana ?itava ekipa tog preduze?a, zajedno sa predsjednikom Op\u0161tine Ulcinj pred novinarima najavljuju ponovo, zavr\u0161etak, kako sami ka\u017eu, najve?e [&hellip;]<\/p>\n","protected":false},"author":1,"featured_media":0,"comment_status":"open","ping_status":"closed","sticky":false,"template":"","format":"standard","meta":{"spay_email":"","jetpack_publicize_message":"","jetpack_is_tweetstorm":false,"jetpack_publicize_feature_enabled":true},"categories":[8337],"tags":[4666,19],"jetpack_publicize_connections":[],"yoast_head":"<!-- This site is optimized with the Yoast SEO plugin v19.1 - https:\/\/yoast.com\/wordpress\/plugins\/seo\/ -->\n<title>Forca moli \u201eMorsko Dobro\u201d da ne obmanjuje Ulcinjane - Lajme nga Ulqini<\/title>\n<meta name=\"description\" content=\"Tri godine za lu?icu Ulcinj - \u201dMorsko dobro\u201d tradicionalno svake godine u ovo vrijeme dolazi u posjetu Ulcinju i najavljuje velike investicije, a ujedno i\" \/>\n<meta name=\"robots\" content=\"index, follow, max-snippet:-1, max-image-preview:large, max-video-preview:-1\" \/>\n<link rel=\"canonical\" href=\"https:\/\/www.visit-ulcinj.com\/blog\/2010\/01\/23\/reagovanje-u-vezi-sa-posjetom-delegacije-jp-morsko-dobro-dana-19-01-2010-ulcinju\/\" \/>\n<meta property=\"og:locale\" content=\"en_US\" \/>\n<meta property=\"og:type\" content=\"article\" \/>\n<meta property=\"og:title\" content=\"Forca moli \u201eMorsko Dobro\u201d da ne obmanjuje Ulcinjane - Lajme nga Ulqini\" \/>\n<meta property=\"og:description\" content=\"Tri godine za lu?icu Ulcinj - \u201dMorsko dobro\u201d tradicionalno svake godine u ovo vrijeme dolazi u posjetu Ulcinju i najavljuje velike investicije, a ujedno i\" \/>\n<meta property=\"og:url\" content=\"https:\/\/www.visit-ulcinj.com\/blog\/2010\/01\/23\/reagovanje-u-vezi-sa-posjetom-delegacije-jp-morsko-dobro-dana-19-01-2010-ulcinju\/\" \/>\n<meta property=\"og:site_name\" content=\"Lajme nga Ulqini\" \/>\n<meta property=\"article:published_time\" content=\"2010-01-23T17:48:40+00:00\" \/>\n<meta property=\"article:modified_time\" content=\"2010-01-23T18:44:21+00:00\" \/>\n<meta property=\"og:image\" content=\"http:\/\/www.visit-ulcinj.com\/blog\/wp-content\/uploads\/2010\/01\/Forca_logo.jpg\" \/>\n<meta name=\"twitter:label1\" content=\"Written by\" \/>\n\t<meta name=\"twitter:data1\" content=\"ulqini\" \/>\n\t<meta name=\"twitter:label2\" content=\"Est. reading time\" \/>\n\t<meta name=\"twitter:data2\" content=\"2 minutes\" \/>\n<script type=\"application\/ld+json\" class=\"yoast-schema-graph\">{\"@context\":\"https:\/\/schema.org\",\"@graph\":[{\"@type\":\"WebSite\",\"@id\":\"https:\/\/www.visit-ulcinj.com\/blog\/#website\",\"url\":\"https:\/\/www.visit-ulcinj.com\/blog\/\",\"name\":\"Lajme nga Ulqini\",\"description\":\"Lajme,Vijesti,Ulqini,Ulqin,Crna Gora,Mali i Zi\",\"potentialAction\":[{\"@type\":\"SearchAction\",\"target\":{\"@type\":\"EntryPoint\",\"urlTemplate\":\"https:\/\/www.visit-ulcinj.com\/blog\/?s={search_term_string}\"},\"query-input\":\"required name=search_term_string\"}],\"inLanguage\":\"en-US\"},{\"@type\":\"ImageObject\",\"inLanguage\":\"en-US\",\"@id\":\"https:\/\/www.visit-ulcinj.com\/blog\/2010\/01\/23\/reagovanje-u-vezi-sa-posjetom-delegacije-jp-morsko-dobro-dana-19-01-2010-ulcinju\/#primaryimage\",\"url\":\"http:\/\/www.visit-ulcinj.com\/blog\/wp-content\/uploads\/2010\/01\/Forca_logo.jpg\",\"contentUrl\":\"http:\/\/www.visit-ulcinj.com\/blog\/wp-content\/uploads\/2010\/01\/Forca_logo.jpg\"},{\"@type\":\"WebPage\",\"@id\":\"https:\/\/www.visit-ulcinj.com\/blog\/2010\/01\/23\/reagovanje-u-vezi-sa-posjetom-delegacije-jp-morsko-dobro-dana-19-01-2010-ulcinju\/#webpage\",\"url\":\"https:\/\/www.visit-ulcinj.com\/blog\/2010\/01\/23\/reagovanje-u-vezi-sa-posjetom-delegacije-jp-morsko-dobro-dana-19-01-2010-ulcinju\/\",\"name\":\"Forca moli \u201eMorsko Dobro\u201d da ne obmanjuje Ulcinjane - Lajme nga Ulqini\",\"isPartOf\":{\"@id\":\"https:\/\/www.visit-ulcinj.com\/blog\/#website\"},\"primaryImageOfPage\":{\"@id\":\"https:\/\/www.visit-ulcinj.com\/blog\/2010\/01\/23\/reagovanje-u-vezi-sa-posjetom-delegacije-jp-morsko-dobro-dana-19-01-2010-ulcinju\/#primaryimage\"},\"datePublished\":\"2010-01-23T17:48:40+00:00\",\"dateModified\":\"2010-01-23T18:44:21+00:00\",\"author\":{\"@id\":\"https:\/\/www.visit-ulcinj.com\/blog\/#\/schema\/person\/dcab619c614d3038751c63bc2aadc06d\"},\"description\":\"Tri godine za lu?icu Ulcinj - \u201dMorsko dobro\u201d tradicionalno svake godine u ovo vrijeme dolazi u posjetu Ulcinju i najavljuje velike investicije, a ujedno i\",\"breadcrumb\":{\"@id\":\"https:\/\/www.visit-ulcinj.com\/blog\/2010\/01\/23\/reagovanje-u-vezi-sa-posjetom-delegacije-jp-morsko-dobro-dana-19-01-2010-ulcinju\/#breadcrumb\"},\"inLanguage\":\"en-US\",\"potentialAction\":[{\"@type\":\"ReadAction\",\"target\":[\"https:\/\/www.visit-ulcinj.com\/blog\/2010\/01\/23\/reagovanje-u-vezi-sa-posjetom-delegacije-jp-morsko-dobro-dana-19-01-2010-ulcinju\/\"]}]},{\"@type\":\"BreadcrumbList\",\"@id\":\"https:\/\/www.visit-ulcinj.com\/blog\/2010\/01\/23\/reagovanje-u-vezi-sa-posjetom-delegacije-jp-morsko-dobro-dana-19-01-2010-ulcinju\/#breadcrumb\",\"itemListElement\":[{\"@type\":\"ListItem\",\"position\":1,\"name\":\"Forca moli \u201eMorsko Dobro\u201d da ne obmanjuje Ulcinjane\"}]},{\"@type\":\"Person\",\"@id\":\"https:\/\/www.visit-ulcinj.com\/blog\/#\/schema\/person\/dcab619c614d3038751c63bc2aadc06d\",\"name\":\"ulqini\",\"sameAs\":[\"http:\/\/www.visit-ulcinj.com\"],\"url\":\"https:\/\/www.visit-ulcinj.com\/blog\/author\/admin\/\"}]}<\/script>\n<!-- \/ Yoast SEO plugin. -->","yoast_head_json":{"title":"Forca moli \u201eMorsko Dobro\u201d da ne obmanjuje Ulcinjane - Lajme nga Ulqini","description":"Tri godine za lu?icu Ulcinj - \u201dMorsko dobro\u201d tradicionalno svake godine u ovo vrijeme dolazi u posjetu Ulcinju i najavljuje velike investicije, a ujedno i","robots":{"index":"index","follow":"follow","max-snippet":"max-snippet:-1","max-image-preview":"max-image-preview:large","max-video-preview":"max-video-preview:-1"},"canonical":"https:\/\/www.visit-ulcinj.com\/blog\/2010\/01\/23\/reagovanje-u-vezi-sa-posjetom-delegacije-jp-morsko-dobro-dana-19-01-2010-ulcinju\/","og_locale":"en_US","og_type":"article","og_title":"Forca moli \u201eMorsko Dobro\u201d da ne obmanjuje Ulcinjane - Lajme nga Ulqini","og_description":"Tri godine za lu?icu Ulcinj - \u201dMorsko dobro\u201d tradicionalno svake godine u ovo vrijeme dolazi u posjetu Ulcinju i najavljuje velike investicije, a ujedno i","og_url":"https:\/\/www.visit-ulcinj.com\/blog\/2010\/01\/23\/reagovanje-u-vezi-sa-posjetom-delegacije-jp-morsko-dobro-dana-19-01-2010-ulcinju\/","og_site_name":"Lajme nga Ulqini","article_published_time":"2010-01-23T17:48:40+00:00","article_modified_time":"2010-01-23T18:44:21+00:00","og_image":[{"url":"http:\/\/www.visit-ulcinj.com\/blog\/wp-content\/uploads\/2010\/01\/Forca_logo.jpg"}],"twitter_misc":{"Written by":"ulqini","Est. reading time":"2 minutes"},"schema":{"@context":"https:\/\/schema.org","@graph":[{"@type":"WebSite","@id":"https:\/\/www.visit-ulcinj.com\/blog\/#website","url":"https:\/\/www.visit-ulcinj.com\/blog\/","name":"Lajme nga Ulqini","description":"Lajme,Vijesti,Ulqini,Ulqin,Crna Gora,Mali i Zi","potentialAction":[{"@type":"SearchAction","target":{"@type":"EntryPoint","urlTemplate":"https:\/\/www.visit-ulcinj.com\/blog\/?s={search_term_string}"},"query-input":"required name=search_term_string"}],"inLanguage":"en-US"},{"@type":"ImageObject","inLanguage":"en-US","@id":"https:\/\/www.visit-ulcinj.com\/blog\/2010\/01\/23\/reagovanje-u-vezi-sa-posjetom-delegacije-jp-morsko-dobro-dana-19-01-2010-ulcinju\/#primaryimage","url":"http:\/\/www.visit-ulcinj.com\/blog\/wp-content\/uploads\/2010\/01\/Forca_logo.jpg","contentUrl":"http:\/\/www.visit-ulcinj.com\/blog\/wp-content\/uploads\/2010\/01\/Forca_logo.jpg"},{"@type":"WebPage","@id":"https:\/\/www.visit-ulcinj.com\/blog\/2010\/01\/23\/reagovanje-u-vezi-sa-posjetom-delegacije-jp-morsko-dobro-dana-19-01-2010-ulcinju\/#webpage","url":"https:\/\/www.visit-ulcinj.com\/blog\/2010\/01\/23\/reagovanje-u-vezi-sa-posjetom-delegacije-jp-morsko-dobro-dana-19-01-2010-ulcinju\/","name":"Forca moli \u201eMorsko Dobro\u201d da ne obmanjuje Ulcinjane - Lajme nga Ulqini","isPartOf":{"@id":"https:\/\/www.visit-ulcinj.com\/blog\/#website"},"primaryImageOfPage":{"@id":"https:\/\/www.visit-ulcinj.com\/blog\/2010\/01\/23\/reagovanje-u-vezi-sa-posjetom-delegacije-jp-morsko-dobro-dana-19-01-2010-ulcinju\/#primaryimage"},"datePublished":"2010-01-23T17:48:40+00:00","dateModified":"2010-01-23T18:44:21+00:00","author":{"@id":"https:\/\/www.visit-ulcinj.com\/blog\/#\/schema\/person\/dcab619c614d3038751c63bc2aadc06d"},"description":"Tri godine za lu?icu Ulcinj - \u201dMorsko dobro\u201d tradicionalno svake godine u ovo vrijeme dolazi u posjetu Ulcinju i najavljuje velike investicije, a ujedno i","breadcrumb":{"@id":"https:\/\/www.visit-ulcinj.com\/blog\/2010\/01\/23\/reagovanje-u-vezi-sa-posjetom-delegacije-jp-morsko-dobro-dana-19-01-2010-ulcinju\/#breadcrumb"},"inLanguage":"en-US","potentialAction":[{"@type":"ReadAction","target":["https:\/\/www.visit-ulcinj.com\/blog\/2010\/01\/23\/reagovanje-u-vezi-sa-posjetom-delegacije-jp-morsko-dobro-dana-19-01-2010-ulcinju\/"]}]},{"@type":"BreadcrumbList","@id":"https:\/\/www.visit-ulcinj.com\/blog\/2010\/01\/23\/reagovanje-u-vezi-sa-posjetom-delegacije-jp-morsko-dobro-dana-19-01-2010-ulcinju\/#breadcrumb","itemListElement":[{"@type":"ListItem","position":1,"name":"Forca moli \u201eMorsko Dobro\u201d da ne obmanjuje Ulcinjane"}]},{"@type":"Person","@id":"https:\/\/www.visit-ulcinj.com\/blog\/#\/schema\/person\/dcab619c614d3038751c63bc2aadc06d","name":"ulqini","sameAs":["http:\/\/www.visit-ulcinj.com"],"url":"https:\/\/www.visit-ulcinj.com\/blog\/author\/admin\/"}]}},"jetpack_featured_media_url":"","jetpack_sharing_enabled":true,"jetpack_shortlink":"https:\/\/wp.me\/pe6lTn-7J7","_links":{"self":[{"href":"https:\/\/www.visit-ulcinj.com\/blog\/wp-json\/wp\/v2\/posts\/29705"}],"collection":[{"href":"https:\/\/www.visit-ulcinj.com\/blog\/wp-json\/wp\/v2\/posts"}],"about":[{"href":"https:\/\/www.visit-ulcinj.com\/blog\/wp-json\/wp\/v2\/types\/post"}],"author":[{"embeddable":true,"href":"https:\/\/www.visit-ulcinj.com\/blog\/wp-json\/wp\/v2\/users\/1"}],"replies":[{"embeddable":true,"href":"https:\/\/www.visit-ulcinj.com\/blog\/wp-json\/wp\/v2\/comments?post=29705"}],"version-history":[{"count":0,"href":"https:\/\/www.visit-ulcinj.com\/blog\/wp-json\/wp\/v2\/posts\/29705\/revisions"}],"wp:attachment":[{"href":"https:\/\/www.visit-ulcinj.com\/blog\/wp-json\/wp\/v2\/media?parent=29705"}],"wp:term":[{"taxonomy":"category","embeddable":true,"href":"https:\/\/www.visit-ulcinj.com\/blog\/wp-json\/wp\/v2\/categories?post=29705"},{"taxonomy":"post_tag","embeddable":true,"href":"https:\/\/www.visit-ulcinj.com\/blog\/wp-json\/wp\/v2\/tags?post=29705"}],"curies":[{"name":"wp","href":"https:\/\/api.w.org\/{rel}","templated":true}]}}