{"id":29710,"date":"2010-01-23T21:07:36","date_gmt":"2010-01-23T19:07:36","guid":{"rendered":"http:\/\/www.visit-ulcinj.com\/blog\/?p=29710"},"modified":"2010-01-24T23:23:57","modified_gmt":"2010-01-24T21:23:57","slug":"%e2%80%9cte-mirat-detare%e2%80%9d-vetem-premtojne-e-pak-realizojne","status":"publish","type":"post","link":"https:\/\/www.visit-ulcinj.com\/blog\/2010\/01\/23\/%e2%80%9cte-mirat-detare%e2%80%9d-vetem-premtojne-e-pak-realizojne\/","title":{"rendered":"\u201cT\u00eb mirat detare\u201d vet\u00ebm premtojn\u00eb e pak realizojn\u00eb"},"content":{"rendered":"<p><a href=\"http:\/\/www.visit-ulcinj.com\/blog\/wp-content\/uploads\/2010\/01\/Forca_logo1.jpg\"><img loading=\"lazy\" class=\"alignleft size-full wp-image-29711\" title=\"Forca_logo\" src=\"http:\/\/www.visit-ulcinj.com\/blog\/wp-content\/uploads\/2010\/01\/Forca_logo1.jpg\" alt=\"Forca_logo\" width=\"314\" height=\"342\" \/><\/a>P\u00ebrfaq\u00ebsuesit e partis\u00eb opozitare ne komun\u00ebn e Ulqinit, Forca e Re Demokratike, Forca, e ftoi sot nd\u00ebrmarrjen &#8220;T\u00eb Mirat Detare&#8221; nga Budva, q\u00eb t\u00eb mos i dezinformoj\u00eb banor\u00ebt e Ulqinit me premtimet p\u00ebr investime t\u00eb cilat shpesh jan\u00eb shum\u00eb t\u00eb vonuara ose nuk realizohen fare, gj\u00eb q\u00eb shpesh her\u00eb qytetar\u00ebt e k\u00ebsaj komune i b\u00ebn ti injorojn\u00eb ato. &#8221;<br \/>\nTerritori i cili u siguron m\u00eb shum\u00eb se 50 p\u00ebrqind t\u00eb veprimtaris\u00eb suaj, ju i kushtoni vet\u00ebm v\u00ebmendje p\u00ebr media dhe k\u00ebt\u00eb vet\u00eb nj\u00eb her\u00eb n\u00eb vit&#8221;, thuhet mes tjerash n\u00eb kumtes\u00ebn e Forc\u00ebs s\u00eb Re Demokratike.<br \/>\nNga kjo parti gjithashtu u kumtua se rikujtojn\u00eb se p\u00ebrfaq\u00ebsuesit e &#8220;T\u00eb Mirave Detare&#8221;, tradicionalisht n\u00eb t\u00eb nj\u00ebjt\u00ebn koh\u00eb vizitojn\u00eb Ulqinin, duke paralajm\u00ebruar investime t\u00eb m\u00ebdha dhe n\u00ebnshkrimin e marr\u00ebveshjeve p\u00ebr bashk\u00ebpunim me komun\u00ebn.<br \/>\nP\u00ebrfaq\u00ebsuesit e &#8220;T\u00eb Mirave Detare&#8221;, si\u00e7 thuhet n\u00eb kumtes\u00eb, koh\u00eb m\u00eb par\u00eb paralajm\u00ebruan p\u00ebrfundimin e nj\u00ebr\u00ebs nga investimet m\u00eb t\u00eb m\u00ebdha, investim ky i cili premtohet \u00e7do vit para fillimit t\u00eb sezonit turistik.<br \/>\nNga kjo parti konsiderojn\u00eb se p\u00ebrfaq\u00ebsuesit e &#8220;T\u00eb mirave Detare&#8221; as k\u00ebsaj rralle nuk kaluan pa u vur\u00eb re, por shkaktuan pak\u00ebnaq\u00ebsi tek banor\u00ebt sepse harruan t\u00eb vizitojn\u00eb bregun e lumit Buna, breg ky i cili poashtu \u00ebsht\u00eb n\u00ebn p\u00ebrkujdesjen e tyre, thuhet n\u00eb kumtes\u00ebn e partis\u00eb Forca e re demokratike, Forca nga Ulqini.<\/p>\n<p><a href=\"http:\/\/www.rtcg.me\/lajmet\/16446-te-mirat-detare-vetem-premtojne-e-pak-realizojne.html\" target=\"_blank\"><strong>RTCG<\/strong><\/a><\/p>\n","protected":false},"excerpt":{"rendered":"<p>P\u00ebrfaq\u00ebsuesit e partis\u00eb opozitare ne komun\u00ebn e Ulqinit, Forca e Re Demokratike, Forca, e ftoi sot nd\u00ebrmarrjen &#8220;T\u00eb Mirat Detare&#8221; nga Budva, q\u00eb t\u00eb mos i dezinformoj\u00eb banor\u00ebt e Ulqinit me premtimet p\u00ebr investime t\u00eb cilat shpesh jan\u00eb shum\u00eb t\u00eb vonuara ose nuk realizohen fare, gj\u00eb q\u00eb shpesh her\u00eb qytetar\u00ebt e k\u00ebsaj komune i b\u00ebn [&hellip;]<\/p>\n","protected":false},"author":1,"featured_media":0,"comment_status":"open","ping_status":"closed","sticky":false,"template":"","format":"standard","meta":{"spay_email":"","jetpack_publicize_message":"","jetpack_is_tweetstorm":false,"jetpack_publicize_feature_enabled":true},"categories":[12],"tags":[874,18,13370],"jetpack_publicize_connections":[],"yoast_head":"<!-- This site is optimized with the Yoast SEO plugin v19.1 - https:\/\/yoast.com\/wordpress\/plugins\/seo\/ -->\n<title>\u201cT\u00eb mirat detare\u201d vet\u00ebm premtojn\u00eb e pak realizojn\u00eb - Lajme nga Ulqini<\/title>\n<meta name=\"description\" content=\"P\u00ebrfaq\u00ebsuesit e partis\u00eb opozitare ne komun\u00ebn e Ulqinit, Forca e Re Demokratike, Forca, e ftoi sot nd\u00ebrmarrjen &quot;T\u00eb Mirat Detare&quot; nga Budva, q\u00eb t\u00eb mos i\" \/>\n<meta name=\"robots\" content=\"index, follow, max-snippet:-1, max-image-preview:large, max-video-preview:-1\" \/>\n<link rel=\"canonical\" href=\"https:\/\/www.visit-ulcinj.com\/blog\/2010\/01\/23\/\u201cte-mirat-detare\u201d-vetem-premtojne-e-pak-realizojne\/\" \/>\n<meta property=\"og:locale\" content=\"en_US\" \/>\n<meta property=\"og:type\" content=\"article\" \/>\n<meta property=\"og:title\" content=\"\u201cT\u00eb mirat detare\u201d vet\u00ebm premtojn\u00eb e pak realizojn\u00eb - Lajme nga Ulqini\" \/>\n<meta property=\"og:description\" content=\"P\u00ebrfaq\u00ebsuesit e partis\u00eb opozitare ne komun\u00ebn e Ulqinit, Forca e Re Demokratike, Forca, e ftoi sot nd\u00ebrmarrjen &quot;T\u00eb Mirat Detare&quot; nga Budva, q\u00eb t\u00eb mos i\" \/>\n<meta property=\"og:url\" content=\"https:\/\/www.visit-ulcinj.com\/blog\/2010\/01\/23\/\u201cte-mirat-detare\u201d-vetem-premtojne-e-pak-realizojne\/\" \/>\n<meta property=\"og:site_name\" content=\"Lajme nga Ulqini\" \/>\n<meta property=\"article:published_time\" content=\"2010-01-23T19:07:36+00:00\" \/>\n<meta property=\"article:modified_time\" content=\"2010-01-24T21:23:57+00:00\" \/>\n<meta property=\"og:image\" content=\"http:\/\/www.visit-ulcinj.com\/blog\/wp-content\/uploads\/2010\/01\/Forca_logo1.jpg\" \/>\n<meta name=\"twitter:label1\" content=\"Written by\" \/>\n\t<meta name=\"twitter:data1\" content=\"ulqini\" \/>\n\t<meta name=\"twitter:label2\" content=\"Est. reading time\" \/>\n\t<meta name=\"twitter:data2\" content=\"1 minute\" \/>\n<script type=\"application\/ld+json\" class=\"yoast-schema-graph\">{\"@context\":\"https:\/\/schema.org\",\"@graph\":[{\"@type\":\"WebSite\",\"@id\":\"https:\/\/www.visit-ulcinj.com\/blog\/#website\",\"url\":\"https:\/\/www.visit-ulcinj.com\/blog\/\",\"name\":\"Lajme nga Ulqini\",\"description\":\"Lajme,Vijesti,Ulqini,Ulqin,Crna Gora,Mali i Zi\",\"potentialAction\":[{\"@type\":\"SearchAction\",\"target\":{\"@type\":\"EntryPoint\",\"urlTemplate\":\"https:\/\/www.visit-ulcinj.com\/blog\/?s={search_term_string}\"},\"query-input\":\"required name=search_term_string\"}],\"inLanguage\":\"en-US\"},{\"@type\":\"ImageObject\",\"inLanguage\":\"en-US\",\"@id\":\"https:\/\/www.visit-ulcinj.com\/blog\/2010\/01\/23\/%e2%80%9cte-mirat-detare%e2%80%9d-vetem-premtojne-e-pak-realizojne\/#primaryimage\",\"url\":\"http:\/\/www.visit-ulcinj.com\/blog\/wp-content\/uploads\/2010\/01\/Forca_logo1.jpg\",\"contentUrl\":\"http:\/\/www.visit-ulcinj.com\/blog\/wp-content\/uploads\/2010\/01\/Forca_logo1.jpg\"},{\"@type\":\"WebPage\",\"@id\":\"https:\/\/www.visit-ulcinj.com\/blog\/2010\/01\/23\/%e2%80%9cte-mirat-detare%e2%80%9d-vetem-premtojne-e-pak-realizojne\/#webpage\",\"url\":\"https:\/\/www.visit-ulcinj.com\/blog\/2010\/01\/23\/%e2%80%9cte-mirat-detare%e2%80%9d-vetem-premtojne-e-pak-realizojne\/\",\"name\":\"\u201cT\u00eb mirat detare\u201d vet\u00ebm premtojn\u00eb e pak realizojn\u00eb - Lajme nga Ulqini\",\"isPartOf\":{\"@id\":\"https:\/\/www.visit-ulcinj.com\/blog\/#website\"},\"primaryImageOfPage\":{\"@id\":\"https:\/\/www.visit-ulcinj.com\/blog\/2010\/01\/23\/%e2%80%9cte-mirat-detare%e2%80%9d-vetem-premtojne-e-pak-realizojne\/#primaryimage\"},\"datePublished\":\"2010-01-23T19:07:36+00:00\",\"dateModified\":\"2010-01-24T21:23:57+00:00\",\"author\":{\"@id\":\"https:\/\/www.visit-ulcinj.com\/blog\/#\/schema\/person\/dcab619c614d3038751c63bc2aadc06d\"},\"description\":\"P\u00ebrfaq\u00ebsuesit e partis\u00eb opozitare ne komun\u00ebn e Ulqinit, Forca e Re Demokratike, Forca, e ftoi sot nd\u00ebrmarrjen \\\"T\u00eb Mirat Detare\\\" nga Budva, q\u00eb t\u00eb mos i\",\"breadcrumb\":{\"@id\":\"https:\/\/www.visit-ulcinj.com\/blog\/2010\/01\/23\/%e2%80%9cte-mirat-detare%e2%80%9d-vetem-premtojne-e-pak-realizojne\/#breadcrumb\"},\"inLanguage\":\"en-US\",\"potentialAction\":[{\"@type\":\"ReadAction\",\"target\":[\"https:\/\/www.visit-ulcinj.com\/blog\/2010\/01\/23\/%e2%80%9cte-mirat-detare%e2%80%9d-vetem-premtojne-e-pak-realizojne\/\"]}]},{\"@type\":\"BreadcrumbList\",\"@id\":\"https:\/\/www.visit-ulcinj.com\/blog\/2010\/01\/23\/%e2%80%9cte-mirat-detare%e2%80%9d-vetem-premtojne-e-pak-realizojne\/#breadcrumb\",\"itemListElement\":[{\"@type\":\"ListItem\",\"position\":1,\"name\":\"\u201cT\u00eb mirat detare\u201d vet\u00ebm premtojn\u00eb e pak realizojn\u00eb\"}]},{\"@type\":\"Person\",\"@id\":\"https:\/\/www.visit-ulcinj.com\/blog\/#\/schema\/person\/dcab619c614d3038751c63bc2aadc06d\",\"name\":\"ulqini\",\"sameAs\":[\"http:\/\/www.visit-ulcinj.com\"],\"url\":\"https:\/\/www.visit-ulcinj.com\/blog\/author\/admin\/\"}]}<\/script>\n<!-- \/ Yoast SEO plugin. -->","yoast_head_json":{"title":"\u201cT\u00eb mirat detare\u201d vet\u00ebm premtojn\u00eb e pak realizojn\u00eb - Lajme nga Ulqini","description":"P\u00ebrfaq\u00ebsuesit e partis\u00eb opozitare ne komun\u00ebn e Ulqinit, Forca e Re Demokratike, Forca, e ftoi sot nd\u00ebrmarrjen \"T\u00eb Mirat Detare\" nga Budva, q\u00eb t\u00eb mos i","robots":{"index":"index","follow":"follow","max-snippet":"max-snippet:-1","max-image-preview":"max-image-preview:large","max-video-preview":"max-video-preview:-1"},"canonical":"https:\/\/www.visit-ulcinj.com\/blog\/2010\/01\/23\/\u201cte-mirat-detare\u201d-vetem-premtojne-e-pak-realizojne\/","og_locale":"en_US","og_type":"article","og_title":"\u201cT\u00eb mirat detare\u201d vet\u00ebm premtojn\u00eb e pak realizojn\u00eb - Lajme nga Ulqini","og_description":"P\u00ebrfaq\u00ebsuesit e partis\u00eb opozitare ne komun\u00ebn e Ulqinit, Forca e Re Demokratike, Forca, e ftoi sot nd\u00ebrmarrjen \"T\u00eb Mirat Detare\" nga Budva, q\u00eb t\u00eb mos i","og_url":"https:\/\/www.visit-ulcinj.com\/blog\/2010\/01\/23\/\u201cte-mirat-detare\u201d-vetem-premtojne-e-pak-realizojne\/","og_site_name":"Lajme nga Ulqini","article_published_time":"2010-01-23T19:07:36+00:00","article_modified_time":"2010-01-24T21:23:57+00:00","og_image":[{"url":"http:\/\/www.visit-ulcinj.com\/blog\/wp-content\/uploads\/2010\/01\/Forca_logo1.jpg"}],"twitter_misc":{"Written by":"ulqini","Est. reading time":"1 minute"},"schema":{"@context":"https:\/\/schema.org","@graph":[{"@type":"WebSite","@id":"https:\/\/www.visit-ulcinj.com\/blog\/#website","url":"https:\/\/www.visit-ulcinj.com\/blog\/","name":"Lajme nga Ulqini","description":"Lajme,Vijesti,Ulqini,Ulqin,Crna Gora,Mali i Zi","potentialAction":[{"@type":"SearchAction","target":{"@type":"EntryPoint","urlTemplate":"https:\/\/www.visit-ulcinj.com\/blog\/?s={search_term_string}"},"query-input":"required name=search_term_string"}],"inLanguage":"en-US"},{"@type":"ImageObject","inLanguage":"en-US","@id":"https:\/\/www.visit-ulcinj.com\/blog\/2010\/01\/23\/%e2%80%9cte-mirat-detare%e2%80%9d-vetem-premtojne-e-pak-realizojne\/#primaryimage","url":"http:\/\/www.visit-ulcinj.com\/blog\/wp-content\/uploads\/2010\/01\/Forca_logo1.jpg","contentUrl":"http:\/\/www.visit-ulcinj.com\/blog\/wp-content\/uploads\/2010\/01\/Forca_logo1.jpg"},{"@type":"WebPage","@id":"https:\/\/www.visit-ulcinj.com\/blog\/2010\/01\/23\/%e2%80%9cte-mirat-detare%e2%80%9d-vetem-premtojne-e-pak-realizojne\/#webpage","url":"https:\/\/www.visit-ulcinj.com\/blog\/2010\/01\/23\/%e2%80%9cte-mirat-detare%e2%80%9d-vetem-premtojne-e-pak-realizojne\/","name":"\u201cT\u00eb mirat detare\u201d vet\u00ebm premtojn\u00eb e pak realizojn\u00eb - Lajme nga Ulqini","isPartOf":{"@id":"https:\/\/www.visit-ulcinj.com\/blog\/#website"},"primaryImageOfPage":{"@id":"https:\/\/www.visit-ulcinj.com\/blog\/2010\/01\/23\/%e2%80%9cte-mirat-detare%e2%80%9d-vetem-premtojne-e-pak-realizojne\/#primaryimage"},"datePublished":"2010-01-23T19:07:36+00:00","dateModified":"2010-01-24T21:23:57+00:00","author":{"@id":"https:\/\/www.visit-ulcinj.com\/blog\/#\/schema\/person\/dcab619c614d3038751c63bc2aadc06d"},"description":"P\u00ebrfaq\u00ebsuesit e partis\u00eb opozitare ne komun\u00ebn e Ulqinit, Forca e Re Demokratike, Forca, e ftoi sot nd\u00ebrmarrjen \"T\u00eb Mirat Detare\" nga Budva, q\u00eb t\u00eb mos i","breadcrumb":{"@id":"https:\/\/www.visit-ulcinj.com\/blog\/2010\/01\/23\/%e2%80%9cte-mirat-detare%e2%80%9d-vetem-premtojne-e-pak-realizojne\/#breadcrumb"},"inLanguage":"en-US","potentialAction":[{"@type":"ReadAction","target":["https:\/\/www.visit-ulcinj.com\/blog\/2010\/01\/23\/%e2%80%9cte-mirat-detare%e2%80%9d-vetem-premtojne-e-pak-realizojne\/"]}]},{"@type":"BreadcrumbList","@id":"https:\/\/www.visit-ulcinj.com\/blog\/2010\/01\/23\/%e2%80%9cte-mirat-detare%e2%80%9d-vetem-premtojne-e-pak-realizojne\/#breadcrumb","itemListElement":[{"@type":"ListItem","position":1,"name":"\u201cT\u00eb mirat detare\u201d vet\u00ebm premtojn\u00eb e pak realizojn\u00eb"}]},{"@type":"Person","@id":"https:\/\/www.visit-ulcinj.com\/blog\/#\/schema\/person\/dcab619c614d3038751c63bc2aadc06d","name":"ulqini","sameAs":["http:\/\/www.visit-ulcinj.com"],"url":"https:\/\/www.visit-ulcinj.com\/blog\/author\/admin\/"}]}},"jetpack_featured_media_url":"","jetpack_sharing_enabled":true,"jetpack_shortlink":"https:\/\/wp.me\/pe6lTn-7Jc","_links":{"self":[{"href":"https:\/\/www.visit-ulcinj.com\/blog\/wp-json\/wp\/v2\/posts\/29710"}],"collection":[{"href":"https:\/\/www.visit-ulcinj.com\/blog\/wp-json\/wp\/v2\/posts"}],"about":[{"href":"https:\/\/www.visit-ulcinj.com\/blog\/wp-json\/wp\/v2\/types\/post"}],"author":[{"embeddable":true,"href":"https:\/\/www.visit-ulcinj.com\/blog\/wp-json\/wp\/v2\/users\/1"}],"replies":[{"embeddable":true,"href":"https:\/\/www.visit-ulcinj.com\/blog\/wp-json\/wp\/v2\/comments?post=29710"}],"version-history":[{"count":0,"href":"https:\/\/www.visit-ulcinj.com\/blog\/wp-json\/wp\/v2\/posts\/29710\/revisions"}],"wp:attachment":[{"href":"https:\/\/www.visit-ulcinj.com\/blog\/wp-json\/wp\/v2\/media?parent=29710"}],"wp:term":[{"taxonomy":"category","embeddable":true,"href":"https:\/\/www.visit-ulcinj.com\/blog\/wp-json\/wp\/v2\/categories?post=29710"},{"taxonomy":"post_tag","embeddable":true,"href":"https:\/\/www.visit-ulcinj.com\/blog\/wp-json\/wp\/v2\/tags?post=29710"}],"curies":[{"name":"wp","href":"https:\/\/api.w.org\/{rel}","templated":true}]}}