{"id":2972,"date":"2008-09-04T15:08:29","date_gmt":"2008-09-04T20:08:29","guid":{"rendered":"http:\/\/www.visit-ulcinj.com\/blog\/?p=2972"},"modified":"2008-09-04T15:08:29","modified_gmt":"2008-09-04T20:08:29","slug":"dy-ceshtje-problemorete-kompensohet-demi","status":"publish","type":"post","link":"https:\/\/www.visit-ulcinj.com\/blog\/2008\/09\/04\/dy-ceshtje-problemorete-kompensohet-demi\/","title":{"rendered":"Dy \u00e7\u00ebshtje problemore:T\u00eb kompensohet d\u00ebmi"},"content":{"rendered":"<p><a href=\"http:\/\/www.visit-ulcinj.com\/blog\/wp-content\/uploads\/2008\/09\/dr-sime-gjon-dobreci1.jpg\"><img loading=\"lazy\" class=\"alignleft size-medium wp-image-2973\" title=\"dr-sime-gjon-dobreci1\" src=\"http:\/\/www.visit-ulcinj.com\/blog\/wp-content\/uploads\/2008\/09\/dr-sime-gjon-dobreci1-300x265.jpg\" alt=\"\" width=\"300\" height=\"265\" srcset=\"https:\/\/www.visit-ulcinj.com\/blog\/wp-content\/uploads\/2008\/09\/dr-sime-gjon-dobreci1-300x265.jpg 300w, https:\/\/www.visit-ulcinj.com\/blog\/wp-content\/uploads\/2008\/09\/dr-sime-gjon-dobreci1.jpg 636w\" sizes=\"(max-width: 300px) 100vw, 300px\" \/><\/a>Gjat\u00eb t\u00eb gjitha &#8220;privatizimeve&#8221;, ku mund t\u00eb p\u00ebrfshihet edhe ullishta, nuk po shihet se u mendua p\u00ebr pun\u00ebsimin e njer\u00ebzve, p\u00ebr krijimin e vendeve t\u00eb pun\u00ebs p\u00ebr t\u00eb rinj. Ata u lan\u00eb t\u00eb sillen rrug\u00ebve, ose m\u00eb mir\u00eb t\u00eb thuhet, ata u lan\u00eb n\u00eb Rrug\u00eb t\u00eb Madhe. Ky lloj &#8220;privatizimi&#8221;, po krijon rrethana q\u00eb zvog\u00eblojn\u00eb vendet e pun\u00ebs, po i keq\u00ebson shum\u00eb kushtet e jetes\u00ebs t\u00eb popullat\u00ebs vendase.<br \/>\n<strong>Privatizimi dhe ullishta<\/strong><br \/>\n`Agroulqini`, `Riviera e Ulqinit`, `Primorje`, `Kriporja` dhe nd\u00ebrmarrje tjera q\u00eb u privatizuan, ishin pasuri shoq\u00ebrore ose shtet\u00ebrore t\u00eb komun\u00ebs s\u00eb Ulqinit. Populli nuk thot\u00eb u privatizuan. Ai e kupton, ai thot\u00eb u shiten, u pla\u00e7kiten.<br \/>\nPyesin njer\u00ebzit, \u00e7ka u b\u00eb me parat\u00eb prej shitjes s\u00eb pasuris\u00eb shoq\u00ebrore dhe shtet\u00ebrore, me parat\u00eb q\u00eb jan\u00eb t\u00eb popullit vendas? Mjetet q\u00eb grumbullohen prej privatizimit duhet t\u00eb shfryt\u00ebzohen p\u00ebr zhvillimin e komun\u00ebs s\u00eb Ulqinit, p\u00ebr hapjen e vendeve t\u00eb reja t\u00eb pun\u00ebs. Do t\u00eb ishte njer\u00ebzore, q\u00eb plani i zhvillimit t\u00eb p\u00ebrpilohej n\u00eb at\u00eb m\u00ebnyr\u00eb, q\u00eb t\u00eb favorizohet kthimi i m\u00ebrgimtar\u00ebve ton\u00eb, t\u00eb cil\u00ebt pushteti komunist i detyroi t\u00eb ikin prej trojeve t\u00eb veta.<br \/>\nKa mot q\u00eb po flitet edhe p\u00ebr &#8220;privatizimin&#8221;, n\u00eb t\u00eb v\u00ebrtet\u00eb p\u00ebr shitjen e ullisht\u00ebs s\u00eb Valdanosit. Dihet, at\u00ebher\u00eb, para 30 vjet\u00ebve, shteti b\u00ebri shpron\u00ebsimin e pronar\u00ebve t\u00eb ullisht\u00ebs me dhun\u00eb, deshe &#8211; s`deshe. Ullisht\u00ebn kurrkush nuk ia &#8220;shiti&#8221; shtetit me vullnet. Pronar\u00ebt mor\u00ebn nj\u00eb kompensim qesharak, n`da\u00e7 merre, n`da\u00e7 l\u00ebre. Pra, n\u00ebse respektohet drejt\u00ebsia, nj\u00eb privatizim i tash\u00ebm i Valdanosit do t\u00eb ishte kthimi i ullisht\u00ebs pronar\u00ebve t\u00eb m\u00ebparsh\u00ebm, pronar\u00ebve t\u00eb v\u00ebrtet\u00eb, e jo shitja. \u00c7ka \u00ebsht\u00eb marr\u00eb me dhun\u00eb, duhet t\u00eb kthehet. Duhet t\u00eb k\u00ebrkohet falje p\u00ebr padrejt\u00ebsin\u00eb e b\u00ebr\u00eb, si dhe t\u00eb kompensohet d\u00ebmi i shkaktuar. Refuzimi i pushtetit malazez, q\u00eb t\u00eb veprohet n\u00eb k\u00ebt\u00eb m\u00ebnyr\u00eb, do t\u00eb ishte shkelje e r\u00ebnd\u00eb e t\u00eb drejtave t\u00eb njeriut.<br \/>\n<strong>Papun\u00ebsia<\/strong><a href=\"http:\/\/www.visit-ulcinj.com\/blog\/wp-content\/uploads\/2008\/09\/ullishta-e-ulqinit.jpg\"><img loading=\"lazy\" class=\"alignright size-medium wp-image-2974\" title=\"ullishta-e-ulqinit\" src=\"http:\/\/www.visit-ulcinj.com\/blog\/wp-content\/uploads\/2008\/09\/ullishta-e-ulqinit-300x199.jpg\" alt=\"\" width=\"300\" height=\"199\" srcset=\"https:\/\/www.visit-ulcinj.com\/blog\/wp-content\/uploads\/2008\/09\/ullishta-e-ulqinit-300x199.jpg 300w, https:\/\/www.visit-ulcinj.com\/blog\/wp-content\/uploads\/2008\/09\/ullishta-e-ulqinit.jpg 1024w\" sizes=\"(max-width: 300px) 100vw, 300px\" \/><\/a><br \/>\nGjat\u00eb t\u00eb gjitha &#8220;privatizimeve&#8221;, ku mund t\u00eb p\u00ebrfshihet edhe ullishta, nuk po shihet se u mendua p\u00ebr pun\u00ebsimin e njer\u00ebzve, p\u00ebr krijimin e vendeve t\u00eb pun\u00ebs p\u00ebr t\u00eb rinj. Ata u lan\u00eb t\u00eb sillen rrug\u00ebve, ose m\u00eb mir\u00eb t\u00eb thuhet, ata u lan\u00eb n\u00eb Rrug\u00eb t\u00eb Madhe. Ky lloj &#8220;privatizimi&#8221;, po krijon rrethana q\u00eb zvog\u00eblojn\u00eb vendet e pun\u00ebs, po i keq\u00ebson shum\u00eb kushtet e jetes\u00ebs t\u00eb popullat\u00ebs vendase. E dihet, shumica e popullat\u00ebs t\u00eb komun\u00ebs s\u00eb Ulqinit jan\u00eb shqiptar\u00eb, popull autokton n\u00eb Mal t\u00eb Zi.<br \/>\nPo na del, s\u00eb q\u00ebllimi \u00ebsht\u00eb, q\u00eb shqiptar\u00ebve sa m\u00eb shum\u00eb t`u v\u00ebshtir\u00ebsohet jeta, q\u00eb ata t\u00eb detyrohen t\u00eb ikin prej vendit t\u00eb vet, t\u00eb k\u00ebrkojn\u00eb buk\u00ebn e goj\u00ebs n\u00eb dhe t\u00eb huaj, t\u00eb emigrojn\u00eb, t\u00eb zhduk\u00ebn n\u00ebp\u00ebr bot\u00eb si kripa n`uj\u00eb.<br \/>\n<strong>Dr Sim\u00eb Gjon Dobreci<br \/>\n(Autori \u00ebsht\u00eb kryeredaktor i revist\u00ebs \u201cBuzuku\u201d)<br \/>\nBurimi \/ Koha javore<\/strong><\/p>\n<p style=\"text-align: center;\"><a href=\"http:\/\/www.visit-ulcinj.com\/?rub=taxicobi\"><img loading=\"lazy\" class=\"aligncenter size-full wp-image-2798\" title=\"taxi-cobi-ulqintaxi-cobi-ulcinjcrna-goramontenegromali-i-ziulqini\" src=\"http:\/\/www.visit-ulcinj.com\/blog\/wp-content\/uploads\/2008\/08\/taxi-cobi-ulqintaxi-cobi-ulcinjcrna-goramontenegromali-i-ziulqini.jpg\" alt=\"\" width=\"320\" height=\"150\" srcset=\"https:\/\/www.visit-ulcinj.com\/blog\/wp-content\/uploads\/2008\/08\/taxi-cobi-ulqintaxi-cobi-ulcinjcrna-goramontenegromali-i-ziulqini.jpg 320w, https:\/\/www.visit-ulcinj.com\/blog\/wp-content\/uploads\/2008\/08\/taxi-cobi-ulqintaxi-cobi-ulcinjcrna-goramontenegromali-i-ziulqini-300x140.jpg 300w\" sizes=\"(max-width: 320px) 100vw, 320px\" \/><\/a><\/p>\n","protected":false},"excerpt":{"rendered":"<p><img loading=\"lazy\" class=\"alignleft size-medium wp-image-2973\" title=\"dr-sime-gjon-dobreci1\" src=\"http:\/\/www.visit-ulcinj.com\/blog\/wp-content\/uploads\/2008\/09\/dr-sime-gjon-dobreci1-300x265.jpg\" alt=\"\" width=\"140\" height=\"140\" \/><\/p>\n","protected":false},"author":1,"featured_media":0,"comment_status":"open","ping_status":"closed","sticky":false,"template":"","format":"standard","meta":{"spay_email":"","jetpack_publicize_message":"","jetpack_is_tweetstorm":false,"jetpack_publicize_feature_enabled":true},"categories":[11,12],"tags":[4480,4481],"jetpack_publicize_connections":[],"yoast_head":"<!-- This site is optimized with the Yoast SEO plugin v19.1 - https:\/\/yoast.com\/wordpress\/plugins\/seo\/ -->\n<title>Dy \u00e7\u00ebshtje problemore:T\u00eb kompensohet d\u00ebmi - Lajme nga Ulqini<\/title>\n<meta name=\"robots\" content=\"index, follow, max-snippet:-1, max-image-preview:large, max-video-preview:-1\" \/>\n<link rel=\"canonical\" href=\"https:\/\/www.visit-ulcinj.com\/blog\/2008\/09\/04\/dy-ceshtje-problemorete-kompensohet-demi\/\" \/>\n<meta property=\"og:locale\" content=\"en_US\" \/>\n<meta property=\"og:type\" content=\"article\" \/>\n<meta property=\"og:title\" content=\"Dy \u00e7\u00ebshtje problemore:T\u00eb kompensohet d\u00ebmi - Lajme nga Ulqini\" \/>\n<meta property=\"og:url\" content=\"https:\/\/www.visit-ulcinj.com\/blog\/2008\/09\/04\/dy-ceshtje-problemorete-kompensohet-demi\/\" \/>\n<meta property=\"og:site_name\" content=\"Lajme nga Ulqini\" \/>\n<meta property=\"article:published_time\" content=\"2008-09-04T20:08:29+00:00\" \/>\n<meta property=\"og:image\" content=\"http:\/\/www.visit-ulcinj.com\/blog\/wp-content\/uploads\/2008\/09\/dr-sime-gjon-dobreci1-300x265.jpg\" \/>\n<meta name=\"twitter:label1\" content=\"Written by\" \/>\n\t<meta name=\"twitter:data1\" content=\"ulqini\" \/>\n\t<meta name=\"twitter:label2\" content=\"Est. reading time\" \/>\n\t<meta name=\"twitter:data2\" content=\"3 minutes\" \/>\n<script type=\"application\/ld+json\" class=\"yoast-schema-graph\">{\"@context\":\"https:\/\/schema.org\",\"@graph\":[{\"@type\":\"WebSite\",\"@id\":\"https:\/\/www.visit-ulcinj.com\/blog\/#website\",\"url\":\"https:\/\/www.visit-ulcinj.com\/blog\/\",\"name\":\"Lajme nga Ulqini\",\"description\":\"Lajme,Vijesti,Ulqini,Ulqin,Crna Gora,Mali i Zi\",\"potentialAction\":[{\"@type\":\"SearchAction\",\"target\":{\"@type\":\"EntryPoint\",\"urlTemplate\":\"https:\/\/www.visit-ulcinj.com\/blog\/?s={search_term_string}\"},\"query-input\":\"required name=search_term_string\"}],\"inLanguage\":\"en-US\"},{\"@type\":\"ImageObject\",\"inLanguage\":\"en-US\",\"@id\":\"https:\/\/www.visit-ulcinj.com\/blog\/2008\/09\/04\/dy-ceshtje-problemorete-kompensohet-demi\/#primaryimage\",\"url\":\"http:\/\/www.visit-ulcinj.com\/blog\/wp-content\/uploads\/2008\/09\/dr-sime-gjon-dobreci1-300x265.jpg\",\"contentUrl\":\"http:\/\/www.visit-ulcinj.com\/blog\/wp-content\/uploads\/2008\/09\/dr-sime-gjon-dobreci1-300x265.jpg\"},{\"@type\":\"WebPage\",\"@id\":\"https:\/\/www.visit-ulcinj.com\/blog\/2008\/09\/04\/dy-ceshtje-problemorete-kompensohet-demi\/#webpage\",\"url\":\"https:\/\/www.visit-ulcinj.com\/blog\/2008\/09\/04\/dy-ceshtje-problemorete-kompensohet-demi\/\",\"name\":\"Dy \u00e7\u00ebshtje problemore:T\u00eb kompensohet d\u00ebmi - Lajme nga Ulqini\",\"isPartOf\":{\"@id\":\"https:\/\/www.visit-ulcinj.com\/blog\/#website\"},\"primaryImageOfPage\":{\"@id\":\"https:\/\/www.visit-ulcinj.com\/blog\/2008\/09\/04\/dy-ceshtje-problemorete-kompensohet-demi\/#primaryimage\"},\"datePublished\":\"2008-09-04T20:08:29+00:00\",\"dateModified\":\"2008-09-04T20:08:29+00:00\",\"author\":{\"@id\":\"https:\/\/www.visit-ulcinj.com\/blog\/#\/schema\/person\/dcab619c614d3038751c63bc2aadc06d\"},\"breadcrumb\":{\"@id\":\"https:\/\/www.visit-ulcinj.com\/blog\/2008\/09\/04\/dy-ceshtje-problemorete-kompensohet-demi\/#breadcrumb\"},\"inLanguage\":\"en-US\",\"potentialAction\":[{\"@type\":\"ReadAction\",\"target\":[\"https:\/\/www.visit-ulcinj.com\/blog\/2008\/09\/04\/dy-ceshtje-problemorete-kompensohet-demi\/\"]}]},{\"@type\":\"BreadcrumbList\",\"@id\":\"https:\/\/www.visit-ulcinj.com\/blog\/2008\/09\/04\/dy-ceshtje-problemorete-kompensohet-demi\/#breadcrumb\",\"itemListElement\":[{\"@type\":\"ListItem\",\"position\":1,\"name\":\"Dy \u00e7\u00ebshtje problemore:T\u00eb kompensohet d\u00ebmi\"}]},{\"@type\":\"Person\",\"@id\":\"https:\/\/www.visit-ulcinj.com\/blog\/#\/schema\/person\/dcab619c614d3038751c63bc2aadc06d\",\"name\":\"ulqini\",\"sameAs\":[\"http:\/\/www.visit-ulcinj.com\"],\"url\":\"https:\/\/www.visit-ulcinj.com\/blog\/author\/admin\/\"}]}<\/script>\n<!-- \/ Yoast SEO plugin. -->","yoast_head_json":{"title":"Dy \u00e7\u00ebshtje problemore:T\u00eb kompensohet d\u00ebmi - Lajme nga Ulqini","robots":{"index":"index","follow":"follow","max-snippet":"max-snippet:-1","max-image-preview":"max-image-preview:large","max-video-preview":"max-video-preview:-1"},"canonical":"https:\/\/www.visit-ulcinj.com\/blog\/2008\/09\/04\/dy-ceshtje-problemorete-kompensohet-demi\/","og_locale":"en_US","og_type":"article","og_title":"Dy \u00e7\u00ebshtje problemore:T\u00eb kompensohet d\u00ebmi - Lajme nga Ulqini","og_url":"https:\/\/www.visit-ulcinj.com\/blog\/2008\/09\/04\/dy-ceshtje-problemorete-kompensohet-demi\/","og_site_name":"Lajme nga Ulqini","article_published_time":"2008-09-04T20:08:29+00:00","og_image":[{"url":"http:\/\/www.visit-ulcinj.com\/blog\/wp-content\/uploads\/2008\/09\/dr-sime-gjon-dobreci1-300x265.jpg"}],"twitter_misc":{"Written by":"ulqini","Est. reading time":"3 minutes"},"schema":{"@context":"https:\/\/schema.org","@graph":[{"@type":"WebSite","@id":"https:\/\/www.visit-ulcinj.com\/blog\/#website","url":"https:\/\/www.visit-ulcinj.com\/blog\/","name":"Lajme nga Ulqini","description":"Lajme,Vijesti,Ulqini,Ulqin,Crna Gora,Mali i Zi","potentialAction":[{"@type":"SearchAction","target":{"@type":"EntryPoint","urlTemplate":"https:\/\/www.visit-ulcinj.com\/blog\/?s={search_term_string}"},"query-input":"required name=search_term_string"}],"inLanguage":"en-US"},{"@type":"ImageObject","inLanguage":"en-US","@id":"https:\/\/www.visit-ulcinj.com\/blog\/2008\/09\/04\/dy-ceshtje-problemorete-kompensohet-demi\/#primaryimage","url":"http:\/\/www.visit-ulcinj.com\/blog\/wp-content\/uploads\/2008\/09\/dr-sime-gjon-dobreci1-300x265.jpg","contentUrl":"http:\/\/www.visit-ulcinj.com\/blog\/wp-content\/uploads\/2008\/09\/dr-sime-gjon-dobreci1-300x265.jpg"},{"@type":"WebPage","@id":"https:\/\/www.visit-ulcinj.com\/blog\/2008\/09\/04\/dy-ceshtje-problemorete-kompensohet-demi\/#webpage","url":"https:\/\/www.visit-ulcinj.com\/blog\/2008\/09\/04\/dy-ceshtje-problemorete-kompensohet-demi\/","name":"Dy \u00e7\u00ebshtje problemore:T\u00eb kompensohet d\u00ebmi - Lajme nga Ulqini","isPartOf":{"@id":"https:\/\/www.visit-ulcinj.com\/blog\/#website"},"primaryImageOfPage":{"@id":"https:\/\/www.visit-ulcinj.com\/blog\/2008\/09\/04\/dy-ceshtje-problemorete-kompensohet-demi\/#primaryimage"},"datePublished":"2008-09-04T20:08:29+00:00","dateModified":"2008-09-04T20:08:29+00:00","author":{"@id":"https:\/\/www.visit-ulcinj.com\/blog\/#\/schema\/person\/dcab619c614d3038751c63bc2aadc06d"},"breadcrumb":{"@id":"https:\/\/www.visit-ulcinj.com\/blog\/2008\/09\/04\/dy-ceshtje-problemorete-kompensohet-demi\/#breadcrumb"},"inLanguage":"en-US","potentialAction":[{"@type":"ReadAction","target":["https:\/\/www.visit-ulcinj.com\/blog\/2008\/09\/04\/dy-ceshtje-problemorete-kompensohet-demi\/"]}]},{"@type":"BreadcrumbList","@id":"https:\/\/www.visit-ulcinj.com\/blog\/2008\/09\/04\/dy-ceshtje-problemorete-kompensohet-demi\/#breadcrumb","itemListElement":[{"@type":"ListItem","position":1,"name":"Dy \u00e7\u00ebshtje problemore:T\u00eb kompensohet d\u00ebmi"}]},{"@type":"Person","@id":"https:\/\/www.visit-ulcinj.com\/blog\/#\/schema\/person\/dcab619c614d3038751c63bc2aadc06d","name":"ulqini","sameAs":["http:\/\/www.visit-ulcinj.com"],"url":"https:\/\/www.visit-ulcinj.com\/blog\/author\/admin\/"}]}},"jetpack_featured_media_url":"","jetpack_sharing_enabled":true,"jetpack_shortlink":"https:\/\/wp.me\/pe6lTn-LW","_links":{"self":[{"href":"https:\/\/www.visit-ulcinj.com\/blog\/wp-json\/wp\/v2\/posts\/2972"}],"collection":[{"href":"https:\/\/www.visit-ulcinj.com\/blog\/wp-json\/wp\/v2\/posts"}],"about":[{"href":"https:\/\/www.visit-ulcinj.com\/blog\/wp-json\/wp\/v2\/types\/post"}],"author":[{"embeddable":true,"href":"https:\/\/www.visit-ulcinj.com\/blog\/wp-json\/wp\/v2\/users\/1"}],"replies":[{"embeddable":true,"href":"https:\/\/www.visit-ulcinj.com\/blog\/wp-json\/wp\/v2\/comments?post=2972"}],"version-history":[{"count":0,"href":"https:\/\/www.visit-ulcinj.com\/blog\/wp-json\/wp\/v2\/posts\/2972\/revisions"}],"wp:attachment":[{"href":"https:\/\/www.visit-ulcinj.com\/blog\/wp-json\/wp\/v2\/media?parent=2972"}],"wp:term":[{"taxonomy":"category","embeddable":true,"href":"https:\/\/www.visit-ulcinj.com\/blog\/wp-json\/wp\/v2\/categories?post=2972"},{"taxonomy":"post_tag","embeddable":true,"href":"https:\/\/www.visit-ulcinj.com\/blog\/wp-json\/wp\/v2\/tags?post=2972"}],"curies":[{"name":"wp","href":"https:\/\/api.w.org\/{rel}","templated":true}]}}