{"id":29733,"date":"2010-01-23T23:10:42","date_gmt":"2010-01-23T21:10:42","guid":{"rendered":"http:\/\/www.visit-ulcinj.com\/blog\/?p=29733"},"modified":"2010-01-23T23:10:42","modified_gmt":"2010-01-23T21:10:42","slug":"rezarta-shkurta-ermalin-e-propozova-une-e-para","status":"publish","type":"post","link":"https:\/\/www.visit-ulcinj.com\/blog\/2010\/01\/23\/rezarta-shkurta-ermalin-e-propozova-une-e-para\/","title":{"rendered":"Rezarta Shkurta: Ermalin e propozova un\u00eb e para.."},"content":{"rendered":"<p><a href=\"http:\/\/www.visit-ulcinj.com\/blog\/wp-content\/uploads\/2010\/01\/Rezarta-Shkurta.jpg\"><img loading=\"lazy\" class=\"alignleft size-full wp-image-29734\" title=\"Rezarta Shkurta\" src=\"http:\/\/www.visit-ulcinj.com\/blog\/wp-content\/uploads\/2010\/01\/Rezarta-Shkurta.jpg\" alt=\"Rezarta Shkurta\" width=\"580\" height=\"347\" \/><\/a>Nd\u00ebrsa rreket t\u00eb na tregoj\u00eb p\u00ebr fillimet n\u00eb bot\u00ebn e artit q\u00eb i konsideron si nj\u00eb nga dashurit\u00eb e jet\u00ebs, p\u00ebrplaset me nj\u00eb tjet\u00ebr dashuri. Po, po, p\u00ebrplaset! K\u00ebshtu e ka njohur Rezarta Shkurta bashk\u00ebshortin e saj, Ermalin. Ai me makin\u00ebn e tij, ka goditur makin\u00ebn e Shkurt\u00ebs n\u00eb sheshin &#8220;N\u00ebn\u00eb Tereza&#8221; dhe n\u00eb k\u00ebt\u00eb rast n\u00eb vend t\u00eb &#8220;plas\u00eb&#8221; nj\u00eb sherr mes t\u00eb d\u00ebmtuarit dhe fajtorit shfaqet di\u00e7ka tjet\u00ebr. Duket se nga shk\u00ebndija e p\u00ebrplasjes s\u00eb makinave lindi nj\u00eb dashuri q\u00eb sot \u00ebsht\u00eb kuror\u00ebzuar n\u00eb martes\u00eb. N\u00eb fakt mbiemri i tij t\u00eb thot\u00eb shum\u00eb gj\u00ebra. Ai \u00ebsht\u00eb nipi i ish-udh\u00ebheq\u00ebsit t\u00eb Shqip\u00ebris\u00eb p\u00ebr 50 vjet, Enver Hoxha. Po \u00e7far\u00eb r\u00ebnd\u00ebsie ka, Rezarta dashuron njeriun dhe n\u00eb k\u00ebt\u00eb rast Ermalin&#8230; Shpesh ajo \u00ebsht\u00eb e paparashikueshme n\u00eb gjerat q\u00eb b\u00ebn.<\/p>\n<p>Rezi nuk ka vet\u00ebm nj\u00eb profesion. Nuk \u00ebsht\u00eb vet\u00ebm k\u00ebng\u00ebtare, vet\u00ebm piktore apo vet\u00ebm modele&#8230;i ka t\u00eb gjitha. Momenti kur ajo merr telajon dhe penelin p\u00ebr t\u00eb hedhur ndjesit\u00eb e saj n\u00eb tablo pikturash jan\u00eb or\u00ebt e vona t\u00eb nat\u00ebs kur qytetit i ka r\u00ebn\u00eb qet\u00ebsia. M\u00eb punimet e fundit ajo premton se do t\u00eb vij\u00eb pran\u00eb publikut me nj\u00eb ekspozit\u00eb, e cila \u00ebsht\u00eb e dyta p\u00ebr Rezart\u00ebn. K\u00ebng\u00ebt q\u00eb ajo k\u00ebndon dhe daljet n\u00eb ekran jan\u00eb vazhdimisht t\u00eb kuruara deri n\u00eb detaje. Respekti p\u00ebr imazhin duket se e ka b\u00ebr\u00eb Shkurt\u00ebn t\u00eb jet\u00eb e kujdesshme n\u00eb k\u00ebt\u00eb pik\u00eb. K\u00ebng\u00eb dhe nj\u00eb videoklip t\u00ebr\u00ebsisht &#8220;fringo&#8221; jan\u00eb prurjet m\u00eb t\u00eb reja t\u00eb personazhit ton\u00eb, e cila duket se po ja merr shijen dita-dit\u00ebs. N\u00eb k\u00ebt\u00eb rr\u00ebfim ajo tregon gjith\u00e7ka q\u00eb nga f\u00ebmij\u00ebria e deri te martesa. Q\u00eb nga piktura, pasioni p\u00ebr fotografin e deri te d\u00ebshira e momentit p\u00ebr t&#8217;i braktisur t\u00eb gjitha&#8230;<\/p>\n<p>Rezarta, me \u00e7far\u00eb melodie u zgjuat sot n\u00eb m\u00ebngjes?<\/p>\n<p>N\u00ebn melodin\u00eb e telefonit tim, ku si gjithmon\u00eb u zgjova me vones\u00eb ndaj pun\u00ebve q\u00eb kisha caktuar.<\/p>\n<p>Je b\u00ebr\u00eb pjes\u00eb e artit dhe e mod\u00ebs n\u00eb nj\u00eb mosh\u00eb t\u00eb vog\u00ebl, ndiheni e lodhur apo jeni vazhdimisht energjike dhe n\u00eb k\u00ebrkim t\u00eb t\u00eb rejave?<\/p>\n<p>T\u00eb dyja k\u00ebto faza i kaloj, ka raste q\u00eb ndjehem e posht\u00ebruar, por edhe raste kur ndjehem e lodhur gati p\u00ebr t\u00eb braktisur shum\u00eb pun\u00eb.<\/p>\n<p>S\u00eb fundi, keni ardhur me nj\u00eb k\u00ebng\u00eb dhe bashk\u00ebpunim krejt\u00ebsisht t\u00eb ve\u00e7ant\u00eb. Ishte ideja juaj?<\/p>\n<p>Si fillim mora ftes\u00ebn p\u00ebr k\u00ebt\u00eb bashk\u00ebpunim, ku pasi d\u00ebgjova k\u00ebng\u00ebn e pranova me shum\u00eb k\u00ebnaq\u00ebsi e m\u00eb pas p\u00ebr sa i p\u00ebrket klipit i lash\u00eb dor\u00eb t\u00eb lir\u00eb &#8220;Max Production&#8221;.<\/p>\n<p>Na tregoni pak p\u00ebr f\u00ebmij\u00ebrin\u00eb tuaj, si ka kaluar ajo, e kishit menduar se nj\u00eb dit\u00eb do t\u00eb ishit kaq e famshme?<\/p>\n<p>Kam kaluar nj\u00eb f\u00ebmij\u00ebri t\u00eb lumtur, por gjithashtu t\u00eb ngjeshur me aktivitete. Un\u00eb kam qen\u00eb pjes\u00eb e pallatit t\u00eb pionier\u00ebve, ku \u00ebsht\u00eb nj\u00eb qend\u00ebr q\u00eb angazhon f\u00ebmij\u00ebt artist\u00eb. Nuk e kisha menduar q\u00eb do t\u00eb isha k\u00ebtu p\u00ebr vet mosh\u00ebn.<\/p>\n<p>Nj\u00eb nga pasionet tuaja \u00ebsht\u00eb dhe fotografia, kur keni fotografuar p\u00ebr her\u00eb t\u00eb par\u00eb?<\/p>\n<p>Nuk mund t\u00eb them koh\u00ebn sakt\u00eb, por m\u00eb kujtohet q\u00eb kam qen\u00eb n\u00eb tet\u00ebvje\u00e7are ku im v\u00eblla m\u00eb solli si dhurat\u00eb aparatin e par\u00eb profesional &#8220;Canon&#8221;, ku un\u00eb eksperimentova fotot e para.<\/p>\n<p>Pse ju p\u00eblqen ky art? Dashuria kundrejt di\u00e7kaje q\u00eb t\u00eb fal k\u00ebnaq\u00ebsi nuk ka pse, thjesht e dashuron dhe kaq.\u00c7far\u00eb do t\u00eb donit m\u00eb shum\u00eb t\u00eb fotografonit?<\/p>\n<p>Zakonisht m\u00eb p\u00eblqen t\u00eb fotografoj model, jam m\u00eb shum\u00eb e t\u00ebrhequr nga fotot &#8220;fashion&#8221; ndryshe nga piktura, ku me t\u00ebrheq m\u00eb shum\u00eb piktura klasike.<\/p>\n<p>D\u00ebshironi m\u00eb shum\u00eb t\u00eb jeni para apo pas aparatit?<\/p>\n<p>Pa diskutim pas.<\/p>\n<p>Cila \u00ebsht\u00eb fotoja m\u00eb e bukur q\u00eb keni realizuar deri m\u00eb tani?<\/p>\n<p>Mendoj se nuk e kam realizuar ende foton m\u00eb t\u00eb bukur.<\/p>\n<p>Cili \u00ebsht\u00eb raporti juaj me ngjyrat?<\/p>\n<p>\u00cbsht\u00eb i nj\u00ebjti raport q\u00eb kam me ajrin.<\/p>\n<p>N\u00eb \u00e7far\u00eb momentesh frym\u00ebzoheni p\u00ebr t\u00eb pikturuar?<\/p>\n<p>Zakonisht mbr\u00ebmjeve ku e gjith\u00eb jeta bie n\u00eb nj\u00eb relaks.<\/p>\n<p>I keni pasur idet\u00eb e qarta vazhdimisht se do t\u00eb b\u00ebheshit, modele, k\u00ebng\u00ebtare, piktore, fotografe apo gjith\u00e7ka ka evoluar me koh\u00ebn?<\/p>\n<p>Thjesht un\u00eb kam ndjekur \u00ebndrrat, d\u00ebshirat dhe pasionet e mia pa menduar shum\u00eb.<\/p>\n<p>Keni p\u00ebrmasa trupi thuajse perfekte, si ja b\u00ebni p\u00ebr t\u00eb ruajtur k\u00ebt\u00eb linj\u00eb q\u00eb shum\u00eb femra e kan\u00eb zili?<\/p>\n<p>N\u00eb fakt deri m\u00eb tani ka qen\u00eb metabolizmi i mir\u00eb, por koh\u00ebt e fundit kam ndjer\u00eb nevojshm\u00ebrin\u00eb e palestr\u00ebs, k\u00ebshtu q\u00eb shum\u00eb shpejt m\u00eb pret nj\u00eb pun\u00eb e madhe.<\/p>\n<p>Jeni nj\u00eb nga ish-Miss-et m\u00eb t\u00eb preferuara t\u00eb aparateve, por edhe nj\u00eb nga m\u00eb t\u00eb paguarat, pas k\u00ebtyre sukseseve, ndiheni e pasur! Jo vet\u00ebm nga ana e realizimit tuaj si fem\u00ebr, por edhe nga ana monetare?<\/p>\n<p>P\u00ebr sa i p\u00ebrket vet\u00ebk\u00ebnaq\u00ebsis\u00eb po dhe jo pasi mendoj se ende kam shum\u00eb p\u00ebr t\u00eb punuar. Nd\u00ebrsa n\u00eb lidhje me at\u00eb monetare zakonisht n\u00eb Shqip\u00ebri pagesat jan\u00eb qesharake k\u00ebshtu q\u00eb asnj\u00eb artist nuk mund t\u00eb b\u00ebhet i pasur vet\u00ebm me art.<\/p>\n<p>Rezarta, e konsideroni veten me fat q\u00eb n\u00eb nj\u00eb periudh\u00eb kohe kaq t\u00eb shkurt\u00ebr, keni arritur t\u00eb b\u00ebni em\u00ebr dhe t\u00eb jeni e suksesshme?<\/p>\n<p>Nuk ka lidhje fati, kam punuar p\u00ebr t\u00eb qen\u00eb k\u00ebtu. N\u00ebse i futesh me p\u00ebrkushtim di\u00e7kaje e arrin.<\/p>\n<p>Ka ndonj\u00eb person t\u00eb cilit ja dedikoni k\u00ebto suksese?<\/p>\n<p>Absolutisht q\u00eb po&#8230; Rrezart\u00ebs q\u00eb nuk \u00ebsht\u00eb dor\u00ebzuar nga asgj\u00eb dhe familjes p\u00ebr mb\u00ebshtetjen.<\/p>\n<p>P\u00ebr \u00e7far\u00eb arsye do t\u00eb mund ta braktisnit karrier\u00ebn tuaj?<\/p>\n<p>N\u00ebse do t\u00eb m\u00eb vinin si kusht q\u00eb t\u00eb zgjohesha gjithmon\u00eb n\u00eb m\u00ebngjes her\u00ebt do t\u00eb ishte nj\u00eb arsye shum\u00eb e fort\u00eb p\u00ebr ta braktisur (qesh).<\/p>\n<p>N\u00eb cil\u00ebn fush\u00eb jeni m\u00eb shum\u00eb e p\u00ebrkushtuar n\u00eb mod\u00eb, apo muzik\u00eb?<\/p>\n<p>N\u00eb piktur\u00eb, aktualisht po punoj p\u00ebr ekspozit\u00ebn time t\u00eb dyt\u00eb.<\/p>\n<p>Tani jeni e re dhe e bukur, si e mendon veten plak\u00eb, ke frik\u00eb nga plakja?<\/p>\n<p>Edhe pse ka koh\u00eb p\u00ebr ta menduar, por gjithsesi me shum\u00eb qejf nuk po e pres.<\/p>\n<p>Do t\u00eb realizoje ndonj\u00ebher\u00eb nd\u00ebrhyrje n\u00eb trupin t\u00ebnd, operacione plastike, n\u00eb qoft\u00eb se po, ku?<\/p>\n<p>Patjet\u00ebr q\u00eb po. Ne momentin e par\u00eb q\u00eb do ta shoh t\u00eb arsyeshme. P\u00ebr fat t\u00eb mir\u00eb ende s&#8217;ia ndjej nevoj\u00ebn<\/p>\n<p>Ju jeni modele, do t\u00eb pozonit nudo n\u00eb nj\u00eb revist\u00eb, n\u00eb shk\u00ebmbim t\u00eb nj\u00eb shume t\u00eb madhe lek\u00ebsh?<\/p>\n<p>N\u00eb momentin q\u00eb do ta kisha primare si profesion, mbase&#8230; Por, un\u00eb b\u00ebra disa koh\u00eb q\u00eb nuk e ushtroj si profesion modelimin.<\/p>\n<p>Cila \u00ebsht\u00eb surpriza m\u00eb e madhe dhe interesante q\u00eb i keni b\u00ebr\u00eb ndonj\u00ebher\u00eb t\u00eb dashurit tuaj?<\/p>\n<p>\u00c7do dit\u00eb ne kemi surpriza midis njeri-tjetrit nuk di t\u00eb t\u00eb them di\u00e7ka t\u00eb ve\u00e7ant\u00eb n\u00eb k\u00ebto momente.<\/p>\n<p>Dim\u00eb q\u00eb jeni e martuar zyrtarisht me Ermal Hoxh\u00ebn, por nuk kemi marr\u00eb vesh ende p\u00ebr ndonj\u00eb ceremoni martesore, si e imagjinoni at\u00eb dit\u00eb dhe si e d\u00ebshiron?<\/p>\n<p>T\u00eb jem e sinqert\u00eb nuk jam shum\u00eb e t\u00ebrhequr nga ceremonit\u00eb, kjo \u00ebsht\u00eb edhe arsyeja q\u00eb \u00ebsht\u00eb shtyr\u00eb.<\/p>\n<p>Bashk\u00ebshorti juaj \u00ebsht\u00eb nipi i ish-udh\u00ebheq\u00ebsit t\u00eb Shqip\u00ebris\u00eb, si ndiheni krah tij, ju bezdis ky fakt?<\/p>\n<p>P\u00ebr mua ka r\u00ebnd\u00ebsi njeriu q\u00eb kam pran\u00eb dhe q\u00eb m\u00eb b\u00ebn t\u00eb ndjehem e lumtur.<\/p>\n<p>Na tregoni pak ju lutem se si ka ardhur njohja juaj me Ermalin?<\/p>\n<p>Kemi b\u00ebr\u00eb aksident me makin\u00eb. Kemi qen\u00eb tek sheshi &#8220;N\u00ebn\u00eb Tereza&#8221;, ku Ermali m\u00eb p\u00ebrplasi pak nga mbrapa. U takuam nja dy dit\u00eb p\u00ebr t\u00eb sistemuar gj\u00ebrat. Dhe m\u00eb pas ndodhi aq shpejt e gjitha sa nuk di t\u00eb t\u00eb them m\u00eb shum\u00eb.<\/p>\n<p>Propozimi i par\u00eb ishte nga ju, apo nga Ermali?<\/p>\n<p>Nga un\u00eb.<\/p>\n<p>E kuptuat menj\u00ebher\u00eb q\u00eb di\u00e7ka po linde mes jush, apo u desh koh\u00eb?<\/p>\n<p>Dashuri me shikim t\u00eb par\u00eb.<\/p>\n<p>Cila \u00ebsht\u00eb ajo gj\u00eb q\u00eb p\u00eblqeni m\u00eb shum\u00eb tek ai?<\/p>\n<p>Gjith\u00e7ka.<\/p>\n<p>Po ai tek ju ?<\/p>\n<p>Duhet t\u00eb pyes\u00ebsh at\u00eb.<\/p>\n<p>Ju k\u00ebshilloni apo sugjeron ai p\u00ebr pun\u00ebt e tua, qoft\u00eb n\u00eb muzik\u00eb apo piktur\u00eb?<\/p>\n<p>Mua m\u00eb p\u00eblqen t\u00eb k\u00ebrkoj mendimin e tij.<\/p>\n<p>Cili \u00ebsht\u00eb komplimenti m\u00eb i ve\u00e7ant\u00eb q\u00eb ju ka b\u00ebr\u00eb ndonj\u00ebher\u00eb?<\/p>\n<p>Sekret.<\/p>\n<p>Sipas jush, \u00e7far\u00eb duhet t\u00eb ekzistoj\u00eb mes nj\u00eb \u00e7ifti q\u00eb nj\u00eb lidhje t\u00eb jetoj\u00eb gjat\u00eb?<\/p>\n<p>Midis nj\u00eb \u00e7ifti p\u00ebr mendimin tim duhet t\u00eb ket\u00eb dhe miq\u00ebsi, ku me personin q\u00eb ke pran\u00eb t\u00eb ndash \u00e7do mendim, tamam si nj\u00eb mik t\u00eb mir\u00eb.<\/p>\n<p>Kur nuk do ta falnit nj\u00eb tradhti?<\/p>\n<p>N\u00ebse do t\u00eb ishte m\u00eb shum\u00eb se nj\u00eb her\u00eb. (qesh) Keni mbaruar p\u00ebr piktur\u00eb, madje keni hapur edhe ekspozit\u00eb, vazhdoni p\u00ebr psikologji, jeni modele dhe k\u00ebng\u00ebtare.<\/p>\n<p>Keni b\u00ebr\u00eb nj\u00eb &#8220;mix&#8221; pasionesh dhe profesionesh. \u00c7far\u00eb i lidh t\u00eb gjitha k\u00ebto bashk\u00eb p\u00ebr t\u00eb qen\u00eb tek Rrezarta?<\/p>\n<p>Dashuria p\u00ebr Artin.<\/p>\n<p>Bota me ngjyra e Rezarta Shkurt\u00ebs!<\/p>\n<p>Rezarta nuk b\u00ebn dallime p\u00ebr ngjyrat. I gjith\u00eb spektri \u00ebsht\u00eb i preferuari i saj. Marr\u00ebdh\u00ebnia me to \u00ebsht\u00eb aq e af\u00ebrt sa ajo nuk ndan dot nj\u00eb si m\u00eb t\u00eb preferuar\u00ebn. N\u00eb fakt duket se dhe jeta dhe karakteri i Rezart\u00ebs i ka t\u00eb gjitha ngjyrat n\u00eb brend\u00ebsi. Nj\u00eb dashuri t\u00eb mbushur me surpriza, nj\u00eb karrier\u00eb t\u00eb suksesshme dhe jet\u00eb q\u00eb rrezaton paqe.<br \/>\n<strong><br \/>\nPYETSORI I PRUSTIT<\/strong><br \/>\n&#8220;E lumtur m\u00eb shum\u00eb se\u00e7 duhet&#8221;<br \/>\n\u00c7far\u00eb \u00ebsht\u00eb lumturia absolute p\u00ebr ju?<br \/>\nDi\u00e7ka q\u00eb nuk ekziston, nuk ka lumturi absolute.<br \/>\n\u00c7far\u00eb ju b\u00ebn t\u00eb zgjoheni n\u00eb m\u00ebngjes?<br \/>\nDi\u00e7ka e pashmangshme, duhet t\u00eb zgjohesh s&#8217;ke \u00e7&#8217;b\u00ebn.<br \/>\nHera e fundit q\u00eb keni qeshur me shpirt?<br \/>\nDje.<br \/>\nTipari kryesor i karakterit tuaj?<br \/>\nVendosm\u00ebria.<br \/>\nDefekti juaj kryesor?<br \/>\nVendosm\u00ebria e tep\u00ebrt edhe kur mund ta kem gabim.<br \/>\nNdaj cilave gabime jeni m\u00eb tolerante?<br \/>\nGabimeve q\u00eb b\u00ebhen pa dashje.<br \/>\nHera e fundit q\u00eb u p\u00ebrlot\u00ebt?<br \/>\nPara pak dit\u00ebsh gjat\u00eb nj\u00eb filmi n\u00eb kinema.<br \/>\nUdh\u00ebtimi juaj i preferuar?<br \/>\nParis.<br \/>\nShkrimtar\u00ebt tuaj m\u00eb t\u00eb dashur?<br \/>\n&#8220;Khaled Hussein&#8221;<br \/>\nCilin virtyt vler\u00ebsoni m\u00eb shum\u00eb tek nj\u00eb burr\u00eb?<br \/>\nBurr\u00ebrin\u00eb.<br \/>\nTek nj\u00eb grua?<br \/>\nForc\u00ebn, pamposhtm\u00ebrin\u00eb.<br \/>\nKompozitori juaj i preferuar?<br \/>\nKam shum\u00eb.<br \/>\nK\u00ebnga q\u00eb f\u00ebrsh\u00eblleni kur b\u00ebni dush?<br \/>\n&#8220;O n\u00ebn\u00eb&#8221; nga Sherif Merdani. (qesh)<br \/>\nLibri q\u00eb ju la mbres\u00eb t\u00eb pashlyeshme?<br \/>\n&#8220;Gjuetari i Balonave&#8221;<br \/>\nFilmi q\u00eb ju la mbres\u00eb t\u00eb thell\u00eb?<br \/>\n&#8220;The new moon&#8221;<br \/>\nPiktori juaj i dashur?<br \/>\n&#8220;Clode Monet&#8221;<br \/>\nNgjyra juaj e preferuar?<br \/>\nI gjith\u00eb spektri.<br \/>\nK\u00eb konsideroni si suksesin tuaj m\u00eb t\u00eb madh?<br \/>\nEnde se kam b\u00ebr\u00eb.<br \/>\n\u00c7far\u00eb \u00ebsht\u00eb ajo p\u00ebr t\u00eb cil\u00ebn pendoheni m\u00eb shum\u00eb?<br \/>\nS&#8217;jam penduar ende asgj\u00eb.<br \/>\n\u00c7far\u00eb urreni m\u00eb shum\u00eb n\u00eb k\u00ebt\u00eb bot\u00eb?<br \/>\nHipokrizin\u00eb dhe g\u00ebnjeshtr\u00ebn.<br \/>\nFrika juaj m\u00eb e madhe?<br \/>\nInsektet.<br \/>\nN\u00eb \u00e7far\u00eb rastesh zgjidhni t\u00eb thoni g\u00ebnjeshtra?<br \/>\nP\u00ebr t\u00eb shp\u00ebtuar nga ndonj\u00eb situat\u00eb e pak\u00ebndshme.<br \/>\nKeni dh\u00ebn\u00eb ndonj\u00ebher\u00eb ryshfet?<br \/>\nPo.<br \/>\nCila \u00ebsht\u00eb motoja juaj?<br \/>\nPuno, fito.<br \/>\nSi do t\u00eb d\u00ebshironit t\u00eb vdisnit?<br \/>\nPreferoj t\u00eb mos vdes.<br \/>\nPo t\u00eb ndodhte t\u00eb takonit Zotin, \u00e7far\u00eb do t&#8217;i thoshit?<br \/>\nA e lexove intervist\u00ebn time? (qesh)<br \/>\nN\u00eb \u00e7far\u00eb gjendje shpirt\u00ebrore gjendeni koh\u00ebt e fundit?<br \/>\nE lumtur m\u00eb shum\u00eb se\u00e7 duhet! (qesh)<\/p>\n<p><strong>Gazeta Shekulli<br \/>\n<br \/>\n<!--YouTube Error: bad URL entered--><\/strong><\/p>\n","protected":false},"excerpt":{"rendered":"<p>Nd\u00ebrsa rreket t\u00eb na tregoj\u00eb p\u00ebr fillimet n\u00eb bot\u00ebn e artit q\u00eb i konsideron si nj\u00eb nga dashurit\u00eb e jet\u00ebs, p\u00ebrplaset me nj\u00eb tjet\u00ebr dashuri. Po, po, p\u00ebrplaset! K\u00ebshtu e ka njohur Rezarta Shkurta bashk\u00ebshortin e saj, Ermalin. Ai me makin\u00ebn e tij, ka goditur makin\u00ebn e Shkurt\u00ebs n\u00eb sheshin &#8220;N\u00ebn\u00eb Tereza&#8221; dhe n\u00eb k\u00ebt\u00eb [&hellip;]<\/p>\n","protected":false},"author":1,"featured_media":0,"comment_status":"open","ping_status":"closed","sticky":false,"template":"","format":"standard","meta":{"spay_email":"","jetpack_publicize_message":"","jetpack_is_tweetstorm":false,"jetpack_publicize_feature_enabled":true},"categories":[1],"tags":[4953,13372],"jetpack_publicize_connections":[],"yoast_head":"<!-- This site is optimized with the Yoast SEO plugin v19.1 - https:\/\/yoast.com\/wordpress\/plugins\/seo\/ -->\n<title>Rezarta Shkurta: Ermalin e propozova un\u00eb e para.. - Lajme nga Ulqini<\/title>\n<meta name=\"description\" content=\"Nd\u00ebrsa rreket t\u00eb na tregoj\u00eb p\u00ebr fillimet n\u00eb bot\u00ebn e artit q\u00eb i konsideron si nj\u00eb nga dashurit\u00eb e jet\u00ebs, p\u00ebrplaset me nj\u00eb tjet\u00ebr dashuri. Po, po,\" \/>\n<meta name=\"robots\" content=\"index, follow, max-snippet:-1, max-image-preview:large, max-video-preview:-1\" \/>\n<link rel=\"canonical\" href=\"https:\/\/www.visit-ulcinj.com\/blog\/2010\/01\/23\/rezarta-shkurta-ermalin-e-propozova-une-e-para\/\" \/>\n<meta property=\"og:locale\" content=\"en_US\" \/>\n<meta property=\"og:type\" content=\"article\" \/>\n<meta property=\"og:title\" content=\"Rezarta Shkurta: Ermalin e propozova un\u00eb e para.. - Lajme nga Ulqini\" \/>\n<meta property=\"og:description\" content=\"Nd\u00ebrsa rreket t\u00eb na tregoj\u00eb p\u00ebr fillimet n\u00eb bot\u00ebn e artit q\u00eb i konsideron si nj\u00eb nga dashurit\u00eb e jet\u00ebs, p\u00ebrplaset me nj\u00eb tjet\u00ebr dashuri. Po, po,\" \/>\n<meta property=\"og:url\" content=\"https:\/\/www.visit-ulcinj.com\/blog\/2010\/01\/23\/rezarta-shkurta-ermalin-e-propozova-une-e-para\/\" \/>\n<meta property=\"og:site_name\" content=\"Lajme nga Ulqini\" \/>\n<meta property=\"article:published_time\" content=\"2010-01-23T21:10:42+00:00\" \/>\n<meta property=\"og:image\" content=\"https:\/\/www.visit-ulcinj.com\/blog\/wp-content\/uploads\/2010\/01\/Rezarta-Shkurta-150x150.jpg\" \/>\n<meta name=\"twitter:label1\" content=\"Written by\" \/>\n\t<meta name=\"twitter:data1\" content=\"ulqini\" \/>\n\t<meta name=\"twitter:label2\" content=\"Est. reading time\" \/>\n\t<meta name=\"twitter:data2\" content=\"10 minutes\" \/>\n<script type=\"application\/ld+json\" class=\"yoast-schema-graph\">{\"@context\":\"https:\/\/schema.org\",\"@graph\":[{\"@type\":\"WebSite\",\"@id\":\"https:\/\/www.visit-ulcinj.com\/blog\/#website\",\"url\":\"https:\/\/www.visit-ulcinj.com\/blog\/\",\"name\":\"Lajme nga Ulqini\",\"description\":\"Lajme,Vijesti,Ulqini,Ulqin,Crna Gora,Mali i Zi\",\"potentialAction\":[{\"@type\":\"SearchAction\",\"target\":{\"@type\":\"EntryPoint\",\"urlTemplate\":\"https:\/\/www.visit-ulcinj.com\/blog\/?s={search_term_string}\"},\"query-input\":\"required name=search_term_string\"}],\"inLanguage\":\"en-US\"},{\"@type\":\"ImageObject\",\"inLanguage\":\"en-US\",\"@id\":\"https:\/\/www.visit-ulcinj.com\/blog\/2010\/01\/23\/rezarta-shkurta-ermalin-e-propozova-une-e-para\/#primaryimage\",\"url\":\"http:\/\/www.visit-ulcinj.com\/blog\/wp-content\/uploads\/2010\/01\/Rezarta-Shkurta.jpg\",\"contentUrl\":\"http:\/\/www.visit-ulcinj.com\/blog\/wp-content\/uploads\/2010\/01\/Rezarta-Shkurta.jpg\"},{\"@type\":\"WebPage\",\"@id\":\"https:\/\/www.visit-ulcinj.com\/blog\/2010\/01\/23\/rezarta-shkurta-ermalin-e-propozova-une-e-para\/#webpage\",\"url\":\"https:\/\/www.visit-ulcinj.com\/blog\/2010\/01\/23\/rezarta-shkurta-ermalin-e-propozova-une-e-para\/\",\"name\":\"Rezarta Shkurta: Ermalin e propozova un\u00eb e para.. - Lajme nga Ulqini\",\"isPartOf\":{\"@id\":\"https:\/\/www.visit-ulcinj.com\/blog\/#website\"},\"primaryImageOfPage\":{\"@id\":\"https:\/\/www.visit-ulcinj.com\/blog\/2010\/01\/23\/rezarta-shkurta-ermalin-e-propozova-une-e-para\/#primaryimage\"},\"datePublished\":\"2010-01-23T21:10:42+00:00\",\"dateModified\":\"2010-01-23T21:10:42+00:00\",\"author\":{\"@id\":\"https:\/\/www.visit-ulcinj.com\/blog\/#\/schema\/person\/dcab619c614d3038751c63bc2aadc06d\"},\"description\":\"Nd\u00ebrsa rreket t\u00eb na tregoj\u00eb p\u00ebr fillimet n\u00eb bot\u00ebn e artit q\u00eb i konsideron si nj\u00eb nga dashurit\u00eb e jet\u00ebs, p\u00ebrplaset me nj\u00eb tjet\u00ebr dashuri. Po, po,\",\"breadcrumb\":{\"@id\":\"https:\/\/www.visit-ulcinj.com\/blog\/2010\/01\/23\/rezarta-shkurta-ermalin-e-propozova-une-e-para\/#breadcrumb\"},\"inLanguage\":\"en-US\",\"potentialAction\":[{\"@type\":\"ReadAction\",\"target\":[\"https:\/\/www.visit-ulcinj.com\/blog\/2010\/01\/23\/rezarta-shkurta-ermalin-e-propozova-une-e-para\/\"]}]},{\"@type\":\"BreadcrumbList\",\"@id\":\"https:\/\/www.visit-ulcinj.com\/blog\/2010\/01\/23\/rezarta-shkurta-ermalin-e-propozova-une-e-para\/#breadcrumb\",\"itemListElement\":[{\"@type\":\"ListItem\",\"position\":1,\"name\":\"Rezarta Shkurta: Ermalin e propozova un\u00eb e para..\"}]},{\"@type\":\"Person\",\"@id\":\"https:\/\/www.visit-ulcinj.com\/blog\/#\/schema\/person\/dcab619c614d3038751c63bc2aadc06d\",\"name\":\"ulqini\",\"sameAs\":[\"http:\/\/www.visit-ulcinj.com\"],\"url\":\"https:\/\/www.visit-ulcinj.com\/blog\/author\/admin\/\"}]}<\/script>\n<!-- \/ Yoast SEO plugin. -->","yoast_head_json":{"title":"Rezarta Shkurta: Ermalin e propozova un\u00eb e para.. - Lajme nga Ulqini","description":"Nd\u00ebrsa rreket t\u00eb na tregoj\u00eb p\u00ebr fillimet n\u00eb bot\u00ebn e artit q\u00eb i konsideron si nj\u00eb nga dashurit\u00eb e jet\u00ebs, p\u00ebrplaset me nj\u00eb tjet\u00ebr dashuri. Po, po,","robots":{"index":"index","follow":"follow","max-snippet":"max-snippet:-1","max-image-preview":"max-image-preview:large","max-video-preview":"max-video-preview:-1"},"canonical":"https:\/\/www.visit-ulcinj.com\/blog\/2010\/01\/23\/rezarta-shkurta-ermalin-e-propozova-une-e-para\/","og_locale":"en_US","og_type":"article","og_title":"Rezarta Shkurta: Ermalin e propozova un\u00eb e para.. - Lajme nga Ulqini","og_description":"Nd\u00ebrsa rreket t\u00eb na tregoj\u00eb p\u00ebr fillimet n\u00eb bot\u00ebn e artit q\u00eb i konsideron si nj\u00eb nga dashurit\u00eb e jet\u00ebs, p\u00ebrplaset me nj\u00eb tjet\u00ebr dashuri. Po, po,","og_url":"https:\/\/www.visit-ulcinj.com\/blog\/2010\/01\/23\/rezarta-shkurta-ermalin-e-propozova-une-e-para\/","og_site_name":"Lajme nga Ulqini","article_published_time":"2010-01-23T21:10:42+00:00","og_image":[{"url":"https:\/\/www.visit-ulcinj.com\/blog\/wp-content\/uploads\/2010\/01\/Rezarta-Shkurta-150x150.jpg"}],"twitter_misc":{"Written by":"ulqini","Est. reading time":"10 minutes"},"schema":{"@context":"https:\/\/schema.org","@graph":[{"@type":"WebSite","@id":"https:\/\/www.visit-ulcinj.com\/blog\/#website","url":"https:\/\/www.visit-ulcinj.com\/blog\/","name":"Lajme nga Ulqini","description":"Lajme,Vijesti,Ulqini,Ulqin,Crna Gora,Mali i Zi","potentialAction":[{"@type":"SearchAction","target":{"@type":"EntryPoint","urlTemplate":"https:\/\/www.visit-ulcinj.com\/blog\/?s={search_term_string}"},"query-input":"required name=search_term_string"}],"inLanguage":"en-US"},{"@type":"ImageObject","inLanguage":"en-US","@id":"https:\/\/www.visit-ulcinj.com\/blog\/2010\/01\/23\/rezarta-shkurta-ermalin-e-propozova-une-e-para\/#primaryimage","url":"http:\/\/www.visit-ulcinj.com\/blog\/wp-content\/uploads\/2010\/01\/Rezarta-Shkurta.jpg","contentUrl":"http:\/\/www.visit-ulcinj.com\/blog\/wp-content\/uploads\/2010\/01\/Rezarta-Shkurta.jpg"},{"@type":"WebPage","@id":"https:\/\/www.visit-ulcinj.com\/blog\/2010\/01\/23\/rezarta-shkurta-ermalin-e-propozova-une-e-para\/#webpage","url":"https:\/\/www.visit-ulcinj.com\/blog\/2010\/01\/23\/rezarta-shkurta-ermalin-e-propozova-une-e-para\/","name":"Rezarta Shkurta: Ermalin e propozova un\u00eb e para.. - Lajme nga Ulqini","isPartOf":{"@id":"https:\/\/www.visit-ulcinj.com\/blog\/#website"},"primaryImageOfPage":{"@id":"https:\/\/www.visit-ulcinj.com\/blog\/2010\/01\/23\/rezarta-shkurta-ermalin-e-propozova-une-e-para\/#primaryimage"},"datePublished":"2010-01-23T21:10:42+00:00","dateModified":"2010-01-23T21:10:42+00:00","author":{"@id":"https:\/\/www.visit-ulcinj.com\/blog\/#\/schema\/person\/dcab619c614d3038751c63bc2aadc06d"},"description":"Nd\u00ebrsa rreket t\u00eb na tregoj\u00eb p\u00ebr fillimet n\u00eb bot\u00ebn e artit q\u00eb i konsideron si nj\u00eb nga dashurit\u00eb e jet\u00ebs, p\u00ebrplaset me nj\u00eb tjet\u00ebr dashuri. Po, po,","breadcrumb":{"@id":"https:\/\/www.visit-ulcinj.com\/blog\/2010\/01\/23\/rezarta-shkurta-ermalin-e-propozova-une-e-para\/#breadcrumb"},"inLanguage":"en-US","potentialAction":[{"@type":"ReadAction","target":["https:\/\/www.visit-ulcinj.com\/blog\/2010\/01\/23\/rezarta-shkurta-ermalin-e-propozova-une-e-para\/"]}]},{"@type":"BreadcrumbList","@id":"https:\/\/www.visit-ulcinj.com\/blog\/2010\/01\/23\/rezarta-shkurta-ermalin-e-propozova-une-e-para\/#breadcrumb","itemListElement":[{"@type":"ListItem","position":1,"name":"Rezarta Shkurta: Ermalin e propozova un\u00eb e para.."}]},{"@type":"Person","@id":"https:\/\/www.visit-ulcinj.com\/blog\/#\/schema\/person\/dcab619c614d3038751c63bc2aadc06d","name":"ulqini","sameAs":["http:\/\/www.visit-ulcinj.com"],"url":"https:\/\/www.visit-ulcinj.com\/blog\/author\/admin\/"}]}},"jetpack_featured_media_url":"","jetpack_sharing_enabled":true,"jetpack_shortlink":"https:\/\/wp.me\/pe6lTn-7Jz","_links":{"self":[{"href":"https:\/\/www.visit-ulcinj.com\/blog\/wp-json\/wp\/v2\/posts\/29733"}],"collection":[{"href":"https:\/\/www.visit-ulcinj.com\/blog\/wp-json\/wp\/v2\/posts"}],"about":[{"href":"https:\/\/www.visit-ulcinj.com\/blog\/wp-json\/wp\/v2\/types\/post"}],"author":[{"embeddable":true,"href":"https:\/\/www.visit-ulcinj.com\/blog\/wp-json\/wp\/v2\/users\/1"}],"replies":[{"embeddable":true,"href":"https:\/\/www.visit-ulcinj.com\/blog\/wp-json\/wp\/v2\/comments?post=29733"}],"version-history":[{"count":0,"href":"https:\/\/www.visit-ulcinj.com\/blog\/wp-json\/wp\/v2\/posts\/29733\/revisions"}],"wp:attachment":[{"href":"https:\/\/www.visit-ulcinj.com\/blog\/wp-json\/wp\/v2\/media?parent=29733"}],"wp:term":[{"taxonomy":"category","embeddable":true,"href":"https:\/\/www.visit-ulcinj.com\/blog\/wp-json\/wp\/v2\/categories?post=29733"},{"taxonomy":"post_tag","embeddable":true,"href":"https:\/\/www.visit-ulcinj.com\/blog\/wp-json\/wp\/v2\/tags?post=29733"}],"curies":[{"name":"wp","href":"https:\/\/api.w.org\/{rel}","templated":true}]}}