{"id":29755,"date":"2010-01-24T14:05:05","date_gmt":"2010-01-24T12:05:05","guid":{"rendered":"http:\/\/www.visit-ulcinj.com\/blog\/?p=29755"},"modified":"2010-01-24T14:05:44","modified_gmt":"2010-01-24T12:05:44","slug":"bashkesia-malazeze-kosove-kerkon-te-jete-pakice","status":"publish","type":"post","link":"https:\/\/www.visit-ulcinj.com\/blog\/2010\/01\/24\/bashkesia-malazeze-kosove-kerkon-te-jete-pakice\/","title":{"rendered":"Bashk\u00ebsia malazeze e Kosov\u00ebs k\u00ebrkon t\u00eb jet\u00eb pakic\u00eb"},"content":{"rendered":"<p><strong><a href=\"http:\/\/www.visit-ulcinj.com\/blog\/wp-content\/uploads\/2010\/01\/Z\u00ebvend\u00ebsministrja-e-Malit-t\u00eb-Zi-Irena-Radoviq.jpg\"><img loading=\"lazy\" class=\"alignleft size-full wp-image-29756\" title=\"Z\u00ebvend\u00ebsministrja e Malit t\u00eb Zi Irena Radoviq\" src=\"http:\/\/www.visit-ulcinj.com\/blog\/wp-content\/uploads\/2010\/01\/Z\u00ebvend\u00ebsministrja-e-Malit-t\u00eb-Zi-Irena-Radoviq.jpg\" alt=\"Z\u00ebvend\u00ebsministrja e Malit t\u00eb Zi Irena Radoviq\" width=\"579\" height=\"400\" \/><\/a>Bashk\u00ebsia malazeze k\u00ebrkon t\u00eb jet\u00eb pakic\u00eb<\/strong><br \/>\nP\u00ebrfaq\u00ebsues politik\u00eb t\u00eb komunitetit malazez n\u00eb Kosov\u00eb, p\u00ebrsh\u00ebndet\u00ebn vendosjen e raporteve diplomatike me Malin e Zi dhe k\u00ebrkuan t\u00eb njihen si pakic\u00eb me Kushtetut\u00ebn e Kosov\u00ebs.<br \/>\nDrejtuesit e t\u00eb dy subjekteve politike t\u00eb komunitetit malazez n\u00eb Kosov\u00eb e p\u00ebrsh\u00ebndet\u00ebn vendosjen e marr\u00ebdh\u00ebnieve diplomatike nd\u00ebrmjet Podgoric\u00ebs dhe Prishtin\u00ebs.<br \/>\nDerisa k\u00ebrkuan q\u00eb Kosova t\u2019u njoh\u00eb atyre statusin e pakic\u00ebs, ata kund\u00ebrshtuan idet\u00eb q\u00eb ky komunitet t\u2019i bojkotoj\u00eb institucionet e Kosov\u00ebs dhe t\u2019i kund\u00ebrshtoj\u00eb raportet diplomatike midis Malit t\u00eb Zi dhe Kosov\u00ebs, duke shprehur besim n\u00eb Qeverin\u00eb e Malit t\u00eb Zi dhe Prishtin\u00ebn zyrtare se pozita e k\u00ebsaj bashk\u00ebsie etnike do t\u00eb trajtohet n\u00eb m\u00ebnyr\u00eb adekuate.<br \/>\nSnezhana Karaxhiq, e sapoem\u00ebruar kryetare e Partis\u00eb Demokratike Malazeze, tha e kund\u00ebrshton deklaratat e disa politikan\u00ebve tjer\u00eb malazez p\u00ebr bojkotimin e institucioneve t\u00eb Kosov\u00ebs, p\u00ebrderisa bashk\u00ebsis\u00eb malazeze n\u00eb Kosov\u00eb t\u00eb mos i njihet pozita e pakic\u00ebs.<br \/>\n\u201cAn\u00ebtar\u00ebsia e Partis\u00eb Demokratike Malazeze absolutisht nuk dyshon q\u00eb Qeveria e Malit t\u00eb Zi do t\u00eb zgjedh\u00eb rrug\u00ebn m\u00eb t\u00eb mir\u00eb, si p\u00ebr qytetar\u00ebt e k\u00ebtij vendi, ashtu edhe p\u00ebr malazez\u00ebt n\u00eb Kosov\u00eb\u201d.<br \/>\n\u201cN\u00eb asnj\u00eb moment nuk do t\u00eb p\u00ebrkrahen deklaratat, t\u00eb cilat bazohen n\u00eb ultimatum, pavar\u00ebsisht nga cila qeveri vijn\u00eb, dhe nuk do t\u00eb merremi me histori t\u00eb popujve, at\u00eb do t\u2019ua l\u00ebm\u00eb historian\u00ebve\u201d, tha Karaxhiq.<br \/>\nKaraxhiq k\u00ebrkoi q\u00eb t\u00eb shtohen angazhimet p\u00ebr rritjen e kualitetit t\u00eb jetes\u00ebs s\u00eb malazez\u00ebve n\u00eb Kosov\u00eb dhe p\u00ebr trajtim t\u00eb barabart\u00eb t\u00eb k\u00ebtij komuniteti n\u00eb Kushtetut\u00ebn e Kosov\u00ebs.<br \/>\nNd\u00ebrkaq, Lazar Raduloviq, kryetar i Partis\u00eb Popullore Malazeze, tha se malazez\u00ebt e Kosov\u00ebs jan\u00eb duke u ballafaquar me probleme t\u00eb shumta.<br \/>\nKurse, problemi kryesor, sipas tij, do t\u00eb zgjidhej sikur ky komunitet do t\u00eb njihej me ligjet dhe Kushtetut\u00ebn e Kosov\u00ebs nj\u00ebsoj sikurse komunitetet tjera pakic\u00eb.<\/p>\n<p>Ai p\u00ebrsh\u00ebndeti vendosjen e marr\u00ebdh\u00ebnieve diplomatike Kosov\u00eb &#8211; Mali i Zi.<\/p>\n<p>\u201cKonsiderojm\u00eb q\u00eb Qeveria e Malit t\u00eb Zi ka marr\u00eb vendim n\u00eb interes t\u00eb shtetit t\u00eb Malit t\u00eb Zi dhe n\u00eb interes tonin\u201d, tha Raduloviq.<br \/>\nSipas Raduloviqit, zyrtar\u00ebt m\u00eb t\u00eb lart\u00eb n\u00eb Podgoric\u00eb nuk e kan\u00eb harruar asnj\u00ebher\u00eb komunitetin malazez n\u00eb Kosov\u00eb dhe statusin q\u00eb ata do t\u00eb duhej t\u00eb kishin me Kushtetut\u00ebn e Republik\u00ebs s\u00eb Kosov\u00ebs.<br \/>\nPas vendosjes s\u00eb marr\u00ebdh\u00ebnieve diplomatike nd\u00ebrmjet Prishtin\u00ebs dhe Podgoric\u00ebs, nes\u00ebr n\u00eb Kosov\u00eb mb\u00ebrrin p\u00ebr nj\u00eb vizit\u00eb dy ditore z\u00ebvend\u00ebsministrja e Pun\u00ebve t\u00eb Jashtme t\u00eb Malit t\u00eb Zi, Irena Raduviq.<br \/>\nAjo pritet t\u00eb takohet me zyrtar\u00eb t\u00eb lart\u00eb kosovar\u00eb, ku me gjas\u00eb pritet t\u00eb diskutohet dhe n\u00eb lidhje me pozit\u00ebn e komunitetit malazez n\u00eb Kosov\u00eb.<\/p>\n<p><a href=\"http:\/\/www.evropaelire.org\/content\/article\/1933972.html\" target=\"_blank\"><strong><br \/>\nREL<\/strong><\/a><br \/>\n<!--YouTube Error: bad URL entered--><\/p>\n","protected":false},"excerpt":{"rendered":"<p>Bashk\u00ebsia malazeze k\u00ebrkon t\u00eb jet\u00eb pakic\u00eb P\u00ebrfaq\u00ebsues politik\u00eb t\u00eb komunitetit malazez n\u00eb Kosov\u00eb, p\u00ebrsh\u00ebndet\u00ebn vendosjen e raporteve diplomatike me Malin e Zi dhe k\u00ebrkuan t\u00eb njihen si pakic\u00eb me Kushtetut\u00ebn e Kosov\u00ebs. Drejtuesit e t\u00eb dy subjekteve politike t\u00eb komunitetit malazez n\u00eb Kosov\u00eb e p\u00ebrsh\u00ebndet\u00ebn vendosjen e marr\u00ebdh\u00ebnieve diplomatike nd\u00ebrmjet Podgoric\u00ebs dhe Prishtin\u00ebs. Derisa k\u00ebrkuan [&hellip;]<\/p>\n","protected":false},"author":1,"featured_media":0,"comment_status":"open","ping_status":"closed","sticky":false,"template":"","format":"standard","meta":{"spay_email":"","jetpack_publicize_message":"","jetpack_is_tweetstorm":false,"jetpack_publicize_feature_enabled":true},"categories":[12],"tags":[13378,13377],"jetpack_publicize_connections":[],"yoast_head":"<!-- This site is optimized with the Yoast SEO plugin v19.1 - https:\/\/yoast.com\/wordpress\/plugins\/seo\/ -->\n<title>Bashk\u00ebsia malazeze e Kosov\u00ebs k\u00ebrkon t\u00eb jet\u00eb pakic\u00eb - Lajme nga Ulqini<\/title>\n<meta name=\"description\" content=\"Bashk\u00ebsia malazeze k\u00ebrkon t\u00eb jet\u00eb pakic\u00eb P\u00ebrfaq\u00ebsues politik\u00eb t\u00eb komunitetit malazez n\u00eb Kosov\u00eb, p\u00ebrsh\u00ebndet\u00ebn vendosjen e raporteve diplomatike me Malin e\" \/>\n<meta name=\"robots\" content=\"index, follow, max-snippet:-1, max-image-preview:large, max-video-preview:-1\" \/>\n<link rel=\"canonical\" href=\"https:\/\/www.visit-ulcinj.com\/blog\/2010\/01\/24\/bashkesia-malazeze-kosove-kerkon-te-jete-pakice\/\" \/>\n<meta property=\"og:locale\" content=\"en_US\" \/>\n<meta property=\"og:type\" content=\"article\" \/>\n<meta property=\"og:title\" content=\"Bashk\u00ebsia malazeze e Kosov\u00ebs k\u00ebrkon t\u00eb jet\u00eb pakic\u00eb - Lajme nga Ulqini\" \/>\n<meta property=\"og:description\" content=\"Bashk\u00ebsia malazeze k\u00ebrkon t\u00eb jet\u00eb pakic\u00eb P\u00ebrfaq\u00ebsues politik\u00eb t\u00eb komunitetit malazez n\u00eb Kosov\u00eb, p\u00ebrsh\u00ebndet\u00ebn vendosjen e raporteve diplomatike me Malin e\" \/>\n<meta property=\"og:url\" content=\"https:\/\/www.visit-ulcinj.com\/blog\/2010\/01\/24\/bashkesia-malazeze-kosove-kerkon-te-jete-pakice\/\" \/>\n<meta property=\"og:site_name\" content=\"Lajme nga Ulqini\" \/>\n<meta property=\"article:published_time\" content=\"2010-01-24T12:05:05+00:00\" \/>\n<meta property=\"article:modified_time\" content=\"2010-01-24T12:05:44+00:00\" \/>\n<meta name=\"twitter:label1\" content=\"Written by\" \/>\n\t<meta name=\"twitter:data1\" content=\"ulqini\" \/>\n\t<meta name=\"twitter:label2\" content=\"Est. reading time\" \/>\n\t<meta name=\"twitter:data2\" content=\"3 minutes\" \/>\n<script type=\"application\/ld+json\" class=\"yoast-schema-graph\">{\"@context\":\"https:\/\/schema.org\",\"@graph\":[{\"@type\":\"WebSite\",\"@id\":\"https:\/\/www.visit-ulcinj.com\/blog\/#website\",\"url\":\"https:\/\/www.visit-ulcinj.com\/blog\/\",\"name\":\"Lajme nga Ulqini\",\"description\":\"Lajme,Vijesti,Ulqini,Ulqin,Crna Gora,Mali i Zi\",\"potentialAction\":[{\"@type\":\"SearchAction\",\"target\":{\"@type\":\"EntryPoint\",\"urlTemplate\":\"https:\/\/www.visit-ulcinj.com\/blog\/?s={search_term_string}\"},\"query-input\":\"required name=search_term_string\"}],\"inLanguage\":\"en-US\"},{\"@type\":\"WebPage\",\"@id\":\"https:\/\/www.visit-ulcinj.com\/blog\/2010\/01\/24\/bashkesia-malazeze-kosove-kerkon-te-jete-pakice\/#webpage\",\"url\":\"https:\/\/www.visit-ulcinj.com\/blog\/2010\/01\/24\/bashkesia-malazeze-kosove-kerkon-te-jete-pakice\/\",\"name\":\"Bashk\u00ebsia malazeze e Kosov\u00ebs k\u00ebrkon t\u00eb jet\u00eb pakic\u00eb - Lajme nga Ulqini\",\"isPartOf\":{\"@id\":\"https:\/\/www.visit-ulcinj.com\/blog\/#website\"},\"datePublished\":\"2010-01-24T12:05:05+00:00\",\"dateModified\":\"2010-01-24T12:05:44+00:00\",\"author\":{\"@id\":\"https:\/\/www.visit-ulcinj.com\/blog\/#\/schema\/person\/dcab619c614d3038751c63bc2aadc06d\"},\"description\":\"Bashk\u00ebsia malazeze k\u00ebrkon t\u00eb jet\u00eb pakic\u00eb P\u00ebrfaq\u00ebsues politik\u00eb t\u00eb komunitetit malazez n\u00eb Kosov\u00eb, p\u00ebrsh\u00ebndet\u00ebn vendosjen e raporteve diplomatike me Malin e\",\"breadcrumb\":{\"@id\":\"https:\/\/www.visit-ulcinj.com\/blog\/2010\/01\/24\/bashkesia-malazeze-kosove-kerkon-te-jete-pakice\/#breadcrumb\"},\"inLanguage\":\"en-US\",\"potentialAction\":[{\"@type\":\"ReadAction\",\"target\":[\"https:\/\/www.visit-ulcinj.com\/blog\/2010\/01\/24\/bashkesia-malazeze-kosove-kerkon-te-jete-pakice\/\"]}]},{\"@type\":\"BreadcrumbList\",\"@id\":\"https:\/\/www.visit-ulcinj.com\/blog\/2010\/01\/24\/bashkesia-malazeze-kosove-kerkon-te-jete-pakice\/#breadcrumb\",\"itemListElement\":[{\"@type\":\"ListItem\",\"position\":1,\"name\":\"Bashk\u00ebsia malazeze e Kosov\u00ebs k\u00ebrkon t\u00eb jet\u00eb pakic\u00eb\"}]},{\"@type\":\"Person\",\"@id\":\"https:\/\/www.visit-ulcinj.com\/blog\/#\/schema\/person\/dcab619c614d3038751c63bc2aadc06d\",\"name\":\"ulqini\",\"sameAs\":[\"http:\/\/www.visit-ulcinj.com\"],\"url\":\"https:\/\/www.visit-ulcinj.com\/blog\/author\/admin\/\"}]}<\/script>\n<!-- \/ Yoast SEO plugin. -->","yoast_head_json":{"title":"Bashk\u00ebsia malazeze e Kosov\u00ebs k\u00ebrkon t\u00eb jet\u00eb pakic\u00eb - Lajme nga Ulqini","description":"Bashk\u00ebsia malazeze k\u00ebrkon t\u00eb jet\u00eb pakic\u00eb P\u00ebrfaq\u00ebsues politik\u00eb t\u00eb komunitetit malazez n\u00eb Kosov\u00eb, p\u00ebrsh\u00ebndet\u00ebn vendosjen e raporteve diplomatike me Malin e","robots":{"index":"index","follow":"follow","max-snippet":"max-snippet:-1","max-image-preview":"max-image-preview:large","max-video-preview":"max-video-preview:-1"},"canonical":"https:\/\/www.visit-ulcinj.com\/blog\/2010\/01\/24\/bashkesia-malazeze-kosove-kerkon-te-jete-pakice\/","og_locale":"en_US","og_type":"article","og_title":"Bashk\u00ebsia malazeze e Kosov\u00ebs k\u00ebrkon t\u00eb jet\u00eb pakic\u00eb - Lajme nga Ulqini","og_description":"Bashk\u00ebsia malazeze k\u00ebrkon t\u00eb jet\u00eb pakic\u00eb P\u00ebrfaq\u00ebsues politik\u00eb t\u00eb komunitetit malazez n\u00eb Kosov\u00eb, p\u00ebrsh\u00ebndet\u00ebn vendosjen e raporteve diplomatike me Malin e","og_url":"https:\/\/www.visit-ulcinj.com\/blog\/2010\/01\/24\/bashkesia-malazeze-kosove-kerkon-te-jete-pakice\/","og_site_name":"Lajme nga Ulqini","article_published_time":"2010-01-24T12:05:05+00:00","article_modified_time":"2010-01-24T12:05:44+00:00","twitter_misc":{"Written by":"ulqini","Est. reading time":"3 minutes"},"schema":{"@context":"https:\/\/schema.org","@graph":[{"@type":"WebSite","@id":"https:\/\/www.visit-ulcinj.com\/blog\/#website","url":"https:\/\/www.visit-ulcinj.com\/blog\/","name":"Lajme nga Ulqini","description":"Lajme,Vijesti,Ulqini,Ulqin,Crna Gora,Mali i Zi","potentialAction":[{"@type":"SearchAction","target":{"@type":"EntryPoint","urlTemplate":"https:\/\/www.visit-ulcinj.com\/blog\/?s={search_term_string}"},"query-input":"required name=search_term_string"}],"inLanguage":"en-US"},{"@type":"WebPage","@id":"https:\/\/www.visit-ulcinj.com\/blog\/2010\/01\/24\/bashkesia-malazeze-kosove-kerkon-te-jete-pakice\/#webpage","url":"https:\/\/www.visit-ulcinj.com\/blog\/2010\/01\/24\/bashkesia-malazeze-kosove-kerkon-te-jete-pakice\/","name":"Bashk\u00ebsia malazeze e Kosov\u00ebs k\u00ebrkon t\u00eb jet\u00eb pakic\u00eb - Lajme nga Ulqini","isPartOf":{"@id":"https:\/\/www.visit-ulcinj.com\/blog\/#website"},"datePublished":"2010-01-24T12:05:05+00:00","dateModified":"2010-01-24T12:05:44+00:00","author":{"@id":"https:\/\/www.visit-ulcinj.com\/blog\/#\/schema\/person\/dcab619c614d3038751c63bc2aadc06d"},"description":"Bashk\u00ebsia malazeze k\u00ebrkon t\u00eb jet\u00eb pakic\u00eb P\u00ebrfaq\u00ebsues politik\u00eb t\u00eb komunitetit malazez n\u00eb Kosov\u00eb, p\u00ebrsh\u00ebndet\u00ebn vendosjen e raporteve diplomatike me Malin e","breadcrumb":{"@id":"https:\/\/www.visit-ulcinj.com\/blog\/2010\/01\/24\/bashkesia-malazeze-kosove-kerkon-te-jete-pakice\/#breadcrumb"},"inLanguage":"en-US","potentialAction":[{"@type":"ReadAction","target":["https:\/\/www.visit-ulcinj.com\/blog\/2010\/01\/24\/bashkesia-malazeze-kosove-kerkon-te-jete-pakice\/"]}]},{"@type":"BreadcrumbList","@id":"https:\/\/www.visit-ulcinj.com\/blog\/2010\/01\/24\/bashkesia-malazeze-kosove-kerkon-te-jete-pakice\/#breadcrumb","itemListElement":[{"@type":"ListItem","position":1,"name":"Bashk\u00ebsia malazeze e Kosov\u00ebs k\u00ebrkon t\u00eb jet\u00eb pakic\u00eb"}]},{"@type":"Person","@id":"https:\/\/www.visit-ulcinj.com\/blog\/#\/schema\/person\/dcab619c614d3038751c63bc2aadc06d","name":"ulqini","sameAs":["http:\/\/www.visit-ulcinj.com"],"url":"https:\/\/www.visit-ulcinj.com\/blog\/author\/admin\/"}]}},"jetpack_featured_media_url":"","jetpack_sharing_enabled":true,"jetpack_shortlink":"https:\/\/wp.me\/pe6lTn-7JV","_links":{"self":[{"href":"https:\/\/www.visit-ulcinj.com\/blog\/wp-json\/wp\/v2\/posts\/29755"}],"collection":[{"href":"https:\/\/www.visit-ulcinj.com\/blog\/wp-json\/wp\/v2\/posts"}],"about":[{"href":"https:\/\/www.visit-ulcinj.com\/blog\/wp-json\/wp\/v2\/types\/post"}],"author":[{"embeddable":true,"href":"https:\/\/www.visit-ulcinj.com\/blog\/wp-json\/wp\/v2\/users\/1"}],"replies":[{"embeddable":true,"href":"https:\/\/www.visit-ulcinj.com\/blog\/wp-json\/wp\/v2\/comments?post=29755"}],"version-history":[{"count":0,"href":"https:\/\/www.visit-ulcinj.com\/blog\/wp-json\/wp\/v2\/posts\/29755\/revisions"}],"wp:attachment":[{"href":"https:\/\/www.visit-ulcinj.com\/blog\/wp-json\/wp\/v2\/media?parent=29755"}],"wp:term":[{"taxonomy":"category","embeddable":true,"href":"https:\/\/www.visit-ulcinj.com\/blog\/wp-json\/wp\/v2\/categories?post=29755"},{"taxonomy":"post_tag","embeddable":true,"href":"https:\/\/www.visit-ulcinj.com\/blog\/wp-json\/wp\/v2\/tags?post=29755"}],"curies":[{"name":"wp","href":"https:\/\/api.w.org\/{rel}","templated":true}]}}