{"id":29762,"date":"2010-01-24T18:05:47","date_gmt":"2010-01-24T16:05:47","guid":{"rendered":"http:\/\/www.visit-ulcinj.com\/blog\/?p=29762"},"modified":"2010-01-24T23:22:26","modified_gmt":"2010-01-24T21:22:26","slug":"branimir-gvozdenovic-velika-plaza-prioritet","status":"publish","type":"post","link":"https:\/\/www.visit-ulcinj.com\/blog\/2010\/01\/24\/branimir-gvozdenovic-velika-plaza-prioritet\/","title":{"rendered":"Branimir Gvozdenovi?: Velika pla\u017ea prioritet"},"content":{"rendered":"<p><a href=\"http:\/\/www.visit-ulcinj.com\/blog\/wp-content\/uploads\/2010\/01\/Velika-Pla\u017ea_ulcinj_montenegro.1.jpg\"><img loading=\"lazy\" class=\"alignleft size-full wp-image-29764\" title=\"Velika Pla\u017ea_ulcinj_montenegro.1\" src=\"http:\/\/www.visit-ulcinj.com\/blog\/wp-content\/uploads\/2010\/01\/Velika-Pla\u017ea_ulcinj_montenegro.1.jpg\" alt=\"Velika Pla\u017ea_ulcinj_montenegro.1\" width=\"580\" height=\"400\" \/><\/a>PODGORICA &#8211; Velika pla\u017ea ostaje i dalje prioritetan projekat za Vladu Crne Gore, nesumnjivo najve?i na ovim prostorima, rekao je za Pobjedu ministar ure?enja prostora i za\u0161tite \u017eivotne sredine Branimir Gvozdenovi?.<br \/>\nOn je kazao da ?e u narednom periodu analizirati koncept realizacije projekta po manjim cjelinama, intezivirati promociju projekta, pripremiti i donijeti plansku dokumentaciju koja rje\u0161ava pitanje infrastrukture na podru?ju op\u0161tine Ulcinj.<br \/>\nGvozdenovi? je najavio energi?nu borbu protiv divlje gradnje, posebno na podru?ju Ade Bojane i Velike pla\u017ee i preciziranje mogu?ih na?ina rje\u0161avanja privatnog vlasni\u0161tva i odnosa sa lokalnom zajednicom.<br \/>\n&#8216;Vjerovatno je integralni razvoj Velike pla\u017ee bio preveliki zalogaj za investitore. Prvi zadatak novoformirane komisije, u ?ijoj nadle\u017enosti je realizacija projekta Velika pla\u017ea i Ada Bojana, bi?e da razmotri i druge opcije za njihovu realizaciju&#8217;, ka\u017ee Gvozdenovi?.<br \/>\n<strong><br \/>\n<a href=\"http:\/\/www.pobjeda.co.me\/\" target=\"_blank\">Pobjeda<\/a><\/strong><\/p>\n<p><strong><a href=\"http:\/\/www.pobjeda.co.me\/\" target=\"_blank\">\n\t\t<style type=\"text\/css\">\n\t\t\t#gallery-1 {\n\t\t\t\tmargin: auto;\n\t\t\t}\n\t\t\t#gallery-1 .gallery-item {\n\t\t\t\tfloat: left;\n\t\t\t\tmargin-top: 10px;\n\t\t\t\ttext-align: center;\n\t\t\t\twidth: 33%;\n\t\t\t}\n\t\t\t#gallery-1 img {\n\t\t\t\tborder: 2px solid #cfcfcf;\n\t\t\t}\n\t\t\t#gallery-1 .gallery-caption {\n\t\t\t\tmargin-left: 0;\n\t\t\t}\n\t\t\t\/* see gallery_shortcode() in wp-includes\/media.php *\/\n\t\t<\/style>\n\t\t<div id='gallery-1' class='gallery galleryid-29762 gallery-columns-3 gallery-size-thumbnail'><dl class='gallery-item'>\n\t\t\t<dt class='gallery-icon '>\n\t\t\t\t<a href='https:\/\/www.visit-ulcinj.com\/blog\/wp-content\/uploads\/2010\/01\/Velika-Pla\u00c5\u00bea_ulcinj_montenegro.jpg'><img width=\"1\" height=\"1\" src=\"https:\/\/www.visit-ulcinj.com\/blog\/wp-content\/uploads\/2010\/01\/Velika-Pla\u00c5\u00bea_ulcinj_montenegro.jpg\" class=\"attachment-thumbnail size-thumbnail\" alt=\"\" loading=\"lazy\" \/><\/a>\n\t\t\t<\/dt><\/dl><dl class='gallery-item'>\n\t\t\t<dt class='gallery-icon '>\n\t\t\t\t<a href='https:\/\/www.visit-ulcinj.com\/blog\/wp-content\/uploads\/2010\/01\/Velika-Pla\u00c5\u00bea_ulcinj_montenegro.1.jpg'><img width=\"1\" height=\"1\" src=\"https:\/\/www.visit-ulcinj.com\/blog\/wp-content\/uploads\/2010\/01\/Velika-Pla\u00c5\u00bea_ulcinj_montenegro.1.jpg\" class=\"attachment-thumbnail size-thumbnail\" alt=\"\" loading=\"lazy\" \/><\/a>\n\t\t\t<\/dt><\/dl><dl class='gallery-item'>\n\t\t\t<dt class='gallery-icon '>\n\t\t\t\t<a href='https:\/\/www.visit-ulcinj.com\/blog\/wp-content\/uploads\/2010\/01\/Velika-Pla\u00c5\u00bea_ulcinj_montenegro.2.jpg'><img width=\"1\" height=\"1\" src=\"https:\/\/www.visit-ulcinj.com\/blog\/wp-content\/uploads\/2010\/01\/Velika-Pla\u00c5\u00bea_ulcinj_montenegro.2.jpg\" class=\"attachment-thumbnail size-thumbnail\" alt=\"\" loading=\"lazy\" \/><\/a>\n\t\t\t<\/dt><\/dl><br style=\"clear: both\" \/>\n\t\t<\/div>\n<\/p>\n<p><\/a><\/strong><\/p>\n<p><strong><br \/>\n<\/strong><!--YouTube Error: bad URL entered--><\/p>\n","protected":false},"excerpt":{"rendered":"<p>PODGORICA &#8211; Velika pla\u017ea ostaje i dalje prioritetan projekat za Vladu Crne Gore, nesumnjivo najve?i na ovim prostorima, rekao je za Pobjedu ministar ure?enja prostora i za\u0161tite \u017eivotne sredine Branimir Gvozdenovi?. On je kazao da ?e u narednom periodu analizirati koncept realizacije projekta po manjim cjelinama, intezivirati promociju projekta, pripremiti i donijeti plansku dokumentaciju koja [&hellip;]<\/p>\n","protected":false},"author":1,"featured_media":0,"comment_status":"open","ping_status":"closed","sticky":false,"template":"","format":"standard","meta":{"spay_email":"","jetpack_publicize_message":"","jetpack_is_tweetstorm":false,"jetpack_publicize_feature_enabled":true},"categories":[8337],"tags":[2469,4832],"jetpack_publicize_connections":[],"yoast_head":"<!-- This site is optimized with the Yoast SEO plugin v19.1 - https:\/\/yoast.com\/wordpress\/plugins\/seo\/ -->\n<title>Branimir Gvozdenovi?: Velika pla\u017ea prioritet - Lajme nga Ulqini<\/title>\n<meta name=\"description\" content=\"PODGORICA - Velika pla\u017ea ostaje i dalje prioritetan projekat za Vladu Crne Gore, nesumnjivo najve?i na ovim prostorima, rekao je za Pobjedu ministar\" \/>\n<meta name=\"robots\" content=\"index, follow, max-snippet:-1, max-image-preview:large, max-video-preview:-1\" \/>\n<link rel=\"canonical\" href=\"https:\/\/www.visit-ulcinj.com\/blog\/2010\/01\/24\/branimir-gvozdenovic-velika-plaza-prioritet\/\" \/>\n<meta property=\"og:locale\" content=\"en_US\" \/>\n<meta property=\"og:type\" content=\"article\" \/>\n<meta property=\"og:title\" content=\"Branimir Gvozdenovi?: Velika pla\u017ea prioritet - Lajme nga Ulqini\" \/>\n<meta property=\"og:description\" content=\"PODGORICA - Velika pla\u017ea ostaje i dalje prioritetan projekat za Vladu Crne Gore, nesumnjivo najve?i na ovim prostorima, rekao je za Pobjedu ministar\" \/>\n<meta property=\"og:url\" content=\"https:\/\/www.visit-ulcinj.com\/blog\/2010\/01\/24\/branimir-gvozdenovic-velika-plaza-prioritet\/\" \/>\n<meta property=\"og:site_name\" content=\"Lajme nga Ulqini\" \/>\n<meta property=\"article:published_time\" content=\"2010-01-24T16:05:47+00:00\" \/>\n<meta property=\"article:modified_time\" content=\"2010-01-24T21:22:26+00:00\" \/>\n<meta property=\"og:image\" content=\"https:\/\/www.visit-ulcinj.com\/blog\/wp-content\/uploads\/2010\/01\/Velika-Pla\u00c5\u00bea_ulcinj_montenegro.jpg\" \/>\n<meta name=\"twitter:label1\" content=\"Written by\" \/>\n\t<meta name=\"twitter:data1\" content=\"ulqini\" \/>\n\t<meta name=\"twitter:label2\" content=\"Est. reading time\" \/>\n\t<meta name=\"twitter:data2\" content=\"1 minute\" \/>\n<script type=\"application\/ld+json\" class=\"yoast-schema-graph\">{\"@context\":\"https:\/\/schema.org\",\"@graph\":[{\"@type\":\"WebSite\",\"@id\":\"https:\/\/www.visit-ulcinj.com\/blog\/#website\",\"url\":\"https:\/\/www.visit-ulcinj.com\/blog\/\",\"name\":\"Lajme nga Ulqini\",\"description\":\"Lajme,Vijesti,Ulqini,Ulqin,Crna Gora,Mali i Zi\",\"potentialAction\":[{\"@type\":\"SearchAction\",\"target\":{\"@type\":\"EntryPoint\",\"urlTemplate\":\"https:\/\/www.visit-ulcinj.com\/blog\/?s={search_term_string}\"},\"query-input\":\"required name=search_term_string\"}],\"inLanguage\":\"en-US\"},{\"@type\":\"WebPage\",\"@id\":\"https:\/\/www.visit-ulcinj.com\/blog\/2010\/01\/24\/branimir-gvozdenovic-velika-plaza-prioritet\/#webpage\",\"url\":\"https:\/\/www.visit-ulcinj.com\/blog\/2010\/01\/24\/branimir-gvozdenovic-velika-plaza-prioritet\/\",\"name\":\"Branimir Gvozdenovi?: Velika pla\u017ea prioritet - Lajme nga Ulqini\",\"isPartOf\":{\"@id\":\"https:\/\/www.visit-ulcinj.com\/blog\/#website\"},\"datePublished\":\"2010-01-24T16:05:47+00:00\",\"dateModified\":\"2010-01-24T21:22:26+00:00\",\"author\":{\"@id\":\"https:\/\/www.visit-ulcinj.com\/blog\/#\/schema\/person\/dcab619c614d3038751c63bc2aadc06d\"},\"description\":\"PODGORICA - Velika pla\u017ea ostaje i dalje prioritetan projekat za Vladu Crne Gore, nesumnjivo najve?i na ovim prostorima, rekao je za Pobjedu ministar\",\"breadcrumb\":{\"@id\":\"https:\/\/www.visit-ulcinj.com\/blog\/2010\/01\/24\/branimir-gvozdenovic-velika-plaza-prioritet\/#breadcrumb\"},\"inLanguage\":\"en-US\",\"potentialAction\":[{\"@type\":\"ReadAction\",\"target\":[\"https:\/\/www.visit-ulcinj.com\/blog\/2010\/01\/24\/branimir-gvozdenovic-velika-plaza-prioritet\/\"]}]},{\"@type\":\"BreadcrumbList\",\"@id\":\"https:\/\/www.visit-ulcinj.com\/blog\/2010\/01\/24\/branimir-gvozdenovic-velika-plaza-prioritet\/#breadcrumb\",\"itemListElement\":[{\"@type\":\"ListItem\",\"position\":1,\"name\":\"Branimir Gvozdenovi?: Velika pla\u017ea prioritet\"}]},{\"@type\":\"Person\",\"@id\":\"https:\/\/www.visit-ulcinj.com\/blog\/#\/schema\/person\/dcab619c614d3038751c63bc2aadc06d\",\"name\":\"ulqini\",\"sameAs\":[\"http:\/\/www.visit-ulcinj.com\"],\"url\":\"https:\/\/www.visit-ulcinj.com\/blog\/author\/admin\/\"}]}<\/script>\n<!-- \/ Yoast SEO plugin. -->","yoast_head_json":{"title":"Branimir Gvozdenovi?: Velika pla\u017ea prioritet - Lajme nga Ulqini","description":"PODGORICA - Velika pla\u017ea ostaje i dalje prioritetan projekat za Vladu Crne Gore, nesumnjivo najve?i na ovim prostorima, rekao je za Pobjedu ministar","robots":{"index":"index","follow":"follow","max-snippet":"max-snippet:-1","max-image-preview":"max-image-preview:large","max-video-preview":"max-video-preview:-1"},"canonical":"https:\/\/www.visit-ulcinj.com\/blog\/2010\/01\/24\/branimir-gvozdenovic-velika-plaza-prioritet\/","og_locale":"en_US","og_type":"article","og_title":"Branimir Gvozdenovi?: Velika pla\u017ea prioritet - Lajme nga Ulqini","og_description":"PODGORICA - Velika pla\u017ea ostaje i dalje prioritetan projekat za Vladu Crne Gore, nesumnjivo najve?i na ovim prostorima, rekao je za Pobjedu ministar","og_url":"https:\/\/www.visit-ulcinj.com\/blog\/2010\/01\/24\/branimir-gvozdenovic-velika-plaza-prioritet\/","og_site_name":"Lajme nga Ulqini","article_published_time":"2010-01-24T16:05:47+00:00","article_modified_time":"2010-01-24T21:22:26+00:00","og_image":[{"url":"https:\/\/www.visit-ulcinj.com\/blog\/wp-content\/uploads\/2010\/01\/Velika-Pla\u00c5\u00bea_ulcinj_montenegro.jpg"}],"twitter_misc":{"Written by":"ulqini","Est. reading time":"1 minute"},"schema":{"@context":"https:\/\/schema.org","@graph":[{"@type":"WebSite","@id":"https:\/\/www.visit-ulcinj.com\/blog\/#website","url":"https:\/\/www.visit-ulcinj.com\/blog\/","name":"Lajme nga Ulqini","description":"Lajme,Vijesti,Ulqini,Ulqin,Crna Gora,Mali i Zi","potentialAction":[{"@type":"SearchAction","target":{"@type":"EntryPoint","urlTemplate":"https:\/\/www.visit-ulcinj.com\/blog\/?s={search_term_string}"},"query-input":"required name=search_term_string"}],"inLanguage":"en-US"},{"@type":"WebPage","@id":"https:\/\/www.visit-ulcinj.com\/blog\/2010\/01\/24\/branimir-gvozdenovic-velika-plaza-prioritet\/#webpage","url":"https:\/\/www.visit-ulcinj.com\/blog\/2010\/01\/24\/branimir-gvozdenovic-velika-plaza-prioritet\/","name":"Branimir Gvozdenovi?: Velika pla\u017ea prioritet - Lajme nga Ulqini","isPartOf":{"@id":"https:\/\/www.visit-ulcinj.com\/blog\/#website"},"datePublished":"2010-01-24T16:05:47+00:00","dateModified":"2010-01-24T21:22:26+00:00","author":{"@id":"https:\/\/www.visit-ulcinj.com\/blog\/#\/schema\/person\/dcab619c614d3038751c63bc2aadc06d"},"description":"PODGORICA - Velika pla\u017ea ostaje i dalje prioritetan projekat za Vladu Crne Gore, nesumnjivo najve?i na ovim prostorima, rekao je za Pobjedu ministar","breadcrumb":{"@id":"https:\/\/www.visit-ulcinj.com\/blog\/2010\/01\/24\/branimir-gvozdenovic-velika-plaza-prioritet\/#breadcrumb"},"inLanguage":"en-US","potentialAction":[{"@type":"ReadAction","target":["https:\/\/www.visit-ulcinj.com\/blog\/2010\/01\/24\/branimir-gvozdenovic-velika-plaza-prioritet\/"]}]},{"@type":"BreadcrumbList","@id":"https:\/\/www.visit-ulcinj.com\/blog\/2010\/01\/24\/branimir-gvozdenovic-velika-plaza-prioritet\/#breadcrumb","itemListElement":[{"@type":"ListItem","position":1,"name":"Branimir Gvozdenovi?: Velika pla\u017ea prioritet"}]},{"@type":"Person","@id":"https:\/\/www.visit-ulcinj.com\/blog\/#\/schema\/person\/dcab619c614d3038751c63bc2aadc06d","name":"ulqini","sameAs":["http:\/\/www.visit-ulcinj.com"],"url":"https:\/\/www.visit-ulcinj.com\/blog\/author\/admin\/"}]}},"jetpack_featured_media_url":"","jetpack_sharing_enabled":true,"jetpack_shortlink":"https:\/\/wp.me\/pe6lTn-7K2","_links":{"self":[{"href":"https:\/\/www.visit-ulcinj.com\/blog\/wp-json\/wp\/v2\/posts\/29762"}],"collection":[{"href":"https:\/\/www.visit-ulcinj.com\/blog\/wp-json\/wp\/v2\/posts"}],"about":[{"href":"https:\/\/www.visit-ulcinj.com\/blog\/wp-json\/wp\/v2\/types\/post"}],"author":[{"embeddable":true,"href":"https:\/\/www.visit-ulcinj.com\/blog\/wp-json\/wp\/v2\/users\/1"}],"replies":[{"embeddable":true,"href":"https:\/\/www.visit-ulcinj.com\/blog\/wp-json\/wp\/v2\/comments?post=29762"}],"version-history":[{"count":0,"href":"https:\/\/www.visit-ulcinj.com\/blog\/wp-json\/wp\/v2\/posts\/29762\/revisions"}],"wp:attachment":[{"href":"https:\/\/www.visit-ulcinj.com\/blog\/wp-json\/wp\/v2\/media?parent=29762"}],"wp:term":[{"taxonomy":"category","embeddable":true,"href":"https:\/\/www.visit-ulcinj.com\/blog\/wp-json\/wp\/v2\/categories?post=29762"},{"taxonomy":"post_tag","embeddable":true,"href":"https:\/\/www.visit-ulcinj.com\/blog\/wp-json\/wp\/v2\/tags?post=29762"}],"curies":[{"name":"wp","href":"https:\/\/api.w.org\/{rel}","templated":true}]}}