{"id":29767,"date":"2010-01-24T18:24:00","date_gmt":"2010-01-24T16:24:00","guid":{"rendered":"http:\/\/www.visit-ulcinj.com\/blog\/?p=29767"},"modified":"2010-01-24T18:27:22","modified_gmt":"2010-01-24T16:27:22","slug":"branimir-gvozdenovic-tender-za-veliku-plazu-neuspjesan-zbog-krize","status":"publish","type":"post","link":"https:\/\/www.visit-ulcinj.com\/blog\/2010\/01\/24\/branimir-gvozdenovic-tender-za-veliku-plazu-neuspjesan-zbog-krize\/","title":{"rendered":"Branimir Gvozdenovi?: Tender za Veliku pla\u017eu neuspje\u0161an zbog krize"},"content":{"rendered":"<p><a href=\"http:\/\/www.visit-ulcinj.com\/blog\/wp-content\/uploads\/2010\/01\/Branimir-Gvozdenovi?.jpg\"><img loading=\"lazy\" class=\"alignleft size-full wp-image-29768\" title=\"Branimir Gvozdenovi?\" src=\"http:\/\/www.visit-ulcinj.com\/blog\/wp-content\/uploads\/2010\/01\/Branimir-Gvozdenovi?.jpg\" alt=\"Branimir Gvozdenovi?\" width=\"580\" height=\"350\" \/><\/a>PODGORICA &#8211; Osnovni razlog za neuspjeh tendera za Veliku pla\u017eu je uticaj ekonomske krize, ali i nedostatak intenzivnije podr\u0161ke lokalne zajednice, nerije\u0161ena pitanja infrastrukture, restitucije i privatnog vlasni\u0161tva, saop\u0161tio je ministar ure?enja prostora i za\u0161tite \u017eivotne sredine, Branimir Gvozdenovi?.<br \/>\nOn je ponovio da je rije? o projektu koji predstavlja najve?u pojedina?nu investiciju u oblasti nekretnina na ovom prostoru i jednu od ve?ih u svijetu i da je Vlada taj projekat pripremila sa posebnom odgovorno\u0161?u, posve?eno\u0161?u i zavidnim profesionalnim pristupom, \u0161to su potvrdili i potencijalni investitore.<br \/>\n&#8211; Uvijek smo bili svjesni da je ?ak i u bitno druga?ijim finansijskim okolnostima te\u0161ko na?i partnera koji bi se odva\u017eio da realizuje projekat takve veli?ine i slo\u017eenosti kao \u0161to je Velika pla\u017ea, ali smo istovremeno, s druge strane, imali investitore koji su ve? bili ulo\u017eili zna?ajno vrijeme, trud i novac u analizu projekta i pokazali ozbiljan interes koji nas je dodatno uvjeravao da na\u0161em optimizmu ima mjesta, rekao je Gvozdenovi? agenciji Mina-business.<br \/>\nOn je kazao da rezultat tendera mo\u017ee samo biti podsticaj da se bolje sagledaju razlozi koji su doveli do nedostatka interesovanja za Veliku pla\u017eu.<\/p>\n<p><strong>Izvor: Mina-business<br \/>\n\n\t\t<style type=\"text\/css\">\n\t\t\t#gallery-1 {\n\t\t\t\tmargin: auto;\n\t\t\t}\n\t\t\t#gallery-1 .gallery-item {\n\t\t\t\tfloat: left;\n\t\t\t\tmargin-top: 10px;\n\t\t\t\ttext-align: center;\n\t\t\t\twidth: 33%;\n\t\t\t}\n\t\t\t#gallery-1 img {\n\t\t\t\tborder: 2px solid #cfcfcf;\n\t\t\t}\n\t\t\t#gallery-1 .gallery-caption {\n\t\t\t\tmargin-left: 0;\n\t\t\t}\n\t\t\t\/* see gallery_shortcode() in wp-includes\/media.php *\/\n\t\t<\/style>\n\t\t<div id='gallery-1' class='gallery galleryid-29767 gallery-columns-3 gallery-size-thumbnail'><dl class='gallery-item'>\n\t\t\t<dt class='gallery-icon '>\n\t\t\t\t<a href='https:\/\/www.visit-ulcinj.com\/blog\/wp-content\/uploads\/2010\/01\/Branimir-Gvozdenovi\u00c4\u2021.jpg'><img width=\"1\" height=\"1\" src=\"https:\/\/www.visit-ulcinj.com\/blog\/wp-content\/uploads\/2010\/01\/Branimir-Gvozdenovi\u00c4\u2021.jpg\" class=\"attachment-thumbnail size-thumbnail\" alt=\"\" loading=\"lazy\" \/><\/a>\n\t\t\t<\/dt><\/dl><dl class='gallery-item'>\n\t\t\t<dt class='gallery-icon landscape'>\n\t\t\t\t<a href='https:\/\/www.visit-ulcinj.com\/blog\/wp-content\/uploads\/2010\/01\/Tender_velika-plaza_ulcinj_crna-gora.jpg'><img width=\"150\" height=\"150\" src=\"https:\/\/www.visit-ulcinj.com\/blog\/wp-content\/uploads\/2010\/01\/Tender_velika-plaza_ulcinj_crna-gora-150x150.jpg\" class=\"attachment-thumbnail size-thumbnail\" alt=\"\" loading=\"lazy\" \/><\/a>\n\t\t\t<\/dt><\/dl><dl class='gallery-item'>\n\t\t\t<dt class='gallery-icon landscape'>\n\t\t\t\t<a href='https:\/\/www.visit-ulcinj.com\/blog\/wp-content\/uploads\/2010\/01\/ada-bojana_ulcinj_montenegro_4.jpg'><img width=\"150\" height=\"150\" src=\"https:\/\/www.visit-ulcinj.com\/blog\/wp-content\/uploads\/2010\/01\/ada-bojana_ulcinj_montenegro_4-150x150.jpg\" class=\"attachment-thumbnail size-thumbnail\" alt=\"\" loading=\"lazy\" \/><\/a>\n\t\t\t<\/dt><\/dl><br style=\"clear: both\" \/>\n\t\t<\/div>\n<br \/>\n<!--YouTube Error: bad URL entered--><\/strong><\/p>\n","protected":false},"excerpt":{"rendered":"<p>PODGORICA &#8211; Osnovni razlog za neuspjeh tendera za Veliku pla\u017eu je uticaj ekonomske krize, ali i nedostatak intenzivnije podr\u0161ke lokalne zajednice, nerije\u0161ena pitanja infrastrukture, restitucije i privatnog vlasni\u0161tva, saop\u0161tio je ministar ure?enja prostora i za\u0161tite \u017eivotne sredine, Branimir Gvozdenovi?. On je ponovio da je rije? o projektu koji predstavlja najve?u pojedina?nu investiciju u oblasti nekretnina [&hellip;]<\/p>\n","protected":false},"author":1,"featured_media":0,"comment_status":"open","ping_status":"closed","sticky":false,"template":"","format":"standard","meta":{"spay_email":"","jetpack_publicize_message":"","jetpack_is_tweetstorm":false,"jetpack_publicize_feature_enabled":true},"categories":[10],"tags":[2469,5325,4832],"jetpack_publicize_connections":[],"yoast_head":"<!-- This site is optimized with the Yoast SEO plugin v19.1 - https:\/\/yoast.com\/wordpress\/plugins\/seo\/ -->\n<title>Branimir Gvozdenovi?: Tender za Veliku pla\u017eu neuspje\u0161an zbog krize - Lajme nga Ulqini<\/title>\n<meta name=\"description\" content=\"PODGORICA - Osnovni razlog za neuspjeh tendera za Veliku pla\u017eu je uticaj ekonomske krize, ali i nedostatak intenzivnije podr\u0161ke lokalne zajednice,\" \/>\n<meta name=\"robots\" content=\"index, follow, max-snippet:-1, max-image-preview:large, max-video-preview:-1\" \/>\n<link rel=\"canonical\" href=\"https:\/\/www.visit-ulcinj.com\/blog\/2010\/01\/24\/branimir-gvozdenovic-tender-za-veliku-plazu-neuspjesan-zbog-krize\/\" \/>\n<meta property=\"og:locale\" content=\"en_US\" \/>\n<meta property=\"og:type\" content=\"article\" \/>\n<meta property=\"og:title\" content=\"Branimir Gvozdenovi?: Tender za Veliku pla\u017eu neuspje\u0161an zbog krize - Lajme nga Ulqini\" \/>\n<meta property=\"og:description\" content=\"PODGORICA - Osnovni razlog za neuspjeh tendera za Veliku pla\u017eu je uticaj ekonomske krize, ali i nedostatak intenzivnije podr\u0161ke lokalne zajednice,\" \/>\n<meta property=\"og:url\" content=\"https:\/\/www.visit-ulcinj.com\/blog\/2010\/01\/24\/branimir-gvozdenovic-tender-za-veliku-plazu-neuspjesan-zbog-krize\/\" \/>\n<meta property=\"og:site_name\" content=\"Lajme nga Ulqini\" \/>\n<meta property=\"article:published_time\" content=\"2010-01-24T16:24:00+00:00\" \/>\n<meta property=\"article:modified_time\" content=\"2010-01-24T16:27:22+00:00\" \/>\n<meta property=\"og:image\" content=\"https:\/\/www.visit-ulcinj.com\/blog\/wp-content\/uploads\/2010\/01\/Branimir-Gvozdenovi\u00c4\u2021.jpg\" \/>\n<meta name=\"twitter:label1\" content=\"Written by\" \/>\n\t<meta name=\"twitter:data1\" content=\"ulqini\" \/>\n\t<meta name=\"twitter:label2\" content=\"Est. reading time\" \/>\n\t<meta name=\"twitter:data2\" content=\"1 minute\" \/>\n<script type=\"application\/ld+json\" class=\"yoast-schema-graph\">{\"@context\":\"https:\/\/schema.org\",\"@graph\":[{\"@type\":\"WebSite\",\"@id\":\"https:\/\/www.visit-ulcinj.com\/blog\/#website\",\"url\":\"https:\/\/www.visit-ulcinj.com\/blog\/\",\"name\":\"Lajme nga Ulqini\",\"description\":\"Lajme,Vijesti,Ulqini,Ulqin,Crna Gora,Mali i Zi\",\"potentialAction\":[{\"@type\":\"SearchAction\",\"target\":{\"@type\":\"EntryPoint\",\"urlTemplate\":\"https:\/\/www.visit-ulcinj.com\/blog\/?s={search_term_string}\"},\"query-input\":\"required name=search_term_string\"}],\"inLanguage\":\"en-US\"},{\"@type\":\"ImageObject\",\"inLanguage\":\"en-US\",\"@id\":\"https:\/\/www.visit-ulcinj.com\/blog\/2010\/01\/24\/branimir-gvozdenovic-tender-za-veliku-plazu-neuspjesan-zbog-krize\/#primaryimage\",\"url\":\"http:\/\/www.visit-ulcinj.com\/blog\/wp-content\/uploads\/2010\/01\/Branimir-Gvozdenovi?.jpg\",\"contentUrl\":\"http:\/\/www.visit-ulcinj.com\/blog\/wp-content\/uploads\/2010\/01\/Branimir-Gvozdenovi?.jpg\"},{\"@type\":\"WebPage\",\"@id\":\"https:\/\/www.visit-ulcinj.com\/blog\/2010\/01\/24\/branimir-gvozdenovic-tender-za-veliku-plazu-neuspjesan-zbog-krize\/#webpage\",\"url\":\"https:\/\/www.visit-ulcinj.com\/blog\/2010\/01\/24\/branimir-gvozdenovic-tender-za-veliku-plazu-neuspjesan-zbog-krize\/\",\"name\":\"Branimir Gvozdenovi?: Tender za Veliku pla\u017eu neuspje\u0161an zbog krize - Lajme nga Ulqini\",\"isPartOf\":{\"@id\":\"https:\/\/www.visit-ulcinj.com\/blog\/#website\"},\"primaryImageOfPage\":{\"@id\":\"https:\/\/www.visit-ulcinj.com\/blog\/2010\/01\/24\/branimir-gvozdenovic-tender-za-veliku-plazu-neuspjesan-zbog-krize\/#primaryimage\"},\"datePublished\":\"2010-01-24T16:24:00+00:00\",\"dateModified\":\"2010-01-24T16:27:22+00:00\",\"author\":{\"@id\":\"https:\/\/www.visit-ulcinj.com\/blog\/#\/schema\/person\/dcab619c614d3038751c63bc2aadc06d\"},\"description\":\"PODGORICA - Osnovni razlog za neuspjeh tendera za Veliku pla\u017eu je uticaj ekonomske krize, ali i nedostatak intenzivnije podr\u0161ke lokalne zajednice,\",\"breadcrumb\":{\"@id\":\"https:\/\/www.visit-ulcinj.com\/blog\/2010\/01\/24\/branimir-gvozdenovic-tender-za-veliku-plazu-neuspjesan-zbog-krize\/#breadcrumb\"},\"inLanguage\":\"en-US\",\"potentialAction\":[{\"@type\":\"ReadAction\",\"target\":[\"https:\/\/www.visit-ulcinj.com\/blog\/2010\/01\/24\/branimir-gvozdenovic-tender-za-veliku-plazu-neuspjesan-zbog-krize\/\"]}]},{\"@type\":\"BreadcrumbList\",\"@id\":\"https:\/\/www.visit-ulcinj.com\/blog\/2010\/01\/24\/branimir-gvozdenovic-tender-za-veliku-plazu-neuspjesan-zbog-krize\/#breadcrumb\",\"itemListElement\":[{\"@type\":\"ListItem\",\"position\":1,\"name\":\"Branimir Gvozdenovi?: Tender za Veliku pla\u017eu neuspje\u0161an zbog krize\"}]},{\"@type\":\"Person\",\"@id\":\"https:\/\/www.visit-ulcinj.com\/blog\/#\/schema\/person\/dcab619c614d3038751c63bc2aadc06d\",\"name\":\"ulqini\",\"sameAs\":[\"http:\/\/www.visit-ulcinj.com\"],\"url\":\"https:\/\/www.visit-ulcinj.com\/blog\/author\/admin\/\"}]}<\/script>\n<!-- \/ Yoast SEO plugin. -->","yoast_head_json":{"title":"Branimir Gvozdenovi?: Tender za Veliku pla\u017eu neuspje\u0161an zbog krize - Lajme nga Ulqini","description":"PODGORICA - Osnovni razlog za neuspjeh tendera za Veliku pla\u017eu je uticaj ekonomske krize, ali i nedostatak intenzivnije podr\u0161ke lokalne zajednice,","robots":{"index":"index","follow":"follow","max-snippet":"max-snippet:-1","max-image-preview":"max-image-preview:large","max-video-preview":"max-video-preview:-1"},"canonical":"https:\/\/www.visit-ulcinj.com\/blog\/2010\/01\/24\/branimir-gvozdenovic-tender-za-veliku-plazu-neuspjesan-zbog-krize\/","og_locale":"en_US","og_type":"article","og_title":"Branimir Gvozdenovi?: Tender za Veliku pla\u017eu neuspje\u0161an zbog krize - Lajme nga Ulqini","og_description":"PODGORICA - Osnovni razlog za neuspjeh tendera za Veliku pla\u017eu je uticaj ekonomske krize, ali i nedostatak intenzivnije podr\u0161ke lokalne zajednice,","og_url":"https:\/\/www.visit-ulcinj.com\/blog\/2010\/01\/24\/branimir-gvozdenovic-tender-za-veliku-plazu-neuspjesan-zbog-krize\/","og_site_name":"Lajme nga Ulqini","article_published_time":"2010-01-24T16:24:00+00:00","article_modified_time":"2010-01-24T16:27:22+00:00","og_image":[{"url":"https:\/\/www.visit-ulcinj.com\/blog\/wp-content\/uploads\/2010\/01\/Branimir-Gvozdenovi\u00c4\u2021.jpg"}],"twitter_misc":{"Written by":"ulqini","Est. reading time":"1 minute"},"schema":{"@context":"https:\/\/schema.org","@graph":[{"@type":"WebSite","@id":"https:\/\/www.visit-ulcinj.com\/blog\/#website","url":"https:\/\/www.visit-ulcinj.com\/blog\/","name":"Lajme nga Ulqini","description":"Lajme,Vijesti,Ulqini,Ulqin,Crna Gora,Mali i Zi","potentialAction":[{"@type":"SearchAction","target":{"@type":"EntryPoint","urlTemplate":"https:\/\/www.visit-ulcinj.com\/blog\/?s={search_term_string}"},"query-input":"required name=search_term_string"}],"inLanguage":"en-US"},{"@type":"ImageObject","inLanguage":"en-US","@id":"https:\/\/www.visit-ulcinj.com\/blog\/2010\/01\/24\/branimir-gvozdenovic-tender-za-veliku-plazu-neuspjesan-zbog-krize\/#primaryimage","url":"http:\/\/www.visit-ulcinj.com\/blog\/wp-content\/uploads\/2010\/01\/Branimir-Gvozdenovi?.jpg","contentUrl":"http:\/\/www.visit-ulcinj.com\/blog\/wp-content\/uploads\/2010\/01\/Branimir-Gvozdenovi?.jpg"},{"@type":"WebPage","@id":"https:\/\/www.visit-ulcinj.com\/blog\/2010\/01\/24\/branimir-gvozdenovic-tender-za-veliku-plazu-neuspjesan-zbog-krize\/#webpage","url":"https:\/\/www.visit-ulcinj.com\/blog\/2010\/01\/24\/branimir-gvozdenovic-tender-za-veliku-plazu-neuspjesan-zbog-krize\/","name":"Branimir Gvozdenovi?: Tender za Veliku pla\u017eu neuspje\u0161an zbog krize - Lajme nga Ulqini","isPartOf":{"@id":"https:\/\/www.visit-ulcinj.com\/blog\/#website"},"primaryImageOfPage":{"@id":"https:\/\/www.visit-ulcinj.com\/blog\/2010\/01\/24\/branimir-gvozdenovic-tender-za-veliku-plazu-neuspjesan-zbog-krize\/#primaryimage"},"datePublished":"2010-01-24T16:24:00+00:00","dateModified":"2010-01-24T16:27:22+00:00","author":{"@id":"https:\/\/www.visit-ulcinj.com\/blog\/#\/schema\/person\/dcab619c614d3038751c63bc2aadc06d"},"description":"PODGORICA - Osnovni razlog za neuspjeh tendera za Veliku pla\u017eu je uticaj ekonomske krize, ali i nedostatak intenzivnije podr\u0161ke lokalne zajednice,","breadcrumb":{"@id":"https:\/\/www.visit-ulcinj.com\/blog\/2010\/01\/24\/branimir-gvozdenovic-tender-za-veliku-plazu-neuspjesan-zbog-krize\/#breadcrumb"},"inLanguage":"en-US","potentialAction":[{"@type":"ReadAction","target":["https:\/\/www.visit-ulcinj.com\/blog\/2010\/01\/24\/branimir-gvozdenovic-tender-za-veliku-plazu-neuspjesan-zbog-krize\/"]}]},{"@type":"BreadcrumbList","@id":"https:\/\/www.visit-ulcinj.com\/blog\/2010\/01\/24\/branimir-gvozdenovic-tender-za-veliku-plazu-neuspjesan-zbog-krize\/#breadcrumb","itemListElement":[{"@type":"ListItem","position":1,"name":"Branimir Gvozdenovi?: Tender za Veliku pla\u017eu neuspje\u0161an zbog krize"}]},{"@type":"Person","@id":"https:\/\/www.visit-ulcinj.com\/blog\/#\/schema\/person\/dcab619c614d3038751c63bc2aadc06d","name":"ulqini","sameAs":["http:\/\/www.visit-ulcinj.com"],"url":"https:\/\/www.visit-ulcinj.com\/blog\/author\/admin\/"}]}},"jetpack_featured_media_url":"","jetpack_sharing_enabled":true,"jetpack_shortlink":"https:\/\/wp.me\/pe6lTn-7K7","_links":{"self":[{"href":"https:\/\/www.visit-ulcinj.com\/blog\/wp-json\/wp\/v2\/posts\/29767"}],"collection":[{"href":"https:\/\/www.visit-ulcinj.com\/blog\/wp-json\/wp\/v2\/posts"}],"about":[{"href":"https:\/\/www.visit-ulcinj.com\/blog\/wp-json\/wp\/v2\/types\/post"}],"author":[{"embeddable":true,"href":"https:\/\/www.visit-ulcinj.com\/blog\/wp-json\/wp\/v2\/users\/1"}],"replies":[{"embeddable":true,"href":"https:\/\/www.visit-ulcinj.com\/blog\/wp-json\/wp\/v2\/comments?post=29767"}],"version-history":[{"count":0,"href":"https:\/\/www.visit-ulcinj.com\/blog\/wp-json\/wp\/v2\/posts\/29767\/revisions"}],"wp:attachment":[{"href":"https:\/\/www.visit-ulcinj.com\/blog\/wp-json\/wp\/v2\/media?parent=29767"}],"wp:term":[{"taxonomy":"category","embeddable":true,"href":"https:\/\/www.visit-ulcinj.com\/blog\/wp-json\/wp\/v2\/categories?post=29767"},{"taxonomy":"post_tag","embeddable":true,"href":"https:\/\/www.visit-ulcinj.com\/blog\/wp-json\/wp\/v2\/tags?post=29767"}],"curies":[{"name":"wp","href":"https:\/\/api.w.org\/{rel}","templated":true}]}}