{"id":29774,"date":"2010-01-24T18:43:58","date_gmt":"2010-01-24T16:43:58","guid":{"rendered":"http:\/\/www.visit-ulcinj.com\/blog\/?p=29774"},"modified":"2010-01-24T18:43:58","modified_gmt":"2010-01-24T16:43:58","slug":"zavrsena-akcija-na-basenima-solane","status":"publish","type":"post","link":"https:\/\/www.visit-ulcinj.com\/blog\/2010\/01\/24\/zavrsena-akcija-na-basenima-solane\/","title":{"rendered":"Zavr\u0161ena akcija na basenima Solane"},"content":{"rendered":"<p><strong><a href=\"http:\/\/www.visit-ulcinj.com\/blog\/wp-content\/uploads\/2010\/01\/AKCIJA-NA-BASENIMA-SOLANE_ULCINJ.jpg\"><img loading=\"lazy\" class=\"alignleft size-full wp-image-29775\" title=\"AKCIJA NA BASENIMA SOLANE_ULCINJ\" src=\"http:\/\/www.visit-ulcinj.com\/blog\/wp-content\/uploads\/2010\/01\/AKCIJA-NA-BASENIMA-SOLANE_ULCINJ.jpg\" alt=\"AKCIJA NA BASENIMA SOLANE_ULCINJ\" width=\"290\" height=\"190\" \/><\/a>?istili fotoreporteri<\/strong><br \/>\nUlcinj &#8211; U okviru akcije \u201cNe \u017emurimo pred lo\u0161im stvarima\u201d Mediteranskog centra fotografije Bar, ju?e je o?i\u0161?en jo\u0161 jedan segment ulcinjske Solane od plasti?nih boca i drugog materijala koje su poplave donijele u basene Solane, poznate po proizvodnji ?uvene kuhinjske morske soli.<br \/>\n\u201cDobrovoljci MCP-a u akciji, radnici Solane i menad\u017ementa na ?elu sa direktoricom Jelenom Aleksi?, uprkos jakom vjetru \u017eeljeli su ispo\u0161tovati dogovor da u petak odrade jo\u0161 mali dio ?i\u0161?enja ovih prostora i daju primjer kako NVO i privreda mogu koordinirati na obostrano zadovoljstvo, po latinskoj izreci Sua sponte-vlastito ubje?enje i cilj da nam je ekolo\u0161ka dr\u017eava prijeko potrebna u svim njenim segmentima i da svako treba dati svoj doprinos prema svojim mogu?nostima\u201d, saop\u0161tio je koordinator projekta Anto Bakovi?.<\/p>\n<p><strong>U nedjelju na Rijeku<\/strong><\/p>\n<p>Cetinje &#8211; Socijaldemokratska omladina Cetinja organizova?e u nedjelju, 24. januara akciju ?i\u0161?enja Skadarskog jezera kod Rijeke Crnojevi?a i na Dru\u0161i?ima. Tim povodom iz te stranke pozivaju \u201csve ljude dobre volje da se uklju?e u akciju kako bi pomogli da se priobalni pojas i jezero o?iste od otpada koji se pojavio poslije nedavnih poplava\u201d.<br \/>\nAkcija po?inje u 11 sati, a organizovani polazak sa Cetinja je u 10 ?asova, sa platoa ispred Lov?enske vile. Svi zainteresovani, za informacije oko prevoza i opreme mogu se javiti na broj telefona 041\/231-412, ili do?i u prostorije Socijaldemokratske partije Cetinja.<br \/>\n<strong><br \/>\nD.J.\u00a0 R.P.<br \/>\nVijesti<\/strong><\/p>\n","protected":false},"excerpt":{"rendered":"<p>?istili fotoreporteri Ulcinj &#8211; U okviru akcije \u201cNe \u017emurimo pred lo\u0161im stvarima\u201d Mediteranskog centra fotografije Bar, ju?e je o?i\u0161?en jo\u0161 jedan segment ulcinjske Solane od plasti?nih boca i drugog materijala koje su poplave donijele u basene Solane, poznate po proizvodnji ?uvene kuhinjske morske soli. \u201cDobrovoljci MCP-a u akciji, radnici Solane i menad\u017ementa na ?elu sa [&hellip;]<\/p>\n","protected":false},"author":1,"featured_media":0,"comment_status":"open","ping_status":"closed","sticky":false,"template":"","format":"standard","meta":{"spay_email":"","jetpack_publicize_message":"","jetpack_is_tweetstorm":false,"jetpack_publicize_feature_enabled":true},"categories":[8337],"tags":[1968],"jetpack_publicize_connections":[],"yoast_head":"<!-- This site is optimized with the Yoast SEO plugin v19.1 - https:\/\/yoast.com\/wordpress\/plugins\/seo\/ -->\n<title>Zavr\u0161ena akcija na basenima Solane - Lajme nga Ulqini<\/title>\n<meta name=\"description\" content=\"?istili fotoreporteri Ulcinj - U okviru akcije \u201cNe \u017emurimo pred lo\u0161im stvarima\u201d Mediteranskog centra fotografije Bar, ju?e je o?i\u0161?en jo\u0161 jedan segment\" \/>\n<meta name=\"robots\" content=\"index, follow, max-snippet:-1, max-image-preview:large, max-video-preview:-1\" \/>\n<link rel=\"canonical\" href=\"https:\/\/www.visit-ulcinj.com\/blog\/2010\/01\/24\/zavrsena-akcija-na-basenima-solane\/\" \/>\n<meta property=\"og:locale\" content=\"en_US\" \/>\n<meta property=\"og:type\" content=\"article\" \/>\n<meta property=\"og:title\" content=\"Zavr\u0161ena akcija na basenima Solane - Lajme nga Ulqini\" \/>\n<meta property=\"og:description\" content=\"?istili fotoreporteri Ulcinj - U okviru akcije \u201cNe \u017emurimo pred lo\u0161im stvarima\u201d Mediteranskog centra fotografije Bar, ju?e je o?i\u0161?en jo\u0161 jedan segment\" \/>\n<meta property=\"og:url\" content=\"https:\/\/www.visit-ulcinj.com\/blog\/2010\/01\/24\/zavrsena-akcija-na-basenima-solane\/\" \/>\n<meta property=\"og:site_name\" content=\"Lajme nga Ulqini\" \/>\n<meta property=\"article:published_time\" content=\"2010-01-24T16:43:58+00:00\" \/>\n<meta property=\"og:image\" content=\"http:\/\/www.visit-ulcinj.com\/blog\/wp-content\/uploads\/2010\/01\/AKCIJA-NA-BASENIMA-SOLANE_ULCINJ.jpg\" \/>\n<meta name=\"twitter:label1\" content=\"Written by\" \/>\n\t<meta name=\"twitter:data1\" content=\"ulqini\" \/>\n\t<meta name=\"twitter:label2\" content=\"Est. reading time\" \/>\n\t<meta name=\"twitter:data2\" content=\"1 minute\" \/>\n<script type=\"application\/ld+json\" class=\"yoast-schema-graph\">{\"@context\":\"https:\/\/schema.org\",\"@graph\":[{\"@type\":\"WebSite\",\"@id\":\"https:\/\/www.visit-ulcinj.com\/blog\/#website\",\"url\":\"https:\/\/www.visit-ulcinj.com\/blog\/\",\"name\":\"Lajme nga Ulqini\",\"description\":\"Lajme,Vijesti,Ulqini,Ulqin,Crna Gora,Mali i Zi\",\"potentialAction\":[{\"@type\":\"SearchAction\",\"target\":{\"@type\":\"EntryPoint\",\"urlTemplate\":\"https:\/\/www.visit-ulcinj.com\/blog\/?s={search_term_string}\"},\"query-input\":\"required name=search_term_string\"}],\"inLanguage\":\"en-US\"},{\"@type\":\"ImageObject\",\"inLanguage\":\"en-US\",\"@id\":\"https:\/\/www.visit-ulcinj.com\/blog\/2010\/01\/24\/zavrsena-akcija-na-basenima-solane\/#primaryimage\",\"url\":\"https:\/\/www.visit-ulcinj.com\/blog\/wp-content\/uploads\/2010\/01\/AKCIJA-NA-BASENIMA-SOLANE_ULCINJ.jpg\",\"contentUrl\":\"https:\/\/www.visit-ulcinj.com\/blog\/wp-content\/uploads\/2010\/01\/AKCIJA-NA-BASENIMA-SOLANE_ULCINJ.jpg\",\"width\":\"290\",\"height\":\"190\"},{\"@type\":\"WebPage\",\"@id\":\"https:\/\/www.visit-ulcinj.com\/blog\/2010\/01\/24\/zavrsena-akcija-na-basenima-solane\/#webpage\",\"url\":\"https:\/\/www.visit-ulcinj.com\/blog\/2010\/01\/24\/zavrsena-akcija-na-basenima-solane\/\",\"name\":\"Zavr\u0161ena akcija na basenima Solane - Lajme nga Ulqini\",\"isPartOf\":{\"@id\":\"https:\/\/www.visit-ulcinj.com\/blog\/#website\"},\"primaryImageOfPage\":{\"@id\":\"https:\/\/www.visit-ulcinj.com\/blog\/2010\/01\/24\/zavrsena-akcija-na-basenima-solane\/#primaryimage\"},\"datePublished\":\"2010-01-24T16:43:58+00:00\",\"dateModified\":\"2010-01-24T16:43:58+00:00\",\"author\":{\"@id\":\"https:\/\/www.visit-ulcinj.com\/blog\/#\/schema\/person\/dcab619c614d3038751c63bc2aadc06d\"},\"description\":\"?istili fotoreporteri Ulcinj - U okviru akcije \u201cNe \u017emurimo pred lo\u0161im stvarima\u201d Mediteranskog centra fotografije Bar, ju?e je o?i\u0161?en jo\u0161 jedan segment\",\"breadcrumb\":{\"@id\":\"https:\/\/www.visit-ulcinj.com\/blog\/2010\/01\/24\/zavrsena-akcija-na-basenima-solane\/#breadcrumb\"},\"inLanguage\":\"en-US\",\"potentialAction\":[{\"@type\":\"ReadAction\",\"target\":[\"https:\/\/www.visit-ulcinj.com\/blog\/2010\/01\/24\/zavrsena-akcija-na-basenima-solane\/\"]}]},{\"@type\":\"BreadcrumbList\",\"@id\":\"https:\/\/www.visit-ulcinj.com\/blog\/2010\/01\/24\/zavrsena-akcija-na-basenima-solane\/#breadcrumb\",\"itemListElement\":[{\"@type\":\"ListItem\",\"position\":1,\"name\":\"Zavr\u0161ena akcija na basenima Solane\"}]},{\"@type\":\"Person\",\"@id\":\"https:\/\/www.visit-ulcinj.com\/blog\/#\/schema\/person\/dcab619c614d3038751c63bc2aadc06d\",\"name\":\"ulqini\",\"sameAs\":[\"http:\/\/www.visit-ulcinj.com\"],\"url\":\"https:\/\/www.visit-ulcinj.com\/blog\/author\/admin\/\"}]}<\/script>\n<!-- \/ Yoast SEO plugin. -->","yoast_head_json":{"title":"Zavr\u0161ena akcija na basenima Solane - Lajme nga Ulqini","description":"?istili fotoreporteri Ulcinj - U okviru akcije \u201cNe \u017emurimo pred lo\u0161im stvarima\u201d Mediteranskog centra fotografije Bar, ju?e je o?i\u0161?en jo\u0161 jedan segment","robots":{"index":"index","follow":"follow","max-snippet":"max-snippet:-1","max-image-preview":"max-image-preview:large","max-video-preview":"max-video-preview:-1"},"canonical":"https:\/\/www.visit-ulcinj.com\/blog\/2010\/01\/24\/zavrsena-akcija-na-basenima-solane\/","og_locale":"en_US","og_type":"article","og_title":"Zavr\u0161ena akcija na basenima Solane - Lajme nga Ulqini","og_description":"?istili fotoreporteri Ulcinj - U okviru akcije \u201cNe \u017emurimo pred lo\u0161im stvarima\u201d Mediteranskog centra fotografije Bar, ju?e je o?i\u0161?en jo\u0161 jedan segment","og_url":"https:\/\/www.visit-ulcinj.com\/blog\/2010\/01\/24\/zavrsena-akcija-na-basenima-solane\/","og_site_name":"Lajme nga Ulqini","article_published_time":"2010-01-24T16:43:58+00:00","og_image":[{"url":"http:\/\/www.visit-ulcinj.com\/blog\/wp-content\/uploads\/2010\/01\/AKCIJA-NA-BASENIMA-SOLANE_ULCINJ.jpg"}],"twitter_misc":{"Written by":"ulqini","Est. reading time":"1 minute"},"schema":{"@context":"https:\/\/schema.org","@graph":[{"@type":"WebSite","@id":"https:\/\/www.visit-ulcinj.com\/blog\/#website","url":"https:\/\/www.visit-ulcinj.com\/blog\/","name":"Lajme nga Ulqini","description":"Lajme,Vijesti,Ulqini,Ulqin,Crna Gora,Mali i Zi","potentialAction":[{"@type":"SearchAction","target":{"@type":"EntryPoint","urlTemplate":"https:\/\/www.visit-ulcinj.com\/blog\/?s={search_term_string}"},"query-input":"required name=search_term_string"}],"inLanguage":"en-US"},{"@type":"ImageObject","inLanguage":"en-US","@id":"https:\/\/www.visit-ulcinj.com\/blog\/2010\/01\/24\/zavrsena-akcija-na-basenima-solane\/#primaryimage","url":"https:\/\/www.visit-ulcinj.com\/blog\/wp-content\/uploads\/2010\/01\/AKCIJA-NA-BASENIMA-SOLANE_ULCINJ.jpg","contentUrl":"https:\/\/www.visit-ulcinj.com\/blog\/wp-content\/uploads\/2010\/01\/AKCIJA-NA-BASENIMA-SOLANE_ULCINJ.jpg","width":"290","height":"190"},{"@type":"WebPage","@id":"https:\/\/www.visit-ulcinj.com\/blog\/2010\/01\/24\/zavrsena-akcija-na-basenima-solane\/#webpage","url":"https:\/\/www.visit-ulcinj.com\/blog\/2010\/01\/24\/zavrsena-akcija-na-basenima-solane\/","name":"Zavr\u0161ena akcija na basenima Solane - Lajme nga Ulqini","isPartOf":{"@id":"https:\/\/www.visit-ulcinj.com\/blog\/#website"},"primaryImageOfPage":{"@id":"https:\/\/www.visit-ulcinj.com\/blog\/2010\/01\/24\/zavrsena-akcija-na-basenima-solane\/#primaryimage"},"datePublished":"2010-01-24T16:43:58+00:00","dateModified":"2010-01-24T16:43:58+00:00","author":{"@id":"https:\/\/www.visit-ulcinj.com\/blog\/#\/schema\/person\/dcab619c614d3038751c63bc2aadc06d"},"description":"?istili fotoreporteri Ulcinj - U okviru akcije \u201cNe \u017emurimo pred lo\u0161im stvarima\u201d Mediteranskog centra fotografije Bar, ju?e je o?i\u0161?en jo\u0161 jedan segment","breadcrumb":{"@id":"https:\/\/www.visit-ulcinj.com\/blog\/2010\/01\/24\/zavrsena-akcija-na-basenima-solane\/#breadcrumb"},"inLanguage":"en-US","potentialAction":[{"@type":"ReadAction","target":["https:\/\/www.visit-ulcinj.com\/blog\/2010\/01\/24\/zavrsena-akcija-na-basenima-solane\/"]}]},{"@type":"BreadcrumbList","@id":"https:\/\/www.visit-ulcinj.com\/blog\/2010\/01\/24\/zavrsena-akcija-na-basenima-solane\/#breadcrumb","itemListElement":[{"@type":"ListItem","position":1,"name":"Zavr\u0161ena akcija na basenima Solane"}]},{"@type":"Person","@id":"https:\/\/www.visit-ulcinj.com\/blog\/#\/schema\/person\/dcab619c614d3038751c63bc2aadc06d","name":"ulqini","sameAs":["http:\/\/www.visit-ulcinj.com"],"url":"https:\/\/www.visit-ulcinj.com\/blog\/author\/admin\/"}]}},"jetpack_featured_media_url":"","jetpack_sharing_enabled":true,"jetpack_shortlink":"https:\/\/wp.me\/pe6lTn-7Ke","_links":{"self":[{"href":"https:\/\/www.visit-ulcinj.com\/blog\/wp-json\/wp\/v2\/posts\/29774"}],"collection":[{"href":"https:\/\/www.visit-ulcinj.com\/blog\/wp-json\/wp\/v2\/posts"}],"about":[{"href":"https:\/\/www.visit-ulcinj.com\/blog\/wp-json\/wp\/v2\/types\/post"}],"author":[{"embeddable":true,"href":"https:\/\/www.visit-ulcinj.com\/blog\/wp-json\/wp\/v2\/users\/1"}],"replies":[{"embeddable":true,"href":"https:\/\/www.visit-ulcinj.com\/blog\/wp-json\/wp\/v2\/comments?post=29774"}],"version-history":[{"count":0,"href":"https:\/\/www.visit-ulcinj.com\/blog\/wp-json\/wp\/v2\/posts\/29774\/revisions"}],"wp:attachment":[{"href":"https:\/\/www.visit-ulcinj.com\/blog\/wp-json\/wp\/v2\/media?parent=29774"}],"wp:term":[{"taxonomy":"category","embeddable":true,"href":"https:\/\/www.visit-ulcinj.com\/blog\/wp-json\/wp\/v2\/categories?post=29774"},{"taxonomy":"post_tag","embeddable":true,"href":"https:\/\/www.visit-ulcinj.com\/blog\/wp-json\/wp\/v2\/tags?post=29774"}],"curies":[{"name":"wp","href":"https:\/\/api.w.org\/{rel}","templated":true}]}}