{"id":2978,"date":"2008-09-04T15:38:36","date_gmt":"2008-09-04T20:38:36","guid":{"rendered":"http:\/\/www.visit-ulcinj.com\/blog\/?p=2978"},"modified":"2008-09-04T15:38:36","modified_gmt":"2008-09-04T20:38:36","slug":"kronike-e-kalvarit-te-malesoreve","status":"publish","type":"post","link":"https:\/\/www.visit-ulcinj.com\/blog\/2008\/09\/04\/kronike-e-kalvarit-te-malesoreve\/","title":{"rendered":"Kronik\u00eb e Kalvarit t\u00eb mal\u00ebsor\u00ebve"},"content":{"rendered":"<p><a href=\"http:\/\/www.visit-ulcinj.com\/blog\/wp-content\/uploads\/2008\/09\/fran-camaj.jpg\"><img loading=\"lazy\" class=\"alignleft size-medium wp-image-2979\" title=\"fran-camaj\" src=\"http:\/\/www.visit-ulcinj.com\/blog\/wp-content\/uploads\/2008\/09\/fran-camaj-264x300.jpg\" alt=\"\" width=\"264\" height=\"300\" srcset=\"https:\/\/www.visit-ulcinj.com\/blog\/wp-content\/uploads\/2008\/09\/fran-camaj-264x300.jpg 264w, https:\/\/www.visit-ulcinj.com\/blog\/wp-content\/uploads\/2008\/09\/fran-camaj.jpg 305w\" sizes=\"(max-width: 264px) 100vw, 264px\" \/><\/a>Politika \u00ebsht\u00eb nj\u00ebra nd\u00ebr temat kryesore t\u00eb &#8220;M\u00ebshir\u00ebs s\u00eb pam\u00ebshirshme&#8221;, p\u00ebrkat\u00ebsisht fatet e mal\u00ebsor\u00ebve q\u00eb ndikohen nga politikat e caktuara q\u00eb vazhdimisht jan\u00eb shtyp\u00ebse ndaj tyre.<\/p>\n<p>Ky lloj i krijimtaris\u00eb paraqet nj\u00eb tip t\u00eb let\u00ebrsis\u00eb s\u00eb angazhuar. Me vet\u00ebdije e angazhuar, sepse autori e shkruan me q\u00ebllim q\u00eb t\u00eb d\u00ebshmoj\u00eb p\u00ebr ato q\u00eb kan\u00eb mundur t\u00eb ngjajn\u00eb, n\u00eb kornizat e nj\u00eb koh\u00eb-hap\u00ebsire, jo si form\u00eb e hakmarrjes por si p\u00ebrmendore kund\u00ebr harres\u00ebs dhe nj\u00ebkoh\u00ebsisht si v\u00ebrejtje p\u00ebr ato q\u00eb mund t\u00eb p\u00ebrs\u00ebriten edhe n\u00eb t\u00eb ardhmen.<br \/>\nFran Camaj nd\u00ebr shqiptar\u00ebt e Malit t\u00eb Zi qe disa decenie njihet si arsimtar i mir\u00eb, pastaj si gazetar dhe redaktor i programeve n\u00eb gjuh\u00ebn shqipe n\u00eb Radio-Televizionin e Malit t\u00eb Zi. Vepr\u00ebn e par\u00eb letrare, romanin &#8220;Rruga e pam\u00ebshirshme&#8221;, e publikoi n\u00eb vitin 2004.<br \/>\nMe romanin &#8220;M\u00ebshira e pam\u00ebshirshme&#8221; Fran Camaj rrumbullak\u00ebson trilogjin\u00eb romanore q\u00eb p\u00ebrb\u00ebhet nga veprat &#8220;Rruga e pam\u00ebshirshme&#8221; dhe vazhdon me &#8220;Dashuri e dhunuar&#8221;. Kjo trilogji koh\u00ebsisht mbulon pothuaj krejt shekullin XX, q\u00eb nga luftrat ballkanike e deri n\u00eb luft\u00ebn e fundit n\u00eb k\u00ebt\u00eb rajon. M\u00eb tej, disa nga personazhet e &#8220;M\u00ebshir\u00ebs s\u00eb pam\u00ebshirshme&#8221; jan\u00eb po ata t\u00eb &#8220;Rrug\u00ebs s\u00eb pam\u00ebshirshme&#8221;, por natyrisht n\u00eb koh\u00ebn e pastajme, \u00e7ka flet se ky roman \u00ebsht\u00eb nj\u00eb vazhdim i natyrsh\u00ebm i ngjarjeve t\u00eb romanit t\u00eb par\u00eb, gati si pjesa e dyt\u00eb e tij, por q\u00eb edhe si i m\u00ebvet\u00ebsish\u00ebm \u00ebsht\u00eb i realizuar mir\u00eb, i plot\u00eb dhe i vet\u00ebmjaftuesh\u00ebm.<br \/>\nMund t\u00eb thuhet pa hezitim se &#8220;M\u00ebshira e pam\u00ebshirshme&#8221; nj\u00eb konstruksion ky sa paradoksal (nj\u00eb lloj oksimoroni) aq edhe ironik n\u00eb vetvete, sh\u00ebnon avancime t\u00eb shumanshme stilore t\u00eb autorit, qoft\u00eb n\u00eb narracion, qoft\u00eb n\u00eb dialog\u00ebt e personazheve, n\u00eb p\u00ebrshkrime etj.<br \/>\nNgjarjet zhvillohen n\u00eb Mal\u00ebsi, n\u00eb Kosov\u00eb dhe n\u00eb SHBA. Ato kan\u00eb lidhshm\u00ebri me nj\u00ebra-tjetr\u00ebn dhe prodhojn\u00eb nj\u00eb rrjet\u00eb unike kuptimore. Koh\u00ebsisht ngjarjet e k\u00ebtij romani zhvillohen n\u00eb dy deceniet e fundit t\u00eb shekullit XX.<br \/>\nKisha th\u00ebn\u00eb se Fran Camaj b\u00ebn jo pak p\u00ebr t\u00eb avancuar an\u00ebn formale t\u00eb shkrimit, pra ai p\u00ebrdor narracionin, p\u00ebrshkrimet, dialog\u00ebt, letrat, emailet etj., por gjithmon\u00eb duke hulumtuar, duke p\u00ebrmir\u00ebsuar stilin dhe duke fituar n\u00eb siguri.<br \/>\nStilemat e k\u00ebsaj vepre jan\u00eb realiste, por q\u00eb nganj\u00ebher\u00eb gati kalojn\u00eb n\u00eb natyraliz\u00ebm. Forma n\u00eb veprat e Camajt n\u00eb p\u00ebrgjith\u00ebsi, por edhe n\u00eb k\u00ebt\u00eb roman, \u00ebsht\u00eb n\u00ebn hijen e p\u00ebrmbajtjes. Sepse p\u00ebrmbajtja \u00ebsht\u00eb shum\u00eb e pasur, me nj\u00eb tension q\u00eb komandon edhe tempon e leximit.<\/p>\n<p>Politika \u00ebsht\u00eb nj\u00ebra nd\u00ebr temat kryesore t\u00eb &#8220;M\u00ebshir\u00ebs s\u00eb pam\u00ebshirshme&#8221;, p\u00ebrkat\u00ebsisht fatet e mal\u00ebsor\u00ebve q\u00eb ndikohen nga politikat e caktuara q\u00eb vazhdimisht jan\u00eb shtyp\u00ebse ndaj tyre.<br \/>\nKy lloj i krijimtaris\u00eb paraqet nj\u00eb tip t\u00eb let\u00ebrsis\u00eb s\u00eb angazhuar. Me vet\u00ebdije e angazhuar, sepse autori e shkruan me q\u00ebllim q\u00eb t\u00eb d\u00ebshmoj\u00eb p\u00ebr ato q\u00eb kan\u00eb ngjar\u00eb apo kan\u00eb mundur t\u00eb ngjajn\u00eb, n\u00eb kornizat e nj\u00eb koh\u00eb-hap\u00ebsire, jo si form\u00eb e hakmarrjes por si p\u00ebrmendore kund\u00ebr harres\u00ebs dhe nj\u00ebkoh\u00ebsisht si v\u00ebrejtje p\u00ebr ato q\u00eb mund t\u00eb p\u00ebrs\u00ebriten edhe n\u00eb t\u00eb ardhmen.<br \/>\nN\u00eb aspektin zhanror, romani \u00ebsht\u00eb i nd\u00ebrlikuar, sepse ka elemente t\u00eb romanit politik, t\u00eb atij social, psikologjik, t\u00eb trillerit (sidomos skenat me personazhet misterioze me syze q\u00eb askush szi njeh, ata me emrat e shifruar X, Y, shoq\u00ebruesi i par\u00eb, shoq\u00ebruesi i dyt\u00eb).<br \/>\nMegjith\u00ebse libri rrezaton me nj\u00eb dashuri t\u00eb madhe dhe t\u00eb pafund p\u00ebr Mal\u00ebsin\u00eb dhe popullin q\u00eb e banon, k\u00ebndshikimi \u00ebsht\u00eb kritik, pra jo glorifikues, por shum\u00eb, shum\u00eb kritik n\u00eb p\u00ebrshkrimin e ngjarjeve, n\u00eb zb\u00ebrthimin e karaktereve, n\u00eb arsyetimin e veprimeve t\u00eb caktuara t\u00eb personazheve.<br \/>\nMetoda e shkrimit \u00ebsht\u00eb pa dyshim realiste, por kjo nuk pengon q\u00eb aty t\u00eb paraqiten edhe disa kafsh\u00eb jo krejt\u00ebsisht reale, si p.sh. dhelpra e zez\u00eb me bisht t\u00eb larm\u00eb, (q\u00eb madje me nj\u00eb rast del e veshur me g\u00ebzof t\u00eb qengjit), nj\u00eb kafsh\u00eb alegorike me ngarkes\u00eb kuptimore t\u00eb posa\u00e7me. Nj\u00eb specie tjet\u00ebr edhe m\u00eb e \u00e7uditshme q\u00eb del nga laboratori krijues i Fran Camajt jan\u00eb disa zogj t\u00eb shqiponj\u00ebs q\u00eb sikur p\u00ebrjetuan nj\u00eb mutacion t\u00eb \u00e7uditsh\u00ebm gjenetik, nj\u00eb metamorfoz\u00eb q\u00eb rezultoi me nj\u00eb krijes\u00eb shum\u00eb t\u00eb \u00e7uditshme:<\/p>\n<p>&#8221; N\u00eb vend t\u00eb sqepit kishin goj\u00eb si t\u00eb qenit, krah\u00ebt u ishin shnd\u00ebrruar n\u00eb gjymtyr\u00eb t\u00eb para, q\u00eb nuk dukeshin as si k\u00ebmb\u00eb as si duar, por di\u00e7ka n\u00eb mes, kurse n\u00eb vend t\u00eb puplave kishin qime si t\u00eb dhelpr\u00ebs, por t\u00eb zeza dhe pak m\u00eb t\u00eb rralla. P\u00ebr \u00e7udi, k\u00ebmb\u00ebt dukeshin si t\u00eb njeriut, me kthetra si t\u00eb fajkoit. Kishin edhe sy e vesh\u00eb si t\u00eb hutit. Barkun e Byth\u00ebn i kishin t\u00eb m\u00ebdha n\u00eb proporcion me trupin e p\u00ebrgjithsh\u00ebm, nd\u00ebrsa bishtin cubel. K\u00ebso krijese nuk ke par\u00eb kurr\u00eb, biri im!&#8221; (f. 273) .<br \/>\nGjuha e romanit \u00ebsht\u00eb e rrjedhshme, e d\u00eblir\u00eb, e past\u00ebr shqipe. Narratori rr\u00ebfen n\u00eb gjuh\u00ebn standarde, por disa nga personazhet flasin n\u00eb t\u00eb folmen (idiomin) e Mal\u00ebsis\u00eb &#8211; asaj k\u00ebndej kufirit. Me k\u00ebt\u00eb form\u00eb t\u00eb karakterizimit t\u00eb disa personazheve autori arrin t\u00eb pasuroj\u00eb vepr\u00ebn n\u00eb fjal\u00eb edhe me vlera t\u00eb \u00e7mueshme gjuh\u00ebsore. E folmja e Mal\u00ebsis\u00eb \u00ebsht\u00eb e dh\u00ebn\u00eb me sakt\u00ebsi dhe p\u00ebrkujdesje prej nj\u00eb eksperti dhe mund t\u00eb sh\u00ebrbej\u00eb mjaft mir\u00eb edhe p\u00ebr hulumtime krahasuese n\u00eb fush\u00ebn e gjuh\u00ebsis\u00eb.<br \/>\nFran Camaj n\u00eb studion e vet prej krijuesi i b\u00ebn nj\u00eb analiz\u00eb t\u00eb gjithanshme Mal\u00ebsis\u00eb s\u00eb shekullit XX, pra i b\u00ebn psikogramin, EKG-n\u00eb, analiz\u00ebn e gjakut e t\u00eb urin\u00ebs, dhe del me p\u00ebrfundimin se Mal\u00ebsia vazhdimisht dhe pa koh\u00eb p\u00ebr \u00e7lodhje lufton p\u00ebr ekzistenc\u00eb, se ajo po boshatiset, po rrjedh\u00eb p\u00ebrjasht\u00eb, e sulmuar jo nga virus\u00ebt, por nga nj\u00eb dhelp\u00ebr e zez\u00eb me bisht t\u00eb larm\u00eb, t\u00eb cil\u00ebn e ndihmojn\u00eb disa zogj t\u00eb \u00e7oroditur me origjin\u00eb shqiponje, e cila, si\u00e7 do t\u00eb mund t\u00eb konkludohej nga p\u00ebrfundimi simbolik i romanit, (kthimi i Palit pas shum\u00eb vitesh n\u00eb vendlindje &#8211; si Uliksi n\u00eb Itak\u00eb), mund t\u00eb sh\u00ebrohet, ose t\u00eb shp\u00ebtoj\u00eb, vet\u00ebm me kthimin e nj\u00eb pjes\u00eb t\u00eb atyre q\u00eb kan\u00eb ikur.<\/p>\n<div style=\"width: 300px\" class=\"wp-caption alignright\"><a href=\"http:\/\/www.kohajavore.cg.yu\/slike\/1220252270.jpg\"><img loading=\"lazy\" title=\"Fran Camaj\" src=\"http:\/\/www.kohajavore.cg.yu\/slike\/1220252270.jpg\" alt=\"Fran Camaj\" width=\"290\" height=\"237\" \/><\/a><p class=\"wp-caption-text\">Fran Camaj<\/p><\/div>\n<p>Camaj, duke paraqitur Kalvarin e mal\u00ebsor\u00ebve n\u00eb shekullin e dy X-ve, (romani fillon me largimin plot dramacitet t\u00eb brendsh\u00ebm t\u00eb Palit nga Mal\u00ebsia p\u00ebr t\u00eb shkuar n\u00eb studime n\u00eb Kosov\u00eb), d\u00ebshmon p\u00ebr krejt nj\u00eb epok\u00eb, madje n\u00eb p\u00ebrmasa mbinacionale. Sepse Mal\u00ebsia ishte p\u00ebr nj\u00eb gjysm\u00ebshekulli pjes\u00eb e nj\u00eb akullnaje t\u00eb madhe q\u00eb mbuloi &#8220;vendet komuniste&#8221; dhe paraqiste nj\u00eb mikromjedis q\u00eb pasqyronte mjaft mir\u00eb natyr\u00ebn falso t\u00eb parajs\u00ebs aq t\u00eb proklamuar marksiste-leniniste.<br \/>\nE kam pas th\u00ebn\u00eb p\u00ebr librin &#8220;Rruga e pam\u00ebshirshme&#8221;, e p\u00ebrs\u00ebris edhe tani, romanet e Fran Camajt, nj\u00eb kronik\u00eb letrare e historis\u00eb s\u00eb mal\u00ebsor\u00ebve n\u00eb shek. XX, do t\u00eb duhej tzi lexoj\u00eb \u00e7do mal\u00ebsor dhe ato tzi ket\u00eb n\u00eb bibliotek\u00ebn e vet si dokument p\u00ebr breznit\u00eb q\u00eb vijn\u00eb. Kjo vlen sidomos p\u00ebr ata q\u00eb duan t\u00eb din\u00eb di\u00e7ka m\u00eb shum\u00eb p\u00ebr at\u00eb se si e p\u00ebrjetuan, brenda shpirtit, (matan\u00eb fjal\u00ebve), banor\u00ebt e Mal\u00ebsis\u00eb shekullin XX.<br \/>\n<strong>Anton Goj\u00e7aj<br \/>\nBurimi \/ Koha Javore<\/strong><br \/>\n<a class=\"aligncenter\" title=\"???? ????,?????,Ulcinj,Montenegru,??????????,\u00c7ernoqoriya,???????????,Montenegiro,?ern\u00e1 Hora,??????????,Cz\u00f4rnog\u00f3ra,Cz\u00f4rn\u00f4 G\u00f3ra,Carna G\u00f3ra,T\u0161ernogooria,\u00c7ernogoriya,Montain\u00e9agr\u00f3,Montenegwo,?orna Hora,Montenegr\u00f3,M?ntenigro,Chernogoriya ,\u00c7\u00earnogor\u00ee ,?????????,????????? ,??????? ,Montes Nigrae,Mons Niger,M\u00f4ntenegr\u00f4,Muntenegru,??????????,Czarnog\u00f3ra,Muntinigru,Muntenegro,\nMuntenegru,\t?ierna Hora,Cxerngora,????????,?rna gora,Moontineegro,?ornog?ra,\u00c7ernogori\u00fda,Chernogoriya,Mont\u00f5negro,????? ???? ,?r?na Gora,?r?nogorije,?ernogorija,?arnahoryja,??????????,???????????????????? ,?ern?g?riy\u00e2,M?nt?n??r?,????? ?????? ,?????????,??????????,???????????,M?nten?gro,???? ????? ,????????,M\u00f4ntenegr\u00f4,????????????,???????????,????????????, ??????????? ,????????????,??????????? ,??\/?? ,??????,????? ,Muntenegru, ????? ????, Montenegr\u00f3,chambres \u00e0 louer \u00e0 ulcinj, location de vacance, location saisonni\u00e8res, louer villa,location de vacance, Locations vacance, h\u00e9bergements vacances, locations villa, logements de vacances, location maison avec piscine, Location vacance, locations de vacance, h\u00e9bergements de vacances, location villa, locations entre particulier, logements vacance, vacances \u00e0 Mont\u00e9n\u00e9gro - location \u00e0 Ulcinj ,location  de bigorre,Urlaub in Ulcinj -Montenegro,Hotelbewertungen Ulcinj,Reisen Ulcinj, Urlaub Ulcinj,Hotel in Serbien und Montenegro von Urlaubern bewertet,Billig Urlaub in Ulcinj,ferienh\u00e4user,ferienwohnung,Billige Ferienh\u00e4user,Ferienwohnung ULCINJ,Ferien an der Adria,Urlaub im Ferienhaus ulcinjBilligreisen Ulcinj,Pauschalreisen,FKK Strand Ada Bojana ulcinj,Last Minute Angebote ulcinj,Preise f\u00fcr Lastminute,Kleinanzeigen gratis,Ausflug nach Ulcinj,FKK-Reisen ada bojana,FKK-Urlaub ulcinj,Privatni smje\u0161taj,rezervacija smje\u0161taja,apartmani,sobe,ku?e,odmor,sobe za odmor ulcinj,Pretra\u017eivanje privatnog smje\u0161taja,rooms rent accommodation ulcinj, rentail private accommodation ulcinj,\u017delite rezervirati privatni smje\u0161taj,Private accommodation,Smje\u0161taj ulcinj,Pushime Verore ulqin,pushime t\u00eb lira n\u00eb ulqin,Pushime ne plazh,Pushime te kendshme,dhoma per pushime ulqin,dhoma me qera ulqin,dhoma te lira ulqin,pushime te lira ulqin,mali i zi,kosova,maqedoni,shqiperi,Pushime ne det te ulqinit,godi\u0161nji odmor u ulcinj,odmor u ulcinj,Ku?a za odmor,kuda na odmor,ljetovanje u ulcinj,slobodne sobe,dhoma te lira,ku?a uz more,turisti?ka ponuda,odmor i zabava,povolne cene,sobe,usluge,Mjesto za Va\u0161 odmor , Place for Your holiday,Odmor portal,putovanaja,Iznajmljivanje soba ulcinj,odmor ulcinj info,Va\u0161e mjesto za odmor ulcinj,nudisticka plaza ada bojana,smjestaj ponuda ulcinj,lokacioni i dhomave ulqin,deti,plazhet e bukura,diskoteka,zbavitja,.\" copacabana ulcinj,  h\u00f4tels,  hotel ulqin,  Kosova,  Mali i Zi,  Maqedonija,  Montenegro,  montenegro tourisme plage,  montenegro ulcinj,  Shpallje Falas,  Shpallje Falas per shitjen e shtepis se juaj,  Shpallje Falas per villat e juaj,  Shpallje Falas Real Estate,  Shpallje Falas turistike,  shqiperija,  tourisme,  Ulci?,  ulcinj,  ulqin,  ulqin hotel,  ulqini,  ulqini 2007,Ada Bojana,  Alba?czyk,  Cita di Dolcino,  Copacabana,  Czarnog\u00f3ra,  Czarnog\u00f3rzec,  Don Kichota,  Ma?a Pla?a,  Mandra,  MIGUEL DE SERVANTES,  p\u00f3?wyspy Marjan,  Pla?a Valdanos,  Rzeka Bojana,  Shas \/ \u0160as \/ Sva?,  Ulci?,  Ulcinjsk? Riwier?,  Wielka Pla?a,  Wyspa Bojana,WELCOME ,BIENVENUE , WILLKOMMEN ,- BENVENUTO ,- MIR\u00cb SE VINI ,- DOBRO DO\u0160LI TO ULCINJ \/ ULQIN ,\u2013 MONTENEGRO ,????? ?????????? ,- VITAJTE, - BRUCHIM HABAYIM ,-V\u00cdTEJTE, - WITAJCIE, - KHOSH \u00c2MAD\u00ceD ,- BITAEMO ,- CHAIRE, - ZAPRASHAJEM ,- V\u00c4LKOMMEN,  - VELKOMMEN ,- DOBRE DOSHLE, - PARI YEGAK ,- SW\u00c2GATAM, - ISTEN HOZTA, - ZAYT VILKUM, - HO?GELDINIZ ,- BIENVENIDOS ,- SUSHRI AKAL, - HUSH KILDEGEZ, - BUN VENIT, - PE KHER RAGLE, - BEM-VINDO, - HUAN YIN ,- BIEN ATI VENI ,- \u00c2SANTU ,- SELAMAT DATANG, - W\u00cbLLKOMM ,- XUSH AMD\u00ceD, - SVEIKI, - HUN BI XER HATIN, - KIRINIZ ,- ENNA ,VISHAYAM ,- MERHABA ,- F\u00c1ILTE, - VELKOMINN ,- VAELKOMIN, - TERE TULEMAST ,- M\u00c4RSHA W\u00daGH\u00cdL ,- MISHTO AVILAN , WELKOM ,- TERVETULOA ,- ONGI ETORRI ,-, REKHIM ITEGEZ ,- XOSH G\u00c4LM\u00ceS\u00c4N, - WILICOM ,- CROESO ,- SHAGATOM, - IRASHAIMASU ,- KEBLAR, - AHUP YAN, - IRKHT ERGANAVIDN, - LUID, - SOHM SW\u00c2KOHM, - URAKAZA ,- KARIBU, - SELAM, - VIDZA ,KORAM -, YEYACHI -, KUSHE - ,BIENVENIDA -, ESIET SVEICINATI ,- FAILT ,- ,KRUPAY\u00c2 \u00c2TUY\u00c2, - MAIEM ,- BENVEGN\u00dcU ,- TAVTAI ,MORIL, - TAMA ,- BENVINUTU ,- SILAMO, - WILUJENG SUMPING ,- MABUHAY ,- GAZHACA \u00cbTISKOM, - DOBRO POZHALOVAT' ,- TISTIK ,- ISIBINGELELO, - BALLE, - INDE TORN LAP ,- SOO DHA WOOW ,- PILIGANIMU, - MALIU MAI, - PASAYKAMOY, - HAERE MAI, - BOYEI BOLAMU ,- BARKA D\u00c1 ZUW\u00c1 ,- W\u00c2CHIY\u00c2 , KOPIVOSIAN ,- SANSOF\u00c9 ,- KALOS ORISATE, - W\u00c4LJKIIMEN ,- ILO LA, - WILKEMEN, - A JARAAMA ,- TUAJ LOS ,- DUMANON CAYO, - ADANAVE ,\u2013 VITAMEVAS , MALI I ZI,CRNA GORA,??????????,???????,??????????, ?ern\u00e1 Hora,TO ULCINJ \/ ULQIN \u2013 MONTENEGRO, Czarnog\u00f3ra, Muntenegru, ????? ????, Montenegr\u00f3,,Holiday ,Beach,Vacation,WELCOME ,BIENVENUE , WILLKOMMEN ,- BENVENUTO ,- MIR\u00cb SE VINI ,- DOBRO DO\u0160LI TO ULCINJ \/ ULQIN ,\u2013 MONTENEGRO ,????? ?????????? ,- VITAJTE, - BRUCHIM HABAYIM ,-V\u00cdTEJTE, - WITAJCIE, - KHOSH \u00c2MAD\u00ceD ,- BITAEMO ,- CHAIRE, - ZAPRASHAJEM ,- V\u00c4LKOMMEN,  - VELKOMMEN ,- DOBRE DOSHLE, - PARI YEGAK ,- SW\u00c2GATAM, - ISTEN HOZTA, - ZAYT VILKUM, - HO?GELDINIZ ,- BIENVENIDOS ,- SUSHRI AKAL, - HUSH KILDEGEZ, - BUN VENIT, - PE KHER RAGLE, - BEM-VINDO, - HUAN YIN ,- BIEN ATI VENI ,- \u00c2SANTU ,- SELAMAT DATANG, - W\u00cbLLKOMM ,- XUSH AMD\u00ceD, - SVEIKI, - HUN BI XER HATIN, - KIRINIZ ,- ENNA ,VISHAYAM ,- MERHABA ,- F\u00c1ILTE, - VELKOMINN ,- VAELKOMIN, - TERE TULEMAST ,- M\u00c4RSHA W\u00daGH\u00cdL ,- MISHTO AVILAN , WELKOM ,- TERVETULOA ,- ONGI ETORRI ,-, REKHIM ITEGEZ ,- XOSH G\u00c4LM\u00ceS\u00c4N, - WILICOM ,- CROESO ,- SHAGATOM, - IRASHAIMASU ,- KEBLAR, - AHUP YAN, - IRKHT ERGANAVIDN, - LUID, - SOHM SW\u00c2KOHM, - URAKAZA ,- KARIBU, - SELAM, - VIDZA ,KORAM -, YEYACHI -, KUSHE - ,BIENVENIDA -, ESIET SVEICINATI ,- FAILT ,- ,KRUPAY\u00c2 \u00c2TUY\u00c2, - MAIEM ,- BENVEGN\u00dcU ,- TAVTAI ,MORIL, - TAMA ,- BENVINUTU ,- SILAMO, - WILUJENG SUMPING ,- MABUHAY ,- GAZHACA \u00cbTISKOM, - DOBRO POZHALOVAT ,- TISTIK ,- ISIBINGELELO, - BALLE, - INDE TORN LAP ,- SOO DHA WOOW ,- PILIGANIMU, - MALIU MAI, - PASAYKAMOY, - HAERE MAI, - BOYEI BOLAMU ,- BARKA D\u00c1 ZUW\u00c1 ,- W\u00c2CHIY\u00c2 , KOPIVOSIAN ,- SANSOF\u00c9 ,- KALOS ORISATE, - W\u00c4LJKIIMEN ,- ILO LA, - WILKEMEN, - A JARAAMA ,- TUAJ LOS ,- DUMANON CAYO, - ADANAVE ,\u2013 VITAMEVAS , MALI I ZI,CRNA GORA,??????????,???????,??????????, ?ern\u00e1 Hora,TO ULCINJ \/ ULQIN,MONTENEGRO, Czarnog\u00f3ra, Muntenegru, ????? ????, Montenegr\u00f3,Adelina Isamajli,  Albaniku,  Artana,  Bujanoci,  Burimi,  Dardana,  Dardan\u00eb,  De\u00e7an,  Dibra,  Drenas,  Drenasi,  Ferizaj,  Ferizaji,  Fush\u00eb Kosova,  Fush\u00eb Kosov\u00eb,  Gjakova,  Gjakov\u00eb,  Gjilan,  Gjilani,  Gostivari,  Istog,  Istog\u00b7,  Ka\u00e7anik,  Ka\u00e7aniku,  Kastrioti,  K\u00ebr\u00e7ova,  Klina,  Klin\u00eb,  Kumanova,  Leposaviq,  Leskovci,  Likova,  Lipjan,  Lipjani,  Malisheva,  Malishev\u00eb,  Manastiri,  Medvegja,  Mitrovica,  Mitrovic\u00eb,  Novob\u00ebrd\u00eb,  Obiliq\u00b7 Rahovec,  Ohri,  Peja,  Pej\u00eb,  Podujeva,  Podujev\u00eb,  Presheva,  Prishtina,  Prishtin\u00eb,  Prizren,  Prizreni,  Rahoveci,  Sharri,  Sharri (Kosov\u00eb),  Shkupi,  Sht\u00ebrpca,  Sht\u00ebrpc\u00eb,  Shtime,  Sk\u00ebnderaj,  Struga,  Tetova,  Theranda,  Therand\u00eb,  Triumf Riza,  Veleshta,  Viti,  Vitia,  Vushtrri,  Vushtrria,  Zubin Potok,  Zubin Potoku,  Zve\u00e7an,  Zve\u00e7ani,villa \u00e0 louer \u00e0 ulcinj, location de vacance, location saisonni\u00e8res, louer villa,location de vacance, Locations vacance, h\u00e9bergements vacances, , logements de vacances, location maison avec piscine, Location vacance, locations de vacance, h\u00e9bergements de vacances,  locations entre particulier, logements vacance, vacances \u00e0 Mont\u00e9n\u00e9gro - location \u00e0 Ulcinj ,location  de bigorre.\" href=\"http:\/\/www.visit-ulcinj.com\/tourism\/\" target=\"_blank\"><img loading=\"lazy\" style=\"float: right;\" src=\"http:\/\/www.visit-ulcinj.com\/blog\/wp-content\/uploads\/2008\/06\/holiday-rental-ulcinj-ulqini_ulqin_logo.gif\" alt=\"Apatin,  Aran?elovac,  ?uprija,  ?a?ak,  ?apljina,  ?itluk,  \u0160abac,  \u0160ipovo,  \u0160iroki Brijeg,  \u017dep?e,  \u017divinice,  Ba?ka Palanka,  Banja Luka,  Banovi?i,  Be?ej,  beograd,  Biha?,  Bijeljina,  Bor,  Bor?a,  Bosanska Gradi\u0161ka,  Bosanska Krupa,  Bosanski \u0160amac,  Bosanski Brod,  Bosanski Novi,  Br?ko,  Bu\u017eim,  Bugojno,  Cazin,  Crna Gora,  Derventa,  Doboj,  Donji Vakuf,  Drvar,  Dubrovnik,  Fo?a,  Fojnica,  Glamo?,  Gora\u017ede,  Gornji Milanovac,  Gornji Vakuf,  gostivar,  Gra?anica,  Grada?ac,  Gradiska,  Grahovo,  Had\u017ei?i,  Ilid\u017ea,  In?ija,  Jablanica,  Jagodina,  Jajce,  Kakanj,  Kalu?erica,  Kikinda,  Klju?,  Konjic,  Kotor Varo\u0161,  Kragujevac,  Kraljevo,  Kru\u0161evac,  Kula,  Kupres,  Lakta\u0161i,  Lazarevac,  Leskovac,  Livno,  Ljubinje,  ljublana,  Ljubu\u0161ki,  Loznica,  Lukavac,  Maglaj,  Mladenovac,  Modri?a,  montenegro erlajnz,  mostar,  Mrkonji? Grad,  Neum,  Ni\u0161,  Novi Pazar,  Novi Sad,  Novi Travnik,  Obrenovac,  Od\u017eak,  ohrid,  Ora\u0161je,  Pale,  Pan?evo,  Para?in,  Pirot,  Po\u017earevac,  Podgorica,  Priboj,  Prijedor,  Prokuplje,  Prozor,  pula,  rijeka,  Ruma,  Sanski Most,  Sarajevo,  Senta,  serbija,  sibenik,  skopje,  Smederevo,  Smederevska Palanka,  Sokolac,  Sombor,  split,  Srebrenica,  Srebrenik,  Sremska Mitrovica,  Stolac,  Struga,  Subotica,  Temerin,  Tesli?,  tetovo,  Travnik,  Trebinje,  tuzla,  U\u017eice,  ulcinj,  Valjevo,  Velika Kladu\u0161a,  Vi\u0161egrad,  Visoko,  Vitez,  Vogo\u0161?a,  vojvodina,  Vranje,  Vr\u0161ac,  Vrbas,  zadar,  Zagreb,  Zaje?ar,  Zavidovi?i,  Zenica,  Zrenjanin,  Zvornik,copacabana ulcinj,  h\u00f4tels,  hotel ulqin,  Kosova,  Mali i Zi,  Maqedonija,  Montenegro,  montenegro tourisme plage,  montenegro ulcinj,  Shpallje Falas,  Shpallje Falas per shitjen e shtepis se juaj,  Shpallje Falas per villat e juaj,  Shpallje Falas Real Estate,  Shpallje Falas turistike,  shqiperija,  tourisme,  Ulci?,  ulcinj,  ulqin,  ulqin hotel,  ulqini,  ulqini 2007,Ada Bojana,  Alba?czyk,  Cita di Dolcino,  Copacabana,  Czarnog\u00f3ra,  Czarnog\u00f3rzec,  Don Kichota,  Ma?a Pla?a,  Mandra,  MIGUEL DE SERVANTES,  p\u00f3?wyspy Marjan,  Pla?a Valdanos,  Rzeka Bojana,  Shas \/ \u0160as \/ Sva?,  Ulci?,  Ulcinjsk? Riwier?,  Wielka Pla?a,  Wyspa Bojana,GORA,??????????,???????,??????????, ?ern\u00e1 Hora,TO ULCINJ \/ ULQIN,MONTENEGRO, Czarnog\u00f3ra, Muntenegru, ????? ????, Montenegr\u00f3,villa \u00e0 louer \u00e0 ulcinj, location de vacance, location saisonni\u00e8res, louer chambres,location de vacance, Locations vacance, h\u00e9bergements vacances, locations villa, logements de vacances, location maison avec piscine, Location vacance, locations de vacance, h\u00e9bergements de vacances, location, locations entre particulier, logements vacance, vacances \u00e0 Mont\u00e9n\u00e9gro - location \u00e0 Ulcinj ,location  de bigorre,Albaniku,  Artana,  Bujanoci,  Burimi,  Dardana,  Dardan\u00eb,  De\u00e7an,  Dibra,  Drenas,  Drenasi,  Ferizaj,  Ferizaji,  Fush\u00eb Kosova,  Fush\u00eb Kosov\u00eb,  Gjakova,  Gjakov\u00eb,  Gjilan,  Gjilani,  Gostivari,  Istog,  Istog\u00b7,  Ka\u00e7anik,  Ka\u00e7aniku,  Kastrioti,  K\u00ebr\u00e7ova,  Klina,  Klin\u00eb,  Kumanova,  Leposaviq,  Leskovci,  Likova,  Lipjan,  Lipjani,  Malisheva,  Malishev\u00eb,  Manastiri,  Medvegja,  Mitrovica,  Mitrovic\u00eb,  Novob\u00ebrd\u00eb,  Obiliq\u00b7 Rahovec,  Ohri,  Peja,  Pej\u00eb,  Podujeva,  Podujev\u00eb,  Presheva,  Prishtina,  Prishtin\u00eb,  Prizren,  Prizreni,  Rahoveci,  Sharri,  Sharri (Kosov\u00eb),  Shkupi,  Sht\u00ebrpca,  Sht\u00ebrpc\u00eb,  Shtime,  Sk\u00ebnderaj,  Struga,  Tetova,  Theranda,  Therand\u00eb,  Triumf Riza,  Veleshta,  Viti,  Vitia,  Vushtrri,  Vushtrria,  Zubin Potok,  Zubin Potoku,  Zve\u00e7an,  Zve\u00e7ani,Struga,Gostivari,Gostivar,Ker\u00e7ova,Tirana,Durr\u00ebsi,Elbasani,Shkodra,Tuzi,Vlora, Kor\u00e7a,Fieri,Berati,Lushnja ,Kavaja,Pogradeci,La\u00e7i,Gjirokastra,Patosi,Kruja,Ku\u00e7ova,Kuk\u00ebsi,Lezha,Saranda,Peshkopia,Burreli,C\u00ebrriku,\u00c7orovoda,Shijaku,Librazhdi,Tepelena,Gramshi,Poli\u00e7ani,Bulqiza,P\u00ebrmeti,Fush\u00ebKruja,Kamza,Rr\u00ebsheni,Ballshi,Mamurrasi,BajramCurri,Erseka,Peqini,Divjaka,Selenica,Bilishti,Roskoveci,Puka,Memaliaj,Rrogozhina,Ura Vajgurore,Himara,Delvina,Vora,Kopliku,Maliqi,P\u00ebrrenjasi,Kruma, Libohova,Orikumi,Fush\u00eb-Arr\u00ebza,Sh\u00ebngjini,Rubiku,Miloti, Leskoviku,Konispoli,K\u00eblcyra,Krasta,K\u00ebrraba,Manastiri,Hara\u00e7ina,Likova,Prilepi,Zajazi,Vrap\u00e7ishti,Bogovin\u00eb,Mavrov\u00eb,Rostush\u00eb,Zhupa,Studeni\u00e7ani,Tearc\u00eb, Brevinc\u00eb,Manastiri,\u00e7amerija,\u00e7ame,sanxhak.novi pazar,tutin,\" width=\"510\" height=\"145\" \/><\/a><\/p>\n","protected":false},"excerpt":{"rendered":"<p><img loading=\"lazy\" class=\"alignleft size-medium wp-image-2979\" title=\"fran-camaj\" src=\"http:\/\/www.visit-ulcinj.com\/blog\/wp-content\/uploads\/2008\/09\/fran-camaj-264x300.jpg\" alt=\"\" width=\"140\" height=\"140\" \/><\/p>\n","protected":false},"author":1,"featured_media":0,"comment_status":"open","ping_status":"closed","sticky":false,"template":"","format":"standard","meta":{"spay_email":"","jetpack_publicize_message":"","jetpack_is_tweetstorm":false,"jetpack_publicize_feature_enabled":true},"categories":[4,12],"tags":[3208],"jetpack_publicize_connections":[],"yoast_head":"<!-- This site is optimized with the Yoast SEO plugin v19.1 - https:\/\/yoast.com\/wordpress\/plugins\/seo\/ -->\n<title>Kronik\u00eb e Kalvarit t\u00eb mal\u00ebsor\u00ebve - Lajme nga Ulqini<\/title>\n<meta name=\"robots\" content=\"index, follow, max-snippet:-1, max-image-preview:large, max-video-preview:-1\" \/>\n<link rel=\"canonical\" href=\"https:\/\/www.visit-ulcinj.com\/blog\/2008\/09\/04\/kronike-e-kalvarit-te-malesoreve\/\" \/>\n<meta property=\"og:locale\" content=\"en_US\" \/>\n<meta property=\"og:type\" content=\"article\" \/>\n<meta property=\"og:title\" content=\"Kronik\u00eb e Kalvarit t\u00eb mal\u00ebsor\u00ebve - Lajme nga Ulqini\" \/>\n<meta property=\"og:url\" content=\"https:\/\/www.visit-ulcinj.com\/blog\/2008\/09\/04\/kronike-e-kalvarit-te-malesoreve\/\" \/>\n<meta property=\"og:site_name\" content=\"Lajme nga Ulqini\" \/>\n<meta property=\"article:published_time\" content=\"2008-09-04T20:38:36+00:00\" \/>\n<meta property=\"og:image\" content=\"http:\/\/www.visit-ulcinj.com\/blog\/wp-content\/uploads\/2008\/09\/fran-camaj-264x300.jpg\" \/>\n<meta name=\"twitter:label1\" content=\"Written by\" \/>\n\t<meta name=\"twitter:data1\" content=\"ulqini\" \/>\n\t<meta name=\"twitter:label2\" content=\"Est. reading time\" \/>\n\t<meta name=\"twitter:data2\" content=\"7 minutes\" \/>\n<script type=\"application\/ld+json\" class=\"yoast-schema-graph\">{\"@context\":\"https:\/\/schema.org\",\"@graph\":[{\"@type\":\"WebSite\",\"@id\":\"https:\/\/www.visit-ulcinj.com\/blog\/#website\",\"url\":\"https:\/\/www.visit-ulcinj.com\/blog\/\",\"name\":\"Lajme nga Ulqini\",\"description\":\"Lajme,Vijesti,Ulqini,Ulqin,Crna Gora,Mali i Zi\",\"potentialAction\":[{\"@type\":\"SearchAction\",\"target\":{\"@type\":\"EntryPoint\",\"urlTemplate\":\"https:\/\/www.visit-ulcinj.com\/blog\/?s={search_term_string}\"},\"query-input\":\"required name=search_term_string\"}],\"inLanguage\":\"en-US\"},{\"@type\":\"ImageObject\",\"inLanguage\":\"en-US\",\"@id\":\"https:\/\/www.visit-ulcinj.com\/blog\/2008\/09\/04\/kronike-e-kalvarit-te-malesoreve\/#primaryimage\",\"url\":\"http:\/\/www.visit-ulcinj.com\/blog\/wp-content\/uploads\/2008\/09\/fran-camaj-264x300.jpg\",\"contentUrl\":\"http:\/\/www.visit-ulcinj.com\/blog\/wp-content\/uploads\/2008\/09\/fran-camaj-264x300.jpg\"},{\"@type\":\"WebPage\",\"@id\":\"https:\/\/www.visit-ulcinj.com\/blog\/2008\/09\/04\/kronike-e-kalvarit-te-malesoreve\/#webpage\",\"url\":\"https:\/\/www.visit-ulcinj.com\/blog\/2008\/09\/04\/kronike-e-kalvarit-te-malesoreve\/\",\"name\":\"Kronik\u00eb e Kalvarit t\u00eb mal\u00ebsor\u00ebve - Lajme nga Ulqini\",\"isPartOf\":{\"@id\":\"https:\/\/www.visit-ulcinj.com\/blog\/#website\"},\"primaryImageOfPage\":{\"@id\":\"https:\/\/www.visit-ulcinj.com\/blog\/2008\/09\/04\/kronike-e-kalvarit-te-malesoreve\/#primaryimage\"},\"datePublished\":\"2008-09-04T20:38:36+00:00\",\"dateModified\":\"2008-09-04T20:38:36+00:00\",\"author\":{\"@id\":\"https:\/\/www.visit-ulcinj.com\/blog\/#\/schema\/person\/dcab619c614d3038751c63bc2aadc06d\"},\"breadcrumb\":{\"@id\":\"https:\/\/www.visit-ulcinj.com\/blog\/2008\/09\/04\/kronike-e-kalvarit-te-malesoreve\/#breadcrumb\"},\"inLanguage\":\"en-US\",\"potentialAction\":[{\"@type\":\"ReadAction\",\"target\":[\"https:\/\/www.visit-ulcinj.com\/blog\/2008\/09\/04\/kronike-e-kalvarit-te-malesoreve\/\"]}]},{\"@type\":\"BreadcrumbList\",\"@id\":\"https:\/\/www.visit-ulcinj.com\/blog\/2008\/09\/04\/kronike-e-kalvarit-te-malesoreve\/#breadcrumb\",\"itemListElement\":[{\"@type\":\"ListItem\",\"position\":1,\"name\":\"Kronik\u00eb e Kalvarit t\u00eb mal\u00ebsor\u00ebve\"}]},{\"@type\":\"Person\",\"@id\":\"https:\/\/www.visit-ulcinj.com\/blog\/#\/schema\/person\/dcab619c614d3038751c63bc2aadc06d\",\"name\":\"ulqini\",\"sameAs\":[\"http:\/\/www.visit-ulcinj.com\"],\"url\":\"https:\/\/www.visit-ulcinj.com\/blog\/author\/admin\/\"}]}<\/script>\n<!-- \/ Yoast SEO plugin. -->","yoast_head_json":{"title":"Kronik\u00eb e Kalvarit t\u00eb mal\u00ebsor\u00ebve - Lajme nga Ulqini","robots":{"index":"index","follow":"follow","max-snippet":"max-snippet:-1","max-image-preview":"max-image-preview:large","max-video-preview":"max-video-preview:-1"},"canonical":"https:\/\/www.visit-ulcinj.com\/blog\/2008\/09\/04\/kronike-e-kalvarit-te-malesoreve\/","og_locale":"en_US","og_type":"article","og_title":"Kronik\u00eb e Kalvarit t\u00eb mal\u00ebsor\u00ebve - Lajme nga Ulqini","og_url":"https:\/\/www.visit-ulcinj.com\/blog\/2008\/09\/04\/kronike-e-kalvarit-te-malesoreve\/","og_site_name":"Lajme nga Ulqini","article_published_time":"2008-09-04T20:38:36+00:00","og_image":[{"url":"http:\/\/www.visit-ulcinj.com\/blog\/wp-content\/uploads\/2008\/09\/fran-camaj-264x300.jpg"}],"twitter_misc":{"Written by":"ulqini","Est. reading time":"7 minutes"},"schema":{"@context":"https:\/\/schema.org","@graph":[{"@type":"WebSite","@id":"https:\/\/www.visit-ulcinj.com\/blog\/#website","url":"https:\/\/www.visit-ulcinj.com\/blog\/","name":"Lajme nga Ulqini","description":"Lajme,Vijesti,Ulqini,Ulqin,Crna Gora,Mali i Zi","potentialAction":[{"@type":"SearchAction","target":{"@type":"EntryPoint","urlTemplate":"https:\/\/www.visit-ulcinj.com\/blog\/?s={search_term_string}"},"query-input":"required name=search_term_string"}],"inLanguage":"en-US"},{"@type":"ImageObject","inLanguage":"en-US","@id":"https:\/\/www.visit-ulcinj.com\/blog\/2008\/09\/04\/kronike-e-kalvarit-te-malesoreve\/#primaryimage","url":"http:\/\/www.visit-ulcinj.com\/blog\/wp-content\/uploads\/2008\/09\/fran-camaj-264x300.jpg","contentUrl":"http:\/\/www.visit-ulcinj.com\/blog\/wp-content\/uploads\/2008\/09\/fran-camaj-264x300.jpg"},{"@type":"WebPage","@id":"https:\/\/www.visit-ulcinj.com\/blog\/2008\/09\/04\/kronike-e-kalvarit-te-malesoreve\/#webpage","url":"https:\/\/www.visit-ulcinj.com\/blog\/2008\/09\/04\/kronike-e-kalvarit-te-malesoreve\/","name":"Kronik\u00eb e Kalvarit t\u00eb mal\u00ebsor\u00ebve - Lajme nga Ulqini","isPartOf":{"@id":"https:\/\/www.visit-ulcinj.com\/blog\/#website"},"primaryImageOfPage":{"@id":"https:\/\/www.visit-ulcinj.com\/blog\/2008\/09\/04\/kronike-e-kalvarit-te-malesoreve\/#primaryimage"},"datePublished":"2008-09-04T20:38:36+00:00","dateModified":"2008-09-04T20:38:36+00:00","author":{"@id":"https:\/\/www.visit-ulcinj.com\/blog\/#\/schema\/person\/dcab619c614d3038751c63bc2aadc06d"},"breadcrumb":{"@id":"https:\/\/www.visit-ulcinj.com\/blog\/2008\/09\/04\/kronike-e-kalvarit-te-malesoreve\/#breadcrumb"},"inLanguage":"en-US","potentialAction":[{"@type":"ReadAction","target":["https:\/\/www.visit-ulcinj.com\/blog\/2008\/09\/04\/kronike-e-kalvarit-te-malesoreve\/"]}]},{"@type":"BreadcrumbList","@id":"https:\/\/www.visit-ulcinj.com\/blog\/2008\/09\/04\/kronike-e-kalvarit-te-malesoreve\/#breadcrumb","itemListElement":[{"@type":"ListItem","position":1,"name":"Kronik\u00eb e Kalvarit t\u00eb mal\u00ebsor\u00ebve"}]},{"@type":"Person","@id":"https:\/\/www.visit-ulcinj.com\/blog\/#\/schema\/person\/dcab619c614d3038751c63bc2aadc06d","name":"ulqini","sameAs":["http:\/\/www.visit-ulcinj.com"],"url":"https:\/\/www.visit-ulcinj.com\/blog\/author\/admin\/"}]}},"jetpack_featured_media_url":"","jetpack_sharing_enabled":true,"jetpack_shortlink":"https:\/\/wp.me\/pe6lTn-M2","_links":{"self":[{"href":"https:\/\/www.visit-ulcinj.com\/blog\/wp-json\/wp\/v2\/posts\/2978"}],"collection":[{"href":"https:\/\/www.visit-ulcinj.com\/blog\/wp-json\/wp\/v2\/posts"}],"about":[{"href":"https:\/\/www.visit-ulcinj.com\/blog\/wp-json\/wp\/v2\/types\/post"}],"author":[{"embeddable":true,"href":"https:\/\/www.visit-ulcinj.com\/blog\/wp-json\/wp\/v2\/users\/1"}],"replies":[{"embeddable":true,"href":"https:\/\/www.visit-ulcinj.com\/blog\/wp-json\/wp\/v2\/comments?post=2978"}],"version-history":[{"count":0,"href":"https:\/\/www.visit-ulcinj.com\/blog\/wp-json\/wp\/v2\/posts\/2978\/revisions"}],"wp:attachment":[{"href":"https:\/\/www.visit-ulcinj.com\/blog\/wp-json\/wp\/v2\/media?parent=2978"}],"wp:term":[{"taxonomy":"category","embeddable":true,"href":"https:\/\/www.visit-ulcinj.com\/blog\/wp-json\/wp\/v2\/categories?post=2978"},{"taxonomy":"post_tag","embeddable":true,"href":"https:\/\/www.visit-ulcinj.com\/blog\/wp-json\/wp\/v2\/tags?post=2978"}],"curies":[{"name":"wp","href":"https:\/\/api.w.org\/{rel}","templated":true}]}}