{"id":29783,"date":"2010-01-24T19:57:30","date_gmt":"2010-01-24T17:57:30","guid":{"rendered":"http:\/\/www.visit-ulcinj.com\/blog\/?p=29783"},"modified":"2010-01-24T19:57:30","modified_gmt":"2010-01-24T17:57:30","slug":"adelina-ismajli-kam-vendosur-te-merrem-me-politike","status":"publish","type":"post","link":"https:\/\/www.visit-ulcinj.com\/blog\/2010\/01\/24\/adelina-ismajli-kam-vendosur-te-merrem-me-politike\/","title":{"rendered":"Adelina Ismajli: Kam vendosur te merrem me politike"},"content":{"rendered":"<p><a href=\"http:\/\/www.visit-ulcinj.com\/blog\/wp-content\/uploads\/2010\/01\/Adelina-Ismajli.jpg\"><img loading=\"lazy\" class=\"alignleft size-full wp-image-29784\" title=\"Adelina Ismajli\" src=\"http:\/\/www.visit-ulcinj.com\/blog\/wp-content\/uploads\/2010\/01\/Adelina-Ismajli.jpg\" alt=\"Adelina Ismajli\" width=\"580\" height=\"400\" \/><\/a>Nd\u00ebrsa mbante dy flet\u00ebthirrje gjyqi n\u00eb dor\u00eb, para se t\u00eb kap\u00ebrcej\u00eb pragun e gjykat\u00ebs, Adelina Ismajli sheh edhe nj\u00ebher\u00eb or\u00ebn. 08:55. Fiks pes\u00eb minuta para se t\u00eb niste procesi gjyq\u00ebsor ku ajo n\u00eb rolin e padit\u00ebses ka paditur nj\u00eb t\u00eb p\u00ebrditshme, ka kaluar port\u00ebn e gjykat\u00ebs dhe \u00ebsht\u00eb drejtuar n\u00eb zyr\u00ebn e gjyqtares s\u00eb \u00e7\u00ebshtjes, shoq\u00ebruar nga avokati i saj shqiptar dhe menaxheri kosovar. 10 minuta m\u00eb von\u00eb, pasi Ismajli ka dh\u00ebn\u00eb gjenealitetet n\u00eb seanc\u00ebn gjyq\u00ebsore dhe pasi ka pranuar se do p\u00ebrfaq\u00ebsohej n\u00eb gjykim nga avokati \u00ebsht\u00eb mbyllur seanca gjyq\u00ebsore, pas pretendimit t\u00eb Ismaljlit q\u00eb do i q\u00ebndronte k\u00ebrkes\u00eb-padis\u00eb. Pak \u00e7aste m\u00eb von\u00eb, Ismajli pohoi se nuk kishte nd\u00ebmend t\u00eb prononcohej p\u00ebr mediat duke u larguar me t\u00eb shpejt\u00eb n\u00ebp\u00ebr shkall\u00ebt e gjykat\u00ebs, nd\u00ebrsa brenda pak minutash n\u00eb nj\u00eb nga bar-kafet pran\u00eb Gjykat\u00ebs s\u00eb Tiran\u00ebs, nd\u00ebrroi t\u00ebr\u00ebsisht q\u00ebndrimin p\u00ebr mediat duke u prononcuar jo vet\u00ebm p\u00ebr procesin gjyq\u00ebsor por edhe p\u00ebr projektet e saj muzikore dhe planin p\u00ebr t\u2019u marr\u00eb me politik\u00eb. Natyrisht pa harruar t\u00eb p\u00ebrmendte her\u00eb pas here me krenari t\u00eb tepruar se ishte: Adelina Ismajli.<br \/>\nJu keni disa p\u00ebrvoja t\u00eb m\u00ebparshme gjyq\u00ebsore me mediat n\u00eb Kosov\u00eb, cili \u00ebsht\u00eb raporti i humbjeve dhe fitoreve t\u00eb tua n\u00eb gjykat\u00eb?<br \/>\nJam personi i par\u00eb q\u00eb kam fituar procese gjyq\u00ebsore ndaj dy mediave t\u00eb fuqishme kosovare.<br \/>\nT\u00eb dalim pak nga tema e gjyqit, cil\u00ebt jan\u00eb zhvillimet e tua n\u00eb fush\u00ebn e muzik\u00ebs por edhe m\u00eb gjetk\u00eb?<br \/>\nPo punoj p\u00ebr nj\u00eb videoklip i cili del shum\u00eb shpejt. Kam nd\u00ebrmend t\u00eb merrem me politik\u00eb.<br \/>\nMe politik\u00eb? Mos po ndjek shembullin shqiptar t\u00eb \u00c7iljet\u00ebs? N\u00eb cilin krah t\u00eb politik\u00ebs do angazhohesh?<br \/>\nUn\u00eb nuk kopjoj ask\u00ebnd. Nuk angazhohem n\u00eb asnj\u00eb krah t\u00eb politik\u00ebs, qoft\u00eb djathtas, qoft\u00eb majtas. Nuk ndjek as shembullin e \u00c7iljet\u00ebs q\u00eb u p\u00ebrfshi n\u00eb Partin\u00eb e Demoktarike Shqiptare dhe as \u00c7i\u00e7olin\u00ebs dikur, q\u00eb e afroi n\u00eb politik\u00eb Berluskoni. Thash\u00eb q\u00eb un\u00eb jam Adelina Ismajli dhe do b\u00ebj partin\u00eb time.<br \/>\nPak koh\u00eb m\u00eb par\u00eb u p\u00ebrfol\u00ebt p\u00ebr imitimin e nj\u00eb tjet\u00ebr k\u00ebng\u00ebtareje n\u00eb veshjen tuaj te \u201cK\u00ebnga Magjike\u201d, si \u00ebsht\u00eb e v\u00ebrteta e k\u00ebsaj?<br \/>\nN\u00eb youtube kan\u00eb b\u00ebr\u00eb shum\u00eb komente fyese n\u00eb adres\u00ebn time n\u00eb internet. U detyrova t\u00eb merrja nj\u00eb inxhinier informatike p\u00ebr t\u00eb zbuluar IP (numrat personal\u00eb) e kompjuter\u00ebve nga ishin shkruar. Doli q\u00eb ishin adresat e kat\u00ebr k\u00ebng\u00ebtar\u00ebve pjes\u00ebmarr\u00ebse n\u00eb t\u00eb nj\u00ebjtin eveniment t\u00eb k\u00ebng\u00ebs.<\/p>\n<p><strong>Panorama Plus<br \/>\n<br \/>\n<!--YouTube Error: bad URL entered--><\/strong><\/p>\n","protected":false},"excerpt":{"rendered":"<p>Nd\u00ebrsa mbante dy flet\u00ebthirrje gjyqi n\u00eb dor\u00eb, para se t\u00eb kap\u00ebrcej\u00eb pragun e gjykat\u00ebs, Adelina Ismajli sheh edhe nj\u00ebher\u00eb or\u00ebn. 08:55. Fiks pes\u00eb minuta para se t\u00eb niste procesi gjyq\u00ebsor ku ajo n\u00eb rolin e padit\u00ebses ka paditur nj\u00eb t\u00eb p\u00ebrditshme, ka kaluar port\u00ebn e gjykat\u00ebs dhe \u00ebsht\u00eb drejtuar n\u00eb zyr\u00ebn e gjyqtares s\u00eb \u00e7\u00ebshtjes, [&hellip;]<\/p>\n","protected":false},"author":1,"featured_media":0,"comment_status":"open","ping_status":"closed","sticky":false,"template":"","format":"standard","meta":{"spay_email":"","jetpack_publicize_message":"","jetpack_is_tweetstorm":false,"jetpack_publicize_feature_enabled":true},"categories":[1],"tags":[5264],"jetpack_publicize_connections":[],"yoast_head":"<!-- This site is optimized with the Yoast SEO plugin v19.1 - https:\/\/yoast.com\/wordpress\/plugins\/seo\/ -->\n<title>Adelina Ismajli: Kam vendosur te merrem me politike - Lajme nga Ulqini<\/title>\n<meta name=\"description\" content=\"Nd\u00ebrsa mbante dy flet\u00ebthirrje gjyqi n\u00eb dor\u00eb, para se t\u00eb kap\u00ebrcej\u00eb pragun e gjykat\u00ebs, Adelina Ismajli sheh edhe nj\u00ebher\u00eb or\u00ebn. 08:55. Fiks pes\u00eb minuta para\" \/>\n<meta name=\"robots\" content=\"index, follow, max-snippet:-1, max-image-preview:large, max-video-preview:-1\" \/>\n<link rel=\"canonical\" href=\"https:\/\/www.visit-ulcinj.com\/blog\/2010\/01\/24\/adelina-ismajli-kam-vendosur-te-merrem-me-politike\/\" \/>\n<meta property=\"og:locale\" content=\"en_US\" \/>\n<meta property=\"og:type\" content=\"article\" \/>\n<meta property=\"og:title\" content=\"Adelina Ismajli: Kam vendosur te merrem me politike - Lajme nga Ulqini\" \/>\n<meta property=\"og:description\" content=\"Nd\u00ebrsa mbante dy flet\u00ebthirrje gjyqi n\u00eb dor\u00eb, para se t\u00eb kap\u00ebrcej\u00eb pragun e gjykat\u00ebs, Adelina Ismajli sheh edhe nj\u00ebher\u00eb or\u00ebn. 08:55. Fiks pes\u00eb minuta para\" \/>\n<meta property=\"og:url\" content=\"https:\/\/www.visit-ulcinj.com\/blog\/2010\/01\/24\/adelina-ismajli-kam-vendosur-te-merrem-me-politike\/\" \/>\n<meta property=\"og:site_name\" content=\"Lajme nga Ulqini\" \/>\n<meta property=\"article:published_time\" content=\"2010-01-24T17:57:30+00:00\" \/>\n<meta property=\"og:image\" content=\"https:\/\/www.visit-ulcinj.com\/blog\/wp-content\/uploads\/2010\/01\/Adelina-Ismajli-150x150.jpg\" \/>\n<meta name=\"twitter:label1\" content=\"Written by\" \/>\n\t<meta name=\"twitter:data1\" content=\"ulqini\" \/>\n\t<meta name=\"twitter:label2\" content=\"Est. reading time\" \/>\n\t<meta name=\"twitter:data2\" content=\"2 minutes\" \/>\n<script type=\"application\/ld+json\" class=\"yoast-schema-graph\">{\"@context\":\"https:\/\/schema.org\",\"@graph\":[{\"@type\":\"WebSite\",\"@id\":\"https:\/\/www.visit-ulcinj.com\/blog\/#website\",\"url\":\"https:\/\/www.visit-ulcinj.com\/blog\/\",\"name\":\"Lajme nga Ulqini\",\"description\":\"Lajme,Vijesti,Ulqini,Ulqin,Crna Gora,Mali i Zi\",\"potentialAction\":[{\"@type\":\"SearchAction\",\"target\":{\"@type\":\"EntryPoint\",\"urlTemplate\":\"https:\/\/www.visit-ulcinj.com\/blog\/?s={search_term_string}\"},\"query-input\":\"required name=search_term_string\"}],\"inLanguage\":\"en-US\"},{\"@type\":\"ImageObject\",\"inLanguage\":\"en-US\",\"@id\":\"https:\/\/www.visit-ulcinj.com\/blog\/2010\/01\/24\/adelina-ismajli-kam-vendosur-te-merrem-me-politike\/#primaryimage\",\"url\":\"http:\/\/www.visit-ulcinj.com\/blog\/wp-content\/uploads\/2010\/01\/Adelina-Ismajli.jpg\",\"contentUrl\":\"http:\/\/www.visit-ulcinj.com\/blog\/wp-content\/uploads\/2010\/01\/Adelina-Ismajli.jpg\"},{\"@type\":\"WebPage\",\"@id\":\"https:\/\/www.visit-ulcinj.com\/blog\/2010\/01\/24\/adelina-ismajli-kam-vendosur-te-merrem-me-politike\/#webpage\",\"url\":\"https:\/\/www.visit-ulcinj.com\/blog\/2010\/01\/24\/adelina-ismajli-kam-vendosur-te-merrem-me-politike\/\",\"name\":\"Adelina Ismajli: Kam vendosur te merrem me politike - Lajme nga Ulqini\",\"isPartOf\":{\"@id\":\"https:\/\/www.visit-ulcinj.com\/blog\/#website\"},\"primaryImageOfPage\":{\"@id\":\"https:\/\/www.visit-ulcinj.com\/blog\/2010\/01\/24\/adelina-ismajli-kam-vendosur-te-merrem-me-politike\/#primaryimage\"},\"datePublished\":\"2010-01-24T17:57:30+00:00\",\"dateModified\":\"2010-01-24T17:57:30+00:00\",\"author\":{\"@id\":\"https:\/\/www.visit-ulcinj.com\/blog\/#\/schema\/person\/dcab619c614d3038751c63bc2aadc06d\"},\"description\":\"Nd\u00ebrsa mbante dy flet\u00ebthirrje gjyqi n\u00eb dor\u00eb, para se t\u00eb kap\u00ebrcej\u00eb pragun e gjykat\u00ebs, Adelina Ismajli sheh edhe nj\u00ebher\u00eb or\u00ebn. 08:55. Fiks pes\u00eb minuta para\",\"breadcrumb\":{\"@id\":\"https:\/\/www.visit-ulcinj.com\/blog\/2010\/01\/24\/adelina-ismajli-kam-vendosur-te-merrem-me-politike\/#breadcrumb\"},\"inLanguage\":\"en-US\",\"potentialAction\":[{\"@type\":\"ReadAction\",\"target\":[\"https:\/\/www.visit-ulcinj.com\/blog\/2010\/01\/24\/adelina-ismajli-kam-vendosur-te-merrem-me-politike\/\"]}]},{\"@type\":\"BreadcrumbList\",\"@id\":\"https:\/\/www.visit-ulcinj.com\/blog\/2010\/01\/24\/adelina-ismajli-kam-vendosur-te-merrem-me-politike\/#breadcrumb\",\"itemListElement\":[{\"@type\":\"ListItem\",\"position\":1,\"name\":\"Adelina Ismajli: Kam vendosur te merrem me politike\"}]},{\"@type\":\"Person\",\"@id\":\"https:\/\/www.visit-ulcinj.com\/blog\/#\/schema\/person\/dcab619c614d3038751c63bc2aadc06d\",\"name\":\"ulqini\",\"sameAs\":[\"http:\/\/www.visit-ulcinj.com\"],\"url\":\"https:\/\/www.visit-ulcinj.com\/blog\/author\/admin\/\"}]}<\/script>\n<!-- \/ Yoast SEO plugin. -->","yoast_head_json":{"title":"Adelina Ismajli: Kam vendosur te merrem me politike - Lajme nga Ulqini","description":"Nd\u00ebrsa mbante dy flet\u00ebthirrje gjyqi n\u00eb dor\u00eb, para se t\u00eb kap\u00ebrcej\u00eb pragun e gjykat\u00ebs, Adelina Ismajli sheh edhe nj\u00ebher\u00eb or\u00ebn. 08:55. Fiks pes\u00eb minuta para","robots":{"index":"index","follow":"follow","max-snippet":"max-snippet:-1","max-image-preview":"max-image-preview:large","max-video-preview":"max-video-preview:-1"},"canonical":"https:\/\/www.visit-ulcinj.com\/blog\/2010\/01\/24\/adelina-ismajli-kam-vendosur-te-merrem-me-politike\/","og_locale":"en_US","og_type":"article","og_title":"Adelina Ismajli: Kam vendosur te merrem me politike - Lajme nga Ulqini","og_description":"Nd\u00ebrsa mbante dy flet\u00ebthirrje gjyqi n\u00eb dor\u00eb, para se t\u00eb kap\u00ebrcej\u00eb pragun e gjykat\u00ebs, Adelina Ismajli sheh edhe nj\u00ebher\u00eb or\u00ebn. 08:55. Fiks pes\u00eb minuta para","og_url":"https:\/\/www.visit-ulcinj.com\/blog\/2010\/01\/24\/adelina-ismajli-kam-vendosur-te-merrem-me-politike\/","og_site_name":"Lajme nga Ulqini","article_published_time":"2010-01-24T17:57:30+00:00","og_image":[{"url":"https:\/\/www.visit-ulcinj.com\/blog\/wp-content\/uploads\/2010\/01\/Adelina-Ismajli-150x150.jpg"}],"twitter_misc":{"Written by":"ulqini","Est. reading time":"2 minutes"},"schema":{"@context":"https:\/\/schema.org","@graph":[{"@type":"WebSite","@id":"https:\/\/www.visit-ulcinj.com\/blog\/#website","url":"https:\/\/www.visit-ulcinj.com\/blog\/","name":"Lajme nga Ulqini","description":"Lajme,Vijesti,Ulqini,Ulqin,Crna Gora,Mali i Zi","potentialAction":[{"@type":"SearchAction","target":{"@type":"EntryPoint","urlTemplate":"https:\/\/www.visit-ulcinj.com\/blog\/?s={search_term_string}"},"query-input":"required name=search_term_string"}],"inLanguage":"en-US"},{"@type":"ImageObject","inLanguage":"en-US","@id":"https:\/\/www.visit-ulcinj.com\/blog\/2010\/01\/24\/adelina-ismajli-kam-vendosur-te-merrem-me-politike\/#primaryimage","url":"http:\/\/www.visit-ulcinj.com\/blog\/wp-content\/uploads\/2010\/01\/Adelina-Ismajli.jpg","contentUrl":"http:\/\/www.visit-ulcinj.com\/blog\/wp-content\/uploads\/2010\/01\/Adelina-Ismajli.jpg"},{"@type":"WebPage","@id":"https:\/\/www.visit-ulcinj.com\/blog\/2010\/01\/24\/adelina-ismajli-kam-vendosur-te-merrem-me-politike\/#webpage","url":"https:\/\/www.visit-ulcinj.com\/blog\/2010\/01\/24\/adelina-ismajli-kam-vendosur-te-merrem-me-politike\/","name":"Adelina Ismajli: Kam vendosur te merrem me politike - Lajme nga Ulqini","isPartOf":{"@id":"https:\/\/www.visit-ulcinj.com\/blog\/#website"},"primaryImageOfPage":{"@id":"https:\/\/www.visit-ulcinj.com\/blog\/2010\/01\/24\/adelina-ismajli-kam-vendosur-te-merrem-me-politike\/#primaryimage"},"datePublished":"2010-01-24T17:57:30+00:00","dateModified":"2010-01-24T17:57:30+00:00","author":{"@id":"https:\/\/www.visit-ulcinj.com\/blog\/#\/schema\/person\/dcab619c614d3038751c63bc2aadc06d"},"description":"Nd\u00ebrsa mbante dy flet\u00ebthirrje gjyqi n\u00eb dor\u00eb, para se t\u00eb kap\u00ebrcej\u00eb pragun e gjykat\u00ebs, Adelina Ismajli sheh edhe nj\u00ebher\u00eb or\u00ebn. 08:55. Fiks pes\u00eb minuta para","breadcrumb":{"@id":"https:\/\/www.visit-ulcinj.com\/blog\/2010\/01\/24\/adelina-ismajli-kam-vendosur-te-merrem-me-politike\/#breadcrumb"},"inLanguage":"en-US","potentialAction":[{"@type":"ReadAction","target":["https:\/\/www.visit-ulcinj.com\/blog\/2010\/01\/24\/adelina-ismajli-kam-vendosur-te-merrem-me-politike\/"]}]},{"@type":"BreadcrumbList","@id":"https:\/\/www.visit-ulcinj.com\/blog\/2010\/01\/24\/adelina-ismajli-kam-vendosur-te-merrem-me-politike\/#breadcrumb","itemListElement":[{"@type":"ListItem","position":1,"name":"Adelina Ismajli: Kam vendosur te merrem me politike"}]},{"@type":"Person","@id":"https:\/\/www.visit-ulcinj.com\/blog\/#\/schema\/person\/dcab619c614d3038751c63bc2aadc06d","name":"ulqini","sameAs":["http:\/\/www.visit-ulcinj.com"],"url":"https:\/\/www.visit-ulcinj.com\/blog\/author\/admin\/"}]}},"jetpack_featured_media_url":"","jetpack_sharing_enabled":true,"jetpack_shortlink":"https:\/\/wp.me\/pe6lTn-7Kn","_links":{"self":[{"href":"https:\/\/www.visit-ulcinj.com\/blog\/wp-json\/wp\/v2\/posts\/29783"}],"collection":[{"href":"https:\/\/www.visit-ulcinj.com\/blog\/wp-json\/wp\/v2\/posts"}],"about":[{"href":"https:\/\/www.visit-ulcinj.com\/blog\/wp-json\/wp\/v2\/types\/post"}],"author":[{"embeddable":true,"href":"https:\/\/www.visit-ulcinj.com\/blog\/wp-json\/wp\/v2\/users\/1"}],"replies":[{"embeddable":true,"href":"https:\/\/www.visit-ulcinj.com\/blog\/wp-json\/wp\/v2\/comments?post=29783"}],"version-history":[{"count":0,"href":"https:\/\/www.visit-ulcinj.com\/blog\/wp-json\/wp\/v2\/posts\/29783\/revisions"}],"wp:attachment":[{"href":"https:\/\/www.visit-ulcinj.com\/blog\/wp-json\/wp\/v2\/media?parent=29783"}],"wp:term":[{"taxonomy":"category","embeddable":true,"href":"https:\/\/www.visit-ulcinj.com\/blog\/wp-json\/wp\/v2\/categories?post=29783"},{"taxonomy":"post_tag","embeddable":true,"href":"https:\/\/www.visit-ulcinj.com\/blog\/wp-json\/wp\/v2\/tags?post=29783"}],"curies":[{"name":"wp","href":"https:\/\/api.w.org\/{rel}","templated":true}]}}