{"id":29813,"date":"2010-01-25T14:37:42","date_gmt":"2010-01-25T12:37:42","guid":{"rendered":"http:\/\/www.visit-ulcinj.com\/blog\/?p=29813"},"modified":"2010-01-25T20:29:04","modified_gmt":"2010-01-25T18:29:04","slug":"ne-ulqin-seshpejti-mund-te-presim-fillimin-e-punimeve-te-banesave-qe-do-te-ndertoheshin-nga-fondi-i-sindikatave-per-ndertim-dhe-komuna-e-ulqinit","status":"publish","type":"post","link":"https:\/\/www.visit-ulcinj.com\/blog\/2010\/01\/25\/ne-ulqin-seshpejti-mund-te-presim-fillimin-e-punimeve-te-banesave-qe-do-te-ndertoheshin-nga-fondi-i-sindikatave-per-ndertim-dhe-komuna-e-ulqinit\/","title":{"rendered":"N\u00eb Ulqin s\u00eb shpejti mund t\u00eb presim fillimin e punimeve t\u00eb banesave q\u00eb do t\u00eb nd\u00ebrtoheshin nga Fondi i sindikatave p\u00ebr nd\u00ebrtim dhe Komuna e Ulqinit"},"content":{"rendered":"<p><a href=\"http:\/\/www.visit-ulcinj.com\/blog\/wp-content\/uploads\/2010\/01\/Gezim-Hajdinaga_Svetozar-Bullatovic_Shefki-Keko-Lamovic_Nazif-Hoxhiq.jpg\"><img loading=\"lazy\" class=\"alignleft size-full wp-image-29819\" title=\"Gezim Hajdinaga_Svetozar Bullatovic_Shefki Keko Lamovic_Nazif Hoxhiq\" src=\"http:\/\/www.visit-ulcinj.com\/blog\/wp-content\/uploads\/2010\/01\/Gezim-Hajdinaga_Svetozar-Bullatovic_Shefki-Keko-Lamovic_Nazif-Hoxhiq.jpg\" alt=\"Gezim Hajdinaga_Svetozar Bullatovic_Shefki Keko Lamovic_Nazif Hoxhiq\" width=\"580\" height=\"400\" \/><\/a><\/p>\n<p>Kryetari i Komun\u00ebs s\u00eb Ulqinit z.G\u00ebzim Hajdinaga dhe bashk\u00ebpun\u00ebtor\u00ebt e tij prit\u00ebn sot n\u00eb nj\u00eb takim pune z.Svetozar Bullatoviq, Drejtor i marketingut i Fondit republikan t\u00eb sindikatave p\u00ebr nd\u00ebrtim dhe z. Shefki Keko Lamoviq, Kryetar i sindikatave t\u00eb Ulqinit.<br \/>\nN\u00eb takim u b\u00eb fjal\u00eb\u00a0 p\u00ebr aktivitetet e Fondit n\u00eb nd\u00ebrtimin e banesave p\u00ebr punetor\u00ebt e kolektiveve t\u00eb ndryshme, me \u00e7mime tejet t\u00eb arsyeshme.<br \/>\nU tha q\u00eb i t\u00ebr\u00eb aktivitetei zhvillohet n\u00eb koordinim nd\u00ebrmjet Fondit dhe Komun\u00ebs, si pal\u00eb e interesuar.<\/p>\n<p><strong>Ky akcion \u00ebsht\u00eb zhvilluar n\u00eb shum\u00eb qytete t\u00eb Malit t\u00eb Zi.<\/strong><\/p>\n<p>Kryetari Hajdinaga duke vler\u00ebsuar nj\u00eb hap t\u00eb till\u00eb u shpreh i gatsh\u00ebm q\u00eb edhe Ulqini t\u00eb p\u00ebrfshihet n\u00eb projekte t\u00eb k\u00ebtilla t\u00eb lev\u00ebrdishme, dhe me vlera, ve\u00e7mas p\u00ebr ato t\u00eb cil\u00ebt n\u00eb asnj\u00eb m\u00ebnyr\u00eb nuk munden t\u00eb zgjidhin problemin e\u00a0 strehimit.<br \/>\nAi autorizoi Sekretarin p\u00ebr Urbaniz\u00ebm q\u00eb sa m\u00eb par\u00eb t\u00eb punohet n\u00eb sigurimin e dokumentacionit projektues dhe i nj\u00ebjti t\u2019i ofrohet Kuvendit p\u00ebr miratim.<br \/>\nN\u00eb takim si\u00e7 u tha komun\u00ebs, e cila do t\u00eb siguronte truallin p\u00ebr nd\u00ebrtim dhe do t\u00eb lironte investuesin q\u00eb n\u00eb k\u00ebt\u00eb rast \u00ebsht\u00eb Fondi, nga taksat komunale do ti takonin 30 p\u00ebrqind e banesave.<br \/>\nJu, rikujtojm\u00eb q\u00eb nisur nga qytetet e tjer\u00eb ku po aplikohet projekti n\u00eb fjal\u00eb,\u00a0 \u00e7mimi i banes\u00ebs p\u00ebr met\u00ebr katror\u00eb shkon nga 592 euro n\u00eb Pogoric\u00eb respektivisht 560 euro n\u00eb Plevle, deri n\u00eb 850 euro n\u00eb Budve.<\/p>\n<p><strong>Municipality of Ulcinj \/ Ulqin<br \/>\n\n\t\t<style type=\"text\/css\">\n\t\t\t#gallery-1 {\n\t\t\t\tmargin: auto;\n\t\t\t}\n\t\t\t#gallery-1 .gallery-item {\n\t\t\t\tfloat: left;\n\t\t\t\tmargin-top: 10px;\n\t\t\t\ttext-align: center;\n\t\t\t\twidth: 33%;\n\t\t\t}\n\t\t\t#gallery-1 img {\n\t\t\t\tborder: 2px solid #cfcfcf;\n\t\t\t}\n\t\t\t#gallery-1 .gallery-caption {\n\t\t\t\tmargin-left: 0;\n\t\t\t}\n\t\t\t\/* see gallery_shortcode() in wp-includes\/media.php *\/\n\t\t<\/style>\n\t\t<div id='gallery-1' class='gallery galleryid-29813 gallery-columns-3 gallery-size-thumbnail'><dl class='gallery-item'>\n\t\t\t<dt class='gallery-icon landscape'>\n\t\t\t\t<a href='https:\/\/www.visit-ulcinj.com\/blog\/wp-content\/uploads\/2010\/01\/Gezim-Hajdinaga_Svetozar-Bullatovic_Shefki-Keko-Lamovic_Nazif-Hoxhiq.jpg'><img width=\"150\" height=\"150\" src=\"https:\/\/www.visit-ulcinj.com\/blog\/wp-content\/uploads\/2010\/01\/Gezim-Hajdinaga_Svetozar-Bullatovic_Shefki-Keko-Lamovic_Nazif-Hoxhiq-150x150.jpg\" class=\"attachment-thumbnail size-thumbnail\" alt=\"\" loading=\"lazy\" \/><\/a>\n\t\t\t<\/dt><\/dl><dl class='gallery-item'>\n\t\t\t<dt class='gallery-icon landscape'>\n\t\t\t\t<a href='https:\/\/www.visit-ulcinj.com\/blog\/wp-content\/uploads\/2010\/01\/Gezim-Hajdinaga_Svetozar-Bullatovic_Shefki-Keko-Lamovic_Nazif-Hoxhiq.1.jpg'><img width=\"150\" height=\"150\" src=\"https:\/\/www.visit-ulcinj.com\/blog\/wp-content\/uploads\/2010\/01\/Gezim-Hajdinaga_Svetozar-Bullatovic_Shefki-Keko-Lamovic_Nazif-Hoxhiq.1-150x150.jpg\" class=\"attachment-thumbnail size-thumbnail\" alt=\"\" loading=\"lazy\" \/><\/a>\n\t\t\t<\/dt><\/dl><dl class='gallery-item'>\n\t\t\t<dt class='gallery-icon landscape'>\n\t\t\t\t<a href='https:\/\/www.visit-ulcinj.com\/blog\/wp-content\/uploads\/2010\/01\/Gezim-Hajdinaga_Svetozar-Bullatovic_Shefki-Keko-Lamovic_Nazif-Hoxhiq.2.jpg'><img width=\"150\" height=\"150\" src=\"https:\/\/www.visit-ulcinj.com\/blog\/wp-content\/uploads\/2010\/01\/Gezim-Hajdinaga_Svetozar-Bullatovic_Shefki-Keko-Lamovic_Nazif-Hoxhiq.2-150x150.jpg\" class=\"attachment-thumbnail size-thumbnail\" alt=\"\" loading=\"lazy\" \/><\/a>\n\t\t\t<\/dt><\/dl><br style=\"clear: both\" \/>\n\t\t<\/div>\n<br \/>\n<\/strong>[flv width=&#8221;580&#8243; height=&#8221;400&#8243;]http:\/\/video.zoover.nl\/media\/play\/2010\/01\/20100125130811_025.flv[\/flv]<\/p>\n","protected":false},"excerpt":{"rendered":"<p>Kryetari i Komun\u00ebs s\u00eb Ulqinit z.G\u00ebzim Hajdinaga dhe bashk\u00ebpun\u00ebtor\u00ebt e tij prit\u00ebn sot n\u00eb nj\u00eb takim pune z.Svetozar Bullatoviq, Drejtor i marketingut i Fondit republikan t\u00eb sindikatave p\u00ebr nd\u00ebrtim dhe z. Shefki Keko Lamoviq, Kryetar i sindikatave t\u00eb Ulqinit. N\u00eb takim u b\u00eb fjal\u00eb\u00a0 p\u00ebr aktivitetet e Fondit n\u00eb nd\u00ebrtimin e banesave p\u00ebr punetor\u00ebt e [&hellip;]<\/p>\n","protected":false},"author":1,"featured_media":0,"comment_status":"open","ping_status":"closed","sticky":false,"template":"","format":"standard","meta":{"spay_email":"","jetpack_publicize_message":"","jetpack_is_tweetstorm":false,"jetpack_publicize_feature_enabled":true},"categories":[1],"tags":[13391,9509,13390,13389],"jetpack_publicize_connections":[],"yoast_head":"<!-- This site is optimized with the Yoast SEO plugin v19.1 - https:\/\/yoast.com\/wordpress\/plugins\/seo\/ -->\n<title>N\u00eb Ulqin s\u00eb shpejti mund t\u00eb presim fillimin e punimeve t\u00eb banesave q\u00eb do t\u00eb nd\u00ebrtoheshin nga Fondi i sindikatave p\u00ebr nd\u00ebrtim dhe Komuna e Ulqinit - Lajme nga Ulqini<\/title>\n<meta name=\"description\" content=\"Kryetari i Komun\u00ebs s\u00eb Ulqinit z.G\u00ebzim Hajdinaga dhe bashk\u00ebpun\u00ebtor\u00ebt e tij prit\u00ebn sot n\u00eb nj\u00eb takim pune z.Svetozar Bullatoviq, Drejtor i marketingut i\" \/>\n<meta name=\"robots\" content=\"index, follow, max-snippet:-1, max-image-preview:large, max-video-preview:-1\" \/>\n<link rel=\"canonical\" href=\"https:\/\/www.visit-ulcinj.com\/blog\/2010\/01\/25\/ne-ulqin-seshpejti-mund-te-presim-fillimin-e-punimeve-te-banesave-qe-do-te-ndertoheshin-nga-fondi-i-sindikatave-per-ndertim-dhe-komuna-e-ulqinit\/\" \/>\n<meta property=\"og:locale\" content=\"en_US\" \/>\n<meta property=\"og:type\" content=\"article\" \/>\n<meta property=\"og:title\" content=\"N\u00eb Ulqin s\u00eb shpejti mund t\u00eb presim fillimin e punimeve t\u00eb banesave q\u00eb do t\u00eb nd\u00ebrtoheshin nga Fondi i sindikatave p\u00ebr nd\u00ebrtim dhe Komuna e Ulqinit - Lajme nga Ulqini\" \/>\n<meta property=\"og:description\" content=\"Kryetari i Komun\u00ebs s\u00eb Ulqinit z.G\u00ebzim Hajdinaga dhe bashk\u00ebpun\u00ebtor\u00ebt e tij prit\u00ebn sot n\u00eb nj\u00eb takim pune z.Svetozar Bullatoviq, Drejtor i marketingut i\" \/>\n<meta property=\"og:url\" content=\"https:\/\/www.visit-ulcinj.com\/blog\/2010\/01\/25\/ne-ulqin-seshpejti-mund-te-presim-fillimin-e-punimeve-te-banesave-qe-do-te-ndertoheshin-nga-fondi-i-sindikatave-per-ndertim-dhe-komuna-e-ulqinit\/\" \/>\n<meta property=\"og:site_name\" content=\"Lajme nga Ulqini\" \/>\n<meta property=\"article:published_time\" content=\"2010-01-25T12:37:42+00:00\" \/>\n<meta property=\"article:modified_time\" content=\"2010-01-25T18:29:04+00:00\" \/>\n<meta property=\"og:image\" content=\"https:\/\/www.visit-ulcinj.com\/blog\/wp-content\/uploads\/2010\/01\/Gezim-Hajdinaga_Svetozar-Bullatovic_Shefki-Keko-Lamovic_Nazif-Hoxhiq-150x150.jpg\" \/>\n<meta name=\"twitter:label1\" content=\"Written by\" \/>\n\t<meta name=\"twitter:data1\" content=\"ulqini\" \/>\n\t<meta name=\"twitter:label2\" content=\"Est. reading time\" \/>\n\t<meta name=\"twitter:data2\" content=\"1 minute\" \/>\n<script type=\"application\/ld+json\" class=\"yoast-schema-graph\">{\"@context\":\"https:\/\/schema.org\",\"@graph\":[{\"@type\":\"WebSite\",\"@id\":\"https:\/\/www.visit-ulcinj.com\/blog\/#website\",\"url\":\"https:\/\/www.visit-ulcinj.com\/blog\/\",\"name\":\"Lajme nga Ulqini\",\"description\":\"Lajme,Vijesti,Ulqini,Ulqin,Crna Gora,Mali i Zi\",\"potentialAction\":[{\"@type\":\"SearchAction\",\"target\":{\"@type\":\"EntryPoint\",\"urlTemplate\":\"https:\/\/www.visit-ulcinj.com\/blog\/?s={search_term_string}\"},\"query-input\":\"required name=search_term_string\"}],\"inLanguage\":\"en-US\"},{\"@type\":\"ImageObject\",\"inLanguage\":\"en-US\",\"@id\":\"https:\/\/www.visit-ulcinj.com\/blog\/2010\/01\/25\/ne-ulqin-seshpejti-mund-te-presim-fillimin-e-punimeve-te-banesave-qe-do-te-ndertoheshin-nga-fondi-i-sindikatave-per-ndertim-dhe-komuna-e-ulqinit\/#primaryimage\",\"url\":\"https:\/\/www.visit-ulcinj.com\/blog\/wp-content\/uploads\/2010\/01\/Gezim-Hajdinaga_Svetozar-Bullatovic_Shefki-Keko-Lamovic_Nazif-Hoxhiq.jpg\",\"contentUrl\":\"https:\/\/www.visit-ulcinj.com\/blog\/wp-content\/uploads\/2010\/01\/Gezim-Hajdinaga_Svetozar-Bullatovic_Shefki-Keko-Lamovic_Nazif-Hoxhiq.jpg\",\"width\":\"1024\",\"height\":\"768\"},{\"@type\":\"WebPage\",\"@id\":\"https:\/\/www.visit-ulcinj.com\/blog\/2010\/01\/25\/ne-ulqin-seshpejti-mund-te-presim-fillimin-e-punimeve-te-banesave-qe-do-te-ndertoheshin-nga-fondi-i-sindikatave-per-ndertim-dhe-komuna-e-ulqinit\/#webpage\",\"url\":\"https:\/\/www.visit-ulcinj.com\/blog\/2010\/01\/25\/ne-ulqin-seshpejti-mund-te-presim-fillimin-e-punimeve-te-banesave-qe-do-te-ndertoheshin-nga-fondi-i-sindikatave-per-ndertim-dhe-komuna-e-ulqinit\/\",\"name\":\"N\u00eb Ulqin s\u00eb shpejti mund t\u00eb presim fillimin e punimeve t\u00eb banesave q\u00eb do t\u00eb nd\u00ebrtoheshin nga Fondi i sindikatave p\u00ebr nd\u00ebrtim dhe Komuna e Ulqinit - Lajme nga Ulqini\",\"isPartOf\":{\"@id\":\"https:\/\/www.visit-ulcinj.com\/blog\/#website\"},\"primaryImageOfPage\":{\"@id\":\"https:\/\/www.visit-ulcinj.com\/blog\/2010\/01\/25\/ne-ulqin-seshpejti-mund-te-presim-fillimin-e-punimeve-te-banesave-qe-do-te-ndertoheshin-nga-fondi-i-sindikatave-per-ndertim-dhe-komuna-e-ulqinit\/#primaryimage\"},\"datePublished\":\"2010-01-25T12:37:42+00:00\",\"dateModified\":\"2010-01-25T18:29:04+00:00\",\"author\":{\"@id\":\"https:\/\/www.visit-ulcinj.com\/blog\/#\/schema\/person\/dcab619c614d3038751c63bc2aadc06d\"},\"description\":\"Kryetari i Komun\u00ebs s\u00eb Ulqinit z.G\u00ebzim Hajdinaga dhe bashk\u00ebpun\u00ebtor\u00ebt e tij prit\u00ebn sot n\u00eb nj\u00eb takim pune z.Svetozar Bullatoviq, Drejtor i marketingut i\",\"breadcrumb\":{\"@id\":\"https:\/\/www.visit-ulcinj.com\/blog\/2010\/01\/25\/ne-ulqin-seshpejti-mund-te-presim-fillimin-e-punimeve-te-banesave-qe-do-te-ndertoheshin-nga-fondi-i-sindikatave-per-ndertim-dhe-komuna-e-ulqinit\/#breadcrumb\"},\"inLanguage\":\"en-US\",\"potentialAction\":[{\"@type\":\"ReadAction\",\"target\":[\"https:\/\/www.visit-ulcinj.com\/blog\/2010\/01\/25\/ne-ulqin-seshpejti-mund-te-presim-fillimin-e-punimeve-te-banesave-qe-do-te-ndertoheshin-nga-fondi-i-sindikatave-per-ndertim-dhe-komuna-e-ulqinit\/\"]}]},{\"@type\":\"BreadcrumbList\",\"@id\":\"https:\/\/www.visit-ulcinj.com\/blog\/2010\/01\/25\/ne-ulqin-seshpejti-mund-te-presim-fillimin-e-punimeve-te-banesave-qe-do-te-ndertoheshin-nga-fondi-i-sindikatave-per-ndertim-dhe-komuna-e-ulqinit\/#breadcrumb\",\"itemListElement\":[{\"@type\":\"ListItem\",\"position\":1,\"name\":\"N\u00eb Ulqin s\u00eb shpejti mund t\u00eb presim fillimin e punimeve t\u00eb banesave q\u00eb do t\u00eb nd\u00ebrtoheshin nga Fondi i sindikatave p\u00ebr nd\u00ebrtim dhe Komuna e Ulqinit\"}]},{\"@type\":\"Person\",\"@id\":\"https:\/\/www.visit-ulcinj.com\/blog\/#\/schema\/person\/dcab619c614d3038751c63bc2aadc06d\",\"name\":\"ulqini\",\"sameAs\":[\"http:\/\/www.visit-ulcinj.com\"],\"url\":\"https:\/\/www.visit-ulcinj.com\/blog\/author\/admin\/\"}]}<\/script>\n<!-- \/ Yoast SEO plugin. -->","yoast_head_json":{"title":"N\u00eb Ulqin s\u00eb shpejti mund t\u00eb presim fillimin e punimeve t\u00eb banesave q\u00eb do t\u00eb nd\u00ebrtoheshin nga Fondi i sindikatave p\u00ebr nd\u00ebrtim dhe Komuna e Ulqinit - Lajme nga Ulqini","description":"Kryetari i Komun\u00ebs s\u00eb Ulqinit z.G\u00ebzim Hajdinaga dhe bashk\u00ebpun\u00ebtor\u00ebt e tij prit\u00ebn sot n\u00eb nj\u00eb takim pune z.Svetozar Bullatoviq, Drejtor i marketingut i","robots":{"index":"index","follow":"follow","max-snippet":"max-snippet:-1","max-image-preview":"max-image-preview:large","max-video-preview":"max-video-preview:-1"},"canonical":"https:\/\/www.visit-ulcinj.com\/blog\/2010\/01\/25\/ne-ulqin-seshpejti-mund-te-presim-fillimin-e-punimeve-te-banesave-qe-do-te-ndertoheshin-nga-fondi-i-sindikatave-per-ndertim-dhe-komuna-e-ulqinit\/","og_locale":"en_US","og_type":"article","og_title":"N\u00eb Ulqin s\u00eb shpejti mund t\u00eb presim fillimin e punimeve t\u00eb banesave q\u00eb do t\u00eb nd\u00ebrtoheshin nga Fondi i sindikatave p\u00ebr nd\u00ebrtim dhe Komuna e Ulqinit - Lajme nga Ulqini","og_description":"Kryetari i Komun\u00ebs s\u00eb Ulqinit z.G\u00ebzim Hajdinaga dhe bashk\u00ebpun\u00ebtor\u00ebt e tij prit\u00ebn sot n\u00eb nj\u00eb takim pune z.Svetozar Bullatoviq, Drejtor i marketingut i","og_url":"https:\/\/www.visit-ulcinj.com\/blog\/2010\/01\/25\/ne-ulqin-seshpejti-mund-te-presim-fillimin-e-punimeve-te-banesave-qe-do-te-ndertoheshin-nga-fondi-i-sindikatave-per-ndertim-dhe-komuna-e-ulqinit\/","og_site_name":"Lajme nga Ulqini","article_published_time":"2010-01-25T12:37:42+00:00","article_modified_time":"2010-01-25T18:29:04+00:00","og_image":[{"url":"https:\/\/www.visit-ulcinj.com\/blog\/wp-content\/uploads\/2010\/01\/Gezim-Hajdinaga_Svetozar-Bullatovic_Shefki-Keko-Lamovic_Nazif-Hoxhiq-150x150.jpg"}],"twitter_misc":{"Written by":"ulqini","Est. reading time":"1 minute"},"schema":{"@context":"https:\/\/schema.org","@graph":[{"@type":"WebSite","@id":"https:\/\/www.visit-ulcinj.com\/blog\/#website","url":"https:\/\/www.visit-ulcinj.com\/blog\/","name":"Lajme nga Ulqini","description":"Lajme,Vijesti,Ulqini,Ulqin,Crna Gora,Mali i Zi","potentialAction":[{"@type":"SearchAction","target":{"@type":"EntryPoint","urlTemplate":"https:\/\/www.visit-ulcinj.com\/blog\/?s={search_term_string}"},"query-input":"required name=search_term_string"}],"inLanguage":"en-US"},{"@type":"ImageObject","inLanguage":"en-US","@id":"https:\/\/www.visit-ulcinj.com\/blog\/2010\/01\/25\/ne-ulqin-seshpejti-mund-te-presim-fillimin-e-punimeve-te-banesave-qe-do-te-ndertoheshin-nga-fondi-i-sindikatave-per-ndertim-dhe-komuna-e-ulqinit\/#primaryimage","url":"https:\/\/www.visit-ulcinj.com\/blog\/wp-content\/uploads\/2010\/01\/Gezim-Hajdinaga_Svetozar-Bullatovic_Shefki-Keko-Lamovic_Nazif-Hoxhiq.jpg","contentUrl":"https:\/\/www.visit-ulcinj.com\/blog\/wp-content\/uploads\/2010\/01\/Gezim-Hajdinaga_Svetozar-Bullatovic_Shefki-Keko-Lamovic_Nazif-Hoxhiq.jpg","width":"1024","height":"768"},{"@type":"WebPage","@id":"https:\/\/www.visit-ulcinj.com\/blog\/2010\/01\/25\/ne-ulqin-seshpejti-mund-te-presim-fillimin-e-punimeve-te-banesave-qe-do-te-ndertoheshin-nga-fondi-i-sindikatave-per-ndertim-dhe-komuna-e-ulqinit\/#webpage","url":"https:\/\/www.visit-ulcinj.com\/blog\/2010\/01\/25\/ne-ulqin-seshpejti-mund-te-presim-fillimin-e-punimeve-te-banesave-qe-do-te-ndertoheshin-nga-fondi-i-sindikatave-per-ndertim-dhe-komuna-e-ulqinit\/","name":"N\u00eb Ulqin s\u00eb shpejti mund t\u00eb presim fillimin e punimeve t\u00eb banesave q\u00eb do t\u00eb nd\u00ebrtoheshin nga Fondi i sindikatave p\u00ebr nd\u00ebrtim dhe Komuna e Ulqinit - Lajme nga Ulqini","isPartOf":{"@id":"https:\/\/www.visit-ulcinj.com\/blog\/#website"},"primaryImageOfPage":{"@id":"https:\/\/www.visit-ulcinj.com\/blog\/2010\/01\/25\/ne-ulqin-seshpejti-mund-te-presim-fillimin-e-punimeve-te-banesave-qe-do-te-ndertoheshin-nga-fondi-i-sindikatave-per-ndertim-dhe-komuna-e-ulqinit\/#primaryimage"},"datePublished":"2010-01-25T12:37:42+00:00","dateModified":"2010-01-25T18:29:04+00:00","author":{"@id":"https:\/\/www.visit-ulcinj.com\/blog\/#\/schema\/person\/dcab619c614d3038751c63bc2aadc06d"},"description":"Kryetari i Komun\u00ebs s\u00eb Ulqinit z.G\u00ebzim Hajdinaga dhe bashk\u00ebpun\u00ebtor\u00ebt e tij prit\u00ebn sot n\u00eb nj\u00eb takim pune z.Svetozar Bullatoviq, Drejtor i marketingut i","breadcrumb":{"@id":"https:\/\/www.visit-ulcinj.com\/blog\/2010\/01\/25\/ne-ulqin-seshpejti-mund-te-presim-fillimin-e-punimeve-te-banesave-qe-do-te-ndertoheshin-nga-fondi-i-sindikatave-per-ndertim-dhe-komuna-e-ulqinit\/#breadcrumb"},"inLanguage":"en-US","potentialAction":[{"@type":"ReadAction","target":["https:\/\/www.visit-ulcinj.com\/blog\/2010\/01\/25\/ne-ulqin-seshpejti-mund-te-presim-fillimin-e-punimeve-te-banesave-qe-do-te-ndertoheshin-nga-fondi-i-sindikatave-per-ndertim-dhe-komuna-e-ulqinit\/"]}]},{"@type":"BreadcrumbList","@id":"https:\/\/www.visit-ulcinj.com\/blog\/2010\/01\/25\/ne-ulqin-seshpejti-mund-te-presim-fillimin-e-punimeve-te-banesave-qe-do-te-ndertoheshin-nga-fondi-i-sindikatave-per-ndertim-dhe-komuna-e-ulqinit\/#breadcrumb","itemListElement":[{"@type":"ListItem","position":1,"name":"N\u00eb Ulqin s\u00eb shpejti mund t\u00eb presim fillimin e punimeve t\u00eb banesave q\u00eb do t\u00eb nd\u00ebrtoheshin nga Fondi i sindikatave p\u00ebr nd\u00ebrtim dhe Komuna e Ulqinit"}]},{"@type":"Person","@id":"https:\/\/www.visit-ulcinj.com\/blog\/#\/schema\/person\/dcab619c614d3038751c63bc2aadc06d","name":"ulqini","sameAs":["http:\/\/www.visit-ulcinj.com"],"url":"https:\/\/www.visit-ulcinj.com\/blog\/author\/admin\/"}]}},"jetpack_featured_media_url":"","jetpack_sharing_enabled":true,"jetpack_shortlink":"https:\/\/wp.me\/pe6lTn-7KR","_links":{"self":[{"href":"https:\/\/www.visit-ulcinj.com\/blog\/wp-json\/wp\/v2\/posts\/29813"}],"collection":[{"href":"https:\/\/www.visit-ulcinj.com\/blog\/wp-json\/wp\/v2\/posts"}],"about":[{"href":"https:\/\/www.visit-ulcinj.com\/blog\/wp-json\/wp\/v2\/types\/post"}],"author":[{"embeddable":true,"href":"https:\/\/www.visit-ulcinj.com\/blog\/wp-json\/wp\/v2\/users\/1"}],"replies":[{"embeddable":true,"href":"https:\/\/www.visit-ulcinj.com\/blog\/wp-json\/wp\/v2\/comments?post=29813"}],"version-history":[{"count":0,"href":"https:\/\/www.visit-ulcinj.com\/blog\/wp-json\/wp\/v2\/posts\/29813\/revisions"}],"wp:attachment":[{"href":"https:\/\/www.visit-ulcinj.com\/blog\/wp-json\/wp\/v2\/media?parent=29813"}],"wp:term":[{"taxonomy":"category","embeddable":true,"href":"https:\/\/www.visit-ulcinj.com\/blog\/wp-json\/wp\/v2\/categories?post=29813"},{"taxonomy":"post_tag","embeddable":true,"href":"https:\/\/www.visit-ulcinj.com\/blog\/wp-json\/wp\/v2\/tags?post=29813"}],"curies":[{"name":"wp","href":"https:\/\/api.w.org\/{rel}","templated":true}]}}