{"id":29825,"date":"2010-01-26T18:44:02","date_gmt":"2010-01-26T16:44:02","guid":{"rendered":"http:\/\/www.visit-ulcinj.com\/blog\/?p=29825"},"modified":"2010-01-26T19:07:32","modified_gmt":"2010-01-26T17:07:32","slug":"m-gjukanoviq-mali-i-zi-e-respekton-serbine-si-faktor-te-rendesishem-ne-rajon","status":"publish","type":"post","link":"https:\/\/www.visit-ulcinj.com\/blog\/2010\/01\/26\/m-gjukanoviq-mali-i-zi-e-respekton-serbine-si-faktor-te-rendesishem-ne-rajon\/","title":{"rendered":"M.Gjukanoviq: Mali i Zi e respekton Serbin\u00eb si faktor t\u00eb r\u00ebnd\u00ebsish\u00ebm n\u00eb rajon &#8211; Video"},"content":{"rendered":"<p><a href=\"http:\/\/www.visit-ulcinj.com\/blog\/wp-content\/uploads\/2010\/01\/Milo-gjukanoviq.jpg\"><img loading=\"lazy\" class=\"alignleft size-full wp-image-29826\" title=\"Milo gjukanoviq\" src=\"http:\/\/www.visit-ulcinj.com\/blog\/wp-content\/uploads\/2010\/01\/Milo-gjukanoviq.jpg\" alt=\"Milo gjukanoviq\" width=\"580\" height=\"399\" \/><\/a><span><strong>Kryeministri malazez Milo Gjukanovic ka deklaruar se me vendimin per te vendosur marredhenie diplomatike me Kosoven, Mali i Zi ka pranuar realitetin e ri. <\/strong><\/span><br \/>\n\u201cKy veprim eshte respektim i nje realiteti politik, i cili eshte i pamundur te ndryshohet\u201d, ka pohuar Gjukanovic ne nje interviste per nje te perditshme serbe &#8220;DAN&#8221;.Kreu i qeverise se Podgorices ka mohuar lajmet e publikuara ne media te ndryshme, se vizita e tij e fundit ne SHBA kishte te bente me kete vendim.<br \/>\nGjukanovic eshte shprehur se Mali i Zi kishte planifikuar te vendoste marredhenie diplomatike me Kosoven edhe me here, por nuk e kishte bere kete per shkak te Beogradit.<br \/>\nKryeministri i Malit t\u00eb Zi Millo Gjukanoviq deklaroi se Mali i Zi e respekton Serbin\u00eb si faktor t\u00eb r\u00ebnd\u00ebsish\u00ebm n\u00eb rajon dhe se nuk nd\u00ebrmerr hapa t\u00eb cil\u00ebt mund ta d\u00ebmtojn\u00eb at\u00eb.<\/p>\n<p>Ajo q\u00eb duket si problem \u00ebsht\u00eb se nj\u00eb pjes\u00eb e opinjonit n\u00eb Serbi ende nuk \u00ebsht\u00eb e gadshme t\u00eb pranoj\u00eb se Mali i Zi \u00ebsht\u00eb shtet i pavarur dhe se zhvillon politik\u00eb t\u00eb vet n\u00eb pajtim me interesat e veta nacionale.<\/p>\n<p>K\u00ebshtu vendimet e v\u00ebshtira t\u00eb cilat i kemi siejullr t\u00eb ngjashme me vendimin p\u00ebr Kosov\u00ebn kan\u00eb p\u00ebrfshir edhe raport mjaft sensibil ndaj q\u00ebndrimit t\u00eb pritur negativ t\u00eb Serbis\u00eb ndaj k\u00ebtyre \u00e7\u00ebshtjve, theksoi Gjukanoviq.<\/p>\n<p>N\u00eb pyetjen n\u00ebse vendosja e marrdh\u00ebnieve diplomatike me Kosov\u00ebn mund t\u00eb nd\u00ebrlidhet me vizit\u00ebn e tij n\u00eb Uashington, Gjukanoviq u p\u00ebrgjigj negativisht duke theksuar se Mali i Zi ka planifikuar q\u00eb mardh\u00ebniet diplomatike me Kosov\u00ebn ti v\u00ebndos edhe m\u00eb par\u00eb , mir\u00ebpo, k\u00ebt\u00eb nuk e ka b\u00ebr\u00eb duke respektuar informatat nga Beogradi.<\/p>\n<p>Ai theksoi se \u00ebsht\u00eb m\u00ebnduar se Beogradi mund ti shkoj\u00eb n\u00eb favor q\u00eb t\u00eb mos b\u00ebhet asgj\u00eb n\u00eb k\u00ebt\u00eb drejtim derisa t\u00eb mos paraqiten argumentet p\u00ebr pavar\u00ebsin e nj\u00ebanshme t\u00eb Kosov\u00ebs n\u00eb gjyqin nd\u00ebrkomb\u00ebtar\u00eb t\u00eb drejt\u00ebsis\u00eb n\u00eb Hag\u00eb.<\/p>\n<p>Pasi q\u00eb kjo faz\u00eb ka p\u00ebrfunduar , kemi konsideruar se duhet t\u00eb veprojm\u00eb n\u00eb pajtim me implementimin e nj\u00eb vendimin t\u00eb cilin e kemi siedhur para m\u00eb tep\u00ebr se nj\u00eb viti, theksoi Gjukanoviq duke shtuar se askush nga Uashingtoni nuk ka insituar n\u00eb drejtim t\u00eb till\u00eb.<\/p>\n<p><strong>TVCG<\/strong><br \/>\n<!--YouTube Error: bad URL entered--><\/p>\n","protected":false},"excerpt":{"rendered":"<p>Kryeministri malazez Milo Gjukanovic ka deklaruar se me vendimin per te vendosur marredhenie diplomatike me Kosoven, Mali i Zi ka pranuar realitetin e ri. \u201cKy veprim eshte respektim i nje realiteti politik, i cili eshte i pamundur te ndryshohet\u201d, ka pohuar Gjukanovic ne nje interviste per nje te perditshme serbe &#8220;DAN&#8221;.Kreu i qeverise se Podgorices [&hellip;]<\/p>\n","protected":false},"author":1,"featured_media":0,"comment_status":"open","ping_status":"closed","sticky":false,"template":"","format":"standard","meta":{"spay_email":"","jetpack_publicize_message":"","jetpack_is_tweetstorm":false,"jetpack_publicize_feature_enabled":true},"categories":[14],"tags":[95,1616],"jetpack_publicize_connections":[],"yoast_head":"<!-- This site is optimized with the Yoast SEO plugin v19.1 - https:\/\/yoast.com\/wordpress\/plugins\/seo\/ -->\n<title>M.Gjukanoviq: Mali i Zi e respekton Serbin\u00eb si faktor t\u00eb r\u00ebnd\u00ebsish\u00ebm n\u00eb rajon - Video - Lajme nga Ulqini<\/title>\n<meta name=\"description\" content=\"Kryeministri malazez Milo Gjukanovic ka deklaruar se me vendimin per te vendosur marredhenie diplomatike me Kosoven, Mali i Zi ka pranuar realitetin e ri.\" \/>\n<meta name=\"robots\" content=\"index, follow, max-snippet:-1, max-image-preview:large, max-video-preview:-1\" \/>\n<link rel=\"canonical\" href=\"https:\/\/www.visit-ulcinj.com\/blog\/2010\/01\/26\/m-gjukanoviq-mali-i-zi-e-respekton-serbine-si-faktor-te-rendesishem-ne-rajon\/\" \/>\n<meta property=\"og:locale\" content=\"en_US\" \/>\n<meta property=\"og:type\" content=\"article\" \/>\n<meta property=\"og:title\" content=\"M.Gjukanoviq: Mali i Zi e respekton Serbin\u00eb si faktor t\u00eb r\u00ebnd\u00ebsish\u00ebm n\u00eb rajon - Video - Lajme nga Ulqini\" \/>\n<meta property=\"og:description\" content=\"Kryeministri malazez Milo Gjukanovic ka deklaruar se me vendimin per te vendosur marredhenie diplomatike me Kosoven, Mali i Zi ka pranuar realitetin e ri.\" \/>\n<meta property=\"og:url\" content=\"https:\/\/www.visit-ulcinj.com\/blog\/2010\/01\/26\/m-gjukanoviq-mali-i-zi-e-respekton-serbine-si-faktor-te-rendesishem-ne-rajon\/\" \/>\n<meta property=\"og:site_name\" content=\"Lajme nga Ulqini\" \/>\n<meta property=\"article:published_time\" content=\"2010-01-26T16:44:02+00:00\" \/>\n<meta property=\"article:modified_time\" content=\"2010-01-26T17:07:32+00:00\" \/>\n<meta property=\"og:image\" content=\"http:\/\/www.visit-ulcinj.com\/blog\/wp-content\/uploads\/2010\/01\/Milo-gjukanoviq.jpg\" \/>\n<meta name=\"twitter:label1\" content=\"Written by\" \/>\n\t<meta name=\"twitter:data1\" content=\"ulqini\" \/>\n\t<meta name=\"twitter:label2\" content=\"Est. reading time\" \/>\n\t<meta name=\"twitter:data2\" content=\"2 minutes\" \/>\n<script type=\"application\/ld+json\" class=\"yoast-schema-graph\">{\"@context\":\"https:\/\/schema.org\",\"@graph\":[{\"@type\":\"WebSite\",\"@id\":\"https:\/\/www.visit-ulcinj.com\/blog\/#website\",\"url\":\"https:\/\/www.visit-ulcinj.com\/blog\/\",\"name\":\"Lajme nga Ulqini\",\"description\":\"Lajme,Vijesti,Ulqini,Ulqin,Crna Gora,Mali i Zi\",\"potentialAction\":[{\"@type\":\"SearchAction\",\"target\":{\"@type\":\"EntryPoint\",\"urlTemplate\":\"https:\/\/www.visit-ulcinj.com\/blog\/?s={search_term_string}\"},\"query-input\":\"required name=search_term_string\"}],\"inLanguage\":\"en-US\"},{\"@type\":\"ImageObject\",\"inLanguage\":\"en-US\",\"@id\":\"https:\/\/www.visit-ulcinj.com\/blog\/2010\/01\/26\/m-gjukanoviq-mali-i-zi-e-respekton-serbine-si-faktor-te-rendesishem-ne-rajon\/#primaryimage\",\"url\":\"https:\/\/www.visit-ulcinj.com\/blog\/wp-content\/uploads\/2010\/01\/Milo-gjukanoviq.jpg\",\"contentUrl\":\"https:\/\/www.visit-ulcinj.com\/blog\/wp-content\/uploads\/2010\/01\/Milo-gjukanoviq.jpg\",\"width\":\"600\",\"height\":\"399\"},{\"@type\":\"WebPage\",\"@id\":\"https:\/\/www.visit-ulcinj.com\/blog\/2010\/01\/26\/m-gjukanoviq-mali-i-zi-e-respekton-serbine-si-faktor-te-rendesishem-ne-rajon\/#webpage\",\"url\":\"https:\/\/www.visit-ulcinj.com\/blog\/2010\/01\/26\/m-gjukanoviq-mali-i-zi-e-respekton-serbine-si-faktor-te-rendesishem-ne-rajon\/\",\"name\":\"M.Gjukanoviq: Mali i Zi e respekton Serbin\u00eb si faktor t\u00eb r\u00ebnd\u00ebsish\u00ebm n\u00eb rajon - Video - Lajme nga Ulqini\",\"isPartOf\":{\"@id\":\"https:\/\/www.visit-ulcinj.com\/blog\/#website\"},\"primaryImageOfPage\":{\"@id\":\"https:\/\/www.visit-ulcinj.com\/blog\/2010\/01\/26\/m-gjukanoviq-mali-i-zi-e-respekton-serbine-si-faktor-te-rendesishem-ne-rajon\/#primaryimage\"},\"datePublished\":\"2010-01-26T16:44:02+00:00\",\"dateModified\":\"2010-01-26T17:07:32+00:00\",\"author\":{\"@id\":\"https:\/\/www.visit-ulcinj.com\/blog\/#\/schema\/person\/dcab619c614d3038751c63bc2aadc06d\"},\"description\":\"Kryeministri malazez Milo Gjukanovic ka deklaruar se me vendimin per te vendosur marredhenie diplomatike me Kosoven, Mali i Zi ka pranuar realitetin e ri.\",\"breadcrumb\":{\"@id\":\"https:\/\/www.visit-ulcinj.com\/blog\/2010\/01\/26\/m-gjukanoviq-mali-i-zi-e-respekton-serbine-si-faktor-te-rendesishem-ne-rajon\/#breadcrumb\"},\"inLanguage\":\"en-US\",\"potentialAction\":[{\"@type\":\"ReadAction\",\"target\":[\"https:\/\/www.visit-ulcinj.com\/blog\/2010\/01\/26\/m-gjukanoviq-mali-i-zi-e-respekton-serbine-si-faktor-te-rendesishem-ne-rajon\/\"]}]},{\"@type\":\"BreadcrumbList\",\"@id\":\"https:\/\/www.visit-ulcinj.com\/blog\/2010\/01\/26\/m-gjukanoviq-mali-i-zi-e-respekton-serbine-si-faktor-te-rendesishem-ne-rajon\/#breadcrumb\",\"itemListElement\":[{\"@type\":\"ListItem\",\"position\":1,\"name\":\"M.Gjukanoviq: Mali i Zi e respekton Serbin\u00eb si faktor t\u00eb r\u00ebnd\u00ebsish\u00ebm n\u00eb rajon &#8211; Video\"}]},{\"@type\":\"Person\",\"@id\":\"https:\/\/www.visit-ulcinj.com\/blog\/#\/schema\/person\/dcab619c614d3038751c63bc2aadc06d\",\"name\":\"ulqini\",\"sameAs\":[\"http:\/\/www.visit-ulcinj.com\"],\"url\":\"https:\/\/www.visit-ulcinj.com\/blog\/author\/admin\/\"}]}<\/script>\n<!-- \/ Yoast SEO plugin. -->","yoast_head_json":{"title":"M.Gjukanoviq: Mali i Zi e respekton Serbin\u00eb si faktor t\u00eb r\u00ebnd\u00ebsish\u00ebm n\u00eb rajon - Video - Lajme nga Ulqini","description":"Kryeministri malazez Milo Gjukanovic ka deklaruar se me vendimin per te vendosur marredhenie diplomatike me Kosoven, Mali i Zi ka pranuar realitetin e ri.","robots":{"index":"index","follow":"follow","max-snippet":"max-snippet:-1","max-image-preview":"max-image-preview:large","max-video-preview":"max-video-preview:-1"},"canonical":"https:\/\/www.visit-ulcinj.com\/blog\/2010\/01\/26\/m-gjukanoviq-mali-i-zi-e-respekton-serbine-si-faktor-te-rendesishem-ne-rajon\/","og_locale":"en_US","og_type":"article","og_title":"M.Gjukanoviq: Mali i Zi e respekton Serbin\u00eb si faktor t\u00eb r\u00ebnd\u00ebsish\u00ebm n\u00eb rajon - Video - Lajme nga Ulqini","og_description":"Kryeministri malazez Milo Gjukanovic ka deklaruar se me vendimin per te vendosur marredhenie diplomatike me Kosoven, Mali i Zi ka pranuar realitetin e ri.","og_url":"https:\/\/www.visit-ulcinj.com\/blog\/2010\/01\/26\/m-gjukanoviq-mali-i-zi-e-respekton-serbine-si-faktor-te-rendesishem-ne-rajon\/","og_site_name":"Lajme nga Ulqini","article_published_time":"2010-01-26T16:44:02+00:00","article_modified_time":"2010-01-26T17:07:32+00:00","og_image":[{"url":"http:\/\/www.visit-ulcinj.com\/blog\/wp-content\/uploads\/2010\/01\/Milo-gjukanoviq.jpg"}],"twitter_misc":{"Written by":"ulqini","Est. reading time":"2 minutes"},"schema":{"@context":"https:\/\/schema.org","@graph":[{"@type":"WebSite","@id":"https:\/\/www.visit-ulcinj.com\/blog\/#website","url":"https:\/\/www.visit-ulcinj.com\/blog\/","name":"Lajme nga Ulqini","description":"Lajme,Vijesti,Ulqini,Ulqin,Crna Gora,Mali i Zi","potentialAction":[{"@type":"SearchAction","target":{"@type":"EntryPoint","urlTemplate":"https:\/\/www.visit-ulcinj.com\/blog\/?s={search_term_string}"},"query-input":"required name=search_term_string"}],"inLanguage":"en-US"},{"@type":"ImageObject","inLanguage":"en-US","@id":"https:\/\/www.visit-ulcinj.com\/blog\/2010\/01\/26\/m-gjukanoviq-mali-i-zi-e-respekton-serbine-si-faktor-te-rendesishem-ne-rajon\/#primaryimage","url":"https:\/\/www.visit-ulcinj.com\/blog\/wp-content\/uploads\/2010\/01\/Milo-gjukanoviq.jpg","contentUrl":"https:\/\/www.visit-ulcinj.com\/blog\/wp-content\/uploads\/2010\/01\/Milo-gjukanoviq.jpg","width":"600","height":"399"},{"@type":"WebPage","@id":"https:\/\/www.visit-ulcinj.com\/blog\/2010\/01\/26\/m-gjukanoviq-mali-i-zi-e-respekton-serbine-si-faktor-te-rendesishem-ne-rajon\/#webpage","url":"https:\/\/www.visit-ulcinj.com\/blog\/2010\/01\/26\/m-gjukanoviq-mali-i-zi-e-respekton-serbine-si-faktor-te-rendesishem-ne-rajon\/","name":"M.Gjukanoviq: Mali i Zi e respekton Serbin\u00eb si faktor t\u00eb r\u00ebnd\u00ebsish\u00ebm n\u00eb rajon - Video - Lajme nga Ulqini","isPartOf":{"@id":"https:\/\/www.visit-ulcinj.com\/blog\/#website"},"primaryImageOfPage":{"@id":"https:\/\/www.visit-ulcinj.com\/blog\/2010\/01\/26\/m-gjukanoviq-mali-i-zi-e-respekton-serbine-si-faktor-te-rendesishem-ne-rajon\/#primaryimage"},"datePublished":"2010-01-26T16:44:02+00:00","dateModified":"2010-01-26T17:07:32+00:00","author":{"@id":"https:\/\/www.visit-ulcinj.com\/blog\/#\/schema\/person\/dcab619c614d3038751c63bc2aadc06d"},"description":"Kryeministri malazez Milo Gjukanovic ka deklaruar se me vendimin per te vendosur marredhenie diplomatike me Kosoven, Mali i Zi ka pranuar realitetin e ri.","breadcrumb":{"@id":"https:\/\/www.visit-ulcinj.com\/blog\/2010\/01\/26\/m-gjukanoviq-mali-i-zi-e-respekton-serbine-si-faktor-te-rendesishem-ne-rajon\/#breadcrumb"},"inLanguage":"en-US","potentialAction":[{"@type":"ReadAction","target":["https:\/\/www.visit-ulcinj.com\/blog\/2010\/01\/26\/m-gjukanoviq-mali-i-zi-e-respekton-serbine-si-faktor-te-rendesishem-ne-rajon\/"]}]},{"@type":"BreadcrumbList","@id":"https:\/\/www.visit-ulcinj.com\/blog\/2010\/01\/26\/m-gjukanoviq-mali-i-zi-e-respekton-serbine-si-faktor-te-rendesishem-ne-rajon\/#breadcrumb","itemListElement":[{"@type":"ListItem","position":1,"name":"M.Gjukanoviq: Mali i Zi e respekton Serbin\u00eb si faktor t\u00eb r\u00ebnd\u00ebsish\u00ebm n\u00eb rajon &#8211; Video"}]},{"@type":"Person","@id":"https:\/\/www.visit-ulcinj.com\/blog\/#\/schema\/person\/dcab619c614d3038751c63bc2aadc06d","name":"ulqini","sameAs":["http:\/\/www.visit-ulcinj.com"],"url":"https:\/\/www.visit-ulcinj.com\/blog\/author\/admin\/"}]}},"jetpack_featured_media_url":"","jetpack_sharing_enabled":true,"jetpack_shortlink":"https:\/\/wp.me\/pe6lTn-7L3","_links":{"self":[{"href":"https:\/\/www.visit-ulcinj.com\/blog\/wp-json\/wp\/v2\/posts\/29825"}],"collection":[{"href":"https:\/\/www.visit-ulcinj.com\/blog\/wp-json\/wp\/v2\/posts"}],"about":[{"href":"https:\/\/www.visit-ulcinj.com\/blog\/wp-json\/wp\/v2\/types\/post"}],"author":[{"embeddable":true,"href":"https:\/\/www.visit-ulcinj.com\/blog\/wp-json\/wp\/v2\/users\/1"}],"replies":[{"embeddable":true,"href":"https:\/\/www.visit-ulcinj.com\/blog\/wp-json\/wp\/v2\/comments?post=29825"}],"version-history":[{"count":0,"href":"https:\/\/www.visit-ulcinj.com\/blog\/wp-json\/wp\/v2\/posts\/29825\/revisions"}],"wp:attachment":[{"href":"https:\/\/www.visit-ulcinj.com\/blog\/wp-json\/wp\/v2\/media?parent=29825"}],"wp:term":[{"taxonomy":"category","embeddable":true,"href":"https:\/\/www.visit-ulcinj.com\/blog\/wp-json\/wp\/v2\/categories?post=29825"},{"taxonomy":"post_tag","embeddable":true,"href":"https:\/\/www.visit-ulcinj.com\/blog\/wp-json\/wp\/v2\/tags?post=29825"}],"curies":[{"name":"wp","href":"https:\/\/api.w.org\/{rel}","templated":true}]}}