{"id":29831,"date":"2010-01-26T19:46:06","date_gmt":"2010-01-26T17:46:06","guid":{"rendered":"http:\/\/www.visit-ulcinj.com\/blog\/?p=29831"},"modified":"2010-02-01T00:25:23","modified_gmt":"2010-01-31T22:25:23","slug":"tadic-e-palogjikshme-qe-serbet-te-jene-pakice-ne-mal-te-zi","status":"publish","type":"post","link":"https:\/\/www.visit-ulcinj.com\/blog\/2010\/01\/26\/tadic-e-palogjikshme-qe-serbet-te-jene-pakice-ne-mal-te-zi\/","title":{"rendered":"Tadic: E palogjikshme q\u00eb serb\u00ebt t\u00eb jen\u00eb pakic\u00eb n\u00eb Mal t\u00eb Zi"},"content":{"rendered":"<p><a href=\"http:\/\/www.visit-ulcinj.com\/blog\/wp-content\/uploads\/2010\/01\/Boris-Tadic.jpg\"><img loading=\"lazy\" class=\"alignleft size-full wp-image-29832\" title=\"Boris Tadic\" src=\"http:\/\/www.visit-ulcinj.com\/blog\/wp-content\/uploads\/2010\/01\/Boris-Tadic.jpg\" alt=\"Boris Tadic\" width=\"580\" height=\"340\" \/><\/a>Gjat\u00eb nj\u00eb interviste p\u00ebr gazet\u00ebn malazeze \u2018Dan\u2019, presidenti serb, Boris Tadic, kritikoi themelimin e K\u00ebshillit Nacional Serb n\u00eb Mal t\u00eb Zi. Sipas tij, \u00ebsht\u00eb e palogjikshme q\u00eb serb\u00ebt t\u00eb jen\u00eb pakic\u00eb n\u00eb Mal t\u00eb Zi.<br \/>\n\u201cKonsideroj se ai(K\u00ebshilli) \u00ebsht\u00eb i padobish\u00ebm p\u00ebr popullin serb q\u00eb jeton n\u00eb Mal t\u00eb Zi, dhe n\u00eb k\u00ebt\u00eb kontekst Serbia nuk mund t\u00eb q\u00ebndroj\u00eb pas vendimeve t\u00eb tilla, e as t\u2019i p\u00ebrkrah\u00eb vendimet e tilla\u201d, tha Tadic.<br \/>\nPresidenti serb vler\u00ebsoi se \u00ebsht\u00eb e panatyrshme dhe e pabazuar historikisht q\u00eb populli serb t\u00eb jet\u00eb pakic\u00eb komb\u00ebtare n\u00eb Mal t\u00eb Zi.<br \/>\n\u201cSerbia nuk po p\u00ebrzihet n\u00eb pun\u00ebt e brendshme t\u00eb secilit shtet, por \u00ebsht\u00eb detyr\u00eb e imja q\u00eb ta p\u00ebrs\u00ebris\u00eb edhe nj\u00ebher\u00eb se, e konsideroj jo t\u00eb natyrshme dhe plot\u00ebsisht t\u00eb pabazuar historikisht q\u00eb populli serb n\u00eb Mal t\u00eb Zi t\u00eb fitoj\u00eb trajtimin si pakic\u00eb komb\u00ebtare, sepse serb\u00ebt n\u00eb Mal t\u00eb Zi jan\u00eb autokton dhe ata kan\u00eb marr\u00eb pjes\u00eb n\u00eb historin\u00eb dhe krijimin e tij\u201d, theksoi Tadic, derisa shtoi edhe at\u00eb se \u201csot \u00ebsht\u00eb shum\u00eb komplekse t\u00eb vendoset nj\u00eb kufi i qart\u00eb i identitetit t\u00eb popullit serb dhe atij malazez\u201d.<\/p>\n<p>Duke folur p\u00ebr marr\u00ebdh\u00ebniet n\u00eb mes t\u00eb dy shteteve, presidenti Tadic n\u00ebnvizoi se vendosja e marr\u00ebdh\u00ebnieve diplomatike mes Malit t\u00eb Zi dhe Kosov\u00ebs ka thelluar dallimet nd\u00ebrmjet politikave zyrtare t\u00eb Beogradit dhe Podgoric\u00ebs, megjith\u00ebse ka shprehur shpres\u00ebn se me koh\u00eb do t\u00eb vije deri te p\u00ebrmir\u00ebsimi i marr\u00ebdh\u00ebnieve.<\/p>\n<p><strong>RFE<\/strong><\/p>\n<p><strong><br \/>\n<\/strong><\/p>\n","protected":false},"excerpt":{"rendered":"<p>Gjat\u00eb nj\u00eb interviste p\u00ebr gazet\u00ebn malazeze \u2018Dan\u2019, presidenti serb, Boris Tadic, kritikoi themelimin e K\u00ebshillit Nacional Serb n\u00eb Mal t\u00eb Zi. Sipas tij, \u00ebsht\u00eb e palogjikshme q\u00eb serb\u00ebt t\u00eb jen\u00eb pakic\u00eb n\u00eb Mal t\u00eb Zi. \u201cKonsideroj se ai(K\u00ebshilli) \u00ebsht\u00eb i padobish\u00ebm p\u00ebr popullin serb q\u00eb jeton n\u00eb Mal t\u00eb Zi, dhe n\u00eb k\u00ebt\u00eb kontekst Serbia [&hellip;]<\/p>\n","protected":false},"author":1,"featured_media":0,"comment_status":"open","ping_status":"closed","sticky":false,"template":"","format":"standard","meta":{"spay_email":"","jetpack_publicize_message":"","jetpack_is_tweetstorm":false,"jetpack_publicize_feature_enabled":true},"categories":[14],"tags":[926],"jetpack_publicize_connections":[],"yoast_head":"<!-- This site is optimized with the Yoast SEO plugin v19.1 - https:\/\/yoast.com\/wordpress\/plugins\/seo\/ -->\n<title>Tadic: E palogjikshme q\u00eb serb\u00ebt t\u00eb jen\u00eb pakic\u00eb n\u00eb Mal t\u00eb Zi - Lajme nga Ulqini<\/title>\n<meta name=\"description\" content=\"Gjat\u00eb nj\u00eb interviste p\u00ebr gazet\u00ebn malazeze \u2018Dan\u2019, presidenti serb, Boris Tadic, kritikoi themelimin e K\u00ebshillit Nacional Serb n\u00eb Mal t\u00eb Zi. Sipas tij,\" \/>\n<meta name=\"robots\" content=\"index, follow, max-snippet:-1, max-image-preview:large, max-video-preview:-1\" \/>\n<link rel=\"canonical\" href=\"https:\/\/www.visit-ulcinj.com\/blog\/2010\/01\/26\/tadic-e-palogjikshme-qe-serbet-te-jene-pakice-ne-mal-te-zi\/\" \/>\n<meta property=\"og:locale\" content=\"en_US\" \/>\n<meta property=\"og:type\" content=\"article\" \/>\n<meta property=\"og:title\" content=\"Tadic: E palogjikshme q\u00eb serb\u00ebt t\u00eb jen\u00eb pakic\u00eb n\u00eb Mal t\u00eb Zi - Lajme nga Ulqini\" \/>\n<meta property=\"og:description\" content=\"Gjat\u00eb nj\u00eb interviste p\u00ebr gazet\u00ebn malazeze \u2018Dan\u2019, presidenti serb, Boris Tadic, kritikoi themelimin e K\u00ebshillit Nacional Serb n\u00eb Mal t\u00eb Zi. Sipas tij,\" \/>\n<meta property=\"og:url\" content=\"https:\/\/www.visit-ulcinj.com\/blog\/2010\/01\/26\/tadic-e-palogjikshme-qe-serbet-te-jene-pakice-ne-mal-te-zi\/\" \/>\n<meta property=\"og:site_name\" content=\"Lajme nga Ulqini\" \/>\n<meta property=\"article:published_time\" content=\"2010-01-26T17:46:06+00:00\" \/>\n<meta property=\"article:modified_time\" content=\"2010-01-31T22:25:23+00:00\" \/>\n<meta property=\"og:image\" content=\"http:\/\/www.visit-ulcinj.com\/blog\/wp-content\/uploads\/2010\/01\/Boris-Tadic.jpg\" \/>\n<meta name=\"twitter:label1\" content=\"Written by\" \/>\n\t<meta name=\"twitter:data1\" content=\"ulqini\" \/>\n\t<meta name=\"twitter:label2\" content=\"Est. reading time\" \/>\n\t<meta name=\"twitter:data2\" content=\"1 minute\" \/>\n<script type=\"application\/ld+json\" class=\"yoast-schema-graph\">{\"@context\":\"https:\/\/schema.org\",\"@graph\":[{\"@type\":\"WebSite\",\"@id\":\"https:\/\/www.visit-ulcinj.com\/blog\/#website\",\"url\":\"https:\/\/www.visit-ulcinj.com\/blog\/\",\"name\":\"Lajme nga Ulqini\",\"description\":\"Lajme,Vijesti,Ulqini,Ulqin,Crna Gora,Mali i Zi\",\"potentialAction\":[{\"@type\":\"SearchAction\",\"target\":{\"@type\":\"EntryPoint\",\"urlTemplate\":\"https:\/\/www.visit-ulcinj.com\/blog\/?s={search_term_string}\"},\"query-input\":\"required name=search_term_string\"}],\"inLanguage\":\"en-US\"},{\"@type\":\"ImageObject\",\"inLanguage\":\"en-US\",\"@id\":\"https:\/\/www.visit-ulcinj.com\/blog\/2010\/01\/26\/tadic-e-palogjikshme-qe-serbet-te-jene-pakice-ne-mal-te-zi\/#primaryimage\",\"url\":\"http:\/\/www.visit-ulcinj.com\/blog\/wp-content\/uploads\/2010\/01\/Boris-Tadic.jpg\",\"contentUrl\":\"http:\/\/www.visit-ulcinj.com\/blog\/wp-content\/uploads\/2010\/01\/Boris-Tadic.jpg\"},{\"@type\":\"WebPage\",\"@id\":\"https:\/\/www.visit-ulcinj.com\/blog\/2010\/01\/26\/tadic-e-palogjikshme-qe-serbet-te-jene-pakice-ne-mal-te-zi\/#webpage\",\"url\":\"https:\/\/www.visit-ulcinj.com\/blog\/2010\/01\/26\/tadic-e-palogjikshme-qe-serbet-te-jene-pakice-ne-mal-te-zi\/\",\"name\":\"Tadic: E palogjikshme q\u00eb serb\u00ebt t\u00eb jen\u00eb pakic\u00eb n\u00eb Mal t\u00eb Zi - Lajme nga Ulqini\",\"isPartOf\":{\"@id\":\"https:\/\/www.visit-ulcinj.com\/blog\/#website\"},\"primaryImageOfPage\":{\"@id\":\"https:\/\/www.visit-ulcinj.com\/blog\/2010\/01\/26\/tadic-e-palogjikshme-qe-serbet-te-jene-pakice-ne-mal-te-zi\/#primaryimage\"},\"datePublished\":\"2010-01-26T17:46:06+00:00\",\"dateModified\":\"2010-01-31T22:25:23+00:00\",\"author\":{\"@id\":\"https:\/\/www.visit-ulcinj.com\/blog\/#\/schema\/person\/dcab619c614d3038751c63bc2aadc06d\"},\"description\":\"Gjat\u00eb nj\u00eb interviste p\u00ebr gazet\u00ebn malazeze \u2018Dan\u2019, presidenti serb, Boris Tadic, kritikoi themelimin e K\u00ebshillit Nacional Serb n\u00eb Mal t\u00eb Zi. Sipas tij,\",\"breadcrumb\":{\"@id\":\"https:\/\/www.visit-ulcinj.com\/blog\/2010\/01\/26\/tadic-e-palogjikshme-qe-serbet-te-jene-pakice-ne-mal-te-zi\/#breadcrumb\"},\"inLanguage\":\"en-US\",\"potentialAction\":[{\"@type\":\"ReadAction\",\"target\":[\"https:\/\/www.visit-ulcinj.com\/blog\/2010\/01\/26\/tadic-e-palogjikshme-qe-serbet-te-jene-pakice-ne-mal-te-zi\/\"]}]},{\"@type\":\"BreadcrumbList\",\"@id\":\"https:\/\/www.visit-ulcinj.com\/blog\/2010\/01\/26\/tadic-e-palogjikshme-qe-serbet-te-jene-pakice-ne-mal-te-zi\/#breadcrumb\",\"itemListElement\":[{\"@type\":\"ListItem\",\"position\":1,\"name\":\"Tadic: E palogjikshme q\u00eb serb\u00ebt t\u00eb jen\u00eb pakic\u00eb n\u00eb Mal t\u00eb Zi\"}]},{\"@type\":\"Person\",\"@id\":\"https:\/\/www.visit-ulcinj.com\/blog\/#\/schema\/person\/dcab619c614d3038751c63bc2aadc06d\",\"name\":\"ulqini\",\"sameAs\":[\"http:\/\/www.visit-ulcinj.com\"],\"url\":\"https:\/\/www.visit-ulcinj.com\/blog\/author\/admin\/\"}]}<\/script>\n<!-- \/ Yoast SEO plugin. -->","yoast_head_json":{"title":"Tadic: E palogjikshme q\u00eb serb\u00ebt t\u00eb jen\u00eb pakic\u00eb n\u00eb Mal t\u00eb Zi - Lajme nga Ulqini","description":"Gjat\u00eb nj\u00eb interviste p\u00ebr gazet\u00ebn malazeze \u2018Dan\u2019, presidenti serb, Boris Tadic, kritikoi themelimin e K\u00ebshillit Nacional Serb n\u00eb Mal t\u00eb Zi. Sipas tij,","robots":{"index":"index","follow":"follow","max-snippet":"max-snippet:-1","max-image-preview":"max-image-preview:large","max-video-preview":"max-video-preview:-1"},"canonical":"https:\/\/www.visit-ulcinj.com\/blog\/2010\/01\/26\/tadic-e-palogjikshme-qe-serbet-te-jene-pakice-ne-mal-te-zi\/","og_locale":"en_US","og_type":"article","og_title":"Tadic: E palogjikshme q\u00eb serb\u00ebt t\u00eb jen\u00eb pakic\u00eb n\u00eb Mal t\u00eb Zi - Lajme nga Ulqini","og_description":"Gjat\u00eb nj\u00eb interviste p\u00ebr gazet\u00ebn malazeze \u2018Dan\u2019, presidenti serb, Boris Tadic, kritikoi themelimin e K\u00ebshillit Nacional Serb n\u00eb Mal t\u00eb Zi. Sipas tij,","og_url":"https:\/\/www.visit-ulcinj.com\/blog\/2010\/01\/26\/tadic-e-palogjikshme-qe-serbet-te-jene-pakice-ne-mal-te-zi\/","og_site_name":"Lajme nga Ulqini","article_published_time":"2010-01-26T17:46:06+00:00","article_modified_time":"2010-01-31T22:25:23+00:00","og_image":[{"url":"http:\/\/www.visit-ulcinj.com\/blog\/wp-content\/uploads\/2010\/01\/Boris-Tadic.jpg"}],"twitter_misc":{"Written by":"ulqini","Est. reading time":"1 minute"},"schema":{"@context":"https:\/\/schema.org","@graph":[{"@type":"WebSite","@id":"https:\/\/www.visit-ulcinj.com\/blog\/#website","url":"https:\/\/www.visit-ulcinj.com\/blog\/","name":"Lajme nga Ulqini","description":"Lajme,Vijesti,Ulqini,Ulqin,Crna Gora,Mali i Zi","potentialAction":[{"@type":"SearchAction","target":{"@type":"EntryPoint","urlTemplate":"https:\/\/www.visit-ulcinj.com\/blog\/?s={search_term_string}"},"query-input":"required name=search_term_string"}],"inLanguage":"en-US"},{"@type":"ImageObject","inLanguage":"en-US","@id":"https:\/\/www.visit-ulcinj.com\/blog\/2010\/01\/26\/tadic-e-palogjikshme-qe-serbet-te-jene-pakice-ne-mal-te-zi\/#primaryimage","url":"http:\/\/www.visit-ulcinj.com\/blog\/wp-content\/uploads\/2010\/01\/Boris-Tadic.jpg","contentUrl":"http:\/\/www.visit-ulcinj.com\/blog\/wp-content\/uploads\/2010\/01\/Boris-Tadic.jpg"},{"@type":"WebPage","@id":"https:\/\/www.visit-ulcinj.com\/blog\/2010\/01\/26\/tadic-e-palogjikshme-qe-serbet-te-jene-pakice-ne-mal-te-zi\/#webpage","url":"https:\/\/www.visit-ulcinj.com\/blog\/2010\/01\/26\/tadic-e-palogjikshme-qe-serbet-te-jene-pakice-ne-mal-te-zi\/","name":"Tadic: E palogjikshme q\u00eb serb\u00ebt t\u00eb jen\u00eb pakic\u00eb n\u00eb Mal t\u00eb Zi - Lajme nga Ulqini","isPartOf":{"@id":"https:\/\/www.visit-ulcinj.com\/blog\/#website"},"primaryImageOfPage":{"@id":"https:\/\/www.visit-ulcinj.com\/blog\/2010\/01\/26\/tadic-e-palogjikshme-qe-serbet-te-jene-pakice-ne-mal-te-zi\/#primaryimage"},"datePublished":"2010-01-26T17:46:06+00:00","dateModified":"2010-01-31T22:25:23+00:00","author":{"@id":"https:\/\/www.visit-ulcinj.com\/blog\/#\/schema\/person\/dcab619c614d3038751c63bc2aadc06d"},"description":"Gjat\u00eb nj\u00eb interviste p\u00ebr gazet\u00ebn malazeze \u2018Dan\u2019, presidenti serb, Boris Tadic, kritikoi themelimin e K\u00ebshillit Nacional Serb n\u00eb Mal t\u00eb Zi. Sipas tij,","breadcrumb":{"@id":"https:\/\/www.visit-ulcinj.com\/blog\/2010\/01\/26\/tadic-e-palogjikshme-qe-serbet-te-jene-pakice-ne-mal-te-zi\/#breadcrumb"},"inLanguage":"en-US","potentialAction":[{"@type":"ReadAction","target":["https:\/\/www.visit-ulcinj.com\/blog\/2010\/01\/26\/tadic-e-palogjikshme-qe-serbet-te-jene-pakice-ne-mal-te-zi\/"]}]},{"@type":"BreadcrumbList","@id":"https:\/\/www.visit-ulcinj.com\/blog\/2010\/01\/26\/tadic-e-palogjikshme-qe-serbet-te-jene-pakice-ne-mal-te-zi\/#breadcrumb","itemListElement":[{"@type":"ListItem","position":1,"name":"Tadic: E palogjikshme q\u00eb serb\u00ebt t\u00eb jen\u00eb pakic\u00eb n\u00eb Mal t\u00eb Zi"}]},{"@type":"Person","@id":"https:\/\/www.visit-ulcinj.com\/blog\/#\/schema\/person\/dcab619c614d3038751c63bc2aadc06d","name":"ulqini","sameAs":["http:\/\/www.visit-ulcinj.com"],"url":"https:\/\/www.visit-ulcinj.com\/blog\/author\/admin\/"}]}},"jetpack_featured_media_url":"","jetpack_sharing_enabled":true,"jetpack_shortlink":"https:\/\/wp.me\/pe6lTn-7L9","_links":{"self":[{"href":"https:\/\/www.visit-ulcinj.com\/blog\/wp-json\/wp\/v2\/posts\/29831"}],"collection":[{"href":"https:\/\/www.visit-ulcinj.com\/blog\/wp-json\/wp\/v2\/posts"}],"about":[{"href":"https:\/\/www.visit-ulcinj.com\/blog\/wp-json\/wp\/v2\/types\/post"}],"author":[{"embeddable":true,"href":"https:\/\/www.visit-ulcinj.com\/blog\/wp-json\/wp\/v2\/users\/1"}],"replies":[{"embeddable":true,"href":"https:\/\/www.visit-ulcinj.com\/blog\/wp-json\/wp\/v2\/comments?post=29831"}],"version-history":[{"count":0,"href":"https:\/\/www.visit-ulcinj.com\/blog\/wp-json\/wp\/v2\/posts\/29831\/revisions"}],"wp:attachment":[{"href":"https:\/\/www.visit-ulcinj.com\/blog\/wp-json\/wp\/v2\/media?parent=29831"}],"wp:term":[{"taxonomy":"category","embeddable":true,"href":"https:\/\/www.visit-ulcinj.com\/blog\/wp-json\/wp\/v2\/categories?post=29831"},{"taxonomy":"post_tag","embeddable":true,"href":"https:\/\/www.visit-ulcinj.com\/blog\/wp-json\/wp\/v2\/tags?post=29831"}],"curies":[{"name":"wp","href":"https:\/\/api.w.org\/{rel}","templated":true}]}}