{"id":29835,"date":"2010-01-26T21:10:56","date_gmt":"2010-01-26T19:10:56","guid":{"rendered":"http:\/\/www.visit-ulcinj.com\/blog\/?p=29835"},"modified":"2010-01-26T21:10:56","modified_gmt":"2010-01-26T19:10:56","slug":"mali-i-zi-aplikon-taksa-te-reja-ekologjike","status":"publish","type":"post","link":"https:\/\/www.visit-ulcinj.com\/blog\/2010\/01\/26\/mali-i-zi-aplikon-taksa-te-reja-ekologjike\/","title":{"rendered":"Mali i Zi aplikon taksa t\u00eb reja ekologjike"},"content":{"rendered":"<p><a href=\"http:\/\/www.visit-ulcinj.com\/blog\/wp-content\/uploads\/2010\/01\/eko_taksa.crna-gora.jpg\"><img loading=\"lazy\" class=\"alignleft size-full wp-image-29751\" title=\"eko_taksa.crna gora\" src=\"http:\/\/www.visit-ulcinj.com\/blog\/wp-content\/uploads\/2010\/01\/eko_taksa.crna-gora.jpg\" alt=\"eko_taksa.crna gora\" width=\"243\" height=\"251\" \/><\/a>Podgoric\u00eb, 26 janar\u00a0 &#8211; Mali i Zi, i goditur nga nj\u00eb gjendje shum\u00eb e r\u00ebnd\u00eb ekonomike \u201cshpik\u201d forma t\u00eb reja t\u00eb p\u00ebrmir\u00ebsimit t\u00eb buxhetit shtet\u00ebror. K\u00ebshtu, Ministria e Rregullimit Hap\u00ebsinor dhe e Mjedisit ka marr\u00eb vendim p\u00ebr ngritjen e taksave ekologjike, duke u arsyetuar se ky \u00ebsht\u00eb shtet ekologjik dhe n\u00eb k\u00ebt\u00eb m\u00ebnyr\u00eb p\u00ebrmbush standardet drejt integrimit n\u00eb Bashkimin Evropian.<br \/>\nKy dekret nis implementimin nga data 1 shkurt. K\u00ebshtu, shtetasit malazias eko-taksat i paguajn\u00eb me rastin e regjistrimit t\u00eb automjeteve dhe lart\u00ebsia caktohet sipas llojit t\u00eb tyre, q\u00eb sillen prej 10 deri n\u00eb 150 euro n\u00eb vit.<br \/>\nNd\u00ebrkaq, shtetasit e huaj, taksat i paguajn\u00eb n\u00eb vendkalimet kufitare me rastin e hyrjes n\u00eb territorin e Malit t\u00eb Zi vet\u00ebm p\u00ebr koh\u00ebn e q\u00ebndrimit n\u00eb k\u00ebt\u00eb vend.<br \/>\nP\u00ebr automjetet transportuese me nj\u00eb tonazh m\u00eb t\u00eb lart\u00eb se 3.5 ton\u00eb t\u00eb kategoris\u00eb N2, eko-taksa \u00ebsht\u00eb 2 euro n\u00eb dit\u00eb (24 or\u00eb), p\u00ebr nj\u00eb jav\u00eb 7 euro, nj\u00eb muaj 20 dhe 100 euro p\u00ebr nj\u00eb vit.<br \/>\nP\u00ebr automjetet q\u00eb jan\u00eb mbi 12 ton\u00eb t\u00eb lejuar t\u00eb kategoris\u00eb N3, paguhet 3 euro n\u00eb dit\u00eb, 8 p\u00ebr nj\u00eb jav\u00eb, 20 p\u00ebr nj\u00eb muaj dhe 150 euro p\u00ebr nj\u00eb vit.<br \/>\nEdhe m\u00eb par\u00eb, vendimi i Ministris\u00eb malazeze t\u00eb Financave \u00ebsht\u00eb kritikuar ashp\u00ebr nga opozita parlamentare, pronar\u00ebt e automjeteve, e mbi t\u00eb gjitha nga turist\u00ebt, meq\u00eb, si\u00e7 kan\u00eb v\u00ebrejtur ata, ndikon n\u00eb m\u00ebnyr\u00eb drastike t\u00eb qarkullimit turistik, si deg\u00eb kryesore ekonomike e k\u00ebtij shteti, por nuk jepen d\u00ebshmi bind\u00ebse se ku shpenzohen mjetet q\u00eb grumbullohen nga kjo taks\u00eb.<\/p>\n<p><strong>Koha Net<br \/>\n<\/strong><!--YouTube Error: bad URL entered--><\/p>\n","protected":false},"excerpt":{"rendered":"<p>Podgoric\u00eb, 26 janar\u00a0 &#8211; Mali i Zi, i goditur nga nj\u00eb gjendje shum\u00eb e r\u00ebnd\u00eb ekonomike \u201cshpik\u201d forma t\u00eb reja t\u00eb p\u00ebrmir\u00ebsimit t\u00eb buxhetit shtet\u00ebror. K\u00ebshtu, Ministria e Rregullimit Hap\u00ebsinor dhe e Mjedisit ka marr\u00eb vendim p\u00ebr ngritjen e taksave ekologjike, duke u arsyetuar se ky \u00ebsht\u00eb shtet ekologjik dhe n\u00eb k\u00ebt\u00eb m\u00ebnyr\u00eb p\u00ebrmbush standardet [&hellip;]<\/p>\n","protected":false},"author":1,"featured_media":0,"comment_status":"open","ping_status":"closed","sticky":false,"template":"","format":"standard","meta":{"spay_email":"","jetpack_publicize_message":"","jetpack_is_tweetstorm":false,"jetpack_publicize_feature_enabled":true},"categories":[15],"tags":[13375,95,200,18],"jetpack_publicize_connections":[],"yoast_head":"<!-- This site is optimized with the Yoast SEO plugin v19.1 - https:\/\/yoast.com\/wordpress\/plugins\/seo\/ -->\n<title>Mali i Zi aplikon taksa t\u00eb reja ekologjike - Lajme nga Ulqini<\/title>\n<meta name=\"description\" content=\"Podgoric\u00eb, 26 janar\u00a0 - Mali i Zi, i goditur nga nj\u00eb gjendje shum\u00eb e r\u00ebnd\u00eb ekonomike \u201cshpik\u201d forma t\u00eb reja t\u00eb p\u00ebrmir\u00ebsimit t\u00eb buxhetit shtet\u00ebror. K\u00ebshtu,\" \/>\n<meta name=\"robots\" content=\"index, follow, max-snippet:-1, max-image-preview:large, max-video-preview:-1\" \/>\n<link rel=\"canonical\" href=\"https:\/\/www.visit-ulcinj.com\/blog\/2010\/01\/26\/mali-i-zi-aplikon-taksa-te-reja-ekologjike\/\" \/>\n<meta property=\"og:locale\" content=\"en_US\" \/>\n<meta property=\"og:type\" content=\"article\" \/>\n<meta property=\"og:title\" content=\"Mali i Zi aplikon taksa t\u00eb reja ekologjike - Lajme nga Ulqini\" \/>\n<meta property=\"og:description\" content=\"Podgoric\u00eb, 26 janar\u00a0 - Mali i Zi, i goditur nga nj\u00eb gjendje shum\u00eb e r\u00ebnd\u00eb ekonomike \u201cshpik\u201d forma t\u00eb reja t\u00eb p\u00ebrmir\u00ebsimit t\u00eb buxhetit shtet\u00ebror. K\u00ebshtu,\" \/>\n<meta property=\"og:url\" content=\"https:\/\/www.visit-ulcinj.com\/blog\/2010\/01\/26\/mali-i-zi-aplikon-taksa-te-reja-ekologjike\/\" \/>\n<meta property=\"og:site_name\" content=\"Lajme nga Ulqini\" \/>\n<meta property=\"article:published_time\" content=\"2010-01-26T19:10:56+00:00\" \/>\n<meta property=\"og:image\" content=\"http:\/\/www.visit-ulcinj.com\/blog\/wp-content\/uploads\/2010\/01\/eko_taksa.crna-gora.jpg\" \/>\n<meta name=\"twitter:label1\" content=\"Written by\" \/>\n\t<meta name=\"twitter:data1\" content=\"ulqini\" \/>\n\t<meta name=\"twitter:label2\" content=\"Est. reading time\" \/>\n\t<meta name=\"twitter:data2\" content=\"1 minute\" \/>\n<script type=\"application\/ld+json\" class=\"yoast-schema-graph\">{\"@context\":\"https:\/\/schema.org\",\"@graph\":[{\"@type\":\"WebSite\",\"@id\":\"https:\/\/www.visit-ulcinj.com\/blog\/#website\",\"url\":\"https:\/\/www.visit-ulcinj.com\/blog\/\",\"name\":\"Lajme nga Ulqini\",\"description\":\"Lajme,Vijesti,Ulqini,Ulqin,Crna Gora,Mali i Zi\",\"potentialAction\":[{\"@type\":\"SearchAction\",\"target\":{\"@type\":\"EntryPoint\",\"urlTemplate\":\"https:\/\/www.visit-ulcinj.com\/blog\/?s={search_term_string}\"},\"query-input\":\"required name=search_term_string\"}],\"inLanguage\":\"en-US\"},{\"@type\":\"ImageObject\",\"inLanguage\":\"en-US\",\"@id\":\"https:\/\/www.visit-ulcinj.com\/blog\/2010\/01\/26\/mali-i-zi-aplikon-taksa-te-reja-ekologjike\/#primaryimage\",\"url\":\"http:\/\/www.visit-ulcinj.com\/blog\/wp-content\/uploads\/2010\/01\/eko_taksa.crna-gora.jpg\",\"contentUrl\":\"http:\/\/www.visit-ulcinj.com\/blog\/wp-content\/uploads\/2010\/01\/eko_taksa.crna-gora.jpg\"},{\"@type\":\"WebPage\",\"@id\":\"https:\/\/www.visit-ulcinj.com\/blog\/2010\/01\/26\/mali-i-zi-aplikon-taksa-te-reja-ekologjike\/#webpage\",\"url\":\"https:\/\/www.visit-ulcinj.com\/blog\/2010\/01\/26\/mali-i-zi-aplikon-taksa-te-reja-ekologjike\/\",\"name\":\"Mali i Zi aplikon taksa t\u00eb reja ekologjike - Lajme nga Ulqini\",\"isPartOf\":{\"@id\":\"https:\/\/www.visit-ulcinj.com\/blog\/#website\"},\"primaryImageOfPage\":{\"@id\":\"https:\/\/www.visit-ulcinj.com\/blog\/2010\/01\/26\/mali-i-zi-aplikon-taksa-te-reja-ekologjike\/#primaryimage\"},\"datePublished\":\"2010-01-26T19:10:56+00:00\",\"dateModified\":\"2010-01-26T19:10:56+00:00\",\"author\":{\"@id\":\"https:\/\/www.visit-ulcinj.com\/blog\/#\/schema\/person\/dcab619c614d3038751c63bc2aadc06d\"},\"description\":\"Podgoric\u00eb, 26 janar\u00a0 - Mali i Zi, i goditur nga nj\u00eb gjendje shum\u00eb e r\u00ebnd\u00eb ekonomike \u201cshpik\u201d forma t\u00eb reja t\u00eb p\u00ebrmir\u00ebsimit t\u00eb buxhetit shtet\u00ebror. K\u00ebshtu,\",\"breadcrumb\":{\"@id\":\"https:\/\/www.visit-ulcinj.com\/blog\/2010\/01\/26\/mali-i-zi-aplikon-taksa-te-reja-ekologjike\/#breadcrumb\"},\"inLanguage\":\"en-US\",\"potentialAction\":[{\"@type\":\"ReadAction\",\"target\":[\"https:\/\/www.visit-ulcinj.com\/blog\/2010\/01\/26\/mali-i-zi-aplikon-taksa-te-reja-ekologjike\/\"]}]},{\"@type\":\"BreadcrumbList\",\"@id\":\"https:\/\/www.visit-ulcinj.com\/blog\/2010\/01\/26\/mali-i-zi-aplikon-taksa-te-reja-ekologjike\/#breadcrumb\",\"itemListElement\":[{\"@type\":\"ListItem\",\"position\":1,\"name\":\"Mali i Zi aplikon taksa t\u00eb reja ekologjike\"}]},{\"@type\":\"Person\",\"@id\":\"https:\/\/www.visit-ulcinj.com\/blog\/#\/schema\/person\/dcab619c614d3038751c63bc2aadc06d\",\"name\":\"ulqini\",\"sameAs\":[\"http:\/\/www.visit-ulcinj.com\"],\"url\":\"https:\/\/www.visit-ulcinj.com\/blog\/author\/admin\/\"}]}<\/script>\n<!-- \/ Yoast SEO plugin. -->","yoast_head_json":{"title":"Mali i Zi aplikon taksa t\u00eb reja ekologjike - Lajme nga Ulqini","description":"Podgoric\u00eb, 26 janar\u00a0 - Mali i Zi, i goditur nga nj\u00eb gjendje shum\u00eb e r\u00ebnd\u00eb ekonomike \u201cshpik\u201d forma t\u00eb reja t\u00eb p\u00ebrmir\u00ebsimit t\u00eb buxhetit shtet\u00ebror. K\u00ebshtu,","robots":{"index":"index","follow":"follow","max-snippet":"max-snippet:-1","max-image-preview":"max-image-preview:large","max-video-preview":"max-video-preview:-1"},"canonical":"https:\/\/www.visit-ulcinj.com\/blog\/2010\/01\/26\/mali-i-zi-aplikon-taksa-te-reja-ekologjike\/","og_locale":"en_US","og_type":"article","og_title":"Mali i Zi aplikon taksa t\u00eb reja ekologjike - Lajme nga Ulqini","og_description":"Podgoric\u00eb, 26 janar\u00a0 - Mali i Zi, i goditur nga nj\u00eb gjendje shum\u00eb e r\u00ebnd\u00eb ekonomike \u201cshpik\u201d forma t\u00eb reja t\u00eb p\u00ebrmir\u00ebsimit t\u00eb buxhetit shtet\u00ebror. K\u00ebshtu,","og_url":"https:\/\/www.visit-ulcinj.com\/blog\/2010\/01\/26\/mali-i-zi-aplikon-taksa-te-reja-ekologjike\/","og_site_name":"Lajme nga Ulqini","article_published_time":"2010-01-26T19:10:56+00:00","og_image":[{"url":"http:\/\/www.visit-ulcinj.com\/blog\/wp-content\/uploads\/2010\/01\/eko_taksa.crna-gora.jpg"}],"twitter_misc":{"Written by":"ulqini","Est. reading time":"1 minute"},"schema":{"@context":"https:\/\/schema.org","@graph":[{"@type":"WebSite","@id":"https:\/\/www.visit-ulcinj.com\/blog\/#website","url":"https:\/\/www.visit-ulcinj.com\/blog\/","name":"Lajme nga Ulqini","description":"Lajme,Vijesti,Ulqini,Ulqin,Crna Gora,Mali i Zi","potentialAction":[{"@type":"SearchAction","target":{"@type":"EntryPoint","urlTemplate":"https:\/\/www.visit-ulcinj.com\/blog\/?s={search_term_string}"},"query-input":"required name=search_term_string"}],"inLanguage":"en-US"},{"@type":"ImageObject","inLanguage":"en-US","@id":"https:\/\/www.visit-ulcinj.com\/blog\/2010\/01\/26\/mali-i-zi-aplikon-taksa-te-reja-ekologjike\/#primaryimage","url":"http:\/\/www.visit-ulcinj.com\/blog\/wp-content\/uploads\/2010\/01\/eko_taksa.crna-gora.jpg","contentUrl":"http:\/\/www.visit-ulcinj.com\/blog\/wp-content\/uploads\/2010\/01\/eko_taksa.crna-gora.jpg"},{"@type":"WebPage","@id":"https:\/\/www.visit-ulcinj.com\/blog\/2010\/01\/26\/mali-i-zi-aplikon-taksa-te-reja-ekologjike\/#webpage","url":"https:\/\/www.visit-ulcinj.com\/blog\/2010\/01\/26\/mali-i-zi-aplikon-taksa-te-reja-ekologjike\/","name":"Mali i Zi aplikon taksa t\u00eb reja ekologjike - Lajme nga Ulqini","isPartOf":{"@id":"https:\/\/www.visit-ulcinj.com\/blog\/#website"},"primaryImageOfPage":{"@id":"https:\/\/www.visit-ulcinj.com\/blog\/2010\/01\/26\/mali-i-zi-aplikon-taksa-te-reja-ekologjike\/#primaryimage"},"datePublished":"2010-01-26T19:10:56+00:00","dateModified":"2010-01-26T19:10:56+00:00","author":{"@id":"https:\/\/www.visit-ulcinj.com\/blog\/#\/schema\/person\/dcab619c614d3038751c63bc2aadc06d"},"description":"Podgoric\u00eb, 26 janar\u00a0 - Mali i Zi, i goditur nga nj\u00eb gjendje shum\u00eb e r\u00ebnd\u00eb ekonomike \u201cshpik\u201d forma t\u00eb reja t\u00eb p\u00ebrmir\u00ebsimit t\u00eb buxhetit shtet\u00ebror. K\u00ebshtu,","breadcrumb":{"@id":"https:\/\/www.visit-ulcinj.com\/blog\/2010\/01\/26\/mali-i-zi-aplikon-taksa-te-reja-ekologjike\/#breadcrumb"},"inLanguage":"en-US","potentialAction":[{"@type":"ReadAction","target":["https:\/\/www.visit-ulcinj.com\/blog\/2010\/01\/26\/mali-i-zi-aplikon-taksa-te-reja-ekologjike\/"]}]},{"@type":"BreadcrumbList","@id":"https:\/\/www.visit-ulcinj.com\/blog\/2010\/01\/26\/mali-i-zi-aplikon-taksa-te-reja-ekologjike\/#breadcrumb","itemListElement":[{"@type":"ListItem","position":1,"name":"Mali i Zi aplikon taksa t\u00eb reja ekologjike"}]},{"@type":"Person","@id":"https:\/\/www.visit-ulcinj.com\/blog\/#\/schema\/person\/dcab619c614d3038751c63bc2aadc06d","name":"ulqini","sameAs":["http:\/\/www.visit-ulcinj.com"],"url":"https:\/\/www.visit-ulcinj.com\/blog\/author\/admin\/"}]}},"jetpack_featured_media_url":"","jetpack_sharing_enabled":true,"jetpack_shortlink":"https:\/\/wp.me\/pe6lTn-7Ld","_links":{"self":[{"href":"https:\/\/www.visit-ulcinj.com\/blog\/wp-json\/wp\/v2\/posts\/29835"}],"collection":[{"href":"https:\/\/www.visit-ulcinj.com\/blog\/wp-json\/wp\/v2\/posts"}],"about":[{"href":"https:\/\/www.visit-ulcinj.com\/blog\/wp-json\/wp\/v2\/types\/post"}],"author":[{"embeddable":true,"href":"https:\/\/www.visit-ulcinj.com\/blog\/wp-json\/wp\/v2\/users\/1"}],"replies":[{"embeddable":true,"href":"https:\/\/www.visit-ulcinj.com\/blog\/wp-json\/wp\/v2\/comments?post=29835"}],"version-history":[{"count":0,"href":"https:\/\/www.visit-ulcinj.com\/blog\/wp-json\/wp\/v2\/posts\/29835\/revisions"}],"wp:attachment":[{"href":"https:\/\/www.visit-ulcinj.com\/blog\/wp-json\/wp\/v2\/media?parent=29835"}],"wp:term":[{"taxonomy":"category","embeddable":true,"href":"https:\/\/www.visit-ulcinj.com\/blog\/wp-json\/wp\/v2\/categories?post=29835"},{"taxonomy":"post_tag","embeddable":true,"href":"https:\/\/www.visit-ulcinj.com\/blog\/wp-json\/wp\/v2\/tags?post=29835"}],"curies":[{"name":"wp","href":"https:\/\/api.w.org\/{rel}","templated":true}]}}