{"id":2984,"date":"2008-09-04T17:17:52","date_gmt":"2008-09-04T22:17:52","guid":{"rendered":"http:\/\/www.visit-ulcinj.com\/blog\/?p=2984"},"modified":"2008-09-06T08:16:32","modified_gmt":"2008-09-06T13:16:32","slug":"sa-i-embel-eshte-pushteti","status":"publish","type":"post","link":"https:\/\/www.visit-ulcinj.com\/blog\/2008\/09\/04\/sa-i-embel-eshte-pushteti\/","title":{"rendered":"Sa i \u00ebmb\u00ebl \u00ebsht\u00eb pushteti!!!"},"content":{"rendered":"<p><a href=\"http:\/\/www.visit-ulcinj.com\/blog\/wp-content\/uploads\/2008\/09\/ppd.jpg\"><img loading=\"lazy\" class=\"alignleft size-medium wp-image-2985\" title=\"Partija e Prosperitetit Demokratik n\u00eb Mal t\u00eb Zi\" src=\"http:\/\/www.visit-ulcinj.com\/blog\/wp-content\/uploads\/2008\/09\/ppd.jpg\" alt=\"\" width=\"249\" height=\"248\" srcset=\"https:\/\/www.visit-ulcinj.com\/blog\/wp-content\/uploads\/2008\/09\/ppd.jpg 249w, https:\/\/www.visit-ulcinj.com\/blog\/wp-content\/uploads\/2008\/09\/ppd-150x150.jpg 150w\" sizes=\"(max-width: 249px) 100vw, 249px\" \/><\/a>K\u00ebt\u00eb vit, numri i \u201can\u00ebtar\u00ebve\u201d t\u00eb PPD-s\u00eb  nuk dihet sa do t\u00eb jen.Si sqarohet kjo, e pyeta liderin e PPD-s\u00eb gjat\u00eb dit\u00ebs s\u00eb p\u00ebrvjetorit t\u00eb sivjetsh\u00ebm. \u201cKjo tregon p\u00ebrkrahjen q\u00eb i jep an\u00ebtar\u00ebsia veprimit autonom\u201d, m\u2019u p\u00ebrgjigj Amir Holli. Mir\u00eb. Un\u00eb e kuptoj se ai si lider ka obligim t\u2019i mbroj\u00eb njer\u00ebzit q\u00eb i ikin n\u00eb dit\u00ebt e v\u00ebshtira dhe njer\u00ebzit q\u00eb i vijn\u00eb n\u00eb dit\u00ebt e \u201clumtura\u201d. Dit\u00ebt e v\u00ebshtira t\u00eb nj\u00eb partie jan\u00eb kur ajo mbetet n\u00eb opozit\u00eb, nd\u00ebrsa dit\u00ebt e lumtura kur partia hyn n\u00eb qeveri. E v\u00ebrteta \u00ebsht\u00eb se vitet e kaluara PPD-ja ishte n\u00eb opozit\u00eb dhe shpresat p\u00ebr t\u00eb fituar aq deputet\u00eb sa t\u00eb mund t\u00eb hyjn\u00eb n\u00eb qeveri t\u00eb k\u00ebsaj partie ishin t\u00eb vogla, koalicionet ishin disi t\u00eb pamundura dhe an\u00ebtar\u00ebt e \u201cflakt\u00eb\u201d e kishin nuhatur k\u00ebt\u00eb.Mir\u00eb ka t\u00eb drejt\u00eb t\u2019i mbroj\u00eb, se \u00ebsht\u00eb rregull t\u00eb mbrosh njer\u00ebzit e tu edhe kur jan\u00eb t\u00eb luhatsh\u00ebm.<br \/>\n<strong>Ka tre llojet e an\u00ebtar\u00ebve t\u00eb PPD-s\u00eb<\/strong><br \/>\nPartit\u00eb politike kan\u00eb disa lloj an\u00ebtar\u00ebsh. Nj\u00eb lloj \u00ebsht\u00eb i sinqert\u00eb, nuk k\u00ebrkon asgj\u00eb nga partia. E p\u00eblqen ideologjin\u00eb e saj dhe gjithmon\u00eb mbeten an\u00ebtar\u00eb. Sa pak ka t\u00eb till\u00eb! Nj\u00eb lloj tjet\u00ebr an\u00ebtar\u00ebsh, jan\u00eb gjithmon\u00eb ata t\u00eb cil\u00ebt pretendojn\u00eb t\u00eb jen\u00eb ministra, zv\/ministra, drejtor\u00eb etj. Dhe ky lloj i an\u00ebtar\u00ebve jan\u00eb dembel\u00ebt e partis\u00eb ose p\u00ebrfituesit. Sa shum\u00eb ka prej tyre. Nj\u00eb lloj tjet\u00ebr as vet\u00eb nuk e di se an\u00ebtar i cil\u00ebs parti \u00ebsht\u00eb. Ai njeh vet\u00ebm pushtetin dhe asgj\u00eb tjet\u00ebr. Mir\u00eb. PPD-ja nuk duhet t\u00eb g\u00ebzohet se ka pasur shum\u00eb an\u00ebtar\u00eb. Pasi 90 p\u00ebr qind ishin nga lloji i tret\u00eb. Ok. Urime PPD. Shqiptar\u00ebt t\u00eb urojn\u00eb shum\u00eb vite se ishte e para q\u00eb e shkrive akullin dhe nuk kan\u00eb qejf t\u00eb shuhesh. Po duhet t\u00eb punosh m\u00eb shum\u00eb me an\u00ebtar\u00ebt e llojit t\u00eb par\u00eb se p\u00ebrndryshe do t\u00eb p\u00ebrfundosh ashtu si nuk kan\u00eb qejf t\u00eb p\u00ebrfundosh shqiptar\u00ebt e Ulqinit. K\u00ebt\u00eb ua ke borxh atyre q\u00eb u \u00ebsht\u00eb fiksuar ky em\u00ebr.<br \/>\n<strong>Nj\u00eb rr\u00ebfim dhe nj\u00eb k\u00ebshill\u00eb p\u00ebr PPD-n\u00eb<\/strong><br \/>\nE para, rr\u00ebfimi. Nj\u00eb mik imi m\u00eb tregoi nj\u00eb histori t\u00eb nj\u00eb an\u00ebtari t\u00eb flakt\u00eb t\u00eb PPD-s\u00eb, nga lloji i par\u00eb i an\u00ebtar\u00ebsis\u00eb s\u00eb k\u00ebsaj partie. Ai \u00ebsht\u00eb nga nj\u00eb fshat i t\u00eb An\u00ebs s\u00eb Malit. An\u00ebtari i PPD-s\u00eb \u00ebsht\u00eb nj\u00ebri pun\u00ebtor, por buk\u00ebn e nxirrte nga puna q\u00eb b\u00ebnte n\u00eb fshat. An\u00ebtar\u00eb t\u00eb nj\u00eb partie tjet\u00ebr e keqtrajtonin \u00e7do dit\u00eb duke e akuzuar partin\u00eb e tij, duke ia shar\u00eb an\u00ebtar\u00ebt e kryesis\u00eb. Mir\u00ebpo, ai vazhdonte ta donte PPD-n\u00eb, aq shum\u00eb sa kishte b\u00ebr\u00eb edhe jast\u00ebkun dhe jorganin me stem\u00ebn e k\u00ebsaj partie. Kund\u00ebrshtari kryesor i tij ishte partia q\u00eb e shante \u00e7do dit\u00eb. Pas nj\u00eb kohe t\u00eb gjat\u00eb n\u00ebn presionin e an\u00ebtar\u00ebve t\u00eb kund\u00ebrshtar\u00ebve partiak\u00eb, vendosi t\u00eb mos bashk\u00ebpunoj\u00eb me ata dhe mbeti edhe keq me pun\u00ebn. Po s\u00ebrish vazhdonte ta donte PPD-n\u00eb. Nj\u00eb dit\u00eb kjo e fundit b\u00ebri koalicion me kund\u00ebrshtar\u00ebt e tij. Kur mori vesh an\u00ebtari se partia e tij \u00ebsht\u00eb miq\u00ebsuar me \u201carmiqt\u00eb\u201d e tij, mori jorganin dhe jast\u00ebkun, i nxori n\u00eb oborr dhe ua vuri flak\u00ebt. At\u00eb dit\u00eb p\u00ebr k\u00ebt\u00eb an\u00ebtar\u00eb t\u00eb zellsh\u00ebm t\u00eb PPD-s\u00eb kishte krisur kiameti. Po PPD-ja paska qen\u00eb miq me armiqt\u00eb e mi, kishte th\u00ebn\u00eb an\u00ebtari i familjes s\u00eb tij. N\u00eb t\u00eb ardhmen PPD-ja kur do t\u00eb hyj\u00eb n\u00eb mendje t\u00eb miq\u00ebsohet me kund\u00ebrshtar\u00ebt e saj, \u00ebsht\u00eb mir\u00eb t\u00eb mos marr\u00eb k\u00ebshilla nga an\u00ebtar\u00ebt e llojit t\u00eb tret\u00eb t\u00eb saj, por nga ata t\u00eb par\u00ebt. N\u00eb t\u00eb kund\u00ebrt\u00ebn n\u00eb fund do t\u00eb mbetet vet\u00ebm me an\u00ebtar\u00ebt e kategoris\u00eb s\u00eb tret\u00eb, t\u00eb cil\u00ebt e duan PPD-n\u00eb vet\u00ebm kur u vjen era qeveri.<br \/>\nE dyta. K\u00ebtu ka faj PPD-ja, apo kan\u00eb faj ish-kryetar\u00ebt p\u00ebr mospjes\u00ebmarrje n\u00eb p\u00ebrvjetor\u00ebt e k\u00ebsaj partie. Nuk ka r\u00ebnd\u00ebsi. Me r\u00ebnd\u00ebsi \u00ebsht\u00eb q\u00eb ata duhet t\u00eb respektojn\u00eb partin\u00eb e tyre dhe partia e tyre t\u00eb respektoj\u00eb ata. Her\u00ebve t\u00eb tjera, n\u00ebse PPD-ja do t\u00eb festoj\u00eb p\u00ebrvjetor\u00eb, \u00ebsht\u00eb mir\u00eb q\u00eb t\u00eb b\u00ebj\u00eb nj\u00eb pakt me ish-kryetar\u00ebt dhe t\u2019i ofroj\u00eb s\u00eb paku n\u00eb dat\u00eblindje, p\u00ebr shkak se PPD-ja m\u00eb shumic\u00ebn prej tyre identifikohet. Po ashtu edhe ata identifikohen si PPD.<\/p>\n<p style=\"text-align: center;\"><a class=\"aligncenter\" title=\"???? ????,?????,Ulcinj,Montenegru,??????????,\u00c7ernoqoriya,Besplatni internet oglasi,Besplatni oglasi,besplatni mali oglasi,besplatni turisti?ki oglasi,oglasi, usluge, turizam,Turisti?ke usluge,Doma?i turizam,Besplatni Oglasnik,Brzi Oglasi Besplatno,Besplatno OglasavanjeTurizam,besplatni oglasi sa slikom,Turisticki informator besplatni,li?ni-oglasi,BESPLATNI Turisticki OGLASI SA SLIKAMA,BESPLATNI Turisticki Oglasi saVideom,turisticki smestaj oglasi,Turisti?ki vodi? balkana,BESPLATNA REZERVACIJA SMESTAJA,Postavite besplatno Vas oglas,FREE TOURIST GUIDES,Izdavanje-Turizam oglasi,Balkan Turisticki vodic,shpallje turistike falas,Shpallje Falas,Shpallje falas per Komplekse Turistike,Lajmerime,Njoftime,shpallje shqip per shqiptaret ne shqiperi kosova maqedoni,mal te zi,???????????,Montenegiro,?ern\u00e1 Hora,??????????,Cz\u00f4rnog\u00f3ra,Cz\u00f4rn\u00f4 G\u00f3ra,Carna G\u00f3ra,T\u0161ernogooria,\u00c7ernogoriya,Montain\u00e9agr\u00f3,Montenegwo,?orna Hora,Montenegr\u00f3,M?ntenigro,Chernogoriya ,\u00c7\u00earnogor\u00ee ,?????????,????????? ,??????? ,Montes Nigrae,Mons Niger,M\u00f4ntenegr\u00f4,Muntenegru,??????????,Czarnog\u00f3ra,Muntinigru,Muntenegro,&lt;br &gt;&lt;\/a&gt; Muntenegru,\t?ierna Hora,Cxerngora,????????,?rna gora,Moontineegro,?ornog?ra,\u00c7ernogori\u00fda,Chernogoriya,Mont\u00f5negro,????? ???? ,?r?na Gora,?r?nogorije,?ernogorija,?arnahoryja,??????????,???????????????????? ,?ern?g?riy\u00e2,M?nt?n??r?,????? ?????? ,?????????,??????????,???????????,M?nten?gro,???? ????? ,????????,M\u00f4ntenegr\u00f4,????????????,???????????,????????????, ??????????? ,????????????,??????????? ,??\/?? ,??????,????? ,Muntenegru, ????? ????, Montenegr\u00f3,chambres \u00e0 louer \u00e0 ulcinj, location de vacance, location saisonni\u00e8res, louer villa,location de vacance, Locations vacance, h\u00e9bergements vacances, locations villa, logements de vacances, location maison avec piscine, Location vacance, locations de vacance, h\u00e9bergements de vacances, location villa, locations entre particulier, logements vacance, vacances \u00e0 Mont\u00e9n\u00e9gro - location \u00e0 Ulcinj ,location  de bigorre,Urlaub in Ulcinj -Montenegro,Hotelbewertungen Ulcinj,Reisen Ulcinj, Urlaub Ulcinj,Hotel in Serbien und Montenegro von Urlaubern bewertet,Billig Urlaub in Ulcinj,ferienh\u00e4user,ferienwohnung,Billige Ferienh\u00e4user,Ferienwohnung ULCINJ,Ferien an der Adria,Urlaub im Ferienhaus ulcinjBilligreisen Ulcinj,Pauschalreisen,FKK Strand Ada Bojana ulcinj,Last Minute Angebote ulcinj,Preise f\u00fcr Lastminute,Kleinanzeigen gratis,Ausflug nach Ulcinj,FKK-Reisen ada bojana,FKK-Urlaub ulcinj,Privatni smje\u0161taj,rezervacija smje\u0161taja,apartmani,sobe,ku?e,odmor,sobe za odmor ulcinj,Pretra\u017eivanje privatnog smje\u0161taja,rooms rent accommodation ulcinj, rentail private accommodation ulcinj,\u017delite rezervirati privatni smje\u0161taj,Private accommodation,Smje\u0161taj ulcinj,Pushime Verore ulqin,pushime t\u00eb lira n\u00eb ulqin,Pushime ne plazh,Pushime te kendshme,dhoma per pushime ulqin,dhoma me qera ulqin,dhoma te lira ulqin,pushime te lira ulqin,mali i zi,kosova,maqedoni,shqiperi,Pushime ne det te ulqinit,godi\u0161nji odmor u ulcinj,odmor u ulcinj,Ku?a za odmor,kuda na odmor,ljetovanje u ulcinj,slobodne sobe,dhoma te lira,ku?a uz more,turisti?ka ponuda,odmor i zabava,povolne cene,sobe,usluge,Mjesto za Va\u0161 odmor , Place for Your holiday,Odmor portal,putovanaja,Iznajmljivanje soba ulcinj,odmor ulcinj info,Va\u0161e mjesto za odmor ulcinj,nudisticka plaza ada bojana,smjestaj ponuda ulcinj,lokacioni i dhomave ulqin,deti,plazhet e bukura,diskoteka,zbavitja,.\" href=\"http:\/\/www.visit-ulcinj.com\/tourism\/\" target=\"_blank\"><img loading=\"lazy\" class=\"aligncenter\" title=\"SHPALLJE TURISTIKE FALAS,FREE TOURIST GUIDES,BESPLATNI TURISTI?KI OGLASI,balkan holiday rentals,ALBANIJA,ALBANIA,SHQIPERIJA,CRNA GORA,HRVATSKA,KROACIA,SLOVENIJA,MAKEDONIJA,MAKEDONIA,SRBIJA,MONTENEGRO,MALI I ZI,\" src=\"http:\/\/www.visit-ulcinj.com\/blog\/wp-content\/uploads\/2008\/09\/balkanholidayrentals.gif\" alt=\"Apatin,  Aran?elovac,  ?uprija,  ?a?ak,  ?apljina,  ?itluk,  \u0160abac,  \u0160ipovo,  \u0160iroki Brijeg,  \u017dep?e,  \u017divinice,  Ba?ka Palanka,  Banja Luka,  Banovi?i,  Be?ej,  beograd,  Biha?,  Bijeljina,  Bor,  Bor?a,  Bosanska Gradi\u0161ka,  Bosanska Krupa,  Bosanski \u0160amac,  Bosanski Brod,  Bosanski Novi,  Br?ko,  Bu\u017eim,  Bugojno,  Cazin,  Crna Gora,  Derventa,  Doboj,  Donji Vakuf,  Drvar,  Dubrovnik,  Fo?a,  Fojnica,  Glamo?,  Gora\u017ede,  Gornji Milanovac,  Gornji Vakuf,  gostivar,  Gra?anica,  Grada?ac,  Gradiska,  Grahovo,  Had\u017ei?i,  Ilid\u017ea,  In?ija,  Jablanica,  Jagodina,  Jajce,  Kakanj,  Kalu?erica,  Kikinda,  Klju?,  Konjic,  Kotor Varo\u0161,  Kragujevac,  Kraljevo,  Kru\u0161evac,  Kula,  Kupres,  Lakta\u0161i,  Lazarevac,  Leskovac,  Livno,  Ljubinje,  ljublana,  Ljubu\u0161ki,  Loznica,  Lukavac,  Maglaj,  Mladenovac,  Modri?a,  montenegro erlajnz,  mostar,  Mrkonji? Grad,  Neum,  Ni\u0161,  Novi Pazar,  Novi Sad,  Novi Travnik,  Obrenovac,  Od\u017eak,  ohrid,  Ora\u0161je,  Pale,  Pan?evo,  Para?in,  Pirot,  Po\u017earevac,  Podgorica,  Priboj,  Prijedor,  Prokuplje,  Prozor,  pula,  rijeka,  Ruma,  Sanski Most,  Sarajevo,  Senta,  serbija,  sibenik,  skopje,  Smederevo,  Smederevska Palanka,  Sokolac,  Sombor,  split,  Srebrenica,  Srebrenik,  Sremska Mitrovica,  Stolac,  Struga,  Subotica,  Temerin,  Tesli?,  tetovo,  Travnik,  Trebinje,  tuzla,  U\u017eice,  ulcinj,  Valjevo,  Velika Kladu\u0161a,  Vi\u0161egrad,  Visoko,  Vitez,  Vogo\u0161?a,  vojvodina,  Vranje,  Vr\u0161ac,  Vrbas,  zadar,  Zagreb,  Zaje?ar,  Zavidovi?i,  Zenica,  Zrenjanin,  Zvornik,copacabana ulcinj,  h\u00f4tels,  hotel ulqin,  Kosova,  Mali i Zi,  Maqedonija,  Montenegro,  montenegro tourisme plage,  montenegro ulcinj,  Shpallje Falas,  Shpallje Falas per shitjen e shtepis se juaj,  Shpallje Falas per villat e juaj,  Shpallje Falas Real Estate,  Shpallje Falas turistike,  shqiperija,  tourisme,  Ulci?,  ulcinj,  ulqin,  ulqin hotel,  ulqini,  ulqini 2007,Ada Bojana,  Alba?czyk,  Cita di Dolcino,  Copacabana,  Czarnog\u00f3ra,  Czarnog\u00f3rzec,  Don Kichota,  Ma?a Pla?a,  Mandra,  MIGUEL DE SERVANTES,  p\u00f3?wyspy Marjan,  Pla?a Valdanos,  Rzeka Bojana,  Shas \/ \u0160as \/ Sva?,  Ulci?,  Ulcinjsk? Riwier?,  Wielka Pla?a,  Wyspa Bojana,GORA,??????????,???????,??????????, ?ern\u00e1 Hora,TO ULCINJ \/ ULQIN,MONTENEGRO, Czarnog\u00f3ra, Muntenegru, ????? ????, Montenegr\u00f3,villa \u00e0 louer \u00e0 ulcinj, location de vacance, location saisonni\u00e8res, louer chambres,location de vacance, Locations vacance, h\u00e9bergements vacances, locations villa, logements de vacances, location maison avec piscine, Location vacance, locations de vacance, h\u00e9bergements de vacances, location, locations entre particulier, logements vacance, vacances \u00e0 Mont\u00e9n\u00e9gro - location \u00e0 Ulcinj ,location  de bigorre,Albaniku,  Artana,  Bujanoci,  Burimi,  Dardana,  Dardan\u00eb,  De\u00e7an,  Dibra,  Drenas,  Drenasi,  Ferizaj,  Ferizaji,  Fush\u00eb Kosova,Besplatni internet oglasi,Besplatni oglasi,besplatni mali oglasi,besplatni turisti?ki oglasi,oglasi, usluge, turizam,Turisti?ke usluge,Doma?i turizam,Besplatni Oglasnik,Brzi Oglasi Besplatno,Besplatno OglasavanjeTurizam,besplatni oglasi sa slikom,Turisticki informator besplatni,li?ni-oglasi,BESPLATNI Turisticki OGLASI SA SLIKAMA,BESPLATNI Turisticki Oglasi saVideom,turisticki smestaj oglasi,Turisti?ki vodi? balkana,BESPLATNA REZERVACIJA SMESTAJA,Postavite besplatno Vas oglas,FREE TOURIST GUIDES,Izdavanje-Turizam oglasi,Balkan Turisticki vodic,shpallje turistike falas,Shpallje Falas,Shpallje falas per Komplekse Turistike,Lajmerime,Njoftime,shpallje shqip per shqiptaret ne shqiperi kosova maqedoni,mal te zi,Fush\u00eb Kosov\u00eb,  Gjakova,  Gjakov\u00eb,  Gjilan,  Gjilani,  Gostivari,  Istog,  Istog\u00b7,  Ka\u00e7anik,  Ka\u00e7aniku,  Kastrioti,  K\u00ebr\u00e7ova,  Klina,  Klin\u00eb,  Kumanova,  Leposaviq,  Leskovci,  Likova,  Lipjan,  Lipjani,  Malisheva,  Malishev\u00eb,  Manastiri,  Medvegja,  Mitrovica,  Mitrovic\u00eb,  Novob\u00ebrd\u00eb,  Obiliq\u00b7 Rahovec,  Ohri,  Peja,  Pej\u00eb,  Podujeva,  Podujev\u00eb,  Presheva,  Prishtina,  Prishtin\u00eb,  Prizren,  Prizreni,  Rahoveci,  Sharri,  Sharri (Kosov\u00eb),  Shkupi,  Sht\u00ebrpca,  Sht\u00ebrpc\u00eb,  Shtime,  Sk\u00ebnderaj,  Struga,  Tetova,  Theranda,  Therand\u00eb,  Triumf Riza,  Veleshta,  Viti,  Vitia,  Vushtrri,  Vushtrria,  Zubin Potok,  Zubin Potoku,  Zve\u00e7an,  Zve\u00e7ani,Struga,Gostivari,Gostivar,Ker\u00e7ova,Tirana,Durr\u00ebsi,Elbasani,Shkodra,Tuzi,Vlora, Kor\u00e7a,Fieri,Berati,Lushnja ,Kavaja,Pogradeci,La\u00e7i,Gjirokastra,Patosi,Kruja,Ku\u00e7ova,Kuk\u00ebsi,Lezha,Saranda,Peshkopia,Burreli,C\u00ebrriku,\u00c7orovoda,Shijaku,Librazhdi,Tepelena,Gramshi,Poli\u00e7ani,Bulqiza,P\u00ebrmeti,Fush\u00ebKruja,Kamza,Rr\u00ebsheni,Ballshi,Mamurrasi,BajramCurri,Erseka,Peqini,Divjaka,Selenica,Bilishti,Roskoveci,Puka,Memaliaj,Rrogozhina,Ura Vajgurore,Himara,Delvina,Vora,Kopliku,Maliqi,P\u00ebrrenjasi,Kruma, Libohova,Orikumi,Fush\u00eb-Arr\u00ebza,Sh\u00ebngjini,Rubiku,Miloti, Leskoviku,Konispoli,K\u00eblcyra,Krasta,K\u00ebrraba,Manastiri,Hara\u00e7ina,Likova,Prilepi,Zajazi,Vrap\u00e7ishti,Bogovin\u00eb,\" width=\"420\" height=\"120\" \/><\/a><\/p>\n","protected":false},"excerpt":{"rendered":"<p><img loading=\"lazy\" class=\"alignleft size-medium wp-image-2985\" title=\"Partija e Prosperitetit Demokratik n\u00eb Mal t\u00eb Zi\" src=\"http:\/\/www.visit-ulcinj.com\/blog\/wp-content\/uploads\/2008\/09\/ppd.jpg\" alt=\"\" width=\"140\" height=\"140\" srcset=\"https:\/\/www.visit-ulcinj.com\/blog\/wp-content\/uploads\/2008\/09\/ppd.jpg 249w, https:\/\/www.visit-ulcinj.com\/blog\/wp-content\/uploads\/2008\/09\/ppd-150x150.jpg 150w\" sizes=\"(max-width: 140px) 100vw, 140px\" \/><\/p>\n","protected":false},"author":1,"featured_media":0,"comment_status":"open","ping_status":"closed","sticky":false,"template":"","format":"standard","meta":{"spay_email":"","jetpack_publicize_message":"","jetpack_is_tweetstorm":false,"jetpack_publicize_feature_enabled":true},"categories":[8,6,12],"tags":[4484,4483],"jetpack_publicize_connections":[],"yoast_head":"<!-- This site is optimized with the Yoast SEO plugin v19.1 - https:\/\/yoast.com\/wordpress\/plugins\/seo\/ -->\n<title>Sa i \u00ebmb\u00ebl \u00ebsht\u00eb pushteti!!! - Lajme nga Ulqini<\/title>\n<meta name=\"robots\" content=\"index, follow, max-snippet:-1, max-image-preview:large, max-video-preview:-1\" \/>\n<link rel=\"canonical\" href=\"https:\/\/www.visit-ulcinj.com\/blog\/2008\/09\/04\/sa-i-embel-eshte-pushteti\/\" \/>\n<meta property=\"og:locale\" content=\"en_US\" \/>\n<meta property=\"og:type\" content=\"article\" \/>\n<meta property=\"og:title\" content=\"Sa i \u00ebmb\u00ebl \u00ebsht\u00eb pushteti!!! - Lajme nga Ulqini\" \/>\n<meta property=\"og:url\" content=\"https:\/\/www.visit-ulcinj.com\/blog\/2008\/09\/04\/sa-i-embel-eshte-pushteti\/\" \/>\n<meta property=\"og:site_name\" content=\"Lajme nga Ulqini\" \/>\n<meta property=\"article:published_time\" content=\"2008-09-04T22:17:52+00:00\" \/>\n<meta property=\"article:modified_time\" content=\"2008-09-06T13:16:32+00:00\" \/>\n<meta property=\"og:image\" content=\"http:\/\/www.visit-ulcinj.com\/blog\/wp-content\/uploads\/2008\/09\/ppd.jpg\" \/>\n<meta name=\"twitter:label1\" content=\"Written by\" \/>\n\t<meta name=\"twitter:data1\" content=\"ulqini\" \/>\n\t<meta name=\"twitter:label2\" content=\"Est. reading time\" \/>\n\t<meta name=\"twitter:data2\" content=\"4 minutes\" \/>\n<script type=\"application\/ld+json\" class=\"yoast-schema-graph\">{\"@context\":\"https:\/\/schema.org\",\"@graph\":[{\"@type\":\"WebSite\",\"@id\":\"https:\/\/www.visit-ulcinj.com\/blog\/#website\",\"url\":\"https:\/\/www.visit-ulcinj.com\/blog\/\",\"name\":\"Lajme nga Ulqini\",\"description\":\"Lajme,Vijesti,Ulqini,Ulqin,Crna Gora,Mali i Zi\",\"potentialAction\":[{\"@type\":\"SearchAction\",\"target\":{\"@type\":\"EntryPoint\",\"urlTemplate\":\"https:\/\/www.visit-ulcinj.com\/blog\/?s={search_term_string}\"},\"query-input\":\"required name=search_term_string\"}],\"inLanguage\":\"en-US\"},{\"@type\":\"ImageObject\",\"inLanguage\":\"en-US\",\"@id\":\"https:\/\/www.visit-ulcinj.com\/blog\/2008\/09\/04\/sa-i-embel-eshte-pushteti\/#primaryimage\",\"url\":\"http:\/\/www.visit-ulcinj.com\/blog\/wp-content\/uploads\/2008\/09\/ppd.jpg\",\"contentUrl\":\"http:\/\/www.visit-ulcinj.com\/blog\/wp-content\/uploads\/2008\/09\/ppd.jpg\"},{\"@type\":\"WebPage\",\"@id\":\"https:\/\/www.visit-ulcinj.com\/blog\/2008\/09\/04\/sa-i-embel-eshte-pushteti\/#webpage\",\"url\":\"https:\/\/www.visit-ulcinj.com\/blog\/2008\/09\/04\/sa-i-embel-eshte-pushteti\/\",\"name\":\"Sa i \u00ebmb\u00ebl \u00ebsht\u00eb pushteti!!! - Lajme nga Ulqini\",\"isPartOf\":{\"@id\":\"https:\/\/www.visit-ulcinj.com\/blog\/#website\"},\"primaryImageOfPage\":{\"@id\":\"https:\/\/www.visit-ulcinj.com\/blog\/2008\/09\/04\/sa-i-embel-eshte-pushteti\/#primaryimage\"},\"datePublished\":\"2008-09-04T22:17:52+00:00\",\"dateModified\":\"2008-09-06T13:16:32+00:00\",\"author\":{\"@id\":\"https:\/\/www.visit-ulcinj.com\/blog\/#\/schema\/person\/dcab619c614d3038751c63bc2aadc06d\"},\"breadcrumb\":{\"@id\":\"https:\/\/www.visit-ulcinj.com\/blog\/2008\/09\/04\/sa-i-embel-eshte-pushteti\/#breadcrumb\"},\"inLanguage\":\"en-US\",\"potentialAction\":[{\"@type\":\"ReadAction\",\"target\":[\"https:\/\/www.visit-ulcinj.com\/blog\/2008\/09\/04\/sa-i-embel-eshte-pushteti\/\"]}]},{\"@type\":\"BreadcrumbList\",\"@id\":\"https:\/\/www.visit-ulcinj.com\/blog\/2008\/09\/04\/sa-i-embel-eshte-pushteti\/#breadcrumb\",\"itemListElement\":[{\"@type\":\"ListItem\",\"position\":1,\"name\":\"Sa i \u00ebmb\u00ebl \u00ebsht\u00eb pushteti!!!\"}]},{\"@type\":\"Person\",\"@id\":\"https:\/\/www.visit-ulcinj.com\/blog\/#\/schema\/person\/dcab619c614d3038751c63bc2aadc06d\",\"name\":\"ulqini\",\"sameAs\":[\"http:\/\/www.visit-ulcinj.com\"],\"url\":\"https:\/\/www.visit-ulcinj.com\/blog\/author\/admin\/\"}]}<\/script>\n<!-- \/ Yoast SEO plugin. -->","yoast_head_json":{"title":"Sa i \u00ebmb\u00ebl \u00ebsht\u00eb pushteti!!! - Lajme nga Ulqini","robots":{"index":"index","follow":"follow","max-snippet":"max-snippet:-1","max-image-preview":"max-image-preview:large","max-video-preview":"max-video-preview:-1"},"canonical":"https:\/\/www.visit-ulcinj.com\/blog\/2008\/09\/04\/sa-i-embel-eshte-pushteti\/","og_locale":"en_US","og_type":"article","og_title":"Sa i \u00ebmb\u00ebl \u00ebsht\u00eb pushteti!!! - Lajme nga Ulqini","og_url":"https:\/\/www.visit-ulcinj.com\/blog\/2008\/09\/04\/sa-i-embel-eshte-pushteti\/","og_site_name":"Lajme nga Ulqini","article_published_time":"2008-09-04T22:17:52+00:00","article_modified_time":"2008-09-06T13:16:32+00:00","og_image":[{"url":"http:\/\/www.visit-ulcinj.com\/blog\/wp-content\/uploads\/2008\/09\/ppd.jpg"}],"twitter_misc":{"Written by":"ulqini","Est. reading time":"4 minutes"},"schema":{"@context":"https:\/\/schema.org","@graph":[{"@type":"WebSite","@id":"https:\/\/www.visit-ulcinj.com\/blog\/#website","url":"https:\/\/www.visit-ulcinj.com\/blog\/","name":"Lajme nga Ulqini","description":"Lajme,Vijesti,Ulqini,Ulqin,Crna Gora,Mali i Zi","potentialAction":[{"@type":"SearchAction","target":{"@type":"EntryPoint","urlTemplate":"https:\/\/www.visit-ulcinj.com\/blog\/?s={search_term_string}"},"query-input":"required name=search_term_string"}],"inLanguage":"en-US"},{"@type":"ImageObject","inLanguage":"en-US","@id":"https:\/\/www.visit-ulcinj.com\/blog\/2008\/09\/04\/sa-i-embel-eshte-pushteti\/#primaryimage","url":"http:\/\/www.visit-ulcinj.com\/blog\/wp-content\/uploads\/2008\/09\/ppd.jpg","contentUrl":"http:\/\/www.visit-ulcinj.com\/blog\/wp-content\/uploads\/2008\/09\/ppd.jpg"},{"@type":"WebPage","@id":"https:\/\/www.visit-ulcinj.com\/blog\/2008\/09\/04\/sa-i-embel-eshte-pushteti\/#webpage","url":"https:\/\/www.visit-ulcinj.com\/blog\/2008\/09\/04\/sa-i-embel-eshte-pushteti\/","name":"Sa i \u00ebmb\u00ebl \u00ebsht\u00eb pushteti!!! - Lajme nga Ulqini","isPartOf":{"@id":"https:\/\/www.visit-ulcinj.com\/blog\/#website"},"primaryImageOfPage":{"@id":"https:\/\/www.visit-ulcinj.com\/blog\/2008\/09\/04\/sa-i-embel-eshte-pushteti\/#primaryimage"},"datePublished":"2008-09-04T22:17:52+00:00","dateModified":"2008-09-06T13:16:32+00:00","author":{"@id":"https:\/\/www.visit-ulcinj.com\/blog\/#\/schema\/person\/dcab619c614d3038751c63bc2aadc06d"},"breadcrumb":{"@id":"https:\/\/www.visit-ulcinj.com\/blog\/2008\/09\/04\/sa-i-embel-eshte-pushteti\/#breadcrumb"},"inLanguage":"en-US","potentialAction":[{"@type":"ReadAction","target":["https:\/\/www.visit-ulcinj.com\/blog\/2008\/09\/04\/sa-i-embel-eshte-pushteti\/"]}]},{"@type":"BreadcrumbList","@id":"https:\/\/www.visit-ulcinj.com\/blog\/2008\/09\/04\/sa-i-embel-eshte-pushteti\/#breadcrumb","itemListElement":[{"@type":"ListItem","position":1,"name":"Sa i \u00ebmb\u00ebl \u00ebsht\u00eb pushteti!!!"}]},{"@type":"Person","@id":"https:\/\/www.visit-ulcinj.com\/blog\/#\/schema\/person\/dcab619c614d3038751c63bc2aadc06d","name":"ulqini","sameAs":["http:\/\/www.visit-ulcinj.com"],"url":"https:\/\/www.visit-ulcinj.com\/blog\/author\/admin\/"}]}},"jetpack_featured_media_url":"","jetpack_sharing_enabled":true,"jetpack_shortlink":"https:\/\/wp.me\/pe6lTn-M8","_links":{"self":[{"href":"https:\/\/www.visit-ulcinj.com\/blog\/wp-json\/wp\/v2\/posts\/2984"}],"collection":[{"href":"https:\/\/www.visit-ulcinj.com\/blog\/wp-json\/wp\/v2\/posts"}],"about":[{"href":"https:\/\/www.visit-ulcinj.com\/blog\/wp-json\/wp\/v2\/types\/post"}],"author":[{"embeddable":true,"href":"https:\/\/www.visit-ulcinj.com\/blog\/wp-json\/wp\/v2\/users\/1"}],"replies":[{"embeddable":true,"href":"https:\/\/www.visit-ulcinj.com\/blog\/wp-json\/wp\/v2\/comments?post=2984"}],"version-history":[{"count":0,"href":"https:\/\/www.visit-ulcinj.com\/blog\/wp-json\/wp\/v2\/posts\/2984\/revisions"}],"wp:attachment":[{"href":"https:\/\/www.visit-ulcinj.com\/blog\/wp-json\/wp\/v2\/media?parent=2984"}],"wp:term":[{"taxonomy":"category","embeddable":true,"href":"https:\/\/www.visit-ulcinj.com\/blog\/wp-json\/wp\/v2\/categories?post=2984"},{"taxonomy":"post_tag","embeddable":true,"href":"https:\/\/www.visit-ulcinj.com\/blog\/wp-json\/wp\/v2\/tags?post=2984"}],"curies":[{"name":"wp","href":"https:\/\/api.w.org\/{rel}","templated":true}]}}