{"id":29847,"date":"2010-01-28T19:47:04","date_gmt":"2010-01-28T17:47:04","guid":{"rendered":"http:\/\/www.visit-ulcinj.com\/blog\/?p=29847"},"modified":"2010-01-29T16:57:31","modified_gmt":"2010-01-29T14:57:31","slug":"na-adi-steta-i-do-600-hiljada-eura","status":"publish","type":"post","link":"https:\/\/www.visit-ulcinj.com\/blog\/2010\/01\/28\/na-adi-steta-i-do-600-hiljada-eura\/","title":{"rendered":"Na Adi \u0161teta i do 600 hiljada eura &#8211; Video"},"content":{"rendered":"<p><a href=\"http:\/\/www.visit-ulcinj.com\/blog\/wp-content\/uploads\/2010\/01\/Genci-Nimanbegu_poplave_ada-bojana.jpg\"><img loading=\"lazy\" class=\"alignleft size-full wp-image-29853\" title=\"Genci Nimanbegu_poplave_ada bojana\" src=\"http:\/\/www.visit-ulcinj.com\/blog\/wp-content\/uploads\/2010\/01\/Genci-Nimanbegu_poplave_ada-bojana.jpg\" alt=\"Genci Nimanbegu_poplave_ada bojana\" width=\"580\" height=\"378\" \/><\/a><\/p>\n<p><strong>Procjena o posljedicama poplave sljede?e sedmice, do sada sakupljeno 300.000 eura<\/strong><br \/>\nPodgorica \u2013 Vladina interventna pomo? u visini od 200.000 eura za sanaciju \u0161tete koju su izazvale nedavne poplave, jo\u0161 nije upla?ena, iako je ve? rije? o \u201cinterventnoj\u201d. Zbog ?ega se ona jo\u0161 nije na\u0161la na ra?unima op\u0161tina, zapitao je ju?e poslanik SNP-a Milan Kne\u017eevi?, na sjednici skup\u0161tinskog Odbora za turizam, poloprivredu, ekologiju i prostorno planiranje.<br \/>\nInicijatorima zasjedanja, tako?e, nije bilo jasno za\u0161to nadle\u017eni organi, odnosno Vlada ne mo\u017ee sama da sanira \u0161tete koje su nanijele poplave, te da li je interventna pomo? i jedina koju ?e gra?ani dobiti od Vlade.<br \/>\nNa njihova pitanja odgovoreno je polovi?no. Ministar bez portfelja i predsjednik Komisije za elementarne nepogode Rafet Husovi? odgovorio je da ?e \u201cVlada participirati jednim dijelom u sanaciji \u0161tete, ali se jo\u0161 ne zna kako ?e se sredstva raspodijeliti, jer se o?ekuju kona?ne informacije o \u0161tetama iz op\u0161tina\u201d.<br \/>\n\u201cKada te procjene stignu, Komisija ?e za nedjelju dana utvrditi kona?ne podatke o \u0161teti, i tada ?emo i usmjeriti sredstva. Do sada je sakupljeno oko 300.000 eura upla?enih sredstava\u201d, istakao je Husovi?.<br \/>\nMinistar turizma Predrag Nenezi? ?lanovima Odbora predo?io je podatke o \u0161teti na Adi Bojani, gdje se procjenjuje da je ona izme?u 450.000 i 600.000 eura. On je, me?utim, naglasio da \u201cpostoje garancije\u201d da ?e Ada biti u \u201cfunkciji turisti?ke sezone\u201d.<br \/>\n\u201cDio Velike pla\u017ee bio je pod vodom, i veliki dio pijeska je odnesen. O?ekujemo da kada se voda povu?e pla\u017ea bude kao prije\u201d, ocijenio je Nenezi?, podsje?aju?i da su gra?ani, NVO i Vlada pokrenuli akciju ?i\u0161?enja koja je dobila \u0161iroke razmjere.<br \/>\n\u201cUspjeli smo da jedan dio \u0161tete otklonimo, a rezultati su za sada impresivni\u201d, istakao je Nenezi?.<br \/>\nOn je poru?io da nadle\u017eni organi ubudu?e moraju djelovati preventivno kako bi se ubla\u017eile posljednice vremenskih neprilika.<br \/>\nPoslanik FORCE Genci Nimanbegu, koji je jedan od inicijatora sastanka, nije bio zadovoljan informacijama koje su date 20 dana nakon poplave, isti?i?i da bi se mogla ?uti preciznija procjena \u0161tete.<br \/>\n\u201cU Albaniji, koju su tako?e zahvatile poplave, mogli smo sve vrijeme ?uti podatke o povr\u0161ini poplavljenih podru?ja u hektarima, dok ovdje takvih informacija nije bilo. Neki ministri su letjeli helikopterom iznad poplavljenih podru?ja, pa su tada mogli procijeniti stanje\u201d, istakao je on.<br \/>\nKne\u017eevi? je predlo\u017eio da se uradi analiza pija?e vode u bunarima u zetskim selima, a obe?anje da ?e do toga i do?i dobio je od gradona?elnika Podgorice Miomira Mugo\u0161e.<br \/>\nKne\u017eevi? je pitao i da li ?e nadle\u017eni organi pomo?i poljoprivrednim porizvo?a?ima pogo?enim poplavama. Direktor Uprave za vode Zoran Jankovi? odgovorio je da je obezbije?ena odre?ena koli?ina sto?ne hrane, d\u017eakova i vode, te da je zbog poplava odlo\u017een predlog agrobud\u017eeta za 2010. godinu, u kojemu ?e se na?i i ta stavka.<br \/>\nPomo?nik ministra za ure?enje prostora i za\u0161tite \u017eivotne sredine Sini\u0161a Stankovi? najavio je da ?e u narednom periodu, uslijediti aktivno ?i\u0161?enje Skadarskog jezera.<br \/>\n<strong><br \/>\nUskoro predvi?anje poplava<\/strong><\/p>\n<p>Ministar ure?enja prostora i za\u0161tite \u017eivotne sredine Branimir Gvozdenovi? ju?e je sa saradnicima i predstavnicima Instituta iz Bolonje posjetio Ulcinj i obi\u0161ao neka od mjesta stradalih u nedavnim poplavama. Sa predstavnicima Instituta Ministarstvo realizuje vrlo va\u017ean projekat vrijedan tri miliona eura.<br \/>\n\u201cTaj projekat stvara uslove za kvalitetan monitoring vodostaja i obezbje?uje efikasnu bazu podataka koja ?e nam pomo?i da lak\u0161e pratimo i predvidimo neke doga?aje poput nedavnih poplava\u201d, kazao je Gvozdenovi? novinarima u blizini sela Re? koje se danima borilo sa vodenim nanosima.<br \/>\nKoordinator projekta \u201cAdriscom\u201d Na?a Pinardi kazala je da ?e Crna Gora uskoro imati sistem koji ?e mo?i da predvidi visok nivo vode i ocijenila da ?e to biti i u funkciji turisti?ke ponude. Direktorica Agencije za za\u0161titu \u017eivotne sredine Daliborka Pejovi? kazala je da ?e realizacija tog projekta donijeti benifite svim dr\u017eavnim institucijama.<br \/>\nSavjetnica Gvozdenovi?a Jelena Kne\u017eevi? ocijenila je da ?e primjena novog sistema biti vi\u0161estruka te da ?e u prvom redu unaprijediti postoje?e kapacitete Hidrometeorolo\u0161kog zavoda, Centra za ekotoksiolo\u0161ka ispitivanja i Instituta za biologiju mora.<\/p>\n<p>Komisija obi\u0161la 410 doma?instava<\/p>\n<p>Gradona?elik Mugo\u0161a je istakao da je Komisija za procjenu \u0161tete Glavnog grada do sada obi\u0161la 410 adresa, na kojima je prijavljena \u0161teta izazavana poplavama. On je najavio da ?e narednih dana obi?i i ostatak, oko 110 prijavljenih doma?instava.<br \/>\n\u201cPrijavljena je svaka \u0161teta, a Komisja ?e dalje procijeniti\u201d, rekao je Mugo\u0161a, isti?u?i da je iz op\u0161tine Tuzi stiglo 170 zahtjeva o \u0161teti.<br \/>\n<strong><br \/>\nD.?.-S.A.<br \/>\n<a href=\"http:\/\/www.vijesti.me\/index.php?id_pre=327780&amp;godina=2010\" target=\"_blank\">Vijesti<br \/>\n\n\t\t<style type=\"text\/css\">\n\t\t\t#gallery-1 {\n\t\t\t\tmargin: auto;\n\t\t\t}\n\t\t\t#gallery-1 .gallery-item {\n\t\t\t\tfloat: left;\n\t\t\t\tmargin-top: 10px;\n\t\t\t\ttext-align: center;\n\t\t\t\twidth: 33%;\n\t\t\t}\n\t\t\t#gallery-1 img {\n\t\t\t\tborder: 2px solid #cfcfcf;\n\t\t\t}\n\t\t\t#gallery-1 .gallery-caption {\n\t\t\t\tmargin-left: 0;\n\t\t\t}\n\t\t\t\/* see gallery_shortcode() in wp-includes\/media.php *\/\n\t\t<\/style>\n\t\t<div id='gallery-1' class='gallery galleryid-29847 gallery-columns-3 gallery-size-thumbnail'><dl class='gallery-item'>\n\t\t\t<dt class='gallery-icon landscape'>\n\t\t\t\t<a href='https:\/\/www.visit-ulcinj.com\/blog\/wp-content\/uploads\/2010\/01\/Genci-Nimanbegu_poplave_ada-bojana.jpg'><img width=\"150\" height=\"150\" src=\"https:\/\/www.visit-ulcinj.com\/blog\/wp-content\/uploads\/2010\/01\/Genci-Nimanbegu_poplave_ada-bojana-150x150.jpg\" class=\"attachment-thumbnail size-thumbnail\" alt=\"\" loading=\"lazy\" \/><\/a>\n\t\t\t<\/dt><\/dl><dl class='gallery-item'>\n\t\t\t<dt class='gallery-icon landscape'>\n\t\t\t\t<a href='https:\/\/www.visit-ulcinj.com\/blog\/wp-content\/uploads\/2010\/01\/Genci-Nimanbegu_poplave_ada-bojana.1.jpg'><img width=\"150\" height=\"150\" src=\"https:\/\/www.visit-ulcinj.com\/blog\/wp-content\/uploads\/2010\/01\/Genci-Nimanbegu_poplave_ada-bojana.1-150x150.jpg\" class=\"attachment-thumbnail size-thumbnail\" alt=\"\" loading=\"lazy\" \/><\/a>\n\t\t\t<\/dt><\/dl><dl class='gallery-item'>\n\t\t\t<dt class='gallery-icon '>\n\t\t\t\t<a href='https:\/\/www.visit-ulcinj.com\/blog\/wp-content\/uploads\/2010\/01\/Vlada_Na-Adi-\u00c5\u00a1teta-i-do-600-hiljada-eura.jpg'><img width=\"1\" height=\"1\" src=\"https:\/\/www.visit-ulcinj.com\/blog\/wp-content\/uploads\/2010\/01\/Vlada_Na-Adi-\u00c5\u00a1teta-i-do-600-hiljada-eura.jpg\" class=\"attachment-thumbnail size-thumbnail\" alt=\"\" loading=\"lazy\" \/><\/a>\n\t\t\t<\/dt><\/dl><br style=\"clear: both\" \/>\n\t\t<\/div>\n<br \/>\n<\/a>VIDEO\u00a0 TV IN<br \/>\n<\/strong>[flv width=&#8221;580&#8243; height=&#8221;400&#8243;]http:\/\/www.rtvin.me\/flv\/27_01_post_odbor.flv[\/flv]<\/p>\n","protected":false},"excerpt":{"rendered":"<p>Procjena o posljedicama poplave sljede?e sedmice, do sada sakupljeno 300.000 eura Podgorica \u2013 Vladina interventna pomo? u visini od 200.000 eura za sanaciju \u0161tete koju su izazvale nedavne poplave, jo\u0161 nije upla?ena, iako je ve? rije? o \u201cinterventnoj\u201d. Zbog ?ega se ona jo\u0161 nije na\u0161la na ra?unima op\u0161tina, zapitao je ju?e poslanik SNP-a Milan Kne\u017eevi?, [&hellip;]<\/p>\n","protected":false},"author":1,"featured_media":0,"comment_status":"open","ping_status":"closed","sticky":false,"template":"","format":"standard","meta":{"spay_email":"","jetpack_publicize_message":"","jetpack_is_tweetstorm":false,"jetpack_publicize_feature_enabled":true},"categories":[8337],"tags":[138,1073,13398,11190,19,434],"jetpack_publicize_connections":[],"yoast_head":"<!-- This site is optimized with the Yoast SEO plugin v19.1 - https:\/\/yoast.com\/wordpress\/plugins\/seo\/ -->\n<title>Na Adi \u0161teta i do 600 hiljada eura - Video - Lajme nga Ulqini<\/title>\n<meta name=\"description\" content=\"Procjena o posljedicama poplave sljede?e sedmice, do sada sakupljeno 300.000 eura Podgorica \u2013 Vladina interventna pomo? u visini od 200.000 eura za\" \/>\n<meta name=\"robots\" content=\"index, follow, max-snippet:-1, max-image-preview:large, max-video-preview:-1\" \/>\n<link rel=\"canonical\" href=\"https:\/\/www.visit-ulcinj.com\/blog\/2010\/01\/28\/na-adi-steta-i-do-600-hiljada-eura\/\" \/>\n<meta property=\"og:locale\" content=\"en_US\" \/>\n<meta property=\"og:type\" content=\"article\" \/>\n<meta property=\"og:title\" content=\"Na Adi \u0161teta i do 600 hiljada eura - Video - Lajme nga Ulqini\" \/>\n<meta property=\"og:description\" content=\"Procjena o posljedicama poplave sljede?e sedmice, do sada sakupljeno 300.000 eura Podgorica \u2013 Vladina interventna pomo? u visini od 200.000 eura za\" \/>\n<meta property=\"og:url\" content=\"https:\/\/www.visit-ulcinj.com\/blog\/2010\/01\/28\/na-adi-steta-i-do-600-hiljada-eura\/\" \/>\n<meta property=\"og:site_name\" content=\"Lajme nga Ulqini\" \/>\n<meta property=\"article:published_time\" content=\"2010-01-28T17:47:04+00:00\" \/>\n<meta property=\"article:modified_time\" content=\"2010-01-29T14:57:31+00:00\" \/>\n<meta property=\"og:image\" content=\"https:\/\/www.visit-ulcinj.com\/blog\/wp-content\/uploads\/2010\/01\/Genci-Nimanbegu_poplave_ada-bojana-150x150.jpg\" \/>\n<meta name=\"twitter:label1\" content=\"Written by\" \/>\n\t<meta name=\"twitter:data1\" content=\"ulqini\" \/>\n\t<meta name=\"twitter:label2\" content=\"Est. reading time\" \/>\n\t<meta name=\"twitter:data2\" content=\"4 minutes\" \/>\n<script type=\"application\/ld+json\" class=\"yoast-schema-graph\">{\"@context\":\"https:\/\/schema.org\",\"@graph\":[{\"@type\":\"WebSite\",\"@id\":\"https:\/\/www.visit-ulcinj.com\/blog\/#website\",\"url\":\"https:\/\/www.visit-ulcinj.com\/blog\/\",\"name\":\"Lajme nga Ulqini\",\"description\":\"Lajme,Vijesti,Ulqini,Ulqin,Crna Gora,Mali i Zi\",\"potentialAction\":[{\"@type\":\"SearchAction\",\"target\":{\"@type\":\"EntryPoint\",\"urlTemplate\":\"https:\/\/www.visit-ulcinj.com\/blog\/?s={search_term_string}\"},\"query-input\":\"required name=search_term_string\"}],\"inLanguage\":\"en-US\"},{\"@type\":\"ImageObject\",\"inLanguage\":\"en-US\",\"@id\":\"https:\/\/www.visit-ulcinj.com\/blog\/2010\/01\/28\/na-adi-steta-i-do-600-hiljada-eura\/#primaryimage\",\"url\":\"https:\/\/www.visit-ulcinj.com\/blog\/wp-content\/uploads\/2010\/01\/Genci-Nimanbegu_poplave_ada-bojana.jpg\",\"contentUrl\":\"https:\/\/www.visit-ulcinj.com\/blog\/wp-content\/uploads\/2010\/01\/Genci-Nimanbegu_poplave_ada-bojana.jpg\",\"width\":\"505\",\"height\":\"378\"},{\"@type\":\"WebPage\",\"@id\":\"https:\/\/www.visit-ulcinj.com\/blog\/2010\/01\/28\/na-adi-steta-i-do-600-hiljada-eura\/#webpage\",\"url\":\"https:\/\/www.visit-ulcinj.com\/blog\/2010\/01\/28\/na-adi-steta-i-do-600-hiljada-eura\/\",\"name\":\"Na Adi \u0161teta i do 600 hiljada eura - Video - Lajme nga Ulqini\",\"isPartOf\":{\"@id\":\"https:\/\/www.visit-ulcinj.com\/blog\/#website\"},\"primaryImageOfPage\":{\"@id\":\"https:\/\/www.visit-ulcinj.com\/blog\/2010\/01\/28\/na-adi-steta-i-do-600-hiljada-eura\/#primaryimage\"},\"datePublished\":\"2010-01-28T17:47:04+00:00\",\"dateModified\":\"2010-01-29T14:57:31+00:00\",\"author\":{\"@id\":\"https:\/\/www.visit-ulcinj.com\/blog\/#\/schema\/person\/dcab619c614d3038751c63bc2aadc06d\"},\"description\":\"Procjena o posljedicama poplave sljede?e sedmice, do sada sakupljeno 300.000 eura Podgorica \u2013 Vladina interventna pomo? u visini od 200.000 eura za\",\"breadcrumb\":{\"@id\":\"https:\/\/www.visit-ulcinj.com\/blog\/2010\/01\/28\/na-adi-steta-i-do-600-hiljada-eura\/#breadcrumb\"},\"inLanguage\":\"en-US\",\"potentialAction\":[{\"@type\":\"ReadAction\",\"target\":[\"https:\/\/www.visit-ulcinj.com\/blog\/2010\/01\/28\/na-adi-steta-i-do-600-hiljada-eura\/\"]}]},{\"@type\":\"BreadcrumbList\",\"@id\":\"https:\/\/www.visit-ulcinj.com\/blog\/2010\/01\/28\/na-adi-steta-i-do-600-hiljada-eura\/#breadcrumb\",\"itemListElement\":[{\"@type\":\"ListItem\",\"position\":1,\"name\":\"Na Adi \u0161teta i do 600 hiljada eura &#8211; Video\"}]},{\"@type\":\"Person\",\"@id\":\"https:\/\/www.visit-ulcinj.com\/blog\/#\/schema\/person\/dcab619c614d3038751c63bc2aadc06d\",\"name\":\"ulqini\",\"sameAs\":[\"http:\/\/www.visit-ulcinj.com\"],\"url\":\"https:\/\/www.visit-ulcinj.com\/blog\/author\/admin\/\"}]}<\/script>\n<!-- \/ Yoast SEO plugin. -->","yoast_head_json":{"title":"Na Adi \u0161teta i do 600 hiljada eura - Video - Lajme nga Ulqini","description":"Procjena o posljedicama poplave sljede?e sedmice, do sada sakupljeno 300.000 eura Podgorica \u2013 Vladina interventna pomo? u visini od 200.000 eura za","robots":{"index":"index","follow":"follow","max-snippet":"max-snippet:-1","max-image-preview":"max-image-preview:large","max-video-preview":"max-video-preview:-1"},"canonical":"https:\/\/www.visit-ulcinj.com\/blog\/2010\/01\/28\/na-adi-steta-i-do-600-hiljada-eura\/","og_locale":"en_US","og_type":"article","og_title":"Na Adi \u0161teta i do 600 hiljada eura - Video - Lajme nga Ulqini","og_description":"Procjena o posljedicama poplave sljede?e sedmice, do sada sakupljeno 300.000 eura Podgorica \u2013 Vladina interventna pomo? u visini od 200.000 eura za","og_url":"https:\/\/www.visit-ulcinj.com\/blog\/2010\/01\/28\/na-adi-steta-i-do-600-hiljada-eura\/","og_site_name":"Lajme nga Ulqini","article_published_time":"2010-01-28T17:47:04+00:00","article_modified_time":"2010-01-29T14:57:31+00:00","og_image":[{"url":"https:\/\/www.visit-ulcinj.com\/blog\/wp-content\/uploads\/2010\/01\/Genci-Nimanbegu_poplave_ada-bojana-150x150.jpg"}],"twitter_misc":{"Written by":"ulqini","Est. reading time":"4 minutes"},"schema":{"@context":"https:\/\/schema.org","@graph":[{"@type":"WebSite","@id":"https:\/\/www.visit-ulcinj.com\/blog\/#website","url":"https:\/\/www.visit-ulcinj.com\/blog\/","name":"Lajme nga Ulqini","description":"Lajme,Vijesti,Ulqini,Ulqin,Crna Gora,Mali i Zi","potentialAction":[{"@type":"SearchAction","target":{"@type":"EntryPoint","urlTemplate":"https:\/\/www.visit-ulcinj.com\/blog\/?s={search_term_string}"},"query-input":"required name=search_term_string"}],"inLanguage":"en-US"},{"@type":"ImageObject","inLanguage":"en-US","@id":"https:\/\/www.visit-ulcinj.com\/blog\/2010\/01\/28\/na-adi-steta-i-do-600-hiljada-eura\/#primaryimage","url":"https:\/\/www.visit-ulcinj.com\/blog\/wp-content\/uploads\/2010\/01\/Genci-Nimanbegu_poplave_ada-bojana.jpg","contentUrl":"https:\/\/www.visit-ulcinj.com\/blog\/wp-content\/uploads\/2010\/01\/Genci-Nimanbegu_poplave_ada-bojana.jpg","width":"505","height":"378"},{"@type":"WebPage","@id":"https:\/\/www.visit-ulcinj.com\/blog\/2010\/01\/28\/na-adi-steta-i-do-600-hiljada-eura\/#webpage","url":"https:\/\/www.visit-ulcinj.com\/blog\/2010\/01\/28\/na-adi-steta-i-do-600-hiljada-eura\/","name":"Na Adi \u0161teta i do 600 hiljada eura - Video - Lajme nga Ulqini","isPartOf":{"@id":"https:\/\/www.visit-ulcinj.com\/blog\/#website"},"primaryImageOfPage":{"@id":"https:\/\/www.visit-ulcinj.com\/blog\/2010\/01\/28\/na-adi-steta-i-do-600-hiljada-eura\/#primaryimage"},"datePublished":"2010-01-28T17:47:04+00:00","dateModified":"2010-01-29T14:57:31+00:00","author":{"@id":"https:\/\/www.visit-ulcinj.com\/blog\/#\/schema\/person\/dcab619c614d3038751c63bc2aadc06d"},"description":"Procjena o posljedicama poplave sljede?e sedmice, do sada sakupljeno 300.000 eura Podgorica \u2013 Vladina interventna pomo? u visini od 200.000 eura za","breadcrumb":{"@id":"https:\/\/www.visit-ulcinj.com\/blog\/2010\/01\/28\/na-adi-steta-i-do-600-hiljada-eura\/#breadcrumb"},"inLanguage":"en-US","potentialAction":[{"@type":"ReadAction","target":["https:\/\/www.visit-ulcinj.com\/blog\/2010\/01\/28\/na-adi-steta-i-do-600-hiljada-eura\/"]}]},{"@type":"BreadcrumbList","@id":"https:\/\/www.visit-ulcinj.com\/blog\/2010\/01\/28\/na-adi-steta-i-do-600-hiljada-eura\/#breadcrumb","itemListElement":[{"@type":"ListItem","position":1,"name":"Na Adi \u0161teta i do 600 hiljada eura &#8211; Video"}]},{"@type":"Person","@id":"https:\/\/www.visit-ulcinj.com\/blog\/#\/schema\/person\/dcab619c614d3038751c63bc2aadc06d","name":"ulqini","sameAs":["http:\/\/www.visit-ulcinj.com"],"url":"https:\/\/www.visit-ulcinj.com\/blog\/author\/admin\/"}]}},"jetpack_featured_media_url":"","jetpack_sharing_enabled":true,"jetpack_shortlink":"https:\/\/wp.me\/pe6lTn-7Lp","_links":{"self":[{"href":"https:\/\/www.visit-ulcinj.com\/blog\/wp-json\/wp\/v2\/posts\/29847"}],"collection":[{"href":"https:\/\/www.visit-ulcinj.com\/blog\/wp-json\/wp\/v2\/posts"}],"about":[{"href":"https:\/\/www.visit-ulcinj.com\/blog\/wp-json\/wp\/v2\/types\/post"}],"author":[{"embeddable":true,"href":"https:\/\/www.visit-ulcinj.com\/blog\/wp-json\/wp\/v2\/users\/1"}],"replies":[{"embeddable":true,"href":"https:\/\/www.visit-ulcinj.com\/blog\/wp-json\/wp\/v2\/comments?post=29847"}],"version-history":[{"count":0,"href":"https:\/\/www.visit-ulcinj.com\/blog\/wp-json\/wp\/v2\/posts\/29847\/revisions"}],"wp:attachment":[{"href":"https:\/\/www.visit-ulcinj.com\/blog\/wp-json\/wp\/v2\/media?parent=29847"}],"wp:term":[{"taxonomy":"category","embeddable":true,"href":"https:\/\/www.visit-ulcinj.com\/blog\/wp-json\/wp\/v2\/categories?post=29847"},{"taxonomy":"post_tag","embeddable":true,"href":"https:\/\/www.visit-ulcinj.com\/blog\/wp-json\/wp\/v2\/tags?post=29847"}],"curies":[{"name":"wp","href":"https:\/\/api.w.org\/{rel}","templated":true}]}}