{"id":29866,"date":"2010-01-29T17:41:58","date_gmt":"2010-01-29T15:41:58","guid":{"rendered":"http:\/\/www.visit-ulcinj.com\/blog\/?p=29866"},"modified":"2010-01-29T17:41:58","modified_gmt":"2010-01-29T15:41:58","slug":"nora-jam-e-re-per-tu-martuar","status":"publish","type":"post","link":"https:\/\/www.visit-ulcinj.com\/blog\/2010\/01\/29\/nora-jam-e-re-per-tu-martuar\/","title":{"rendered":"Nora jam e re p\u00ebr tu martuar"},"content":{"rendered":"<p><a href=\"http:\/\/www.visit-ulcinj.com\/blog\/wp-content\/uploads\/2010\/01\/Roberti-Nora-istrefi.2.jpg\"><img loading=\"lazy\" class=\"alignleft size-full wp-image-29870\" title=\"Roberti &amp; Nora istrefi.2\" src=\"http:\/\/www.visit-ulcinj.com\/blog\/wp-content\/uploads\/2010\/01\/Roberti-Nora-istrefi.2.jpg\" alt=\"Roberti &amp; Nora istrefi.2\" width=\"372\" height=\"463\" \/><\/a><\/p>\n<p><strong>Nora Istrefi, edhe pse \u00ebsht\u00eb e fejuar, shprehet se nuk planifikon martes\u00eb p\u00ebr k\u00ebt\u00eb vit. Nora ende nuk i ka mbushur t\u00eb 25-at dhe e ndien veten ende t\u00eb re p\u00ebr t\u2019u martuar. <\/strong><\/p>\n<p>Edhe pse jam e fejuar, nuk planifikoj martes\u00eb p\u00ebr vitin 2010, ngase mendoj se jam e re p\u00ebr t\u2019u martuar. Un\u00eb besoj se mosha ideale p\u00ebr martes\u00eb \u00ebsht\u00eb 25 vjet e m\u00eb lart, k\u00ebshtu q\u00eb un\u00eb ende nuk i kam mbushur t\u00eb 24-at dhe nuk e kam arritur ende mosh\u00ebn e martes\u00ebs.<\/p>\n<p>E kam biseduar edhe me familjen time, gjegj\u00ebsisht mamin se pa i b\u00ebr\u00eb 25 vjet nuk do t\u00eb martohem\u201d, ka th\u00ebn\u00eb Nora. Martes\u00ebn, Nora e parashikon me nj\u00eb ceremoni t\u00eb madhe dasmore, me nj\u00eb atmosfer\u00eb t\u00eb k\u00ebndshme, n\u00eb prani t\u00eb shum\u00eb mysafir\u00ebve t\u00eb artdash\u00ebsve t\u00eb saj.<\/p>\n<p>Natyrisht se martes\u00ebn time e mendoj me nj\u00eb ceremoni t\u00eb madhe dasmore, ishalla m\u00eb shkojn\u00eb pun\u00ebt mir\u00eb ashtu si\u00e7 e paramendoj\u201d, p\u00ebrfundon ajo.<br \/>\n<strong><br \/>\nBalkanWEB<\/strong><br \/>\n<br \/>\n<!--YouTube Error: bad URL entered--><\/p>\n","protected":false},"excerpt":{"rendered":"<p>Nora Istrefi, edhe pse \u00ebsht\u00eb e fejuar, shprehet se nuk planifikon martes\u00eb p\u00ebr k\u00ebt\u00eb vit. Nora ende nuk i ka mbushur t\u00eb 25-at dhe e ndien veten ende t\u00eb re p\u00ebr t\u2019u martuar. Edhe pse jam e fejuar, nuk planifikoj martes\u00eb p\u00ebr vitin 2010, ngase mendoj se jam e re p\u00ebr t\u2019u martuar. Un\u00eb besoj [&hellip;]<\/p>\n","protected":false},"author":1,"featured_media":0,"comment_status":"open","ping_status":"closed","sticky":false,"template":"","format":"standard","meta":{"spay_email":"","jetpack_publicize_message":"","jetpack_is_tweetstorm":false,"jetpack_publicize_feature_enabled":true},"categories":[1],"tags":[4939],"jetpack_publicize_connections":[],"yoast_head":"<!-- This site is optimized with the Yoast SEO plugin v19.1 - https:\/\/yoast.com\/wordpress\/plugins\/seo\/ -->\n<title>Nora jam e re p\u00ebr tu martuar - Lajme nga Ulqini<\/title>\n<meta name=\"description\" content=\"Nora Istrefi, edhe pse \u00ebsht\u00eb e fejuar, shprehet se nuk planifikon martes\u00eb p\u00ebr k\u00ebt\u00eb vit. Nora ende nuk i ka mbushur t\u00eb 25-at dhe e ndien veten ende t\u00eb re\" \/>\n<meta name=\"robots\" content=\"index, follow, max-snippet:-1, max-image-preview:large, max-video-preview:-1\" \/>\n<link rel=\"canonical\" href=\"https:\/\/www.visit-ulcinj.com\/blog\/2010\/01\/29\/nora-jam-e-re-per-tu-martuar\/\" \/>\n<meta property=\"og:locale\" content=\"en_US\" \/>\n<meta property=\"og:type\" content=\"article\" \/>\n<meta property=\"og:title\" content=\"Nora jam e re p\u00ebr tu martuar - Lajme nga Ulqini\" \/>\n<meta property=\"og:description\" content=\"Nora Istrefi, edhe pse \u00ebsht\u00eb e fejuar, shprehet se nuk planifikon martes\u00eb p\u00ebr k\u00ebt\u00eb vit. Nora ende nuk i ka mbushur t\u00eb 25-at dhe e ndien veten ende t\u00eb re\" \/>\n<meta property=\"og:url\" content=\"https:\/\/www.visit-ulcinj.com\/blog\/2010\/01\/29\/nora-jam-e-re-per-tu-martuar\/\" \/>\n<meta property=\"og:site_name\" content=\"Lajme nga Ulqini\" \/>\n<meta property=\"article:published_time\" content=\"2010-01-29T15:41:58+00:00\" \/>\n<meta property=\"og:image\" content=\"https:\/\/www.visit-ulcinj.com\/blog\/wp-content\/uploads\/2010\/01\/Roberti-Nora-istrefi-150x150.jpg\" \/>\n<meta name=\"twitter:label1\" content=\"Written by\" \/>\n\t<meta name=\"twitter:data1\" content=\"ulqini\" \/>\n\t<meta name=\"twitter:label2\" content=\"Est. reading time\" \/>\n\t<meta name=\"twitter:data2\" content=\"1 minute\" \/>\n<script type=\"application\/ld+json\" class=\"yoast-schema-graph\">{\"@context\":\"https:\/\/schema.org\",\"@graph\":[{\"@type\":\"WebSite\",\"@id\":\"https:\/\/www.visit-ulcinj.com\/blog\/#website\",\"url\":\"https:\/\/www.visit-ulcinj.com\/blog\/\",\"name\":\"Lajme nga Ulqini\",\"description\":\"Lajme,Vijesti,Ulqini,Ulqin,Crna Gora,Mali i Zi\",\"potentialAction\":[{\"@type\":\"SearchAction\",\"target\":{\"@type\":\"EntryPoint\",\"urlTemplate\":\"https:\/\/www.visit-ulcinj.com\/blog\/?s={search_term_string}\"},\"query-input\":\"required name=search_term_string\"}],\"inLanguage\":\"en-US\"},{\"@type\":\"ImageObject\",\"inLanguage\":\"en-US\",\"@id\":\"https:\/\/www.visit-ulcinj.com\/blog\/2010\/01\/29\/nora-jam-e-re-per-tu-martuar\/#primaryimage\",\"url\":\"http:\/\/www.visit-ulcinj.com\/blog\/wp-content\/uploads\/2010\/01\/Roberti-Nora-istrefi.2.jpg\",\"contentUrl\":\"http:\/\/www.visit-ulcinj.com\/blog\/wp-content\/uploads\/2010\/01\/Roberti-Nora-istrefi.2.jpg\"},{\"@type\":\"WebPage\",\"@id\":\"https:\/\/www.visit-ulcinj.com\/blog\/2010\/01\/29\/nora-jam-e-re-per-tu-martuar\/#webpage\",\"url\":\"https:\/\/www.visit-ulcinj.com\/blog\/2010\/01\/29\/nora-jam-e-re-per-tu-martuar\/\",\"name\":\"Nora jam e re p\u00ebr tu martuar - Lajme nga Ulqini\",\"isPartOf\":{\"@id\":\"https:\/\/www.visit-ulcinj.com\/blog\/#website\"},\"primaryImageOfPage\":{\"@id\":\"https:\/\/www.visit-ulcinj.com\/blog\/2010\/01\/29\/nora-jam-e-re-per-tu-martuar\/#primaryimage\"},\"datePublished\":\"2010-01-29T15:41:58+00:00\",\"dateModified\":\"2010-01-29T15:41:58+00:00\",\"author\":{\"@id\":\"https:\/\/www.visit-ulcinj.com\/blog\/#\/schema\/person\/dcab619c614d3038751c63bc2aadc06d\"},\"description\":\"Nora Istrefi, edhe pse \u00ebsht\u00eb e fejuar, shprehet se nuk planifikon martes\u00eb p\u00ebr k\u00ebt\u00eb vit. Nora ende nuk i ka mbushur t\u00eb 25-at dhe e ndien veten ende t\u00eb re\",\"breadcrumb\":{\"@id\":\"https:\/\/www.visit-ulcinj.com\/blog\/2010\/01\/29\/nora-jam-e-re-per-tu-martuar\/#breadcrumb\"},\"inLanguage\":\"en-US\",\"potentialAction\":[{\"@type\":\"ReadAction\",\"target\":[\"https:\/\/www.visit-ulcinj.com\/blog\/2010\/01\/29\/nora-jam-e-re-per-tu-martuar\/\"]}]},{\"@type\":\"BreadcrumbList\",\"@id\":\"https:\/\/www.visit-ulcinj.com\/blog\/2010\/01\/29\/nora-jam-e-re-per-tu-martuar\/#breadcrumb\",\"itemListElement\":[{\"@type\":\"ListItem\",\"position\":1,\"name\":\"Nora jam e re p\u00ebr tu martuar\"}]},{\"@type\":\"Person\",\"@id\":\"https:\/\/www.visit-ulcinj.com\/blog\/#\/schema\/person\/dcab619c614d3038751c63bc2aadc06d\",\"name\":\"ulqini\",\"sameAs\":[\"http:\/\/www.visit-ulcinj.com\"],\"url\":\"https:\/\/www.visit-ulcinj.com\/blog\/author\/admin\/\"}]}<\/script>\n<!-- \/ Yoast SEO plugin. -->","yoast_head_json":{"title":"Nora jam e re p\u00ebr tu martuar - Lajme nga Ulqini","description":"Nora Istrefi, edhe pse \u00ebsht\u00eb e fejuar, shprehet se nuk planifikon martes\u00eb p\u00ebr k\u00ebt\u00eb vit. Nora ende nuk i ka mbushur t\u00eb 25-at dhe e ndien veten ende t\u00eb re","robots":{"index":"index","follow":"follow","max-snippet":"max-snippet:-1","max-image-preview":"max-image-preview:large","max-video-preview":"max-video-preview:-1"},"canonical":"https:\/\/www.visit-ulcinj.com\/blog\/2010\/01\/29\/nora-jam-e-re-per-tu-martuar\/","og_locale":"en_US","og_type":"article","og_title":"Nora jam e re p\u00ebr tu martuar - Lajme nga Ulqini","og_description":"Nora Istrefi, edhe pse \u00ebsht\u00eb e fejuar, shprehet se nuk planifikon martes\u00eb p\u00ebr k\u00ebt\u00eb vit. Nora ende nuk i ka mbushur t\u00eb 25-at dhe e ndien veten ende t\u00eb re","og_url":"https:\/\/www.visit-ulcinj.com\/blog\/2010\/01\/29\/nora-jam-e-re-per-tu-martuar\/","og_site_name":"Lajme nga Ulqini","article_published_time":"2010-01-29T15:41:58+00:00","og_image":[{"url":"https:\/\/www.visit-ulcinj.com\/blog\/wp-content\/uploads\/2010\/01\/Roberti-Nora-istrefi-150x150.jpg"}],"twitter_misc":{"Written by":"ulqini","Est. reading time":"1 minute"},"schema":{"@context":"https:\/\/schema.org","@graph":[{"@type":"WebSite","@id":"https:\/\/www.visit-ulcinj.com\/blog\/#website","url":"https:\/\/www.visit-ulcinj.com\/blog\/","name":"Lajme nga Ulqini","description":"Lajme,Vijesti,Ulqini,Ulqin,Crna Gora,Mali i Zi","potentialAction":[{"@type":"SearchAction","target":{"@type":"EntryPoint","urlTemplate":"https:\/\/www.visit-ulcinj.com\/blog\/?s={search_term_string}"},"query-input":"required name=search_term_string"}],"inLanguage":"en-US"},{"@type":"ImageObject","inLanguage":"en-US","@id":"https:\/\/www.visit-ulcinj.com\/blog\/2010\/01\/29\/nora-jam-e-re-per-tu-martuar\/#primaryimage","url":"http:\/\/www.visit-ulcinj.com\/blog\/wp-content\/uploads\/2010\/01\/Roberti-Nora-istrefi.2.jpg","contentUrl":"http:\/\/www.visit-ulcinj.com\/blog\/wp-content\/uploads\/2010\/01\/Roberti-Nora-istrefi.2.jpg"},{"@type":"WebPage","@id":"https:\/\/www.visit-ulcinj.com\/blog\/2010\/01\/29\/nora-jam-e-re-per-tu-martuar\/#webpage","url":"https:\/\/www.visit-ulcinj.com\/blog\/2010\/01\/29\/nora-jam-e-re-per-tu-martuar\/","name":"Nora jam e re p\u00ebr tu martuar - Lajme nga Ulqini","isPartOf":{"@id":"https:\/\/www.visit-ulcinj.com\/blog\/#website"},"primaryImageOfPage":{"@id":"https:\/\/www.visit-ulcinj.com\/blog\/2010\/01\/29\/nora-jam-e-re-per-tu-martuar\/#primaryimage"},"datePublished":"2010-01-29T15:41:58+00:00","dateModified":"2010-01-29T15:41:58+00:00","author":{"@id":"https:\/\/www.visit-ulcinj.com\/blog\/#\/schema\/person\/dcab619c614d3038751c63bc2aadc06d"},"description":"Nora Istrefi, edhe pse \u00ebsht\u00eb e fejuar, shprehet se nuk planifikon martes\u00eb p\u00ebr k\u00ebt\u00eb vit. Nora ende nuk i ka mbushur t\u00eb 25-at dhe e ndien veten ende t\u00eb re","breadcrumb":{"@id":"https:\/\/www.visit-ulcinj.com\/blog\/2010\/01\/29\/nora-jam-e-re-per-tu-martuar\/#breadcrumb"},"inLanguage":"en-US","potentialAction":[{"@type":"ReadAction","target":["https:\/\/www.visit-ulcinj.com\/blog\/2010\/01\/29\/nora-jam-e-re-per-tu-martuar\/"]}]},{"@type":"BreadcrumbList","@id":"https:\/\/www.visit-ulcinj.com\/blog\/2010\/01\/29\/nora-jam-e-re-per-tu-martuar\/#breadcrumb","itemListElement":[{"@type":"ListItem","position":1,"name":"Nora jam e re p\u00ebr tu martuar"}]},{"@type":"Person","@id":"https:\/\/www.visit-ulcinj.com\/blog\/#\/schema\/person\/dcab619c614d3038751c63bc2aadc06d","name":"ulqini","sameAs":["http:\/\/www.visit-ulcinj.com"],"url":"https:\/\/www.visit-ulcinj.com\/blog\/author\/admin\/"}]}},"jetpack_featured_media_url":"","jetpack_sharing_enabled":true,"jetpack_shortlink":"https:\/\/wp.me\/pe6lTn-7LI","_links":{"self":[{"href":"https:\/\/www.visit-ulcinj.com\/blog\/wp-json\/wp\/v2\/posts\/29866"}],"collection":[{"href":"https:\/\/www.visit-ulcinj.com\/blog\/wp-json\/wp\/v2\/posts"}],"about":[{"href":"https:\/\/www.visit-ulcinj.com\/blog\/wp-json\/wp\/v2\/types\/post"}],"author":[{"embeddable":true,"href":"https:\/\/www.visit-ulcinj.com\/blog\/wp-json\/wp\/v2\/users\/1"}],"replies":[{"embeddable":true,"href":"https:\/\/www.visit-ulcinj.com\/blog\/wp-json\/wp\/v2\/comments?post=29866"}],"version-history":[{"count":0,"href":"https:\/\/www.visit-ulcinj.com\/blog\/wp-json\/wp\/v2\/posts\/29866\/revisions"}],"wp:attachment":[{"href":"https:\/\/www.visit-ulcinj.com\/blog\/wp-json\/wp\/v2\/media?parent=29866"}],"wp:term":[{"taxonomy":"category","embeddable":true,"href":"https:\/\/www.visit-ulcinj.com\/blog\/wp-json\/wp\/v2\/categories?post=29866"},{"taxonomy":"post_tag","embeddable":true,"href":"https:\/\/www.visit-ulcinj.com\/blog\/wp-json\/wp\/v2\/tags?post=29866"}],"curies":[{"name":"wp","href":"https:\/\/api.w.org\/{rel}","templated":true}]}}