{"id":29892,"date":"2010-01-29T19:11:23","date_gmt":"2010-01-29T17:11:23","guid":{"rendered":"http:\/\/www.visit-ulcinj.com\/blog\/?p=29892"},"modified":"2010-01-31T14:38:33","modified_gmt":"2010-01-31T12:38:33","slug":"mbledhja-e-kryesise-se-ppd","status":"publish","type":"post","link":"https:\/\/www.visit-ulcinj.com\/blog\/2010\/01\/29\/mbledhja-e-kryesise-se-ppd\/","title":{"rendered":"Mbledhja e kryesis\u00eb s\u00eb PPD-s\u00eb &#8211; Video"},"content":{"rendered":"<p><a href=\"http:\/\/www.visit-ulcinj.com\/blog\/wp-content\/uploads\/2010\/01\/logo_ppd.jpg\"><img loading=\"lazy\" class=\"alignleft size-full wp-image-29893\" title=\"logo_ppd\" src=\"http:\/\/www.visit-ulcinj.com\/blog\/wp-content\/uploads\/2010\/01\/logo_ppd.jpg\" alt=\"logo_ppd\" width=\"305\" height=\"259\" srcset=\"https:\/\/www.visit-ulcinj.com\/blog\/wp-content\/uploads\/2010\/01\/logo_ppd.jpg 349w, https:\/\/www.visit-ulcinj.com\/blog\/wp-content\/uploads\/2010\/01\/logo_ppd-300x255.jpg 300w\" sizes=\"(max-width: 305px) 100vw, 305px\" \/><\/a>Sh\u00ebrbimi p\u00ebr informim i Partis\u00eb s\u00eb Prosperitetit Demokratik njofton se K\u00ebshilli drejtues mbr\u00ebm\u00eb mbajti mbledhjen e radh\u00ebs p\u00ebr t\u00eb analizuar realizimin e programit vjetor t\u00eb pun\u00ebs t\u00eb shpalosur m\u00eb her\u00ebt nga kryetari i Partis\u00eb dhe t\u00eb miratuar nga K\u00ebshilli Qendror i PPD-s\u00eb.<\/p>\n<p>N\u00eb mbledhje u vler\u00ebsua si pozitive p\u00ebrpjekja maksimale e partis\u00eb q\u00eb t\u00eb zbatoj\u00eb statutin dhe programin e vet si parti nacionale, e cila gj\u00eb mjerisht nuk ndodh me numrin m\u00eb t\u00eb madh t\u00eb subjekteve tjera nacionale shqiptare.<\/p>\n<p>Kryesit\u00eb e k\u00ebtyre partive jan\u00eb jasht\u00eb mandatit partiak t\u00eb tyre, sepse nuk takohen p\u00ebr t\u00eb mbajtur mbledhje pune as kuvende zgjedhore, thuhet n\u00eb kumtes\u00eb dhe theksohet se k\u00ebt\u00eb kriz\u00eb t\u00eb brendshme partiake ato mundohen ta fshehin duke shkaktuar huti n\u00eb popull.<\/p>\n<p>Kryesia vler\u00ebsoi se pik\u00ebrisht respektimi i statutit dhe i programit ka b\u00ebr\u00eb q\u00eb politika e PPD-s\u00eb t\u00eb jet\u00eb autoriale dhe e pandikuar nga t\u00eb tjer\u00ebt.<\/p>\n<p>Kryesia miratoi k\u00ebrkes\u00ebn e kryetari t\u00eb partis\u00eb, zotit Ali Rexha d\u00ebrguar Ambasad\u00ebs amerikane n\u00eb Podgoric\u00eb p\u00ebr p\u00ebrdorimin edhe t\u00eb gjuh\u00ebs shqipe gjat\u00eb komunikimit n\u00eb k\u00ebt\u00eb ambasad\u00eb.<\/p>\n<p><strong>TVCG<br \/>\n<\/strong><!--YouTube Error: bad URL entered--><\/p>\n","protected":false},"excerpt":{"rendered":"<p>Sh\u00ebrbimi p\u00ebr informim i Partis\u00eb s\u00eb Prosperitetit Demokratik njofton se K\u00ebshilli drejtues mbr\u00ebm\u00eb mbajti mbledhjen e radh\u00ebs p\u00ebr t\u00eb analizuar realizimin e programit vjetor t\u00eb pun\u00ebs t\u00eb shpalosur m\u00eb her\u00ebt nga kryetari i Partis\u00eb dhe t\u00eb miratuar nga K\u00ebshilli Qendror i PPD-s\u00eb. N\u00eb mbledhje u vler\u00ebsua si pozitive p\u00ebrpjekja maksimale e partis\u00eb q\u00eb t\u00eb zbatoj\u00eb [&hellip;]<\/p>\n","protected":false},"author":1,"featured_media":0,"comment_status":"open","ping_status":"closed","sticky":false,"template":"","format":"standard","meta":{"spay_email":"","jetpack_publicize_message":"","jetpack_is_tweetstorm":false,"jetpack_publicize_feature_enabled":true},"categories":[6],"tags":[8027,13402],"jetpack_publicize_connections":[],"yoast_head":"<!-- This site is optimized with the Yoast SEO plugin v19.1 - https:\/\/yoast.com\/wordpress\/plugins\/seo\/ -->\n<title>Mbledhja e kryesis\u00eb s\u00eb PPD-s\u00eb - Video - Lajme nga Ulqini<\/title>\n<meta name=\"description\" content=\"Sh\u00ebrbimi p\u00ebr informim i Partis\u00eb s\u00eb Prosperitetit Demokratik njofton se K\u00ebshilli drejtues mbr\u00ebm\u00eb mbajti mbledhjen e radh\u00ebs p\u00ebr t\u00eb analizuar realizimin e\" \/>\n<meta name=\"robots\" content=\"index, follow, max-snippet:-1, max-image-preview:large, max-video-preview:-1\" \/>\n<link rel=\"canonical\" href=\"https:\/\/www.visit-ulcinj.com\/blog\/2010\/01\/29\/mbledhja-e-kryesise-se-ppd\/\" \/>\n<meta property=\"og:locale\" content=\"en_US\" \/>\n<meta property=\"og:type\" content=\"article\" \/>\n<meta property=\"og:title\" content=\"Mbledhja e kryesis\u00eb s\u00eb PPD-s\u00eb - Video - Lajme nga Ulqini\" \/>\n<meta property=\"og:description\" content=\"Sh\u00ebrbimi p\u00ebr informim i Partis\u00eb s\u00eb Prosperitetit Demokratik njofton se K\u00ebshilli drejtues mbr\u00ebm\u00eb mbajti mbledhjen e radh\u00ebs p\u00ebr t\u00eb analizuar realizimin e\" \/>\n<meta property=\"og:url\" content=\"https:\/\/www.visit-ulcinj.com\/blog\/2010\/01\/29\/mbledhja-e-kryesise-se-ppd\/\" \/>\n<meta property=\"og:site_name\" content=\"Lajme nga Ulqini\" \/>\n<meta property=\"article:published_time\" content=\"2010-01-29T17:11:23+00:00\" \/>\n<meta property=\"article:modified_time\" content=\"2010-01-31T12:38:33+00:00\" \/>\n<meta property=\"og:image\" content=\"http:\/\/www.visit-ulcinj.com\/blog\/wp-content\/uploads\/2010\/01\/logo_ppd.jpg\" \/>\n<meta name=\"twitter:label1\" content=\"Written by\" \/>\n\t<meta name=\"twitter:data1\" content=\"ulqini\" \/>\n\t<meta name=\"twitter:label2\" content=\"Est. reading time\" \/>\n\t<meta name=\"twitter:data2\" content=\"1 minute\" \/>\n<script type=\"application\/ld+json\" class=\"yoast-schema-graph\">{\"@context\":\"https:\/\/schema.org\",\"@graph\":[{\"@type\":\"WebSite\",\"@id\":\"https:\/\/www.visit-ulcinj.com\/blog\/#website\",\"url\":\"https:\/\/www.visit-ulcinj.com\/blog\/\",\"name\":\"Lajme nga Ulqini\",\"description\":\"Lajme,Vijesti,Ulqini,Ulqin,Crna Gora,Mali i Zi\",\"potentialAction\":[{\"@type\":\"SearchAction\",\"target\":{\"@type\":\"EntryPoint\",\"urlTemplate\":\"https:\/\/www.visit-ulcinj.com\/blog\/?s={search_term_string}\"},\"query-input\":\"required name=search_term_string\"}],\"inLanguage\":\"en-US\"},{\"@type\":\"ImageObject\",\"inLanguage\":\"en-US\",\"@id\":\"https:\/\/www.visit-ulcinj.com\/blog\/2010\/01\/29\/mbledhja-e-kryesise-se-ppd\/#primaryimage\",\"url\":\"https:\/\/www.visit-ulcinj.com\/blog\/wp-content\/uploads\/2010\/01\/logo_ppd.jpg\",\"contentUrl\":\"https:\/\/www.visit-ulcinj.com\/blog\/wp-content\/uploads\/2010\/01\/logo_ppd.jpg\",\"width\":\"349\",\"height\":\"297\"},{\"@type\":\"WebPage\",\"@id\":\"https:\/\/www.visit-ulcinj.com\/blog\/2010\/01\/29\/mbledhja-e-kryesise-se-ppd\/#webpage\",\"url\":\"https:\/\/www.visit-ulcinj.com\/blog\/2010\/01\/29\/mbledhja-e-kryesise-se-ppd\/\",\"name\":\"Mbledhja e kryesis\u00eb s\u00eb PPD-s\u00eb - Video - Lajme nga Ulqini\",\"isPartOf\":{\"@id\":\"https:\/\/www.visit-ulcinj.com\/blog\/#website\"},\"primaryImageOfPage\":{\"@id\":\"https:\/\/www.visit-ulcinj.com\/blog\/2010\/01\/29\/mbledhja-e-kryesise-se-ppd\/#primaryimage\"},\"datePublished\":\"2010-01-29T17:11:23+00:00\",\"dateModified\":\"2010-01-31T12:38:33+00:00\",\"author\":{\"@id\":\"https:\/\/www.visit-ulcinj.com\/blog\/#\/schema\/person\/dcab619c614d3038751c63bc2aadc06d\"},\"description\":\"Sh\u00ebrbimi p\u00ebr informim i Partis\u00eb s\u00eb Prosperitetit Demokratik njofton se K\u00ebshilli drejtues mbr\u00ebm\u00eb mbajti mbledhjen e radh\u00ebs p\u00ebr t\u00eb analizuar realizimin e\",\"breadcrumb\":{\"@id\":\"https:\/\/www.visit-ulcinj.com\/blog\/2010\/01\/29\/mbledhja-e-kryesise-se-ppd\/#breadcrumb\"},\"inLanguage\":\"en-US\",\"potentialAction\":[{\"@type\":\"ReadAction\",\"target\":[\"https:\/\/www.visit-ulcinj.com\/blog\/2010\/01\/29\/mbledhja-e-kryesise-se-ppd\/\"]}]},{\"@type\":\"BreadcrumbList\",\"@id\":\"https:\/\/www.visit-ulcinj.com\/blog\/2010\/01\/29\/mbledhja-e-kryesise-se-ppd\/#breadcrumb\",\"itemListElement\":[{\"@type\":\"ListItem\",\"position\":1,\"name\":\"Mbledhja e kryesis\u00eb s\u00eb PPD-s\u00eb &#8211; Video\"}]},{\"@type\":\"Person\",\"@id\":\"https:\/\/www.visit-ulcinj.com\/blog\/#\/schema\/person\/dcab619c614d3038751c63bc2aadc06d\",\"name\":\"ulqini\",\"sameAs\":[\"http:\/\/www.visit-ulcinj.com\"],\"url\":\"https:\/\/www.visit-ulcinj.com\/blog\/author\/admin\/\"}]}<\/script>\n<!-- \/ Yoast SEO plugin. -->","yoast_head_json":{"title":"Mbledhja e kryesis\u00eb s\u00eb PPD-s\u00eb - Video - Lajme nga Ulqini","description":"Sh\u00ebrbimi p\u00ebr informim i Partis\u00eb s\u00eb Prosperitetit Demokratik njofton se K\u00ebshilli drejtues mbr\u00ebm\u00eb mbajti mbledhjen e radh\u00ebs p\u00ebr t\u00eb analizuar realizimin e","robots":{"index":"index","follow":"follow","max-snippet":"max-snippet:-1","max-image-preview":"max-image-preview:large","max-video-preview":"max-video-preview:-1"},"canonical":"https:\/\/www.visit-ulcinj.com\/blog\/2010\/01\/29\/mbledhja-e-kryesise-se-ppd\/","og_locale":"en_US","og_type":"article","og_title":"Mbledhja e kryesis\u00eb s\u00eb PPD-s\u00eb - Video - Lajme nga Ulqini","og_description":"Sh\u00ebrbimi p\u00ebr informim i Partis\u00eb s\u00eb Prosperitetit Demokratik njofton se K\u00ebshilli drejtues mbr\u00ebm\u00eb mbajti mbledhjen e radh\u00ebs p\u00ebr t\u00eb analizuar realizimin e","og_url":"https:\/\/www.visit-ulcinj.com\/blog\/2010\/01\/29\/mbledhja-e-kryesise-se-ppd\/","og_site_name":"Lajme nga Ulqini","article_published_time":"2010-01-29T17:11:23+00:00","article_modified_time":"2010-01-31T12:38:33+00:00","og_image":[{"url":"http:\/\/www.visit-ulcinj.com\/blog\/wp-content\/uploads\/2010\/01\/logo_ppd.jpg"}],"twitter_misc":{"Written by":"ulqini","Est. reading time":"1 minute"},"schema":{"@context":"https:\/\/schema.org","@graph":[{"@type":"WebSite","@id":"https:\/\/www.visit-ulcinj.com\/blog\/#website","url":"https:\/\/www.visit-ulcinj.com\/blog\/","name":"Lajme nga Ulqini","description":"Lajme,Vijesti,Ulqini,Ulqin,Crna Gora,Mali i Zi","potentialAction":[{"@type":"SearchAction","target":{"@type":"EntryPoint","urlTemplate":"https:\/\/www.visit-ulcinj.com\/blog\/?s={search_term_string}"},"query-input":"required name=search_term_string"}],"inLanguage":"en-US"},{"@type":"ImageObject","inLanguage":"en-US","@id":"https:\/\/www.visit-ulcinj.com\/blog\/2010\/01\/29\/mbledhja-e-kryesise-se-ppd\/#primaryimage","url":"https:\/\/www.visit-ulcinj.com\/blog\/wp-content\/uploads\/2010\/01\/logo_ppd.jpg","contentUrl":"https:\/\/www.visit-ulcinj.com\/blog\/wp-content\/uploads\/2010\/01\/logo_ppd.jpg","width":"349","height":"297"},{"@type":"WebPage","@id":"https:\/\/www.visit-ulcinj.com\/blog\/2010\/01\/29\/mbledhja-e-kryesise-se-ppd\/#webpage","url":"https:\/\/www.visit-ulcinj.com\/blog\/2010\/01\/29\/mbledhja-e-kryesise-se-ppd\/","name":"Mbledhja e kryesis\u00eb s\u00eb PPD-s\u00eb - Video - Lajme nga Ulqini","isPartOf":{"@id":"https:\/\/www.visit-ulcinj.com\/blog\/#website"},"primaryImageOfPage":{"@id":"https:\/\/www.visit-ulcinj.com\/blog\/2010\/01\/29\/mbledhja-e-kryesise-se-ppd\/#primaryimage"},"datePublished":"2010-01-29T17:11:23+00:00","dateModified":"2010-01-31T12:38:33+00:00","author":{"@id":"https:\/\/www.visit-ulcinj.com\/blog\/#\/schema\/person\/dcab619c614d3038751c63bc2aadc06d"},"description":"Sh\u00ebrbimi p\u00ebr informim i Partis\u00eb s\u00eb Prosperitetit Demokratik njofton se K\u00ebshilli drejtues mbr\u00ebm\u00eb mbajti mbledhjen e radh\u00ebs p\u00ebr t\u00eb analizuar realizimin e","breadcrumb":{"@id":"https:\/\/www.visit-ulcinj.com\/blog\/2010\/01\/29\/mbledhja-e-kryesise-se-ppd\/#breadcrumb"},"inLanguage":"en-US","potentialAction":[{"@type":"ReadAction","target":["https:\/\/www.visit-ulcinj.com\/blog\/2010\/01\/29\/mbledhja-e-kryesise-se-ppd\/"]}]},{"@type":"BreadcrumbList","@id":"https:\/\/www.visit-ulcinj.com\/blog\/2010\/01\/29\/mbledhja-e-kryesise-se-ppd\/#breadcrumb","itemListElement":[{"@type":"ListItem","position":1,"name":"Mbledhja e kryesis\u00eb s\u00eb PPD-s\u00eb &#8211; Video"}]},{"@type":"Person","@id":"https:\/\/www.visit-ulcinj.com\/blog\/#\/schema\/person\/dcab619c614d3038751c63bc2aadc06d","name":"ulqini","sameAs":["http:\/\/www.visit-ulcinj.com"],"url":"https:\/\/www.visit-ulcinj.com\/blog\/author\/admin\/"}]}},"jetpack_featured_media_url":"","jetpack_sharing_enabled":true,"jetpack_shortlink":"https:\/\/wp.me\/pe6lTn-7M8","_links":{"self":[{"href":"https:\/\/www.visit-ulcinj.com\/blog\/wp-json\/wp\/v2\/posts\/29892"}],"collection":[{"href":"https:\/\/www.visit-ulcinj.com\/blog\/wp-json\/wp\/v2\/posts"}],"about":[{"href":"https:\/\/www.visit-ulcinj.com\/blog\/wp-json\/wp\/v2\/types\/post"}],"author":[{"embeddable":true,"href":"https:\/\/www.visit-ulcinj.com\/blog\/wp-json\/wp\/v2\/users\/1"}],"replies":[{"embeddable":true,"href":"https:\/\/www.visit-ulcinj.com\/blog\/wp-json\/wp\/v2\/comments?post=29892"}],"version-history":[{"count":0,"href":"https:\/\/www.visit-ulcinj.com\/blog\/wp-json\/wp\/v2\/posts\/29892\/revisions"}],"wp:attachment":[{"href":"https:\/\/www.visit-ulcinj.com\/blog\/wp-json\/wp\/v2\/media?parent=29892"}],"wp:term":[{"taxonomy":"category","embeddable":true,"href":"https:\/\/www.visit-ulcinj.com\/blog\/wp-json\/wp\/v2\/categories?post=29892"},{"taxonomy":"post_tag","embeddable":true,"href":"https:\/\/www.visit-ulcinj.com\/blog\/wp-json\/wp\/v2\/tags?post=29892"}],"curies":[{"name":"wp","href":"https:\/\/api.w.org\/{rel}","templated":true}]}}