{"id":29899,"date":"2010-01-30T20:47:55","date_gmt":"2010-01-30T18:47:55","guid":{"rendered":"http:\/\/www.visit-ulcinj.com\/blog\/?p=29899"},"modified":"2010-01-30T20:47:55","modified_gmt":"2010-01-30T18:47:55","slug":"zakazano-rusenje-lokala-na-pristanu-razljutilo-vlasnike","status":"publish","type":"post","link":"https:\/\/www.visit-ulcinj.com\/blog\/2010\/01\/30\/zakazano-rusenje-lokala-na-pristanu-razljutilo-vlasnike\/","title":{"rendered":"Zakazano ru\u0161enje lokala na Pristanu razljutilo vlasnike"},"content":{"rendered":"<p><strong><a href=\"http:\/\/www.visit-ulcinj.com\/blog\/wp-content\/uploads\/2010\/01\/pizeria-marinero-ulcinj.jpg\"><img loading=\"lazy\" class=\"alignleft size-full wp-image-29898\" title=\"pizeria marinero ulcinj\" src=\"http:\/\/www.visit-ulcinj.com\/blog\/wp-content\/uploads\/2010\/01\/pizeria-marinero-ulcinj.jpg\" alt=\"pizeria marinero ulcinj\" width=\"420\" height=\"315\" srcset=\"https:\/\/www.visit-ulcinj.com\/blog\/wp-content\/uploads\/2010\/01\/pizeria-marinero-ulcinj.jpg 420w, https:\/\/www.visit-ulcinj.com\/blog\/wp-content\/uploads\/2010\/01\/pizeria-marinero-ulcinj-300x225.jpg 300w\" sizes=\"(max-width: 420px) 100vw, 420px\" \/><\/a>Samo neka krenu<\/strong><br \/>\nUlcinj &#8211; Najavljeno ru\u0161enje i uklanjanje terasa i privremenih objekata na Pristanu, zakazano za ponedjeljak, izazvalo je buru u Ulcinju, a pojedini vlasnici poru?uju da se ne?e lako predati. Vlasnik picerije \u201eMarinero\u201d Januz Elezaga kazao je da ?e poku\u0161ati sve da sa?uva terasu za koju je inspekcija Ministarstva za ure?enje prostora i za\u0161titu \u017eivotne sredine ve? donijela rje\u0161enje za ru\u0161enje.<br \/>\n\u201eNe radi nama ovo Podgorica, ve? nekoliko ljudi iz Ulcinja i to iz inata\u201d, kazao je Elezaga za \u201eVijesti\u201d. On tvrdi da nije problem da li ?e terasa njegove picerije biti uklonjena ili ne.<br \/>\n\u201eNijesam protiv ru\u0161enja ako ne\u0161to svojim izgledom smeta ili se ne uklapa u cjelokupni ambijent, ali neka nam ka\u017eu kako bi terase trebalo da izgledaju, pa bismo ih mi vjerovatno takve i izgradili. Ovako ho?e da nas istjeraju na ulicu da bi napravili nekakav park koji ?e zadovoljiti sujete nekoliko ljudi\u201d, ocijenio je Elezaga.<\/p>\n<p>On je poru?io da ?e se u ponedjeljak zajedno sa familijom zaklju?ati na zatvorenoj terasi i tu ?ekati ru\u0161itelje. I njegov kom\u0161ija Du\u0161an Hajdukovi? tvrdi da ?e najavljena akcija ru\u0161enja biti par ekselans primjer nezakonitog i nemoralnog pona\u0161anja vlasti.<br \/>\n\u201ePovr\u0161ina na kojoj se nalazi terasa mog objekta u mom je li?nom vlasni\u0161tvu. To se mo\u017ee vidjeti i u posjedovnim listovima, a inspektori u rje\u0161enju navode da je rije? o privremenom objektu i to na javnoj povr\u0161ini. No, protiv dr\u017eave se ne mo\u017ee, ali ih ?ikam da mi sru\u0161e terasu &#8211; tu\u017ei?u ih sve i podnijeti zahtjev za nadoknadu \u0161tete. Zaboravi?e komarce\u201d, kazao je Hajdukovi?, aludiraju?i na aferu sa zapra\u0161ivanjem komaraca s po?etka 90-tih godina pro\u0161log vijeka.<\/p>\n<p>Zbog neispunjavanja odredbi iz ugovora, ulcinjska Op\u0161tina je umjesto tada nekoliko desetina hiljada ugovorenih maraka nedavno morala da iske\u0161ira skoro milion.<br \/>\n\u201eAko ?e da ru\u0161e sve, aferim. Ali, tu objekte imaju neki ministri i direktori banaka ili ?lanovi njihovih u\u017eih familija, pa ?isto sumnjam, ali sve ?e se znati u ponedjeljak\u201d, kazao je jedan od vlasnika koji nije \u017eelio da mu se pominje ime.<br \/>\nZakupac ve?eg dijela Male pla\u017ee Gano Resulbegovi? ju?e je sa radnicima uklanjao metalnu konstrukciju sa kafe bara, neposredno iznad kupali\u0161ta.<br \/>\n\u201eNije mi milo, ali \u0161ta da se radi. Odluke dr\u017eave moraju se po\u0161tovati\u201d, kazao je Resulbegovi?.<br \/>\nOp\u0161tinski sekretar za inspekcijske poslove Fikret Katana ju?e nije odgovarao na telefonski poziv. Ni u Ministarstvu za ure?enje prostora i za\u0161titu \u017eivotne sredine nijesu bili raspolo\u017eeni za komentar povodom najavljene akcije, upu?uju?i nas na zakonsku proceduru i portparola.<\/p>\n<p><strong>S.ADROVI?<br \/>\n<a href=\"http:\/\/www.vijesti.me\/index.php?id_pre=328025&amp;godina=2010\" target=\"_blank\">Vijesti<\/a><\/strong><\/p>\n","protected":false},"excerpt":{"rendered":"<p>Samo neka krenu Ulcinj &#8211; Najavljeno ru\u0161enje i uklanjanje terasa i privremenih objekata na Pristanu, zakazano za ponedjeljak, izazvalo je buru u Ulcinju, a pojedini vlasnici poru?uju da se ne?e lako predati. Vlasnik picerije \u201eMarinero\u201d Januz Elezaga kazao je da ?e poku\u0161ati sve da sa?uva terasu za koju je inspekcija Ministarstva za ure?enje prostora i [&hellip;]<\/p>\n","protected":false},"author":1,"featured_media":0,"comment_status":"open","ping_status":"closed","sticky":false,"template":"","format":"standard","meta":{"spay_email":"","jetpack_publicize_message":"","jetpack_is_tweetstorm":false,"jetpack_publicize_feature_enabled":true},"categories":[8337],"tags":[13404,13403,13405],"jetpack_publicize_connections":[],"yoast_head":"<!-- This site is optimized with the Yoast SEO plugin v19.1 - https:\/\/yoast.com\/wordpress\/plugins\/seo\/ -->\n<title>Zakazano ru\u0161enje lokala na Pristanu razljutilo vlasnike - Lajme nga Ulqini<\/title>\n<meta name=\"description\" content=\"Samo neka krenu Ulcinj - Najavljeno ru\u0161enje i uklanjanje terasa i privremenih objekata na Pristanu, zakazano za ponedjeljak, izazvalo je buru u Ulcinju, a\" \/>\n<meta name=\"robots\" content=\"index, follow, max-snippet:-1, max-image-preview:large, max-video-preview:-1\" \/>\n<link rel=\"canonical\" href=\"https:\/\/www.visit-ulcinj.com\/blog\/2010\/01\/30\/zakazano-rusenje-lokala-na-pristanu-razljutilo-vlasnike\/\" \/>\n<meta property=\"og:locale\" content=\"en_US\" \/>\n<meta property=\"og:type\" content=\"article\" \/>\n<meta property=\"og:title\" content=\"Zakazano ru\u0161enje lokala na Pristanu razljutilo vlasnike - Lajme nga Ulqini\" \/>\n<meta property=\"og:description\" content=\"Samo neka krenu Ulcinj - Najavljeno ru\u0161enje i uklanjanje terasa i privremenih objekata na Pristanu, zakazano za ponedjeljak, izazvalo je buru u Ulcinju, a\" \/>\n<meta property=\"og:url\" content=\"https:\/\/www.visit-ulcinj.com\/blog\/2010\/01\/30\/zakazano-rusenje-lokala-na-pristanu-razljutilo-vlasnike\/\" \/>\n<meta property=\"og:site_name\" content=\"Lajme nga Ulqini\" \/>\n<meta property=\"article:published_time\" content=\"2010-01-30T18:47:55+00:00\" \/>\n<meta property=\"og:image\" content=\"http:\/\/www.visit-ulcinj.com\/blog\/wp-content\/uploads\/2010\/01\/pizeria-marinero-ulcinj.jpg\" \/>\n<meta name=\"twitter:label1\" content=\"Written by\" \/>\n\t<meta name=\"twitter:data1\" content=\"ulqini\" \/>\n\t<meta name=\"twitter:label2\" content=\"Est. reading time\" \/>\n\t<meta name=\"twitter:data2\" content=\"2 minutes\" \/>\n<script type=\"application\/ld+json\" class=\"yoast-schema-graph\">{\"@context\":\"https:\/\/schema.org\",\"@graph\":[{\"@type\":\"WebSite\",\"@id\":\"https:\/\/www.visit-ulcinj.com\/blog\/#website\",\"url\":\"https:\/\/www.visit-ulcinj.com\/blog\/\",\"name\":\"Lajme nga Ulqini\",\"description\":\"Lajme,Vijesti,Ulqini,Ulqin,Crna Gora,Mali i Zi\",\"potentialAction\":[{\"@type\":\"SearchAction\",\"target\":{\"@type\":\"EntryPoint\",\"urlTemplate\":\"https:\/\/www.visit-ulcinj.com\/blog\/?s={search_term_string}\"},\"query-input\":\"required name=search_term_string\"}],\"inLanguage\":\"en-US\"},{\"@type\":\"ImageObject\",\"inLanguage\":\"en-US\",\"@id\":\"https:\/\/www.visit-ulcinj.com\/blog\/2010\/01\/30\/zakazano-rusenje-lokala-na-pristanu-razljutilo-vlasnike\/#primaryimage\",\"url\":\"https:\/\/www.visit-ulcinj.com\/blog\/wp-content\/uploads\/2010\/01\/pizeria-marinero-ulcinj.jpg\",\"contentUrl\":\"https:\/\/www.visit-ulcinj.com\/blog\/wp-content\/uploads\/2010\/01\/pizeria-marinero-ulcinj.jpg\",\"width\":\"420\",\"height\":\"315\"},{\"@type\":\"WebPage\",\"@id\":\"https:\/\/www.visit-ulcinj.com\/blog\/2010\/01\/30\/zakazano-rusenje-lokala-na-pristanu-razljutilo-vlasnike\/#webpage\",\"url\":\"https:\/\/www.visit-ulcinj.com\/blog\/2010\/01\/30\/zakazano-rusenje-lokala-na-pristanu-razljutilo-vlasnike\/\",\"name\":\"Zakazano ru\u0161enje lokala na Pristanu razljutilo vlasnike - Lajme nga Ulqini\",\"isPartOf\":{\"@id\":\"https:\/\/www.visit-ulcinj.com\/blog\/#website\"},\"primaryImageOfPage\":{\"@id\":\"https:\/\/www.visit-ulcinj.com\/blog\/2010\/01\/30\/zakazano-rusenje-lokala-na-pristanu-razljutilo-vlasnike\/#primaryimage\"},\"datePublished\":\"2010-01-30T18:47:55+00:00\",\"dateModified\":\"2010-01-30T18:47:55+00:00\",\"author\":{\"@id\":\"https:\/\/www.visit-ulcinj.com\/blog\/#\/schema\/person\/dcab619c614d3038751c63bc2aadc06d\"},\"description\":\"Samo neka krenu Ulcinj - Najavljeno ru\u0161enje i uklanjanje terasa i privremenih objekata na Pristanu, zakazano za ponedjeljak, izazvalo je buru u Ulcinju, a\",\"breadcrumb\":{\"@id\":\"https:\/\/www.visit-ulcinj.com\/blog\/2010\/01\/30\/zakazano-rusenje-lokala-na-pristanu-razljutilo-vlasnike\/#breadcrumb\"},\"inLanguage\":\"en-US\",\"potentialAction\":[{\"@type\":\"ReadAction\",\"target\":[\"https:\/\/www.visit-ulcinj.com\/blog\/2010\/01\/30\/zakazano-rusenje-lokala-na-pristanu-razljutilo-vlasnike\/\"]}]},{\"@type\":\"BreadcrumbList\",\"@id\":\"https:\/\/www.visit-ulcinj.com\/blog\/2010\/01\/30\/zakazano-rusenje-lokala-na-pristanu-razljutilo-vlasnike\/#breadcrumb\",\"itemListElement\":[{\"@type\":\"ListItem\",\"position\":1,\"name\":\"Zakazano ru\u0161enje lokala na Pristanu razljutilo vlasnike\"}]},{\"@type\":\"Person\",\"@id\":\"https:\/\/www.visit-ulcinj.com\/blog\/#\/schema\/person\/dcab619c614d3038751c63bc2aadc06d\",\"name\":\"ulqini\",\"sameAs\":[\"http:\/\/www.visit-ulcinj.com\"],\"url\":\"https:\/\/www.visit-ulcinj.com\/blog\/author\/admin\/\"}]}<\/script>\n<!-- \/ Yoast SEO plugin. -->","yoast_head_json":{"title":"Zakazano ru\u0161enje lokala na Pristanu razljutilo vlasnike - Lajme nga Ulqini","description":"Samo neka krenu Ulcinj - Najavljeno ru\u0161enje i uklanjanje terasa i privremenih objekata na Pristanu, zakazano za ponedjeljak, izazvalo je buru u Ulcinju, a","robots":{"index":"index","follow":"follow","max-snippet":"max-snippet:-1","max-image-preview":"max-image-preview:large","max-video-preview":"max-video-preview:-1"},"canonical":"https:\/\/www.visit-ulcinj.com\/blog\/2010\/01\/30\/zakazano-rusenje-lokala-na-pristanu-razljutilo-vlasnike\/","og_locale":"en_US","og_type":"article","og_title":"Zakazano ru\u0161enje lokala na Pristanu razljutilo vlasnike - Lajme nga Ulqini","og_description":"Samo neka krenu Ulcinj - Najavljeno ru\u0161enje i uklanjanje terasa i privremenih objekata na Pristanu, zakazano za ponedjeljak, izazvalo je buru u Ulcinju, a","og_url":"https:\/\/www.visit-ulcinj.com\/blog\/2010\/01\/30\/zakazano-rusenje-lokala-na-pristanu-razljutilo-vlasnike\/","og_site_name":"Lajme nga Ulqini","article_published_time":"2010-01-30T18:47:55+00:00","og_image":[{"url":"http:\/\/www.visit-ulcinj.com\/blog\/wp-content\/uploads\/2010\/01\/pizeria-marinero-ulcinj.jpg"}],"twitter_misc":{"Written by":"ulqini","Est. reading time":"2 minutes"},"schema":{"@context":"https:\/\/schema.org","@graph":[{"@type":"WebSite","@id":"https:\/\/www.visit-ulcinj.com\/blog\/#website","url":"https:\/\/www.visit-ulcinj.com\/blog\/","name":"Lajme nga Ulqini","description":"Lajme,Vijesti,Ulqini,Ulqin,Crna Gora,Mali i Zi","potentialAction":[{"@type":"SearchAction","target":{"@type":"EntryPoint","urlTemplate":"https:\/\/www.visit-ulcinj.com\/blog\/?s={search_term_string}"},"query-input":"required name=search_term_string"}],"inLanguage":"en-US"},{"@type":"ImageObject","inLanguage":"en-US","@id":"https:\/\/www.visit-ulcinj.com\/blog\/2010\/01\/30\/zakazano-rusenje-lokala-na-pristanu-razljutilo-vlasnike\/#primaryimage","url":"https:\/\/www.visit-ulcinj.com\/blog\/wp-content\/uploads\/2010\/01\/pizeria-marinero-ulcinj.jpg","contentUrl":"https:\/\/www.visit-ulcinj.com\/blog\/wp-content\/uploads\/2010\/01\/pizeria-marinero-ulcinj.jpg","width":"420","height":"315"},{"@type":"WebPage","@id":"https:\/\/www.visit-ulcinj.com\/blog\/2010\/01\/30\/zakazano-rusenje-lokala-na-pristanu-razljutilo-vlasnike\/#webpage","url":"https:\/\/www.visit-ulcinj.com\/blog\/2010\/01\/30\/zakazano-rusenje-lokala-na-pristanu-razljutilo-vlasnike\/","name":"Zakazano ru\u0161enje lokala na Pristanu razljutilo vlasnike - Lajme nga Ulqini","isPartOf":{"@id":"https:\/\/www.visit-ulcinj.com\/blog\/#website"},"primaryImageOfPage":{"@id":"https:\/\/www.visit-ulcinj.com\/blog\/2010\/01\/30\/zakazano-rusenje-lokala-na-pristanu-razljutilo-vlasnike\/#primaryimage"},"datePublished":"2010-01-30T18:47:55+00:00","dateModified":"2010-01-30T18:47:55+00:00","author":{"@id":"https:\/\/www.visit-ulcinj.com\/blog\/#\/schema\/person\/dcab619c614d3038751c63bc2aadc06d"},"description":"Samo neka krenu Ulcinj - Najavljeno ru\u0161enje i uklanjanje terasa i privremenih objekata na Pristanu, zakazano za ponedjeljak, izazvalo je buru u Ulcinju, a","breadcrumb":{"@id":"https:\/\/www.visit-ulcinj.com\/blog\/2010\/01\/30\/zakazano-rusenje-lokala-na-pristanu-razljutilo-vlasnike\/#breadcrumb"},"inLanguage":"en-US","potentialAction":[{"@type":"ReadAction","target":["https:\/\/www.visit-ulcinj.com\/blog\/2010\/01\/30\/zakazano-rusenje-lokala-na-pristanu-razljutilo-vlasnike\/"]}]},{"@type":"BreadcrumbList","@id":"https:\/\/www.visit-ulcinj.com\/blog\/2010\/01\/30\/zakazano-rusenje-lokala-na-pristanu-razljutilo-vlasnike\/#breadcrumb","itemListElement":[{"@type":"ListItem","position":1,"name":"Zakazano ru\u0161enje lokala na Pristanu razljutilo vlasnike"}]},{"@type":"Person","@id":"https:\/\/www.visit-ulcinj.com\/blog\/#\/schema\/person\/dcab619c614d3038751c63bc2aadc06d","name":"ulqini","sameAs":["http:\/\/www.visit-ulcinj.com"],"url":"https:\/\/www.visit-ulcinj.com\/blog\/author\/admin\/"}]}},"jetpack_featured_media_url":"","jetpack_sharing_enabled":true,"jetpack_shortlink":"https:\/\/wp.me\/pe6lTn-7Mf","_links":{"self":[{"href":"https:\/\/www.visit-ulcinj.com\/blog\/wp-json\/wp\/v2\/posts\/29899"}],"collection":[{"href":"https:\/\/www.visit-ulcinj.com\/blog\/wp-json\/wp\/v2\/posts"}],"about":[{"href":"https:\/\/www.visit-ulcinj.com\/blog\/wp-json\/wp\/v2\/types\/post"}],"author":[{"embeddable":true,"href":"https:\/\/www.visit-ulcinj.com\/blog\/wp-json\/wp\/v2\/users\/1"}],"replies":[{"embeddable":true,"href":"https:\/\/www.visit-ulcinj.com\/blog\/wp-json\/wp\/v2\/comments?post=29899"}],"version-history":[{"count":0,"href":"https:\/\/www.visit-ulcinj.com\/blog\/wp-json\/wp\/v2\/posts\/29899\/revisions"}],"wp:attachment":[{"href":"https:\/\/www.visit-ulcinj.com\/blog\/wp-json\/wp\/v2\/media?parent=29899"}],"wp:term":[{"taxonomy":"category","embeddable":true,"href":"https:\/\/www.visit-ulcinj.com\/blog\/wp-json\/wp\/v2\/categories?post=29899"},{"taxonomy":"post_tag","embeddable":true,"href":"https:\/\/www.visit-ulcinj.com\/blog\/wp-json\/wp\/v2\/tags?post=29899"}],"curies":[{"name":"wp","href":"https:\/\/api.w.org\/{rel}","templated":true}]}}