{"id":29908,"date":"2010-01-31T10:27:32","date_gmt":"2010-01-31T08:27:32","guid":{"rendered":"http:\/\/www.visit-ulcinj.com\/blog\/?p=29908"},"modified":"2010-01-31T10:27:32","modified_gmt":"2010-01-31T08:27:32","slug":"xhemi-shehu-fustanin-e-bardhe-do-e-vesh-ne-vjeshte","status":"publish","type":"post","link":"https:\/\/www.visit-ulcinj.com\/blog\/2010\/01\/31\/xhemi-shehu-fustanin-e-bardhe-do-e-vesh-ne-vjeshte\/","title":{"rendered":"Xhemi Shehu: Fustanin e bardh\u00eb do e vesh n\u00eb vjesht\u00eb"},"content":{"rendered":"<p><a href=\"http:\/\/www.visit-ulcinj.com\/blog\/wp-content\/uploads\/2010\/01\/Xhemi-Shehu.2.jpg\"><img loading=\"lazy\" class=\"alignnone size-full wp-image-29909\" title=\"Xhemi Shehu.2\" src=\"http:\/\/www.visit-ulcinj.com\/blog\/wp-content\/uploads\/2010\/01\/Xhemi-Shehu.2.jpg\" alt=\"Xhemi Shehu.2\" width=\"580\" height=\"347\" \/><\/a>Xhemi Shehu, 27 vjecarja e cila e nisi karrier\u00ebn si nj\u00eb velin\u00eb dhe q\u00eb aktualisht \u00ebsht\u00eb bashk\u00eb prezantuese e spektaklit \u201cE diell\u201d do t\u2019i thot\u00eb lamtumir\u00eb beqaris\u00eb p\u00ebr t\u00eb kuror\u00ebzuar lidhjen e saj disa vje\u00e7are me t\u00eb fejuarin, Visin.<br \/>\nNj\u00eb histori e fshehur nga kamerat por jo mes familjeve t\u00eb dy t\u00eb dashuruarve. Bluetooth zbulon n\u00eb numrin e sot\u00ebm se Xhemi do t\u00eb kuror\u00ebzoj\u00eb martes\u00ebn n\u00eb vjesht\u00eb.<br \/>\nNj\u00eb das\u00ebm tradicionale shqiptare dhe ku Xhemi \u00ebnd\u00ebrron t\u00eb vishet vet\u00ebm me nj\u00eb fustan t\u00eb bardh\u00eb, asnj\u00eb fustan shoq\u00ebrues, ashtu sic \u00ebsht\u00eb dhe tradicionalja.<br \/>\nPo kush \u00ebsht\u00eb djali q\u00eb i ka rr\u00ebmbyer zemr\u00ebn bukuroshes?<br \/>\nAi \u00ebsht\u00eb Elvis Sula administartor i nj\u00eb shtypshkronje n\u00eb Tiran\u00eb.<br \/>\nBluetooth publikon sot foto ku Xhemi Shehu \u00ebsht\u00eb e shoq\u00ebruar me t\u00eb fejuarin e saj.<br \/>\n<strong><br \/>\nBluetooth<br \/>\n<\/p>\n<p><\/strong><\/p>\n<!--YouTube Error: bad URL entered-->\n","protected":false},"excerpt":{"rendered":"<p>Xhemi Shehu, 27 vjecarja e cila e nisi karrier\u00ebn si nj\u00eb velin\u00eb dhe q\u00eb aktualisht \u00ebsht\u00eb bashk\u00eb prezantuese e spektaklit \u201cE diell\u201d do t\u2019i thot\u00eb lamtumir\u00eb beqaris\u00eb p\u00ebr t\u00eb kuror\u00ebzuar lidhjen e saj disa vje\u00e7are me t\u00eb fejuarin, Visin. Nj\u00eb histori e fshehur nga kamerat por jo mes familjeve t\u00eb dy t\u00eb dashuruarve. Bluetooth zbulon [&hellip;]<\/p>\n","protected":false},"author":1,"featured_media":0,"comment_status":"open","ping_status":"closed","sticky":false,"template":"","format":"standard","meta":{"spay_email":"","jetpack_publicize_message":"","jetpack_is_tweetstorm":false,"jetpack_publicize_feature_enabled":true},"categories":[1],"tags":[13408],"jetpack_publicize_connections":[],"yoast_head":"<!-- This site is optimized with the Yoast SEO plugin v19.1 - https:\/\/yoast.com\/wordpress\/plugins\/seo\/ -->\n<title>Xhemi Shehu: Fustanin e bardh\u00eb do e vesh n\u00eb vjesht\u00eb - Lajme nga Ulqini<\/title>\n<meta name=\"description\" content=\"Xhemi Shehu, 27 vjecarja e cila e nisi karrier\u00ebn si nj\u00eb velin\u00eb dhe q\u00eb aktualisht \u00ebsht\u00eb bashk\u00eb prezantuese e spektaklit \u201cE diell\u201d do t\u2019i thot\u00eb lamtumir\u00eb\" \/>\n<meta name=\"robots\" content=\"index, follow, max-snippet:-1, max-image-preview:large, max-video-preview:-1\" \/>\n<link rel=\"canonical\" href=\"https:\/\/www.visit-ulcinj.com\/blog\/2010\/01\/31\/xhemi-shehu-fustanin-e-bardhe-do-e-vesh-ne-vjeshte\/\" \/>\n<meta property=\"og:locale\" content=\"en_US\" \/>\n<meta property=\"og:type\" content=\"article\" \/>\n<meta property=\"og:title\" content=\"Xhemi Shehu: Fustanin e bardh\u00eb do e vesh n\u00eb vjesht\u00eb - Lajme nga Ulqini\" \/>\n<meta property=\"og:description\" content=\"Xhemi Shehu, 27 vjecarja e cila e nisi karrier\u00ebn si nj\u00eb velin\u00eb dhe q\u00eb aktualisht \u00ebsht\u00eb bashk\u00eb prezantuese e spektaklit \u201cE diell\u201d do t\u2019i thot\u00eb lamtumir\u00eb\" \/>\n<meta property=\"og:url\" content=\"https:\/\/www.visit-ulcinj.com\/blog\/2010\/01\/31\/xhemi-shehu-fustanin-e-bardhe-do-e-vesh-ne-vjeshte\/\" \/>\n<meta property=\"og:site_name\" content=\"Lajme nga Ulqini\" \/>\n<meta property=\"article:published_time\" content=\"2010-01-31T08:27:32+00:00\" \/>\n<meta property=\"og:image\" content=\"https:\/\/www.visit-ulcinj.com\/blog\/wp-content\/uploads\/2010\/01\/Xhemi-Shehu.2-150x150.jpg\" \/>\n<meta name=\"twitter:label1\" content=\"Written by\" \/>\n\t<meta name=\"twitter:data1\" content=\"ulqini\" \/>\n\t<meta name=\"twitter:label2\" content=\"Est. reading time\" \/>\n\t<meta name=\"twitter:data2\" content=\"1 minute\" \/>\n<script type=\"application\/ld+json\" class=\"yoast-schema-graph\">{\"@context\":\"https:\/\/schema.org\",\"@graph\":[{\"@type\":\"WebSite\",\"@id\":\"https:\/\/www.visit-ulcinj.com\/blog\/#website\",\"url\":\"https:\/\/www.visit-ulcinj.com\/blog\/\",\"name\":\"Lajme nga Ulqini\",\"description\":\"Lajme,Vijesti,Ulqini,Ulqin,Crna Gora,Mali i Zi\",\"potentialAction\":[{\"@type\":\"SearchAction\",\"target\":{\"@type\":\"EntryPoint\",\"urlTemplate\":\"https:\/\/www.visit-ulcinj.com\/blog\/?s={search_term_string}\"},\"query-input\":\"required name=search_term_string\"}],\"inLanguage\":\"en-US\"},{\"@type\":\"ImageObject\",\"inLanguage\":\"en-US\",\"@id\":\"https:\/\/www.visit-ulcinj.com\/blog\/2010\/01\/31\/xhemi-shehu-fustanin-e-bardhe-do-e-vesh-ne-vjeshte\/#primaryimage\",\"url\":\"http:\/\/www.visit-ulcinj.com\/blog\/wp-content\/uploads\/2010\/01\/Xhemi-Shehu.2.jpg\",\"contentUrl\":\"http:\/\/www.visit-ulcinj.com\/blog\/wp-content\/uploads\/2010\/01\/Xhemi-Shehu.2.jpg\"},{\"@type\":\"WebPage\",\"@id\":\"https:\/\/www.visit-ulcinj.com\/blog\/2010\/01\/31\/xhemi-shehu-fustanin-e-bardhe-do-e-vesh-ne-vjeshte\/#webpage\",\"url\":\"https:\/\/www.visit-ulcinj.com\/blog\/2010\/01\/31\/xhemi-shehu-fustanin-e-bardhe-do-e-vesh-ne-vjeshte\/\",\"name\":\"Xhemi Shehu: Fustanin e bardh\u00eb do e vesh n\u00eb vjesht\u00eb - Lajme nga Ulqini\",\"isPartOf\":{\"@id\":\"https:\/\/www.visit-ulcinj.com\/blog\/#website\"},\"primaryImageOfPage\":{\"@id\":\"https:\/\/www.visit-ulcinj.com\/blog\/2010\/01\/31\/xhemi-shehu-fustanin-e-bardhe-do-e-vesh-ne-vjeshte\/#primaryimage\"},\"datePublished\":\"2010-01-31T08:27:32+00:00\",\"dateModified\":\"2010-01-31T08:27:32+00:00\",\"author\":{\"@id\":\"https:\/\/www.visit-ulcinj.com\/blog\/#\/schema\/person\/dcab619c614d3038751c63bc2aadc06d\"},\"description\":\"Xhemi Shehu, 27 vjecarja e cila e nisi karrier\u00ebn si nj\u00eb velin\u00eb dhe q\u00eb aktualisht \u00ebsht\u00eb bashk\u00eb prezantuese e spektaklit \u201cE diell\u201d do t\u2019i thot\u00eb lamtumir\u00eb\",\"breadcrumb\":{\"@id\":\"https:\/\/www.visit-ulcinj.com\/blog\/2010\/01\/31\/xhemi-shehu-fustanin-e-bardhe-do-e-vesh-ne-vjeshte\/#breadcrumb\"},\"inLanguage\":\"en-US\",\"potentialAction\":[{\"@type\":\"ReadAction\",\"target\":[\"https:\/\/www.visit-ulcinj.com\/blog\/2010\/01\/31\/xhemi-shehu-fustanin-e-bardhe-do-e-vesh-ne-vjeshte\/\"]}]},{\"@type\":\"BreadcrumbList\",\"@id\":\"https:\/\/www.visit-ulcinj.com\/blog\/2010\/01\/31\/xhemi-shehu-fustanin-e-bardhe-do-e-vesh-ne-vjeshte\/#breadcrumb\",\"itemListElement\":[{\"@type\":\"ListItem\",\"position\":1,\"name\":\"Xhemi Shehu: Fustanin e bardh\u00eb do e vesh n\u00eb vjesht\u00eb\"}]},{\"@type\":\"Person\",\"@id\":\"https:\/\/www.visit-ulcinj.com\/blog\/#\/schema\/person\/dcab619c614d3038751c63bc2aadc06d\",\"name\":\"ulqini\",\"sameAs\":[\"http:\/\/www.visit-ulcinj.com\"],\"url\":\"https:\/\/www.visit-ulcinj.com\/blog\/author\/admin\/\"}]}<\/script>\n<!-- \/ Yoast SEO plugin. -->","yoast_head_json":{"title":"Xhemi Shehu: Fustanin e bardh\u00eb do e vesh n\u00eb vjesht\u00eb - Lajme nga Ulqini","description":"Xhemi Shehu, 27 vjecarja e cila e nisi karrier\u00ebn si nj\u00eb velin\u00eb dhe q\u00eb aktualisht \u00ebsht\u00eb bashk\u00eb prezantuese e spektaklit \u201cE diell\u201d do t\u2019i thot\u00eb lamtumir\u00eb","robots":{"index":"index","follow":"follow","max-snippet":"max-snippet:-1","max-image-preview":"max-image-preview:large","max-video-preview":"max-video-preview:-1"},"canonical":"https:\/\/www.visit-ulcinj.com\/blog\/2010\/01\/31\/xhemi-shehu-fustanin-e-bardhe-do-e-vesh-ne-vjeshte\/","og_locale":"en_US","og_type":"article","og_title":"Xhemi Shehu: Fustanin e bardh\u00eb do e vesh n\u00eb vjesht\u00eb - Lajme nga Ulqini","og_description":"Xhemi Shehu, 27 vjecarja e cila e nisi karrier\u00ebn si nj\u00eb velin\u00eb dhe q\u00eb aktualisht \u00ebsht\u00eb bashk\u00eb prezantuese e spektaklit \u201cE diell\u201d do t\u2019i thot\u00eb lamtumir\u00eb","og_url":"https:\/\/www.visit-ulcinj.com\/blog\/2010\/01\/31\/xhemi-shehu-fustanin-e-bardhe-do-e-vesh-ne-vjeshte\/","og_site_name":"Lajme nga Ulqini","article_published_time":"2010-01-31T08:27:32+00:00","og_image":[{"url":"https:\/\/www.visit-ulcinj.com\/blog\/wp-content\/uploads\/2010\/01\/Xhemi-Shehu.2-150x150.jpg"}],"twitter_misc":{"Written by":"ulqini","Est. reading time":"1 minute"},"schema":{"@context":"https:\/\/schema.org","@graph":[{"@type":"WebSite","@id":"https:\/\/www.visit-ulcinj.com\/blog\/#website","url":"https:\/\/www.visit-ulcinj.com\/blog\/","name":"Lajme nga Ulqini","description":"Lajme,Vijesti,Ulqini,Ulqin,Crna Gora,Mali i Zi","potentialAction":[{"@type":"SearchAction","target":{"@type":"EntryPoint","urlTemplate":"https:\/\/www.visit-ulcinj.com\/blog\/?s={search_term_string}"},"query-input":"required name=search_term_string"}],"inLanguage":"en-US"},{"@type":"ImageObject","inLanguage":"en-US","@id":"https:\/\/www.visit-ulcinj.com\/blog\/2010\/01\/31\/xhemi-shehu-fustanin-e-bardhe-do-e-vesh-ne-vjeshte\/#primaryimage","url":"http:\/\/www.visit-ulcinj.com\/blog\/wp-content\/uploads\/2010\/01\/Xhemi-Shehu.2.jpg","contentUrl":"http:\/\/www.visit-ulcinj.com\/blog\/wp-content\/uploads\/2010\/01\/Xhemi-Shehu.2.jpg"},{"@type":"WebPage","@id":"https:\/\/www.visit-ulcinj.com\/blog\/2010\/01\/31\/xhemi-shehu-fustanin-e-bardhe-do-e-vesh-ne-vjeshte\/#webpage","url":"https:\/\/www.visit-ulcinj.com\/blog\/2010\/01\/31\/xhemi-shehu-fustanin-e-bardhe-do-e-vesh-ne-vjeshte\/","name":"Xhemi Shehu: Fustanin e bardh\u00eb do e vesh n\u00eb vjesht\u00eb - Lajme nga Ulqini","isPartOf":{"@id":"https:\/\/www.visit-ulcinj.com\/blog\/#website"},"primaryImageOfPage":{"@id":"https:\/\/www.visit-ulcinj.com\/blog\/2010\/01\/31\/xhemi-shehu-fustanin-e-bardhe-do-e-vesh-ne-vjeshte\/#primaryimage"},"datePublished":"2010-01-31T08:27:32+00:00","dateModified":"2010-01-31T08:27:32+00:00","author":{"@id":"https:\/\/www.visit-ulcinj.com\/blog\/#\/schema\/person\/dcab619c614d3038751c63bc2aadc06d"},"description":"Xhemi Shehu, 27 vjecarja e cila e nisi karrier\u00ebn si nj\u00eb velin\u00eb dhe q\u00eb aktualisht \u00ebsht\u00eb bashk\u00eb prezantuese e spektaklit \u201cE diell\u201d do t\u2019i thot\u00eb lamtumir\u00eb","breadcrumb":{"@id":"https:\/\/www.visit-ulcinj.com\/blog\/2010\/01\/31\/xhemi-shehu-fustanin-e-bardhe-do-e-vesh-ne-vjeshte\/#breadcrumb"},"inLanguage":"en-US","potentialAction":[{"@type":"ReadAction","target":["https:\/\/www.visit-ulcinj.com\/blog\/2010\/01\/31\/xhemi-shehu-fustanin-e-bardhe-do-e-vesh-ne-vjeshte\/"]}]},{"@type":"BreadcrumbList","@id":"https:\/\/www.visit-ulcinj.com\/blog\/2010\/01\/31\/xhemi-shehu-fustanin-e-bardhe-do-e-vesh-ne-vjeshte\/#breadcrumb","itemListElement":[{"@type":"ListItem","position":1,"name":"Xhemi Shehu: Fustanin e bardh\u00eb do e vesh n\u00eb vjesht\u00eb"}]},{"@type":"Person","@id":"https:\/\/www.visit-ulcinj.com\/blog\/#\/schema\/person\/dcab619c614d3038751c63bc2aadc06d","name":"ulqini","sameAs":["http:\/\/www.visit-ulcinj.com"],"url":"https:\/\/www.visit-ulcinj.com\/blog\/author\/admin\/"}]}},"jetpack_featured_media_url":"","jetpack_sharing_enabled":true,"jetpack_shortlink":"https:\/\/wp.me\/pe6lTn-7Mo","_links":{"self":[{"href":"https:\/\/www.visit-ulcinj.com\/blog\/wp-json\/wp\/v2\/posts\/29908"}],"collection":[{"href":"https:\/\/www.visit-ulcinj.com\/blog\/wp-json\/wp\/v2\/posts"}],"about":[{"href":"https:\/\/www.visit-ulcinj.com\/blog\/wp-json\/wp\/v2\/types\/post"}],"author":[{"embeddable":true,"href":"https:\/\/www.visit-ulcinj.com\/blog\/wp-json\/wp\/v2\/users\/1"}],"replies":[{"embeddable":true,"href":"https:\/\/www.visit-ulcinj.com\/blog\/wp-json\/wp\/v2\/comments?post=29908"}],"version-history":[{"count":0,"href":"https:\/\/www.visit-ulcinj.com\/blog\/wp-json\/wp\/v2\/posts\/29908\/revisions"}],"wp:attachment":[{"href":"https:\/\/www.visit-ulcinj.com\/blog\/wp-json\/wp\/v2\/media?parent=29908"}],"wp:term":[{"taxonomy":"category","embeddable":true,"href":"https:\/\/www.visit-ulcinj.com\/blog\/wp-json\/wp\/v2\/categories?post=29908"},{"taxonomy":"post_tag","embeddable":true,"href":"https:\/\/www.visit-ulcinj.com\/blog\/wp-json\/wp\/v2\/tags?post=29908"}],"curies":[{"name":"wp","href":"https:\/\/api.w.org\/{rel}","templated":true}]}}