{"id":29914,"date":"2010-01-31T11:08:15","date_gmt":"2010-01-31T09:08:15","guid":{"rendered":"http:\/\/www.visit-ulcinj.com\/blog\/?p=29914"},"modified":"2010-01-31T11:09:26","modified_gmt":"2010-01-31T09:09:26","slug":"foto-eskluzive-tuna-kapet-mat-perseri-me-rilindin","status":"publish","type":"post","link":"https:\/\/www.visit-ulcinj.com\/blog\/2010\/01\/31\/foto-eskluzive-tuna-kapet-mat-perseri-me-rilindin\/","title":{"rendered":"Foto Eskluzive: Tuna kapet mat perseri me Rilindin"},"content":{"rendered":"<p><a href=\"http:\/\/www.visit-ulcinj.com\/blog\/wp-content\/uploads\/2010\/01\/Altuna-Sejdiu-Rilind-Reka.8.jpg\"><img loading=\"lazy\" class=\"alignleft size-full wp-image-29915\" title=\"Altuna Sejdiu &amp; Rilind Reka.8\" src=\"http:\/\/www.visit-ulcinj.com\/blog\/wp-content\/uploads\/2010\/01\/Altuna-Sejdiu-Rilind-Reka.8.jpg\" alt=\"Altuna Sejdiu &amp; Rilind Reka.8\" width=\"580\" height=\"372\" \/><\/a>Ka qen\u00eb nj\u00eb dit\u00eb shum\u00eb me fat p\u00ebr k\u00ebng\u00ebtaren Tuna Sejdiu. Pas fjal\u00ebve se ajo \u00ebsht\u00eb ndar\u00eb nga i dashuri, duke mos b\u00ebr\u00eb t\u00eb ditur arsyet e ndarjes, \u00e7ifti si duket ka tejkaluar mosmarveshjet. E gjitha ka p\u00ebrfunduar n\u00eb at\u00eb mbr\u00ebmje, pasi aparati ka fotografuar q\u00eb t\u00eb dy t\u00eb p\u00ebrqafuar si m\u00eb par\u00eb. Tuna dhe Rilindi kaluan koh\u00eb t\u00eb bukura s\u00eb bashku duke b\u00ebr\u00eb edhe nj\u00eb sh\u00ebtitje tejoqeanike n\u00eb shtetin komunist t\u00eb Kub\u00ebs duke qen\u00eb nj\u00eb nga sh\u00ebtitjet m\u00eb mbres\u00ebl\u00ebn\u00ebse p\u00ebr k\u00ebng\u00ebtaren. Edhe pse media t\u00eb ndryshme po e akuzojn\u00eb dita-dit\u00ebs k\u00ebng\u00ebtaren, ajo po vazhdon me suksese t\u00eb radh\u00ebs. Tuna \u00ebsht\u00eb me fat, ashtu thuhet nga komentet e shumta n\u00eb internet. P\u00ebrve\u00e7se \u00ebsht\u00eb n\u00eb p\u00ebrfundim t\u00eb albumit t\u00eb radh\u00ebs, ajo rikthehet tek i dashuri. Fotoja \u00ebsht\u00eb b\u00ebr\u00eb te \u201cDuplex Club\u201d n\u00eb Prishtin\u00eb. Meq\u00eb grupi i klubit n\u00eb face book \u00ebsht\u00eb i koduar, nuk arrit\u00ebm t\u00eb siguronim m\u00eb shum\u00eb foto. Nj\u00eb foto tjet\u00ebr, e cila po qarkullon n\u00eb internet, n\u00eb t\u00eb cil\u00ebn thuhet se \u00ebsht\u00eb pik\u00ebrisht k\u00ebng\u00ebtarja, ne m\u00ebsojm\u00eb se nuk ka asgj\u00eb t\u00eb v\u00ebrtet\u00eb dhe se fotoja \u00ebsht\u00eb e montuar. \u201cNuk d\u00ebshiroj t\u00eb dal lakuriq n\u00eb sken\u00eb, p\u00ebrkundrazi kam fiksim t\u00eb brendshmet seksi\u201d, \u00ebsht\u00eb ky koment dh\u00ebn\u00eb p\u00ebr \u201cPanorama plus\u201d, nga k\u00ebng\u00ebtarja Tuna Sejdiu.<\/p>\n<p><strong>Panorama Plus<br \/>\n<br \/>\n<\/strong><!--YouTube Error: bad URL entered--><\/p>\n","protected":false},"excerpt":{"rendered":"<p>Ka qen\u00eb nj\u00eb dit\u00eb shum\u00eb me fat p\u00ebr k\u00ebng\u00ebtaren Tuna Sejdiu. Pas fjal\u00ebve se ajo \u00ebsht\u00eb ndar\u00eb nga i dashuri, duke mos b\u00ebr\u00eb t\u00eb ditur arsyet e ndarjes, \u00e7ifti si duket ka tejkaluar mosmarveshjet. E gjitha ka p\u00ebrfunduar n\u00eb at\u00eb mbr\u00ebmje, pasi aparati ka fotografuar q\u00eb t\u00eb dy t\u00eb p\u00ebrqafuar si m\u00eb par\u00eb. Tuna dhe [&hellip;]<\/p>\n","protected":false},"author":1,"featured_media":0,"comment_status":"open","ping_status":"closed","sticky":false,"template":"","format":"standard","meta":{"spay_email":"","jetpack_publicize_message":"","jetpack_is_tweetstorm":false,"jetpack_publicize_feature_enabled":true},"categories":[1],"tags":[4972,13409,4970],"jetpack_publicize_connections":[],"yoast_head":"<!-- This site is optimized with the Yoast SEO plugin v19.1 - https:\/\/yoast.com\/wordpress\/plugins\/seo\/ -->\n<title>Foto Eskluzive: Tuna kapet mat perseri me Rilindin - Lajme nga Ulqini<\/title>\n<meta name=\"description\" content=\"Ka qen\u00eb nj\u00eb dit\u00eb shum\u00eb me fat p\u00ebr k\u00ebng\u00ebtaren Tuna Sejdiu. Pas fjal\u00ebve se ajo \u00ebsht\u00eb ndar\u00eb nga i dashuri, duke mos b\u00ebr\u00eb t\u00eb ditur arsyet e ndarjes, \u00e7ifti si\" \/>\n<meta name=\"robots\" content=\"index, follow, max-snippet:-1, max-image-preview:large, max-video-preview:-1\" \/>\n<link rel=\"canonical\" href=\"https:\/\/www.visit-ulcinj.com\/blog\/2010\/01\/31\/foto-eskluzive-tuna-kapet-mat-perseri-me-rilindin\/\" \/>\n<meta property=\"og:locale\" content=\"en_US\" \/>\n<meta property=\"og:type\" content=\"article\" \/>\n<meta property=\"og:title\" content=\"Foto Eskluzive: Tuna kapet mat perseri me Rilindin - Lajme nga Ulqini\" \/>\n<meta property=\"og:description\" content=\"Ka qen\u00eb nj\u00eb dit\u00eb shum\u00eb me fat p\u00ebr k\u00ebng\u00ebtaren Tuna Sejdiu. Pas fjal\u00ebve se ajo \u00ebsht\u00eb ndar\u00eb nga i dashuri, duke mos b\u00ebr\u00eb t\u00eb ditur arsyet e ndarjes, \u00e7ifti si\" \/>\n<meta property=\"og:url\" content=\"https:\/\/www.visit-ulcinj.com\/blog\/2010\/01\/31\/foto-eskluzive-tuna-kapet-mat-perseri-me-rilindin\/\" \/>\n<meta property=\"og:site_name\" content=\"Lajme nga Ulqini\" \/>\n<meta property=\"article:published_time\" content=\"2010-01-31T09:08:15+00:00\" \/>\n<meta property=\"article:modified_time\" content=\"2010-01-31T09:09:26+00:00\" \/>\n<meta property=\"og:image\" content=\"https:\/\/www.visit-ulcinj.com\/blog\/wp-content\/uploads\/2010\/01\/Altuna-Sejdiu-Rilind-Reka.8-150x150.jpg\" \/>\n<meta name=\"twitter:label1\" content=\"Written by\" \/>\n\t<meta name=\"twitter:data1\" content=\"ulqini\" \/>\n\t<meta name=\"twitter:label2\" content=\"Est. reading time\" \/>\n\t<meta name=\"twitter:data2\" content=\"1 minute\" \/>\n<script type=\"application\/ld+json\" class=\"yoast-schema-graph\">{\"@context\":\"https:\/\/schema.org\",\"@graph\":[{\"@type\":\"WebSite\",\"@id\":\"https:\/\/www.visit-ulcinj.com\/blog\/#website\",\"url\":\"https:\/\/www.visit-ulcinj.com\/blog\/\",\"name\":\"Lajme nga Ulqini\",\"description\":\"Lajme,Vijesti,Ulqini,Ulqin,Crna Gora,Mali i Zi\",\"potentialAction\":[{\"@type\":\"SearchAction\",\"target\":{\"@type\":\"EntryPoint\",\"urlTemplate\":\"https:\/\/www.visit-ulcinj.com\/blog\/?s={search_term_string}\"},\"query-input\":\"required name=search_term_string\"}],\"inLanguage\":\"en-US\"},{\"@type\":\"ImageObject\",\"inLanguage\":\"en-US\",\"@id\":\"https:\/\/www.visit-ulcinj.com\/blog\/2010\/01\/31\/foto-eskluzive-tuna-kapet-mat-perseri-me-rilindin\/#primaryimage\",\"url\":\"http:\/\/www.visit-ulcinj.com\/blog\/wp-content\/uploads\/2010\/01\/Altuna-Sejdiu-Rilind-Reka.8.jpg\",\"contentUrl\":\"http:\/\/www.visit-ulcinj.com\/blog\/wp-content\/uploads\/2010\/01\/Altuna-Sejdiu-Rilind-Reka.8.jpg\"},{\"@type\":\"WebPage\",\"@id\":\"https:\/\/www.visit-ulcinj.com\/blog\/2010\/01\/31\/foto-eskluzive-tuna-kapet-mat-perseri-me-rilindin\/#webpage\",\"url\":\"https:\/\/www.visit-ulcinj.com\/blog\/2010\/01\/31\/foto-eskluzive-tuna-kapet-mat-perseri-me-rilindin\/\",\"name\":\"Foto Eskluzive: Tuna kapet mat perseri me Rilindin - Lajme nga Ulqini\",\"isPartOf\":{\"@id\":\"https:\/\/www.visit-ulcinj.com\/blog\/#website\"},\"primaryImageOfPage\":{\"@id\":\"https:\/\/www.visit-ulcinj.com\/blog\/2010\/01\/31\/foto-eskluzive-tuna-kapet-mat-perseri-me-rilindin\/#primaryimage\"},\"datePublished\":\"2010-01-31T09:08:15+00:00\",\"dateModified\":\"2010-01-31T09:09:26+00:00\",\"author\":{\"@id\":\"https:\/\/www.visit-ulcinj.com\/blog\/#\/schema\/person\/dcab619c614d3038751c63bc2aadc06d\"},\"description\":\"Ka qen\u00eb nj\u00eb dit\u00eb shum\u00eb me fat p\u00ebr k\u00ebng\u00ebtaren Tuna Sejdiu. Pas fjal\u00ebve se ajo \u00ebsht\u00eb ndar\u00eb nga i dashuri, duke mos b\u00ebr\u00eb t\u00eb ditur arsyet e ndarjes, \u00e7ifti si\",\"breadcrumb\":{\"@id\":\"https:\/\/www.visit-ulcinj.com\/blog\/2010\/01\/31\/foto-eskluzive-tuna-kapet-mat-perseri-me-rilindin\/#breadcrumb\"},\"inLanguage\":\"en-US\",\"potentialAction\":[{\"@type\":\"ReadAction\",\"target\":[\"https:\/\/www.visit-ulcinj.com\/blog\/2010\/01\/31\/foto-eskluzive-tuna-kapet-mat-perseri-me-rilindin\/\"]}]},{\"@type\":\"BreadcrumbList\",\"@id\":\"https:\/\/www.visit-ulcinj.com\/blog\/2010\/01\/31\/foto-eskluzive-tuna-kapet-mat-perseri-me-rilindin\/#breadcrumb\",\"itemListElement\":[{\"@type\":\"ListItem\",\"position\":1,\"name\":\"Foto Eskluzive: Tuna kapet mat perseri me Rilindin\"}]},{\"@type\":\"Person\",\"@id\":\"https:\/\/www.visit-ulcinj.com\/blog\/#\/schema\/person\/dcab619c614d3038751c63bc2aadc06d\",\"name\":\"ulqini\",\"sameAs\":[\"http:\/\/www.visit-ulcinj.com\"],\"url\":\"https:\/\/www.visit-ulcinj.com\/blog\/author\/admin\/\"}]}<\/script>\n<!-- \/ Yoast SEO plugin. -->","yoast_head_json":{"title":"Foto Eskluzive: Tuna kapet mat perseri me Rilindin - Lajme nga Ulqini","description":"Ka qen\u00eb nj\u00eb dit\u00eb shum\u00eb me fat p\u00ebr k\u00ebng\u00ebtaren Tuna Sejdiu. Pas fjal\u00ebve se ajo \u00ebsht\u00eb ndar\u00eb nga i dashuri, duke mos b\u00ebr\u00eb t\u00eb ditur arsyet e ndarjes, \u00e7ifti si","robots":{"index":"index","follow":"follow","max-snippet":"max-snippet:-1","max-image-preview":"max-image-preview:large","max-video-preview":"max-video-preview:-1"},"canonical":"https:\/\/www.visit-ulcinj.com\/blog\/2010\/01\/31\/foto-eskluzive-tuna-kapet-mat-perseri-me-rilindin\/","og_locale":"en_US","og_type":"article","og_title":"Foto Eskluzive: Tuna kapet mat perseri me Rilindin - Lajme nga Ulqini","og_description":"Ka qen\u00eb nj\u00eb dit\u00eb shum\u00eb me fat p\u00ebr k\u00ebng\u00ebtaren Tuna Sejdiu. Pas fjal\u00ebve se ajo \u00ebsht\u00eb ndar\u00eb nga i dashuri, duke mos b\u00ebr\u00eb t\u00eb ditur arsyet e ndarjes, \u00e7ifti si","og_url":"https:\/\/www.visit-ulcinj.com\/blog\/2010\/01\/31\/foto-eskluzive-tuna-kapet-mat-perseri-me-rilindin\/","og_site_name":"Lajme nga Ulqini","article_published_time":"2010-01-31T09:08:15+00:00","article_modified_time":"2010-01-31T09:09:26+00:00","og_image":[{"url":"https:\/\/www.visit-ulcinj.com\/blog\/wp-content\/uploads\/2010\/01\/Altuna-Sejdiu-Rilind-Reka.8-150x150.jpg"}],"twitter_misc":{"Written by":"ulqini","Est. reading time":"1 minute"},"schema":{"@context":"https:\/\/schema.org","@graph":[{"@type":"WebSite","@id":"https:\/\/www.visit-ulcinj.com\/blog\/#website","url":"https:\/\/www.visit-ulcinj.com\/blog\/","name":"Lajme nga Ulqini","description":"Lajme,Vijesti,Ulqini,Ulqin,Crna Gora,Mali i Zi","potentialAction":[{"@type":"SearchAction","target":{"@type":"EntryPoint","urlTemplate":"https:\/\/www.visit-ulcinj.com\/blog\/?s={search_term_string}"},"query-input":"required name=search_term_string"}],"inLanguage":"en-US"},{"@type":"ImageObject","inLanguage":"en-US","@id":"https:\/\/www.visit-ulcinj.com\/blog\/2010\/01\/31\/foto-eskluzive-tuna-kapet-mat-perseri-me-rilindin\/#primaryimage","url":"http:\/\/www.visit-ulcinj.com\/blog\/wp-content\/uploads\/2010\/01\/Altuna-Sejdiu-Rilind-Reka.8.jpg","contentUrl":"http:\/\/www.visit-ulcinj.com\/blog\/wp-content\/uploads\/2010\/01\/Altuna-Sejdiu-Rilind-Reka.8.jpg"},{"@type":"WebPage","@id":"https:\/\/www.visit-ulcinj.com\/blog\/2010\/01\/31\/foto-eskluzive-tuna-kapet-mat-perseri-me-rilindin\/#webpage","url":"https:\/\/www.visit-ulcinj.com\/blog\/2010\/01\/31\/foto-eskluzive-tuna-kapet-mat-perseri-me-rilindin\/","name":"Foto Eskluzive: Tuna kapet mat perseri me Rilindin - Lajme nga Ulqini","isPartOf":{"@id":"https:\/\/www.visit-ulcinj.com\/blog\/#website"},"primaryImageOfPage":{"@id":"https:\/\/www.visit-ulcinj.com\/blog\/2010\/01\/31\/foto-eskluzive-tuna-kapet-mat-perseri-me-rilindin\/#primaryimage"},"datePublished":"2010-01-31T09:08:15+00:00","dateModified":"2010-01-31T09:09:26+00:00","author":{"@id":"https:\/\/www.visit-ulcinj.com\/blog\/#\/schema\/person\/dcab619c614d3038751c63bc2aadc06d"},"description":"Ka qen\u00eb nj\u00eb dit\u00eb shum\u00eb me fat p\u00ebr k\u00ebng\u00ebtaren Tuna Sejdiu. Pas fjal\u00ebve se ajo \u00ebsht\u00eb ndar\u00eb nga i dashuri, duke mos b\u00ebr\u00eb t\u00eb ditur arsyet e ndarjes, \u00e7ifti si","breadcrumb":{"@id":"https:\/\/www.visit-ulcinj.com\/blog\/2010\/01\/31\/foto-eskluzive-tuna-kapet-mat-perseri-me-rilindin\/#breadcrumb"},"inLanguage":"en-US","potentialAction":[{"@type":"ReadAction","target":["https:\/\/www.visit-ulcinj.com\/blog\/2010\/01\/31\/foto-eskluzive-tuna-kapet-mat-perseri-me-rilindin\/"]}]},{"@type":"BreadcrumbList","@id":"https:\/\/www.visit-ulcinj.com\/blog\/2010\/01\/31\/foto-eskluzive-tuna-kapet-mat-perseri-me-rilindin\/#breadcrumb","itemListElement":[{"@type":"ListItem","position":1,"name":"Foto Eskluzive: Tuna kapet mat perseri me Rilindin"}]},{"@type":"Person","@id":"https:\/\/www.visit-ulcinj.com\/blog\/#\/schema\/person\/dcab619c614d3038751c63bc2aadc06d","name":"ulqini","sameAs":["http:\/\/www.visit-ulcinj.com"],"url":"https:\/\/www.visit-ulcinj.com\/blog\/author\/admin\/"}]}},"jetpack_featured_media_url":"","jetpack_sharing_enabled":true,"jetpack_shortlink":"https:\/\/wp.me\/pe6lTn-7Mu","_links":{"self":[{"href":"https:\/\/www.visit-ulcinj.com\/blog\/wp-json\/wp\/v2\/posts\/29914"}],"collection":[{"href":"https:\/\/www.visit-ulcinj.com\/blog\/wp-json\/wp\/v2\/posts"}],"about":[{"href":"https:\/\/www.visit-ulcinj.com\/blog\/wp-json\/wp\/v2\/types\/post"}],"author":[{"embeddable":true,"href":"https:\/\/www.visit-ulcinj.com\/blog\/wp-json\/wp\/v2\/users\/1"}],"replies":[{"embeddable":true,"href":"https:\/\/www.visit-ulcinj.com\/blog\/wp-json\/wp\/v2\/comments?post=29914"}],"version-history":[{"count":0,"href":"https:\/\/www.visit-ulcinj.com\/blog\/wp-json\/wp\/v2\/posts\/29914\/revisions"}],"wp:attachment":[{"href":"https:\/\/www.visit-ulcinj.com\/blog\/wp-json\/wp\/v2\/media?parent=29914"}],"wp:term":[{"taxonomy":"category","embeddable":true,"href":"https:\/\/www.visit-ulcinj.com\/blog\/wp-json\/wp\/v2\/categories?post=29914"},{"taxonomy":"post_tag","embeddable":true,"href":"https:\/\/www.visit-ulcinj.com\/blog\/wp-json\/wp\/v2\/tags?post=29914"}],"curies":[{"name":"wp","href":"https:\/\/api.w.org\/{rel}","templated":true}]}}