{"id":29931,"date":"2010-01-31T12:57:41","date_gmt":"2010-01-31T10:57:41","guid":{"rendered":"http:\/\/www.visit-ulcinj.com\/blog\/?p=29931"},"modified":"2010-01-31T12:57:41","modified_gmt":"2010-01-31T10:57:41","slug":"buna-shnderrohet-ne-leverdi-ndershteterore","status":"publish","type":"post","link":"https:\/\/www.visit-ulcinj.com\/blog\/2010\/01\/31\/buna-shnderrohet-ne-leverdi-ndershteterore\/","title":{"rendered":"Buna shnd\u00ebrrohet n\u00eb leverdi nd\u00ebrshtet\u00ebrore"},"content":{"rendered":"<p><a href=\"http:\/\/www.visit-ulcinj.com\/blog\/wp-content\/uploads\/2010\/01\/Lumi-Buna_ulqin.jpg\"><img loading=\"lazy\" class=\"alignleft size-full wp-image-29932\" title=\"Lumi Buna_ulqin\" src=\"http:\/\/www.visit-ulcinj.com\/blog\/wp-content\/uploads\/2010\/01\/Lumi-Buna_ulqin.jpg\" alt=\"Lumi Buna_ulqin\" width=\"580\" height=\"370\" \/><\/a>Ulqin, 27 janar &#8211; Ministri malazias i Transporit, Detaris\u00eb dhe Komunikacionit, Andria Lompar me homologun e tij shqiptar, Sokol Olldashi, n\u00eb mbr\u00ebmjen e s\u00eb mart\u00ebs kan\u00eb konfirmuar iden\u00eb e valorizimit t\u00eb lumit Buna, njofton KosovaLive.<br \/>\n\u201cEkziston interesi i dyansh\u00ebm p\u00ebr hartimin e nj\u00eb elaborati p\u00ebr thellimin e Bun\u00ebs edhe p\u00ebr ta rib\u00ebr\u00eb at\u00eb t\u00eb lundruesh\u00ebm\u201d, u shpreh ministri shqiptar i Transportit , Sokol Olldashi.<br \/>\nPas takimit n\u00eb kabinetin e kryetarit t\u00eb Komun\u00ebs s\u00eb Ulqinit, G\u00ebzim Hajdinaga, pa pranin\u00eb e medias, dy ministrat n\u00eb nj\u00eb konferenc\u00eb t\u00eb gazetar\u00ebve t\u00eb shumt\u00eb t\u00eb interesuar, deklaruan se me k\u00ebt\u00eb rast \u00ebsht\u00eb aktualizuar ideja e nd\u00ebrtimit t\u00eb rrug\u00ebve rajonale nd\u00ebrkufitare Plav\u00eb-Vermosh-Podgoric\u00eb, Velipoj\u00eb-Ulqin.<br \/>\nN\u00eb nj\u00eb prononcim p\u00ebr KosovaLive, Olldashi tha se tashm\u00eb 75 p\u00ebr qind t\u00eb punimeve nd\u00ebrtimore t\u00eb k\u00ebtij objekti jan\u00eb kryer, por nuk fiksoi ndonj\u00eb dat\u00eb se kur mund t\u00eb p\u00ebrurohet ajo.<br \/>\nNga ana tjet\u00ebr, edhe ministri malazias, Andria Lompar e quajti shum\u00eb t\u00eb r\u00ebnd\u00ebsish\u00ebm bashk\u00ebpunimin me Shqip\u00ebrin\u00eb n\u00eb nd\u00ebrtimin rrug\u00ebve kufitare, mbi t\u00eb gjitha t\u00eb pjes\u00ebs q\u00eb kalon n\u00ebp\u00ebr Mal t\u00eb Zi, p\u00ebrkat\u00ebsisht Plav\u00eb-Guci-Shqip\u00ebri-Podgoric\u00eb.<br \/>\n\u201cDo t\u00eb kandidojm\u00eb iniciativa t\u00eb p\u00ebrbashk\u00ebta rajonale. Mali i Zi projekteve t\u00eb Shqip\u00ebris\u00eb n\u00eb k\u00ebt\u00eb frym\u00eb do t\u2019u jap\u00eb p\u00ebrkrahje t\u00eb plot\u00eb\u201d, tha ministri malazias i transportit.<br \/>\nNd\u00ebrkaq, kryetari i Komun\u00ebs s\u00eb Ulqinit, G\u00ebzim Hajdinaga u shpreh se Ulqini po konfirmohet si nj\u00eb qend\u00ebr e r\u00ebnd\u00ebsishme diplomatike edhe ur\u00eb lidh\u00ebse midis Malit t\u00eb Zi dhe Shqip\u00ebris\u00eb.<\/p>\n<p><strong>Koha Net<\/strong><\/p>\n","protected":false},"excerpt":{"rendered":"<p>Ulqin, 27 janar &#8211; Ministri malazias i Transporit, Detaris\u00eb dhe Komunikacionit, Andria Lompar me homologun e tij shqiptar, Sokol Olldashi, n\u00eb mbr\u00ebmjen e s\u00eb mart\u00ebs kan\u00eb konfirmuar iden\u00eb e valorizimit t\u00eb lumit Buna, njofton KosovaLive. \u201cEkziston interesi i dyansh\u00ebm p\u00ebr hartimin e nj\u00eb elaborati p\u00ebr thellimin e Bun\u00ebs edhe p\u00ebr ta rib\u00ebr\u00eb at\u00eb t\u00eb lundruesh\u00ebm\u201d, [&hellip;]<\/p>\n","protected":false},"author":1,"featured_media":0,"comment_status":"open","ping_status":"closed","sticky":false,"template":"","format":"standard","meta":{"spay_email":"","jetpack_publicize_message":"","jetpack_is_tweetstorm":false,"jetpack_publicize_feature_enabled":true},"categories":[12],"tags":[13412,13411,222,2515,95,13410,3946,13413],"jetpack_publicize_connections":[],"yoast_head":"<!-- This site is optimized with the Yoast SEO plugin v19.1 - https:\/\/yoast.com\/wordpress\/plugins\/seo\/ -->\n<title>Buna shnd\u00ebrrohet n\u00eb leverdi nd\u00ebrshtet\u00ebrore - Lajme nga Ulqini<\/title>\n<meta name=\"description\" content=\"Ulqin, 27 janar - Ministri malazias i Transporit, Detaris\u00eb dhe Komunikacionit, Andria Lompar me homologun e tij shqiptar, Sokol Olldashi, n\u00eb mbr\u00ebmjen e s\u00eb\" \/>\n<meta name=\"robots\" content=\"index, follow, max-snippet:-1, max-image-preview:large, max-video-preview:-1\" \/>\n<link rel=\"canonical\" href=\"https:\/\/www.visit-ulcinj.com\/blog\/2010\/01\/31\/buna-shnderrohet-ne-leverdi-ndershteterore\/\" \/>\n<meta property=\"og:locale\" content=\"en_US\" \/>\n<meta property=\"og:type\" content=\"article\" \/>\n<meta property=\"og:title\" content=\"Buna shnd\u00ebrrohet n\u00eb leverdi nd\u00ebrshtet\u00ebrore - Lajme nga Ulqini\" \/>\n<meta property=\"og:description\" content=\"Ulqin, 27 janar - Ministri malazias i Transporit, Detaris\u00eb dhe Komunikacionit, Andria Lompar me homologun e tij shqiptar, Sokol Olldashi, n\u00eb mbr\u00ebmjen e s\u00eb\" \/>\n<meta property=\"og:url\" content=\"https:\/\/www.visit-ulcinj.com\/blog\/2010\/01\/31\/buna-shnderrohet-ne-leverdi-ndershteterore\/\" \/>\n<meta property=\"og:site_name\" content=\"Lajme nga Ulqini\" \/>\n<meta property=\"article:published_time\" content=\"2010-01-31T10:57:41+00:00\" \/>\n<meta property=\"og:image\" content=\"http:\/\/www.visit-ulcinj.com\/blog\/wp-content\/uploads\/2010\/01\/Lumi-Buna_ulqin.jpg\" \/>\n<meta name=\"twitter:label1\" content=\"Written by\" \/>\n\t<meta name=\"twitter:data1\" content=\"ulqini\" \/>\n\t<meta name=\"twitter:label2\" content=\"Est. reading time\" \/>\n\t<meta name=\"twitter:data2\" content=\"1 minute\" \/>\n<script type=\"application\/ld+json\" class=\"yoast-schema-graph\">{\"@context\":\"https:\/\/schema.org\",\"@graph\":[{\"@type\":\"WebSite\",\"@id\":\"https:\/\/www.visit-ulcinj.com\/blog\/#website\",\"url\":\"https:\/\/www.visit-ulcinj.com\/blog\/\",\"name\":\"Lajme nga Ulqini\",\"description\":\"Lajme,Vijesti,Ulqini,Ulqin,Crna Gora,Mali i Zi\",\"potentialAction\":[{\"@type\":\"SearchAction\",\"target\":{\"@type\":\"EntryPoint\",\"urlTemplate\":\"https:\/\/www.visit-ulcinj.com\/blog\/?s={search_term_string}\"},\"query-input\":\"required name=search_term_string\"}],\"inLanguage\":\"en-US\"},{\"@type\":\"ImageObject\",\"inLanguage\":\"en-US\",\"@id\":\"https:\/\/www.visit-ulcinj.com\/blog\/2010\/01\/31\/buna-shnderrohet-ne-leverdi-ndershteterore\/#primaryimage\",\"url\":\"https:\/\/www.visit-ulcinj.com\/blog\/wp-content\/uploads\/2010\/01\/Lumi-Buna_ulqin.jpg\",\"contentUrl\":\"https:\/\/www.visit-ulcinj.com\/blog\/wp-content\/uploads\/2010\/01\/Lumi-Buna_ulqin.jpg\",\"width\":\"640\",\"height\":\"370\"},{\"@type\":\"WebPage\",\"@id\":\"https:\/\/www.visit-ulcinj.com\/blog\/2010\/01\/31\/buna-shnderrohet-ne-leverdi-ndershteterore\/#webpage\",\"url\":\"https:\/\/www.visit-ulcinj.com\/blog\/2010\/01\/31\/buna-shnderrohet-ne-leverdi-ndershteterore\/\",\"name\":\"Buna shnd\u00ebrrohet n\u00eb leverdi nd\u00ebrshtet\u00ebrore - Lajme nga Ulqini\",\"isPartOf\":{\"@id\":\"https:\/\/www.visit-ulcinj.com\/blog\/#website\"},\"primaryImageOfPage\":{\"@id\":\"https:\/\/www.visit-ulcinj.com\/blog\/2010\/01\/31\/buna-shnderrohet-ne-leverdi-ndershteterore\/#primaryimage\"},\"datePublished\":\"2010-01-31T10:57:41+00:00\",\"dateModified\":\"2010-01-31T10:57:41+00:00\",\"author\":{\"@id\":\"https:\/\/www.visit-ulcinj.com\/blog\/#\/schema\/person\/dcab619c614d3038751c63bc2aadc06d\"},\"description\":\"Ulqin, 27 janar - Ministri malazias i Transporit, Detaris\u00eb dhe Komunikacionit, Andria Lompar me homologun e tij shqiptar, Sokol Olldashi, n\u00eb mbr\u00ebmjen e s\u00eb\",\"breadcrumb\":{\"@id\":\"https:\/\/www.visit-ulcinj.com\/blog\/2010\/01\/31\/buna-shnderrohet-ne-leverdi-ndershteterore\/#breadcrumb\"},\"inLanguage\":\"en-US\",\"potentialAction\":[{\"@type\":\"ReadAction\",\"target\":[\"https:\/\/www.visit-ulcinj.com\/blog\/2010\/01\/31\/buna-shnderrohet-ne-leverdi-ndershteterore\/\"]}]},{\"@type\":\"BreadcrumbList\",\"@id\":\"https:\/\/www.visit-ulcinj.com\/blog\/2010\/01\/31\/buna-shnderrohet-ne-leverdi-ndershteterore\/#breadcrumb\",\"itemListElement\":[{\"@type\":\"ListItem\",\"position\":1,\"name\":\"Buna shnd\u00ebrrohet n\u00eb leverdi nd\u00ebrshtet\u00ebrore\"}]},{\"@type\":\"Person\",\"@id\":\"https:\/\/www.visit-ulcinj.com\/blog\/#\/schema\/person\/dcab619c614d3038751c63bc2aadc06d\",\"name\":\"ulqini\",\"sameAs\":[\"http:\/\/www.visit-ulcinj.com\"],\"url\":\"https:\/\/www.visit-ulcinj.com\/blog\/author\/admin\/\"}]}<\/script>\n<!-- \/ Yoast SEO plugin. -->","yoast_head_json":{"title":"Buna shnd\u00ebrrohet n\u00eb leverdi nd\u00ebrshtet\u00ebrore - Lajme nga Ulqini","description":"Ulqin, 27 janar - Ministri malazias i Transporit, Detaris\u00eb dhe Komunikacionit, Andria Lompar me homologun e tij shqiptar, Sokol Olldashi, n\u00eb mbr\u00ebmjen e s\u00eb","robots":{"index":"index","follow":"follow","max-snippet":"max-snippet:-1","max-image-preview":"max-image-preview:large","max-video-preview":"max-video-preview:-1"},"canonical":"https:\/\/www.visit-ulcinj.com\/blog\/2010\/01\/31\/buna-shnderrohet-ne-leverdi-ndershteterore\/","og_locale":"en_US","og_type":"article","og_title":"Buna shnd\u00ebrrohet n\u00eb leverdi nd\u00ebrshtet\u00ebrore - Lajme nga Ulqini","og_description":"Ulqin, 27 janar - Ministri malazias i Transporit, Detaris\u00eb dhe Komunikacionit, Andria Lompar me homologun e tij shqiptar, Sokol Olldashi, n\u00eb mbr\u00ebmjen e s\u00eb","og_url":"https:\/\/www.visit-ulcinj.com\/blog\/2010\/01\/31\/buna-shnderrohet-ne-leverdi-ndershteterore\/","og_site_name":"Lajme nga Ulqini","article_published_time":"2010-01-31T10:57:41+00:00","og_image":[{"url":"http:\/\/www.visit-ulcinj.com\/blog\/wp-content\/uploads\/2010\/01\/Lumi-Buna_ulqin.jpg"}],"twitter_misc":{"Written by":"ulqini","Est. reading time":"1 minute"},"schema":{"@context":"https:\/\/schema.org","@graph":[{"@type":"WebSite","@id":"https:\/\/www.visit-ulcinj.com\/blog\/#website","url":"https:\/\/www.visit-ulcinj.com\/blog\/","name":"Lajme nga Ulqini","description":"Lajme,Vijesti,Ulqini,Ulqin,Crna Gora,Mali i Zi","potentialAction":[{"@type":"SearchAction","target":{"@type":"EntryPoint","urlTemplate":"https:\/\/www.visit-ulcinj.com\/blog\/?s={search_term_string}"},"query-input":"required name=search_term_string"}],"inLanguage":"en-US"},{"@type":"ImageObject","inLanguage":"en-US","@id":"https:\/\/www.visit-ulcinj.com\/blog\/2010\/01\/31\/buna-shnderrohet-ne-leverdi-ndershteterore\/#primaryimage","url":"https:\/\/www.visit-ulcinj.com\/blog\/wp-content\/uploads\/2010\/01\/Lumi-Buna_ulqin.jpg","contentUrl":"https:\/\/www.visit-ulcinj.com\/blog\/wp-content\/uploads\/2010\/01\/Lumi-Buna_ulqin.jpg","width":"640","height":"370"},{"@type":"WebPage","@id":"https:\/\/www.visit-ulcinj.com\/blog\/2010\/01\/31\/buna-shnderrohet-ne-leverdi-ndershteterore\/#webpage","url":"https:\/\/www.visit-ulcinj.com\/blog\/2010\/01\/31\/buna-shnderrohet-ne-leverdi-ndershteterore\/","name":"Buna shnd\u00ebrrohet n\u00eb leverdi nd\u00ebrshtet\u00ebrore - Lajme nga Ulqini","isPartOf":{"@id":"https:\/\/www.visit-ulcinj.com\/blog\/#website"},"primaryImageOfPage":{"@id":"https:\/\/www.visit-ulcinj.com\/blog\/2010\/01\/31\/buna-shnderrohet-ne-leverdi-ndershteterore\/#primaryimage"},"datePublished":"2010-01-31T10:57:41+00:00","dateModified":"2010-01-31T10:57:41+00:00","author":{"@id":"https:\/\/www.visit-ulcinj.com\/blog\/#\/schema\/person\/dcab619c614d3038751c63bc2aadc06d"},"description":"Ulqin, 27 janar - Ministri malazias i Transporit, Detaris\u00eb dhe Komunikacionit, Andria Lompar me homologun e tij shqiptar, Sokol Olldashi, n\u00eb mbr\u00ebmjen e s\u00eb","breadcrumb":{"@id":"https:\/\/www.visit-ulcinj.com\/blog\/2010\/01\/31\/buna-shnderrohet-ne-leverdi-ndershteterore\/#breadcrumb"},"inLanguage":"en-US","potentialAction":[{"@type":"ReadAction","target":["https:\/\/www.visit-ulcinj.com\/blog\/2010\/01\/31\/buna-shnderrohet-ne-leverdi-ndershteterore\/"]}]},{"@type":"BreadcrumbList","@id":"https:\/\/www.visit-ulcinj.com\/blog\/2010\/01\/31\/buna-shnderrohet-ne-leverdi-ndershteterore\/#breadcrumb","itemListElement":[{"@type":"ListItem","position":1,"name":"Buna shnd\u00ebrrohet n\u00eb leverdi nd\u00ebrshtet\u00ebrore"}]},{"@type":"Person","@id":"https:\/\/www.visit-ulcinj.com\/blog\/#\/schema\/person\/dcab619c614d3038751c63bc2aadc06d","name":"ulqini","sameAs":["http:\/\/www.visit-ulcinj.com"],"url":"https:\/\/www.visit-ulcinj.com\/blog\/author\/admin\/"}]}},"jetpack_featured_media_url":"","jetpack_sharing_enabled":true,"jetpack_shortlink":"https:\/\/wp.me\/pe6lTn-7ML","_links":{"self":[{"href":"https:\/\/www.visit-ulcinj.com\/blog\/wp-json\/wp\/v2\/posts\/29931"}],"collection":[{"href":"https:\/\/www.visit-ulcinj.com\/blog\/wp-json\/wp\/v2\/posts"}],"about":[{"href":"https:\/\/www.visit-ulcinj.com\/blog\/wp-json\/wp\/v2\/types\/post"}],"author":[{"embeddable":true,"href":"https:\/\/www.visit-ulcinj.com\/blog\/wp-json\/wp\/v2\/users\/1"}],"replies":[{"embeddable":true,"href":"https:\/\/www.visit-ulcinj.com\/blog\/wp-json\/wp\/v2\/comments?post=29931"}],"version-history":[{"count":0,"href":"https:\/\/www.visit-ulcinj.com\/blog\/wp-json\/wp\/v2\/posts\/29931\/revisions"}],"wp:attachment":[{"href":"https:\/\/www.visit-ulcinj.com\/blog\/wp-json\/wp\/v2\/media?parent=29931"}],"wp:term":[{"taxonomy":"category","embeddable":true,"href":"https:\/\/www.visit-ulcinj.com\/blog\/wp-json\/wp\/v2\/categories?post=29931"},{"taxonomy":"post_tag","embeddable":true,"href":"https:\/\/www.visit-ulcinj.com\/blog\/wp-json\/wp\/v2\/tags?post=29931"}],"curies":[{"name":"wp","href":"https:\/\/api.w.org\/{rel}","templated":true}]}}