{"id":29934,"date":"2010-01-31T13:04:20","date_gmt":"2010-01-31T11:04:20","guid":{"rendered":"http:\/\/www.visit-ulcinj.com\/blog\/?p=29934"},"modified":"2010-01-31T13:04:20","modified_gmt":"2010-01-31T11:04:20","slug":"shqiperia-dhe-mali-i-zi-bashkepunim-te-ngushte-per-integrimin-ne-be","status":"publish","type":"post","link":"https:\/\/www.visit-ulcinj.com\/blog\/2010\/01\/31\/shqiperia-dhe-mali-i-zi-bashkepunim-te-ngushte-per-integrimin-ne-be\/","title":{"rendered":"Shqip\u00ebria dhe Mali i Zi, bashk\u00ebpunim t\u00eb ngusht\u00eb p\u00ebr integrimin n\u00eb BE"},"content":{"rendered":"<p><strong><a href=\"http:\/\/www.visit-ulcinj.com\/blog\/wp-content\/uploads\/2010\/01\/Majlinda-Bregu-_Gordana-Djurovi\u00e7.jpg\"><img loading=\"lazy\" class=\"alignleft size-full wp-image-29935\" title=\"Majlinda Bregu _Gordana Djurovi\u00e7\" src=\"http:\/\/www.visit-ulcinj.com\/blog\/wp-content\/uploads\/2010\/01\/Majlinda-Bregu-_Gordana-Djurovi\u00e7.jpg\" alt=\"Majlinda Bregu _Gordana Djurovi\u00e7\" width=\"580\" height=\"400\" \/><\/a>Ministrja Bregu takon homologen e saj malazeze, Djurovi\u00e7<\/strong><br \/>\nMinistrja e Integrimit t\u00eb Shqip\u00ebris\u00eb Majlinda Bregu dhe Ministrja e Integrimit t\u00eb Malit t\u00eb Zi, Gordana Djurovi\u00e7, zhvilluan nj\u00eb takim, me q\u00ebllim zbatimin e projekteve t\u00eb bashk\u00ebpunimit nd\u00ebrkufitar. Pas konferenc\u00ebs s\u00eb zhvilluar dje, t\u00eb Forumit t\u00eb e 3-t\u00eb Rajonal t\u00eb CBI q\u00eb synon nxitjen e bashk\u00ebpunimit midis vendeve t\u00eb rajonit p\u00ebr t\u00eb rritur cil\u00ebsin\u00eb e programeve nd\u00ebrkufitare t\u00eb cilat ndihmojn\u00eb n\u00eb zhvillimin e zonave t\u00eb ndryshme t\u00eb vendeve t\u00eb rajonit, dy ministret theksuan edhe nj\u00eb her\u00eb se Shqip\u00ebria dhe Mali i Zi jan\u00eb t\u00ebr\u00ebsisht t\u00eb angazhuara p\u00ebr t\u00eb pasur nj\u00eb nivel gjithnj\u00eb e m\u00eb t\u00eb lart\u00eb marr\u00ebdh\u00ebniesh e bashk\u00ebpunimi, duke u bazuar jo vet\u00ebm n\u00eb parimin e fqinj\u00ebsis\u00eb s\u00eb mir\u00eb por edhe t\u00eb parimit t\u00eb integrimit evropian.<br \/>\nMinistrja Bregu dhe ministrja Djurovi\u00e7 vler\u00ebsuan zhvillimet dhe momentet e mira, thuajse t\u00eb nj\u00ebjta, n\u00eb t\u00eb cilat ndodhen dy vendet, n\u00eb rrug\u00ebn e integrimit, kur nd\u00ebrsa Mali i Zi e ka dor\u00ebzuar pyet\u00ebsorin Shqip\u00ebria \u00ebsht\u00eb n\u00eb p\u00ebrmbyllje t\u00eb tij, si dhe uruan q\u00eb ky proces t\u00eb mbyllet sa m\u00eb par\u00eb e sa m\u00eb suksessh\u00ebm p\u00ebr t\u00eb dy vendet.<br \/>\nMinistrja Bregu theksoi se programet e bashk\u00ebpunimit kufitar t\u00eb cilat \u00e7do vit, q\u00eb nga viti 2007 i akordojn\u00eb Shqip\u00ebris\u00eb dhe Malit t\u00eb Zi shum\u00ebn 1.5 milion euro n\u00eb vit, i japin mund\u00ebsi zonave q\u00eb jan\u00eb n\u00eb kufi t\u00eb dy vendeve p\u00ebr t\u2019u zhvilluar, p\u00ebr t\u00eb patur komunikime m\u00eb t\u00eb nd\u00ebrsjellta, p\u00ebr t\u00eb promovuar infrastuktur\u00ebn, turizmin apo dhe iniciativat e tjera mjedisore.<br \/>\nDeri m\u00eb tani ka p\u00ebrfunduar faza e par\u00eb e aplikimeve me Malin e Zi dhe po shkohet drejt p\u00ebrfundimit t\u00eb faz\u00ebs s\u00eb dyt\u00eb, nd\u00ebrsa jan\u00eb drejt mbylljes dhe aplikimet e para me Maqedonin\u00eb.<br \/>\nGjithashtu me Kosov\u00ebn \u00ebsht\u00eb hapur programi IPA CBC, fondi p\u00ebr t\u00eb cil\u00ebn \u00ebsht\u00eb parashikuar p\u00ebr 2 vjet, 2010 dhe 2011, t\u00eb jet\u00eb p\u00ebr t\u00eb dy vendet 1.2 milion euro n\u00eb vit, e q\u00eb do t\u00eb p\u00ebrdoret p\u00ebr t\u00eb zhvilluar zonat e Veriut t\u00eb Shqip\u00ebris\u00eb dhe zonat Per\u00ebndimore t\u00eb Kosov\u00ebs.<br \/>\nN\u00eb fund t\u00eb konferenc\u00ebs ministrja Bregu dhe ministrja Djurovi\u00e7 jan\u00eb shprehur se k\u00ebto programe bashk\u00ebpunimi jan\u00eb nj\u00eb element shum\u00eb i r\u00ebnd\u00ebsish\u00ebm n\u00eb procesin e integrimit evropian sepse tregojn\u00eb se nd\u00ebrgjegj\u00ebsimi nd\u00ebrmjet vendeve t\u00eb rajonit p\u00ebr k\u00ebto programe \u00ebsht\u00eb i madh.<br \/>\n<strong><br \/>\nBota Sot<br \/>\n\n\t\t<style type=\"text\/css\">\n\t\t\t#gallery-1 {\n\t\t\t\tmargin: auto;\n\t\t\t}\n\t\t\t#gallery-1 .gallery-item {\n\t\t\t\tfloat: left;\n\t\t\t\tmargin-top: 10px;\n\t\t\t\ttext-align: center;\n\t\t\t\twidth: 33%;\n\t\t\t}\n\t\t\t#gallery-1 img {\n\t\t\t\tborder: 2px solid #cfcfcf;\n\t\t\t}\n\t\t\t#gallery-1 .gallery-caption {\n\t\t\t\tmargin-left: 0;\n\t\t\t}\n\t\t\t\/* see gallery_shortcode() in wp-includes\/media.php *\/\n\t\t<\/style>\n\t\t<div id='gallery-1' class='gallery galleryid-29934 gallery-columns-3 gallery-size-thumbnail'><dl class='gallery-item'>\n\t\t\t<dt class='gallery-icon landscape'>\n\t\t\t\t<a href='https:\/\/www.visit-ulcinj.com\/blog\/wp-content\/uploads\/2010\/01\/Majlinda-Bregu-_Gordana-Djurovic.1.jpg'><img width=\"150\" height=\"150\" src=\"https:\/\/www.visit-ulcinj.com\/blog\/wp-content\/uploads\/2010\/01\/Majlinda-Bregu-_Gordana-Djurovic.1-150x150.jpg\" class=\"attachment-thumbnail size-thumbnail\" alt=\"\" loading=\"lazy\" \/><\/a>\n\t\t\t<\/dt><\/dl><dl class='gallery-item'>\n\t\t\t<dt class='gallery-icon landscape'>\n\t\t\t\t<a href='https:\/\/www.visit-ulcinj.com\/blog\/wp-content\/uploads\/2010\/01\/Majlinda-Bregu-_Gordana-Djurovic.2.jpg'><img width=\"150\" height=\"150\" src=\"https:\/\/www.visit-ulcinj.com\/blog\/wp-content\/uploads\/2010\/01\/Majlinda-Bregu-_Gordana-Djurovic.2-150x150.jpg\" class=\"attachment-thumbnail size-thumbnail\" alt=\"\" loading=\"lazy\" \/><\/a>\n\t\t\t<\/dt><\/dl>\n\t\t\t<br style='clear: both' \/>\n\t\t<\/div>\n<\/p>\n<p><\/strong><\/p>\n","protected":false},"excerpt":{"rendered":"<p>Ministrja Bregu takon homologen e saj malazeze, Djurovi\u00e7 Ministrja e Integrimit t\u00eb Shqip\u00ebris\u00eb Majlinda Bregu dhe Ministrja e Integrimit t\u00eb Malit t\u00eb Zi, Gordana Djurovi\u00e7, zhvilluan nj\u00eb takim, me q\u00ebllim zbatimin e projekteve t\u00eb bashk\u00ebpunimit nd\u00ebrkufitar. Pas konferenc\u00ebs s\u00eb zhvilluar dje, t\u00eb Forumit t\u00eb e 3-t\u00eb Rajonal t\u00eb CBI q\u00eb synon nxitjen e bashk\u00ebpunimit midis [&hellip;]<\/p>\n","protected":false},"author":1,"featured_media":0,"comment_status":"open","ping_status":"closed","sticky":false,"template":"","format":"standard","meta":{"spay_email":"","jetpack_publicize_message":"","jetpack_is_tweetstorm":false,"jetpack_publicize_feature_enabled":true},"categories":[14],"tags":[6050,13415,13414],"jetpack_publicize_connections":[],"yoast_head":"<!-- This site is optimized with the Yoast SEO plugin v19.1 - https:\/\/yoast.com\/wordpress\/plugins\/seo\/ -->\n<title>Shqip\u00ebria dhe Mali i Zi, bashk\u00ebpunim t\u00eb ngusht\u00eb p\u00ebr integrimin n\u00eb BE - Lajme nga Ulqini<\/title>\n<meta name=\"description\" content=\"Ministrja Bregu takon homologen e saj malazeze, Djurovi\u00e7 Ministrja e Integrimit t\u00eb Shqip\u00ebris\u00eb Majlinda Bregu dhe Ministrja e Integrimit t\u00eb Malit t\u00eb Zi,\" \/>\n<meta name=\"robots\" content=\"index, follow, max-snippet:-1, max-image-preview:large, max-video-preview:-1\" \/>\n<link rel=\"canonical\" href=\"https:\/\/www.visit-ulcinj.com\/blog\/2010\/01\/31\/shqiperia-dhe-mali-i-zi-bashkepunim-te-ngushte-per-integrimin-ne-be\/\" \/>\n<meta property=\"og:locale\" content=\"en_US\" \/>\n<meta property=\"og:type\" content=\"article\" \/>\n<meta property=\"og:title\" content=\"Shqip\u00ebria dhe Mali i Zi, bashk\u00ebpunim t\u00eb ngusht\u00eb p\u00ebr integrimin n\u00eb BE - Lajme nga Ulqini\" \/>\n<meta property=\"og:description\" content=\"Ministrja Bregu takon homologen e saj malazeze, Djurovi\u00e7 Ministrja e Integrimit t\u00eb Shqip\u00ebris\u00eb Majlinda Bregu dhe Ministrja e Integrimit t\u00eb Malit t\u00eb Zi,\" \/>\n<meta property=\"og:url\" content=\"https:\/\/www.visit-ulcinj.com\/blog\/2010\/01\/31\/shqiperia-dhe-mali-i-zi-bashkepunim-te-ngushte-per-integrimin-ne-be\/\" \/>\n<meta property=\"og:site_name\" content=\"Lajme nga Ulqini\" \/>\n<meta property=\"article:published_time\" content=\"2010-01-31T11:04:20+00:00\" \/>\n<meta property=\"og:image\" content=\"https:\/\/www.visit-ulcinj.com\/blog\/wp-content\/uploads\/2010\/01\/Majlinda-Bregu-_Gordana-Djurovi\u00c3\u00a7.jpg\" \/>\n<meta name=\"twitter:label1\" content=\"Written by\" \/>\n\t<meta name=\"twitter:data1\" content=\"ulqini\" \/>\n\t<meta name=\"twitter:label2\" content=\"Est. reading time\" \/>\n\t<meta name=\"twitter:data2\" content=\"2 minutes\" \/>\n<script type=\"application\/ld+json\" class=\"yoast-schema-graph\">{\"@context\":\"https:\/\/schema.org\",\"@graph\":[{\"@type\":\"WebSite\",\"@id\":\"https:\/\/www.visit-ulcinj.com\/blog\/#website\",\"url\":\"https:\/\/www.visit-ulcinj.com\/blog\/\",\"name\":\"Lajme nga Ulqini\",\"description\":\"Lajme,Vijesti,Ulqini,Ulqin,Crna Gora,Mali i Zi\",\"potentialAction\":[{\"@type\":\"SearchAction\",\"target\":{\"@type\":\"EntryPoint\",\"urlTemplate\":\"https:\/\/www.visit-ulcinj.com\/blog\/?s={search_term_string}\"},\"query-input\":\"required name=search_term_string\"}],\"inLanguage\":\"en-US\"},{\"@type\":\"WebPage\",\"@id\":\"https:\/\/www.visit-ulcinj.com\/blog\/2010\/01\/31\/shqiperia-dhe-mali-i-zi-bashkepunim-te-ngushte-per-integrimin-ne-be\/#webpage\",\"url\":\"https:\/\/www.visit-ulcinj.com\/blog\/2010\/01\/31\/shqiperia-dhe-mali-i-zi-bashkepunim-te-ngushte-per-integrimin-ne-be\/\",\"name\":\"Shqip\u00ebria dhe Mali i Zi, bashk\u00ebpunim t\u00eb ngusht\u00eb p\u00ebr integrimin n\u00eb BE - Lajme nga Ulqini\",\"isPartOf\":{\"@id\":\"https:\/\/www.visit-ulcinj.com\/blog\/#website\"},\"datePublished\":\"2010-01-31T11:04:20+00:00\",\"dateModified\":\"2010-01-31T11:04:20+00:00\",\"author\":{\"@id\":\"https:\/\/www.visit-ulcinj.com\/blog\/#\/schema\/person\/dcab619c614d3038751c63bc2aadc06d\"},\"description\":\"Ministrja Bregu takon homologen e saj malazeze, Djurovi\u00e7 Ministrja e Integrimit t\u00eb Shqip\u00ebris\u00eb Majlinda Bregu dhe Ministrja e Integrimit t\u00eb Malit t\u00eb Zi,\",\"breadcrumb\":{\"@id\":\"https:\/\/www.visit-ulcinj.com\/blog\/2010\/01\/31\/shqiperia-dhe-mali-i-zi-bashkepunim-te-ngushte-per-integrimin-ne-be\/#breadcrumb\"},\"inLanguage\":\"en-US\",\"potentialAction\":[{\"@type\":\"ReadAction\",\"target\":[\"https:\/\/www.visit-ulcinj.com\/blog\/2010\/01\/31\/shqiperia-dhe-mali-i-zi-bashkepunim-te-ngushte-per-integrimin-ne-be\/\"]}]},{\"@type\":\"BreadcrumbList\",\"@id\":\"https:\/\/www.visit-ulcinj.com\/blog\/2010\/01\/31\/shqiperia-dhe-mali-i-zi-bashkepunim-te-ngushte-per-integrimin-ne-be\/#breadcrumb\",\"itemListElement\":[{\"@type\":\"ListItem\",\"position\":1,\"name\":\"Shqip\u00ebria dhe Mali i Zi, bashk\u00ebpunim t\u00eb ngusht\u00eb p\u00ebr integrimin n\u00eb BE\"}]},{\"@type\":\"Person\",\"@id\":\"https:\/\/www.visit-ulcinj.com\/blog\/#\/schema\/person\/dcab619c614d3038751c63bc2aadc06d\",\"name\":\"ulqini\",\"sameAs\":[\"http:\/\/www.visit-ulcinj.com\"],\"url\":\"https:\/\/www.visit-ulcinj.com\/blog\/author\/admin\/\"}]}<\/script>\n<!-- \/ Yoast SEO plugin. -->","yoast_head_json":{"title":"Shqip\u00ebria dhe Mali i Zi, bashk\u00ebpunim t\u00eb ngusht\u00eb p\u00ebr integrimin n\u00eb BE - Lajme nga Ulqini","description":"Ministrja Bregu takon homologen e saj malazeze, Djurovi\u00e7 Ministrja e Integrimit t\u00eb Shqip\u00ebris\u00eb Majlinda Bregu dhe Ministrja e Integrimit t\u00eb Malit t\u00eb Zi,","robots":{"index":"index","follow":"follow","max-snippet":"max-snippet:-1","max-image-preview":"max-image-preview:large","max-video-preview":"max-video-preview:-1"},"canonical":"https:\/\/www.visit-ulcinj.com\/blog\/2010\/01\/31\/shqiperia-dhe-mali-i-zi-bashkepunim-te-ngushte-per-integrimin-ne-be\/","og_locale":"en_US","og_type":"article","og_title":"Shqip\u00ebria dhe Mali i Zi, bashk\u00ebpunim t\u00eb ngusht\u00eb p\u00ebr integrimin n\u00eb BE - Lajme nga Ulqini","og_description":"Ministrja Bregu takon homologen e saj malazeze, Djurovi\u00e7 Ministrja e Integrimit t\u00eb Shqip\u00ebris\u00eb Majlinda Bregu dhe Ministrja e Integrimit t\u00eb Malit t\u00eb Zi,","og_url":"https:\/\/www.visit-ulcinj.com\/blog\/2010\/01\/31\/shqiperia-dhe-mali-i-zi-bashkepunim-te-ngushte-per-integrimin-ne-be\/","og_site_name":"Lajme nga Ulqini","article_published_time":"2010-01-31T11:04:20+00:00","og_image":[{"url":"https:\/\/www.visit-ulcinj.com\/blog\/wp-content\/uploads\/2010\/01\/Majlinda-Bregu-_Gordana-Djurovi\u00c3\u00a7.jpg"}],"twitter_misc":{"Written by":"ulqini","Est. reading time":"2 minutes"},"schema":{"@context":"https:\/\/schema.org","@graph":[{"@type":"WebSite","@id":"https:\/\/www.visit-ulcinj.com\/blog\/#website","url":"https:\/\/www.visit-ulcinj.com\/blog\/","name":"Lajme nga Ulqini","description":"Lajme,Vijesti,Ulqini,Ulqin,Crna Gora,Mali i Zi","potentialAction":[{"@type":"SearchAction","target":{"@type":"EntryPoint","urlTemplate":"https:\/\/www.visit-ulcinj.com\/blog\/?s={search_term_string}"},"query-input":"required name=search_term_string"}],"inLanguage":"en-US"},{"@type":"WebPage","@id":"https:\/\/www.visit-ulcinj.com\/blog\/2010\/01\/31\/shqiperia-dhe-mali-i-zi-bashkepunim-te-ngushte-per-integrimin-ne-be\/#webpage","url":"https:\/\/www.visit-ulcinj.com\/blog\/2010\/01\/31\/shqiperia-dhe-mali-i-zi-bashkepunim-te-ngushte-per-integrimin-ne-be\/","name":"Shqip\u00ebria dhe Mali i Zi, bashk\u00ebpunim t\u00eb ngusht\u00eb p\u00ebr integrimin n\u00eb BE - Lajme nga Ulqini","isPartOf":{"@id":"https:\/\/www.visit-ulcinj.com\/blog\/#website"},"datePublished":"2010-01-31T11:04:20+00:00","dateModified":"2010-01-31T11:04:20+00:00","author":{"@id":"https:\/\/www.visit-ulcinj.com\/blog\/#\/schema\/person\/dcab619c614d3038751c63bc2aadc06d"},"description":"Ministrja Bregu takon homologen e saj malazeze, Djurovi\u00e7 Ministrja e Integrimit t\u00eb Shqip\u00ebris\u00eb Majlinda Bregu dhe Ministrja e Integrimit t\u00eb Malit t\u00eb Zi,","breadcrumb":{"@id":"https:\/\/www.visit-ulcinj.com\/blog\/2010\/01\/31\/shqiperia-dhe-mali-i-zi-bashkepunim-te-ngushte-per-integrimin-ne-be\/#breadcrumb"},"inLanguage":"en-US","potentialAction":[{"@type":"ReadAction","target":["https:\/\/www.visit-ulcinj.com\/blog\/2010\/01\/31\/shqiperia-dhe-mali-i-zi-bashkepunim-te-ngushte-per-integrimin-ne-be\/"]}]},{"@type":"BreadcrumbList","@id":"https:\/\/www.visit-ulcinj.com\/blog\/2010\/01\/31\/shqiperia-dhe-mali-i-zi-bashkepunim-te-ngushte-per-integrimin-ne-be\/#breadcrumb","itemListElement":[{"@type":"ListItem","position":1,"name":"Shqip\u00ebria dhe Mali i Zi, bashk\u00ebpunim t\u00eb ngusht\u00eb p\u00ebr integrimin n\u00eb BE"}]},{"@type":"Person","@id":"https:\/\/www.visit-ulcinj.com\/blog\/#\/schema\/person\/dcab619c614d3038751c63bc2aadc06d","name":"ulqini","sameAs":["http:\/\/www.visit-ulcinj.com"],"url":"https:\/\/www.visit-ulcinj.com\/blog\/author\/admin\/"}]}},"jetpack_featured_media_url":"","jetpack_sharing_enabled":true,"jetpack_shortlink":"https:\/\/wp.me\/pe6lTn-7MO","_links":{"self":[{"href":"https:\/\/www.visit-ulcinj.com\/blog\/wp-json\/wp\/v2\/posts\/29934"}],"collection":[{"href":"https:\/\/www.visit-ulcinj.com\/blog\/wp-json\/wp\/v2\/posts"}],"about":[{"href":"https:\/\/www.visit-ulcinj.com\/blog\/wp-json\/wp\/v2\/types\/post"}],"author":[{"embeddable":true,"href":"https:\/\/www.visit-ulcinj.com\/blog\/wp-json\/wp\/v2\/users\/1"}],"replies":[{"embeddable":true,"href":"https:\/\/www.visit-ulcinj.com\/blog\/wp-json\/wp\/v2\/comments?post=29934"}],"version-history":[{"count":0,"href":"https:\/\/www.visit-ulcinj.com\/blog\/wp-json\/wp\/v2\/posts\/29934\/revisions"}],"wp:attachment":[{"href":"https:\/\/www.visit-ulcinj.com\/blog\/wp-json\/wp\/v2\/media?parent=29934"}],"wp:term":[{"taxonomy":"category","embeddable":true,"href":"https:\/\/www.visit-ulcinj.com\/blog\/wp-json\/wp\/v2\/categories?post=29934"},{"taxonomy":"post_tag","embeddable":true,"href":"https:\/\/www.visit-ulcinj.com\/blog\/wp-json\/wp\/v2\/tags?post=29934"}],"curies":[{"name":"wp","href":"https:\/\/api.w.org\/{rel}","templated":true}]}}