{"id":29950,"date":"2010-02-01T11:58:01","date_gmt":"2010-02-01T09:58:01","guid":{"rendered":"http:\/\/www.visit-ulcinj.com\/blog\/?p=29950"},"modified":"2010-02-03T20:12:58","modified_gmt":"2010-02-03T18:12:58","slug":"forca-themeloi-keshillin-komunal-ne-plave-dhe-guci","status":"publish","type":"post","link":"https:\/\/www.visit-ulcinj.com\/blog\/2010\/02\/01\/forca-themeloi-keshillin-komunal-ne-plave-dhe-guci\/","title":{"rendered":"Forca themeloi keshillin Komunal ne Plave dhe Guci"},"content":{"rendered":"<p><a href=\"http:\/\/www.visit-ulcinj.com\/blog\/wp-content\/uploads\/2010\/02\/Forca-themeloi-keshillin-Komunal-ne-Plave-dhe-Guci.jpg\"><img loading=\"lazy\" class=\"alignleft size-full wp-image-29951\" title=\"Forca themeloi keshillin Komunal ne Plave dhe Guci\" src=\"http:\/\/www.visit-ulcinj.com\/blog\/wp-content\/uploads\/2010\/02\/Forca-themeloi-keshillin-Komunal-ne-Plave-dhe-Guci.jpg\" alt=\"Forca themeloi keshillin Komunal ne Plave dhe Guci\" width=\"580\" height=\"400\" \/><\/a>Forca e re demokratike themeloi n\u00eb Plav\u00eb K\u00ebshillin Komunal\u00a0 p\u00ebr Plav\u00eb dhe Guci. Pas zgjedhjes s\u00eb Kryesis\u00eb t\u00eb K\u00ebshillit komunal prej shtat\u00eb an\u00ebtar\u00ebsh i nj\u00ebjti zgjodhi p\u00ebr Kryetare t\u00eb k\u00ebshillit zonj\u00ebn Vera Hakaj, kur\u00ebse p\u00ebr n\u00ebnkryetar t\u00eb K\u00ebshillit u zgjodh z. Zymer Sinani.<br \/>\nN\u00eb kuad\u00ebr t\u00eb aktiviteteve\u00a0 t\u00eb saja, Forca zgjeroi fush\u00ebveprimin e vet duke formuar K\u00ebshillin Komunal t\u00eb Plav\u00ebs me qellim q\u00eb popullat\u00ebs shqiptare n\u00eb ato zona ti q\u00ebndroj\u00eb m\u00eb af\u00ebr p\u00ebr plot\u00ebsimin m\u00eb t\u00eb plot\u00eb t\u00eb nevojave t\u00eb tyre jet\u00ebsore.<br \/>\nN\u00eb baz\u00eb te programit te Forc\u00ebs dhe prioriteteve q\u00eb i permban aktivitet tona do te p\u00ebrq\u00ebndrohen edhe n\u00eb disa veprimtari ky\u00e7e te rajonit t\u00eb Plav\u00ebs dhe Gucis\u00eb si\u00e7 jane: infrastruktura, integrimin e popullit shqiptar n\u00eb strukturat shoq\u00ebrore, p\u00ebrmir\u00ebsimin e kushteve p\u00ebr shkollim n\u00eb gjuh\u00ebn shqipe, mbrojtjen e pron\u00ebs private, zhvillimin i\u00a0 agrokulturave dhe blegtoris\u00eb si vlera t\u00eb posa\u00e7me t\u00eb zon\u00ebs.<br \/>\nForca \u00ebsht\u00eb e sigurt q\u00eb Kryesia e porsazgjedhur e K\u00ebshillit Komunal p\u00ebr Plav dhe Guci me ndihm\u00ebn dhe n\u00eb koordinim me organet m\u00eb t\u00eb larta t\u00eb partis\u00eb do t\u00eb ndikojn\u00eb n\u00eb p\u00ebrmir\u00ebsimin e jet\u00ebs s\u00eb popullat\u00ebs shqiptare t\u00eb Plav\u00ebs dhe Gucis\u00eb.<\/p>\n<p><strong>Sh\u00ebrbimi Informativ i Forc\u00ebs<br \/>\n<\/strong><!--YouTube Error: bad URL entered--><strong><\/strong><\/p>\n","protected":false},"excerpt":{"rendered":"<p>Forca e re demokratike themeloi n\u00eb Plav\u00eb K\u00ebshillin Komunal\u00a0 p\u00ebr Plav\u00eb dhe Guci. Pas zgjedhjes s\u00eb Kryesis\u00eb t\u00eb K\u00ebshillit komunal prej shtat\u00eb an\u00ebtar\u00ebsh i nj\u00ebjti zgjodhi p\u00ebr Kryetare t\u00eb k\u00ebshillit zonj\u00ebn Vera Hakaj, kur\u00ebse p\u00ebr n\u00ebnkryetar t\u00eb K\u00ebshillit u zgjodh z. Zymer Sinani. N\u00eb kuad\u00ebr t\u00eb aktiviteteve\u00a0 t\u00eb saja, Forca zgjeroi fush\u00ebveprimin e vet duke [&hellip;]<\/p>\n","protected":false},"author":1,"featured_media":0,"comment_status":"open","ping_status":"closed","sticky":false,"template":"","format":"standard","meta":{"spay_email":"","jetpack_publicize_message":"","jetpack_is_tweetstorm":false,"jetpack_publicize_feature_enabled":true},"categories":[12],"tags":[13417,13416,13418,13419],"jetpack_publicize_connections":[],"yoast_head":"<!-- This site is optimized with the Yoast SEO plugin v19.1 - https:\/\/yoast.com\/wordpress\/plugins\/seo\/ -->\n<title>Forca themeloi keshillin Komunal ne Plave dhe Guci - Lajme nga Ulqini<\/title>\n<meta name=\"description\" content=\"Forca e re demokratike themeloi n\u00eb Plav\u00eb K\u00ebshillin Komunal\u00a0 p\u00ebr Plav\u00eb dhe Guci. Pas zgjedhjes s\u00eb Kryesis\u00eb t\u00eb K\u00ebshillit komunal prej shtat\u00eb an\u00ebtar\u00ebsh i\" \/>\n<meta name=\"robots\" content=\"index, follow, max-snippet:-1, max-image-preview:large, max-video-preview:-1\" \/>\n<link rel=\"canonical\" href=\"https:\/\/www.visit-ulcinj.com\/blog\/2010\/02\/01\/forca-themeloi-keshillin-komunal-ne-plave-dhe-guci\/\" \/>\n<meta property=\"og:locale\" content=\"en_US\" \/>\n<meta property=\"og:type\" content=\"article\" \/>\n<meta property=\"og:title\" content=\"Forca themeloi keshillin Komunal ne Plave dhe Guci - Lajme nga Ulqini\" \/>\n<meta property=\"og:description\" content=\"Forca e re demokratike themeloi n\u00eb Plav\u00eb K\u00ebshillin Komunal\u00a0 p\u00ebr Plav\u00eb dhe Guci. Pas zgjedhjes s\u00eb Kryesis\u00eb t\u00eb K\u00ebshillit komunal prej shtat\u00eb an\u00ebtar\u00ebsh i\" \/>\n<meta property=\"og:url\" content=\"https:\/\/www.visit-ulcinj.com\/blog\/2010\/02\/01\/forca-themeloi-keshillin-komunal-ne-plave-dhe-guci\/\" \/>\n<meta property=\"og:site_name\" content=\"Lajme nga Ulqini\" \/>\n<meta property=\"article:published_time\" content=\"2010-02-01T09:58:01+00:00\" \/>\n<meta property=\"article:modified_time\" content=\"2010-02-03T18:12:58+00:00\" \/>\n<meta property=\"og:image\" content=\"http:\/\/www.visit-ulcinj.com\/blog\/wp-content\/uploads\/2010\/02\/Forca-themeloi-keshillin-Komunal-ne-Plave-dhe-Guci.jpg\" \/>\n<meta name=\"twitter:label1\" content=\"Written by\" \/>\n\t<meta name=\"twitter:data1\" content=\"ulqini\" \/>\n\t<meta name=\"twitter:label2\" content=\"Est. reading time\" \/>\n\t<meta name=\"twitter:data2\" content=\"1 minute\" \/>\n<script type=\"application\/ld+json\" class=\"yoast-schema-graph\">{\"@context\":\"https:\/\/schema.org\",\"@graph\":[{\"@type\":\"WebSite\",\"@id\":\"https:\/\/www.visit-ulcinj.com\/blog\/#website\",\"url\":\"https:\/\/www.visit-ulcinj.com\/blog\/\",\"name\":\"Lajme nga Ulqini\",\"description\":\"Lajme,Vijesti,Ulqini,Ulqin,Crna Gora,Mali i Zi\",\"potentialAction\":[{\"@type\":\"SearchAction\",\"target\":{\"@type\":\"EntryPoint\",\"urlTemplate\":\"https:\/\/www.visit-ulcinj.com\/blog\/?s={search_term_string}\"},\"query-input\":\"required name=search_term_string\"}],\"inLanguage\":\"en-US\"},{\"@type\":\"ImageObject\",\"inLanguage\":\"en-US\",\"@id\":\"https:\/\/www.visit-ulcinj.com\/blog\/2010\/02\/01\/forca-themeloi-keshillin-komunal-ne-plave-dhe-guci\/#primaryimage\",\"url\":\"https:\/\/www.visit-ulcinj.com\/blog\/wp-content\/uploads\/2010\/02\/Forca-themeloi-keshillin-Komunal-ne-Plave-dhe-Guci.jpg\",\"contentUrl\":\"https:\/\/www.visit-ulcinj.com\/blog\/wp-content\/uploads\/2010\/02\/Forca-themeloi-keshillin-Komunal-ne-Plave-dhe-Guci.jpg\",\"width\":\"1200\",\"height\":\"900\"},{\"@type\":\"WebPage\",\"@id\":\"https:\/\/www.visit-ulcinj.com\/blog\/2010\/02\/01\/forca-themeloi-keshillin-komunal-ne-plave-dhe-guci\/#webpage\",\"url\":\"https:\/\/www.visit-ulcinj.com\/blog\/2010\/02\/01\/forca-themeloi-keshillin-komunal-ne-plave-dhe-guci\/\",\"name\":\"Forca themeloi keshillin Komunal ne Plave dhe Guci - Lajme nga Ulqini\",\"isPartOf\":{\"@id\":\"https:\/\/www.visit-ulcinj.com\/blog\/#website\"},\"primaryImageOfPage\":{\"@id\":\"https:\/\/www.visit-ulcinj.com\/blog\/2010\/02\/01\/forca-themeloi-keshillin-komunal-ne-plave-dhe-guci\/#primaryimage\"},\"datePublished\":\"2010-02-01T09:58:01+00:00\",\"dateModified\":\"2010-02-03T18:12:58+00:00\",\"author\":{\"@id\":\"https:\/\/www.visit-ulcinj.com\/blog\/#\/schema\/person\/dcab619c614d3038751c63bc2aadc06d\"},\"description\":\"Forca e re demokratike themeloi n\u00eb Plav\u00eb K\u00ebshillin Komunal\u00a0 p\u00ebr Plav\u00eb dhe Guci. Pas zgjedhjes s\u00eb Kryesis\u00eb t\u00eb K\u00ebshillit komunal prej shtat\u00eb an\u00ebtar\u00ebsh i\",\"breadcrumb\":{\"@id\":\"https:\/\/www.visit-ulcinj.com\/blog\/2010\/02\/01\/forca-themeloi-keshillin-komunal-ne-plave-dhe-guci\/#breadcrumb\"},\"inLanguage\":\"en-US\",\"potentialAction\":[{\"@type\":\"ReadAction\",\"target\":[\"https:\/\/www.visit-ulcinj.com\/blog\/2010\/02\/01\/forca-themeloi-keshillin-komunal-ne-plave-dhe-guci\/\"]}]},{\"@type\":\"BreadcrumbList\",\"@id\":\"https:\/\/www.visit-ulcinj.com\/blog\/2010\/02\/01\/forca-themeloi-keshillin-komunal-ne-plave-dhe-guci\/#breadcrumb\",\"itemListElement\":[{\"@type\":\"ListItem\",\"position\":1,\"name\":\"Forca themeloi keshillin Komunal ne Plave dhe Guci\"}]},{\"@type\":\"Person\",\"@id\":\"https:\/\/www.visit-ulcinj.com\/blog\/#\/schema\/person\/dcab619c614d3038751c63bc2aadc06d\",\"name\":\"ulqini\",\"sameAs\":[\"http:\/\/www.visit-ulcinj.com\"],\"url\":\"https:\/\/www.visit-ulcinj.com\/blog\/author\/admin\/\"}]}<\/script>\n<!-- \/ Yoast SEO plugin. -->","yoast_head_json":{"title":"Forca themeloi keshillin Komunal ne Plave dhe Guci - Lajme nga Ulqini","description":"Forca e re demokratike themeloi n\u00eb Plav\u00eb K\u00ebshillin Komunal\u00a0 p\u00ebr Plav\u00eb dhe Guci. Pas zgjedhjes s\u00eb Kryesis\u00eb t\u00eb K\u00ebshillit komunal prej shtat\u00eb an\u00ebtar\u00ebsh i","robots":{"index":"index","follow":"follow","max-snippet":"max-snippet:-1","max-image-preview":"max-image-preview:large","max-video-preview":"max-video-preview:-1"},"canonical":"https:\/\/www.visit-ulcinj.com\/blog\/2010\/02\/01\/forca-themeloi-keshillin-komunal-ne-plave-dhe-guci\/","og_locale":"en_US","og_type":"article","og_title":"Forca themeloi keshillin Komunal ne Plave dhe Guci - Lajme nga Ulqini","og_description":"Forca e re demokratike themeloi n\u00eb Plav\u00eb K\u00ebshillin Komunal\u00a0 p\u00ebr Plav\u00eb dhe Guci. Pas zgjedhjes s\u00eb Kryesis\u00eb t\u00eb K\u00ebshillit komunal prej shtat\u00eb an\u00ebtar\u00ebsh i","og_url":"https:\/\/www.visit-ulcinj.com\/blog\/2010\/02\/01\/forca-themeloi-keshillin-komunal-ne-plave-dhe-guci\/","og_site_name":"Lajme nga Ulqini","article_published_time":"2010-02-01T09:58:01+00:00","article_modified_time":"2010-02-03T18:12:58+00:00","og_image":[{"url":"http:\/\/www.visit-ulcinj.com\/blog\/wp-content\/uploads\/2010\/02\/Forca-themeloi-keshillin-Komunal-ne-Plave-dhe-Guci.jpg"}],"twitter_misc":{"Written by":"ulqini","Est. reading time":"1 minute"},"schema":{"@context":"https:\/\/schema.org","@graph":[{"@type":"WebSite","@id":"https:\/\/www.visit-ulcinj.com\/blog\/#website","url":"https:\/\/www.visit-ulcinj.com\/blog\/","name":"Lajme nga Ulqini","description":"Lajme,Vijesti,Ulqini,Ulqin,Crna Gora,Mali i Zi","potentialAction":[{"@type":"SearchAction","target":{"@type":"EntryPoint","urlTemplate":"https:\/\/www.visit-ulcinj.com\/blog\/?s={search_term_string}"},"query-input":"required name=search_term_string"}],"inLanguage":"en-US"},{"@type":"ImageObject","inLanguage":"en-US","@id":"https:\/\/www.visit-ulcinj.com\/blog\/2010\/02\/01\/forca-themeloi-keshillin-komunal-ne-plave-dhe-guci\/#primaryimage","url":"https:\/\/www.visit-ulcinj.com\/blog\/wp-content\/uploads\/2010\/02\/Forca-themeloi-keshillin-Komunal-ne-Plave-dhe-Guci.jpg","contentUrl":"https:\/\/www.visit-ulcinj.com\/blog\/wp-content\/uploads\/2010\/02\/Forca-themeloi-keshillin-Komunal-ne-Plave-dhe-Guci.jpg","width":"1200","height":"900"},{"@type":"WebPage","@id":"https:\/\/www.visit-ulcinj.com\/blog\/2010\/02\/01\/forca-themeloi-keshillin-komunal-ne-plave-dhe-guci\/#webpage","url":"https:\/\/www.visit-ulcinj.com\/blog\/2010\/02\/01\/forca-themeloi-keshillin-komunal-ne-plave-dhe-guci\/","name":"Forca themeloi keshillin Komunal ne Plave dhe Guci - Lajme nga Ulqini","isPartOf":{"@id":"https:\/\/www.visit-ulcinj.com\/blog\/#website"},"primaryImageOfPage":{"@id":"https:\/\/www.visit-ulcinj.com\/blog\/2010\/02\/01\/forca-themeloi-keshillin-komunal-ne-plave-dhe-guci\/#primaryimage"},"datePublished":"2010-02-01T09:58:01+00:00","dateModified":"2010-02-03T18:12:58+00:00","author":{"@id":"https:\/\/www.visit-ulcinj.com\/blog\/#\/schema\/person\/dcab619c614d3038751c63bc2aadc06d"},"description":"Forca e re demokratike themeloi n\u00eb Plav\u00eb K\u00ebshillin Komunal\u00a0 p\u00ebr Plav\u00eb dhe Guci. Pas zgjedhjes s\u00eb Kryesis\u00eb t\u00eb K\u00ebshillit komunal prej shtat\u00eb an\u00ebtar\u00ebsh i","breadcrumb":{"@id":"https:\/\/www.visit-ulcinj.com\/blog\/2010\/02\/01\/forca-themeloi-keshillin-komunal-ne-plave-dhe-guci\/#breadcrumb"},"inLanguage":"en-US","potentialAction":[{"@type":"ReadAction","target":["https:\/\/www.visit-ulcinj.com\/blog\/2010\/02\/01\/forca-themeloi-keshillin-komunal-ne-plave-dhe-guci\/"]}]},{"@type":"BreadcrumbList","@id":"https:\/\/www.visit-ulcinj.com\/blog\/2010\/02\/01\/forca-themeloi-keshillin-komunal-ne-plave-dhe-guci\/#breadcrumb","itemListElement":[{"@type":"ListItem","position":1,"name":"Forca themeloi keshillin Komunal ne Plave dhe Guci"}]},{"@type":"Person","@id":"https:\/\/www.visit-ulcinj.com\/blog\/#\/schema\/person\/dcab619c614d3038751c63bc2aadc06d","name":"ulqini","sameAs":["http:\/\/www.visit-ulcinj.com"],"url":"https:\/\/www.visit-ulcinj.com\/blog\/author\/admin\/"}]}},"jetpack_featured_media_url":"","jetpack_sharing_enabled":true,"jetpack_shortlink":"https:\/\/wp.me\/pe6lTn-7N4","_links":{"self":[{"href":"https:\/\/www.visit-ulcinj.com\/blog\/wp-json\/wp\/v2\/posts\/29950"}],"collection":[{"href":"https:\/\/www.visit-ulcinj.com\/blog\/wp-json\/wp\/v2\/posts"}],"about":[{"href":"https:\/\/www.visit-ulcinj.com\/blog\/wp-json\/wp\/v2\/types\/post"}],"author":[{"embeddable":true,"href":"https:\/\/www.visit-ulcinj.com\/blog\/wp-json\/wp\/v2\/users\/1"}],"replies":[{"embeddable":true,"href":"https:\/\/www.visit-ulcinj.com\/blog\/wp-json\/wp\/v2\/comments?post=29950"}],"version-history":[{"count":0,"href":"https:\/\/www.visit-ulcinj.com\/blog\/wp-json\/wp\/v2\/posts\/29950\/revisions"}],"wp:attachment":[{"href":"https:\/\/www.visit-ulcinj.com\/blog\/wp-json\/wp\/v2\/media?parent=29950"}],"wp:term":[{"taxonomy":"category","embeddable":true,"href":"https:\/\/www.visit-ulcinj.com\/blog\/wp-json\/wp\/v2\/categories?post=29950"},{"taxonomy":"post_tag","embeddable":true,"href":"https:\/\/www.visit-ulcinj.com\/blog\/wp-json\/wp\/v2\/tags?post=29950"}],"curies":[{"name":"wp","href":"https:\/\/api.w.org\/{rel}","templated":true}]}}