{"id":29956,"date":"2010-02-01T13:05:40","date_gmt":"2010-02-01T11:05:40","guid":{"rendered":"http:\/\/www.visit-ulcinj.com\/blog\/?p=29956"},"modified":"2010-02-01T13:12:13","modified_gmt":"2010-02-01T11:12:13","slug":"genta-largon-milotin-nga-facebook-u","status":"publish","type":"post","link":"https:\/\/www.visit-ulcinj.com\/blog\/2010\/02\/01\/genta-largon-milotin-nga-facebook-u\/","title":{"rendered":"Genta largon Milotin nga facebook-u"},"content":{"rendered":"<p><a href=\"http:\/\/www.visit-ulcinj.com\/blog\/wp-content\/uploads\/2010\/02\/genta-ismajli_Dafina-Zeqiri.jpg\"><img loading=\"lazy\" class=\"alignleft size-full wp-image-29962\" title=\"genta ismajli_Dafina Zeqiri\" src=\"http:\/\/www.visit-ulcinj.com\/blog\/wp-content\/uploads\/2010\/02\/genta-ismajli_Dafina-Zeqiri.jpg\" alt=\"genta ismajli_Dafina Zeqiri\" width=\"580\" height=\"400\" \/><\/a><\/p>\n<p>K\u00ebng\u00ebtarja Genta Ismajli ka larguar nga profili i saj fotot e saj me Milot Binakun. Para se ajo t\u00eb ndahet, ajo kishte l\u00ebn\u00eb p\u00ebr rreth nj\u00eb muaj fotot me ish-t\u00eb dashurin e saj m\u00eb t\u00eb cilin edhe kishte bashk\u00ebjetuar, por tani k\u00ebng\u00ebtarja i ka larguar ato. Ndryshe, Genta n\u00eb k\u00ebng\u00ebn \u201cGame Over\u201d \u00ebsht\u00eb b\u00ebr\u00eb pjes\u00eb e thashethemeve se k\u00ebshtu i ka shpallur luft\u00eb k\u00ebng\u00ebtares tjet\u00ebr, Dafina Zeqiri. Roz\u00eb ka tentuar q\u00eb t\u00eb bisedoj\u00eb me Gent\u00ebn p\u00ebr k\u00ebt\u00eb gj\u00eb, por k\u00ebng\u00ebtarja nuk \u00ebsht\u00eb p\u00ebrgjigjur n\u00eb telefon.<br \/>\n\n\t\t<style type=\"text\/css\">\n\t\t\t#gallery-1 {\n\t\t\t\tmargin: auto;\n\t\t\t}\n\t\t\t#gallery-1 .gallery-item {\n\t\t\t\tfloat: left;\n\t\t\t\tmargin-top: 10px;\n\t\t\t\ttext-align: center;\n\t\t\t\twidth: 33%;\n\t\t\t}\n\t\t\t#gallery-1 img {\n\t\t\t\tborder: 2px solid #cfcfcf;\n\t\t\t}\n\t\t\t#gallery-1 .gallery-caption {\n\t\t\t\tmargin-left: 0;\n\t\t\t}\n\t\t\t\/* see gallery_shortcode() in wp-includes\/media.php *\/\n\t\t<\/style>\n\t\t<div id='gallery-1' class='gallery galleryid-29956 gallery-columns-3 gallery-size-thumbnail'><dl class='gallery-item'>\n\t\t\t<dt class='gallery-icon landscape'>\n\t\t\t\t<a href='https:\/\/www.visit-ulcinj.com\/blog\/wp-content\/uploads\/2010\/02\/genta-ismajli.1.jpg'><img width=\"150\" height=\"150\" src=\"https:\/\/www.visit-ulcinj.com\/blog\/wp-content\/uploads\/2010\/02\/genta-ismajli.1-150x150.jpg\" class=\"attachment-thumbnail size-thumbnail\" alt=\"\" loading=\"lazy\" \/><\/a>\n\t\t\t<\/dt><\/dl>\n\t\t\t<br style='clear: both' \/>\n\t\t<\/div>\n<br \/>\n<!--YouTube Error: bad URL entered--><\/p>\n","protected":false},"excerpt":{"rendered":"<p>K\u00ebng\u00ebtarja Genta Ismajli ka larguar nga profili i saj fotot e saj me Milot Binakun. Para se ajo t\u00eb ndahet, ajo kishte l\u00ebn\u00eb p\u00ebr rreth nj\u00eb muaj fotot me ish-t\u00eb dashurin e saj m\u00eb t\u00eb cilin edhe kishte bashk\u00ebjetuar, por tani k\u00ebng\u00ebtarja i ka larguar ato. Ndryshe, Genta n\u00eb k\u00ebng\u00ebn \u201cGame Over\u201d \u00ebsht\u00eb b\u00ebr\u00eb pjes\u00eb [&hellip;]<\/p>\n","protected":false},"author":1,"featured_media":0,"comment_status":"open","ping_status":"closed","sticky":false,"template":"","format":"standard","meta":{"spay_email":"","jetpack_publicize_message":"","jetpack_is_tweetstorm":false,"jetpack_publicize_feature_enabled":true},"categories":[1],"tags":[4926,323,13420,13162],"jetpack_publicize_connections":[],"yoast_head":"<!-- This site is optimized with the Yoast SEO plugin v19.1 - https:\/\/yoast.com\/wordpress\/plugins\/seo\/ -->\n<title>Genta largon Milotin nga facebook-u - Lajme nga Ulqini<\/title>\n<meta name=\"description\" content=\"K\u00ebng\u00ebtarja Genta Ismajli ka larguar nga profili i saj fotot e saj me Milot Binakun. Para se ajo t\u00eb ndahet, ajo kishte l\u00ebn\u00eb p\u00ebr rreth nj\u00eb muaj fotot me\" \/>\n<meta name=\"robots\" content=\"index, follow, max-snippet:-1, max-image-preview:large, max-video-preview:-1\" \/>\n<link rel=\"canonical\" href=\"https:\/\/www.visit-ulcinj.com\/blog\/2010\/02\/01\/genta-largon-milotin-nga-facebook-u\/\" \/>\n<meta property=\"og:locale\" content=\"en_US\" \/>\n<meta property=\"og:type\" content=\"article\" \/>\n<meta property=\"og:title\" content=\"Genta largon Milotin nga facebook-u - Lajme nga Ulqini\" \/>\n<meta property=\"og:description\" content=\"K\u00ebng\u00ebtarja Genta Ismajli ka larguar nga profili i saj fotot e saj me Milot Binakun. Para se ajo t\u00eb ndahet, ajo kishte l\u00ebn\u00eb p\u00ebr rreth nj\u00eb muaj fotot me\" \/>\n<meta property=\"og:url\" content=\"https:\/\/www.visit-ulcinj.com\/blog\/2010\/02\/01\/genta-largon-milotin-nga-facebook-u\/\" \/>\n<meta property=\"og:site_name\" content=\"Lajme nga Ulqini\" \/>\n<meta property=\"article:published_time\" content=\"2010-02-01T11:05:40+00:00\" \/>\n<meta property=\"article:modified_time\" content=\"2010-02-01T11:12:13+00:00\" \/>\n<meta property=\"og:image\" content=\"https:\/\/www.visit-ulcinj.com\/blog\/wp-content\/uploads\/2010\/02\/genta-ismajli.1-150x150.jpg\" \/>\n<meta name=\"twitter:label1\" content=\"Written by\" \/>\n\t<meta name=\"twitter:data1\" content=\"ulqini\" \/>\n\t<meta name=\"twitter:label2\" content=\"Est. reading time\" \/>\n\t<meta name=\"twitter:data2\" content=\"1 minute\" \/>\n<script type=\"application\/ld+json\" class=\"yoast-schema-graph\">{\"@context\":\"https:\/\/schema.org\",\"@graph\":[{\"@type\":\"WebSite\",\"@id\":\"https:\/\/www.visit-ulcinj.com\/blog\/#website\",\"url\":\"https:\/\/www.visit-ulcinj.com\/blog\/\",\"name\":\"Lajme nga Ulqini\",\"description\":\"Lajme,Vijesti,Ulqini,Ulqin,Crna Gora,Mali i Zi\",\"potentialAction\":[{\"@type\":\"SearchAction\",\"target\":{\"@type\":\"EntryPoint\",\"urlTemplate\":\"https:\/\/www.visit-ulcinj.com\/blog\/?s={search_term_string}\"},\"query-input\":\"required name=search_term_string\"}],\"inLanguage\":\"en-US\"},{\"@type\":\"ImageObject\",\"inLanguage\":\"en-US\",\"@id\":\"https:\/\/www.visit-ulcinj.com\/blog\/2010\/02\/01\/genta-largon-milotin-nga-facebook-u\/#primaryimage\",\"url\":\"http:\/\/www.visit-ulcinj.com\/blog\/wp-content\/uploads\/2010\/02\/genta-ismajli_Dafina-Zeqiri.jpg\",\"contentUrl\":\"http:\/\/www.visit-ulcinj.com\/blog\/wp-content\/uploads\/2010\/02\/genta-ismajli_Dafina-Zeqiri.jpg\"},{\"@type\":\"WebPage\",\"@id\":\"https:\/\/www.visit-ulcinj.com\/blog\/2010\/02\/01\/genta-largon-milotin-nga-facebook-u\/#webpage\",\"url\":\"https:\/\/www.visit-ulcinj.com\/blog\/2010\/02\/01\/genta-largon-milotin-nga-facebook-u\/\",\"name\":\"Genta largon Milotin nga facebook-u - Lajme nga Ulqini\",\"isPartOf\":{\"@id\":\"https:\/\/www.visit-ulcinj.com\/blog\/#website\"},\"primaryImageOfPage\":{\"@id\":\"https:\/\/www.visit-ulcinj.com\/blog\/2010\/02\/01\/genta-largon-milotin-nga-facebook-u\/#primaryimage\"},\"datePublished\":\"2010-02-01T11:05:40+00:00\",\"dateModified\":\"2010-02-01T11:12:13+00:00\",\"author\":{\"@id\":\"https:\/\/www.visit-ulcinj.com\/blog\/#\/schema\/person\/dcab619c614d3038751c63bc2aadc06d\"},\"description\":\"K\u00ebng\u00ebtarja Genta Ismajli ka larguar nga profili i saj fotot e saj me Milot Binakun. Para se ajo t\u00eb ndahet, ajo kishte l\u00ebn\u00eb p\u00ebr rreth nj\u00eb muaj fotot me\",\"breadcrumb\":{\"@id\":\"https:\/\/www.visit-ulcinj.com\/blog\/2010\/02\/01\/genta-largon-milotin-nga-facebook-u\/#breadcrumb\"},\"inLanguage\":\"en-US\",\"potentialAction\":[{\"@type\":\"ReadAction\",\"target\":[\"https:\/\/www.visit-ulcinj.com\/blog\/2010\/02\/01\/genta-largon-milotin-nga-facebook-u\/\"]}]},{\"@type\":\"BreadcrumbList\",\"@id\":\"https:\/\/www.visit-ulcinj.com\/blog\/2010\/02\/01\/genta-largon-milotin-nga-facebook-u\/#breadcrumb\",\"itemListElement\":[{\"@type\":\"ListItem\",\"position\":1,\"name\":\"Genta largon Milotin nga facebook-u\"}]},{\"@type\":\"Person\",\"@id\":\"https:\/\/www.visit-ulcinj.com\/blog\/#\/schema\/person\/dcab619c614d3038751c63bc2aadc06d\",\"name\":\"ulqini\",\"sameAs\":[\"http:\/\/www.visit-ulcinj.com\"],\"url\":\"https:\/\/www.visit-ulcinj.com\/blog\/author\/admin\/\"}]}<\/script>\n<!-- \/ Yoast SEO plugin. -->","yoast_head_json":{"title":"Genta largon Milotin nga facebook-u - Lajme nga Ulqini","description":"K\u00ebng\u00ebtarja Genta Ismajli ka larguar nga profili i saj fotot e saj me Milot Binakun. Para se ajo t\u00eb ndahet, ajo kishte l\u00ebn\u00eb p\u00ebr rreth nj\u00eb muaj fotot me","robots":{"index":"index","follow":"follow","max-snippet":"max-snippet:-1","max-image-preview":"max-image-preview:large","max-video-preview":"max-video-preview:-1"},"canonical":"https:\/\/www.visit-ulcinj.com\/blog\/2010\/02\/01\/genta-largon-milotin-nga-facebook-u\/","og_locale":"en_US","og_type":"article","og_title":"Genta largon Milotin nga facebook-u - Lajme nga Ulqini","og_description":"K\u00ebng\u00ebtarja Genta Ismajli ka larguar nga profili i saj fotot e saj me Milot Binakun. Para se ajo t\u00eb ndahet, ajo kishte l\u00ebn\u00eb p\u00ebr rreth nj\u00eb muaj fotot me","og_url":"https:\/\/www.visit-ulcinj.com\/blog\/2010\/02\/01\/genta-largon-milotin-nga-facebook-u\/","og_site_name":"Lajme nga Ulqini","article_published_time":"2010-02-01T11:05:40+00:00","article_modified_time":"2010-02-01T11:12:13+00:00","og_image":[{"url":"https:\/\/www.visit-ulcinj.com\/blog\/wp-content\/uploads\/2010\/02\/genta-ismajli.1-150x150.jpg"}],"twitter_misc":{"Written by":"ulqini","Est. reading time":"1 minute"},"schema":{"@context":"https:\/\/schema.org","@graph":[{"@type":"WebSite","@id":"https:\/\/www.visit-ulcinj.com\/blog\/#website","url":"https:\/\/www.visit-ulcinj.com\/blog\/","name":"Lajme nga Ulqini","description":"Lajme,Vijesti,Ulqini,Ulqin,Crna Gora,Mali i Zi","potentialAction":[{"@type":"SearchAction","target":{"@type":"EntryPoint","urlTemplate":"https:\/\/www.visit-ulcinj.com\/blog\/?s={search_term_string}"},"query-input":"required name=search_term_string"}],"inLanguage":"en-US"},{"@type":"ImageObject","inLanguage":"en-US","@id":"https:\/\/www.visit-ulcinj.com\/blog\/2010\/02\/01\/genta-largon-milotin-nga-facebook-u\/#primaryimage","url":"http:\/\/www.visit-ulcinj.com\/blog\/wp-content\/uploads\/2010\/02\/genta-ismajli_Dafina-Zeqiri.jpg","contentUrl":"http:\/\/www.visit-ulcinj.com\/blog\/wp-content\/uploads\/2010\/02\/genta-ismajli_Dafina-Zeqiri.jpg"},{"@type":"WebPage","@id":"https:\/\/www.visit-ulcinj.com\/blog\/2010\/02\/01\/genta-largon-milotin-nga-facebook-u\/#webpage","url":"https:\/\/www.visit-ulcinj.com\/blog\/2010\/02\/01\/genta-largon-milotin-nga-facebook-u\/","name":"Genta largon Milotin nga facebook-u - Lajme nga Ulqini","isPartOf":{"@id":"https:\/\/www.visit-ulcinj.com\/blog\/#website"},"primaryImageOfPage":{"@id":"https:\/\/www.visit-ulcinj.com\/blog\/2010\/02\/01\/genta-largon-milotin-nga-facebook-u\/#primaryimage"},"datePublished":"2010-02-01T11:05:40+00:00","dateModified":"2010-02-01T11:12:13+00:00","author":{"@id":"https:\/\/www.visit-ulcinj.com\/blog\/#\/schema\/person\/dcab619c614d3038751c63bc2aadc06d"},"description":"K\u00ebng\u00ebtarja Genta Ismajli ka larguar nga profili i saj fotot e saj me Milot Binakun. Para se ajo t\u00eb ndahet, ajo kishte l\u00ebn\u00eb p\u00ebr rreth nj\u00eb muaj fotot me","breadcrumb":{"@id":"https:\/\/www.visit-ulcinj.com\/blog\/2010\/02\/01\/genta-largon-milotin-nga-facebook-u\/#breadcrumb"},"inLanguage":"en-US","potentialAction":[{"@type":"ReadAction","target":["https:\/\/www.visit-ulcinj.com\/blog\/2010\/02\/01\/genta-largon-milotin-nga-facebook-u\/"]}]},{"@type":"BreadcrumbList","@id":"https:\/\/www.visit-ulcinj.com\/blog\/2010\/02\/01\/genta-largon-milotin-nga-facebook-u\/#breadcrumb","itemListElement":[{"@type":"ListItem","position":1,"name":"Genta largon Milotin nga facebook-u"}]},{"@type":"Person","@id":"https:\/\/www.visit-ulcinj.com\/blog\/#\/schema\/person\/dcab619c614d3038751c63bc2aadc06d","name":"ulqini","sameAs":["http:\/\/www.visit-ulcinj.com"],"url":"https:\/\/www.visit-ulcinj.com\/blog\/author\/admin\/"}]}},"jetpack_featured_media_url":"","jetpack_sharing_enabled":true,"jetpack_shortlink":"https:\/\/wp.me\/pe6lTn-7Na","_links":{"self":[{"href":"https:\/\/www.visit-ulcinj.com\/blog\/wp-json\/wp\/v2\/posts\/29956"}],"collection":[{"href":"https:\/\/www.visit-ulcinj.com\/blog\/wp-json\/wp\/v2\/posts"}],"about":[{"href":"https:\/\/www.visit-ulcinj.com\/blog\/wp-json\/wp\/v2\/types\/post"}],"author":[{"embeddable":true,"href":"https:\/\/www.visit-ulcinj.com\/blog\/wp-json\/wp\/v2\/users\/1"}],"replies":[{"embeddable":true,"href":"https:\/\/www.visit-ulcinj.com\/blog\/wp-json\/wp\/v2\/comments?post=29956"}],"version-history":[{"count":0,"href":"https:\/\/www.visit-ulcinj.com\/blog\/wp-json\/wp\/v2\/posts\/29956\/revisions"}],"wp:attachment":[{"href":"https:\/\/www.visit-ulcinj.com\/blog\/wp-json\/wp\/v2\/media?parent=29956"}],"wp:term":[{"taxonomy":"category","embeddable":true,"href":"https:\/\/www.visit-ulcinj.com\/blog\/wp-json\/wp\/v2\/categories?post=29956"},{"taxonomy":"post_tag","embeddable":true,"href":"https:\/\/www.visit-ulcinj.com\/blog\/wp-json\/wp\/v2\/tags?post=29956"}],"curies":[{"name":"wp","href":"https:\/\/api.w.org\/{rel}","templated":true}]}}