{"id":29971,"date":"2010-02-01T20:03:02","date_gmt":"2010-02-01T18:03:02","guid":{"rendered":"http:\/\/www.visit-ulcinj.com\/blog\/?p=29971"},"modified":"2010-02-01T20:03:02","modified_gmt":"2010-02-01T18:03:02","slug":"novom-kaldrmom-vec-od-srijede","status":"publish","type":"post","link":"https:\/\/www.visit-ulcinj.com\/blog\/2010\/02\/01\/novom-kaldrmom-vec-od-srijede\/","title":{"rendered":"Novom kaldrmom ve? od srijede"},"content":{"rendered":"<p><strong><a href=\"http:\/\/www.visit-ulcinj.com\/blog\/wp-content\/uploads\/2010\/02\/Kaldrma-u-ulcinjskoj-carsiji.5.jpg\"><img loading=\"lazy\" class=\"alignleft size-full wp-image-29972\" title=\"Kaldrma u ulcinjskoj carsiji.5\" src=\"http:\/\/www.visit-ulcinj.com\/blog\/wp-content\/uploads\/2010\/02\/Kaldrma-u-ulcinjskoj-carsiji.5.jpg\" alt=\"Kaldrma u ulcinjskoj carsiji.5\" width=\"580\" height=\"400\" \/><\/a>PRI KRAJU RADOVI U ULCINJU<\/strong><br \/>\nUlcinj \u2013 &#8220;Kaldrma u ulcinjskoj ?ar\u0161iji ve?im dijelom bi?e prohodna do srijede, a kraj radova na njenoj rekonstrukciji o?ekuje se po?etkom naredne sedmice\u201d, kazao je &#8220;Vijestima&#8221; rukovodilac radova Neboj\u0161a Manjigodi?.<br \/>\nTo je drugi put da se od sve?anog otvaranja kaldrme u aprilu pro\u0161le godine izvode ve?i rekonstrukcioni radovi. Manjigodi? isti?e da su u pitanju bila dva problema.<br \/>\n\u201cPrvi problem je \u0161to smo na raspolaganju imali pijesak iz Bojane koji je imao ve?u koli?inu soli od dozvoljene za ovakve radove. Osim toga, da bismo iza\u0161li u susret mje\u0161tanima, kaldrmu smo pustili u funkciju ranije nego \u0161to je trebalo. Ovoga puta ni\u0161ta ne?emo prepustiti slu?aju \u2013 pijesak je sa Cijevne, koristimo brzovezuju?i cement i ?ekamo da sve do?e na svoje mjesto, pa da kaldrmu pustimo u saobra?aj\u201d, kazao je Manjigodi?, ?ija firma &#8220;Prominvest&#8221; iz Bosne, shodno ugovoru, o svom tro\u0161ku izvodi popravne radove.<br \/>\n<strong><br \/>\nS.A.<br \/>\n<a href=\"http:\/\/www.vijesti.me\/index.php?id_pre=328201&amp;godina=2010\" target=\"_blank\">Vijesti<\/p>\n\n\t\t<style type=\"text\/css\">\n\t\t\t#gallery-1 {\n\t\t\t\tmargin: auto;\n\t\t\t}\n\t\t\t#gallery-1 .gallery-item {\n\t\t\t\tfloat: left;\n\t\t\t\tmargin-top: 10px;\n\t\t\t\ttext-align: center;\n\t\t\t\twidth: 33%;\n\t\t\t}\n\t\t\t#gallery-1 img {\n\t\t\t\tborder: 2px solid #cfcfcf;\n\t\t\t}\n\t\t\t#gallery-1 .gallery-caption {\n\t\t\t\tmargin-left: 0;\n\t\t\t}\n\t\t\t\/* see gallery_shortcode() in wp-includes\/media.php *\/\n\t\t<\/style>\n\t\t<div id='gallery-1' class='gallery galleryid-29971 gallery-columns-3 gallery-size-thumbnail'><dl class='gallery-item'>\n\t\t\t<dt class='gallery-icon landscape'>\n\t\t\t\t<a href='https:\/\/www.visit-ulcinj.com\/blog\/wp-content\/uploads\/2010\/02\/Kaldrma-u-ulcinjskoj-carsiji.5.jpg'><img width=\"150\" height=\"150\" src=\"https:\/\/www.visit-ulcinj.com\/blog\/wp-content\/uploads\/2010\/02\/Kaldrma-u-ulcinjskoj-carsiji.5-150x150.jpg\" class=\"attachment-thumbnail size-thumbnail\" alt=\"\" loading=\"lazy\" \/><\/a>\n\t\t\t<\/dt><\/dl><dl class='gallery-item'>\n\t\t\t<dt class='gallery-icon portrait'>\n\t\t\t\t<a href='https:\/\/www.visit-ulcinj.com\/blog\/wp-content\/uploads\/2010\/02\/Kaldrma-u-ulcinjskoj-carsiji..jpg'><img width=\"150\" height=\"150\" src=\"https:\/\/www.visit-ulcinj.com\/blog\/wp-content\/uploads\/2010\/02\/Kaldrma-u-ulcinjskoj-carsiji.-150x150.jpg\" class=\"attachment-thumbnail size-thumbnail\" alt=\"\" loading=\"lazy\" \/><\/a>\n\t\t\t<\/dt><\/dl><dl class='gallery-item'>\n\t\t\t<dt class='gallery-icon landscape'>\n\t\t\t\t<a href='https:\/\/www.visit-ulcinj.com\/blog\/wp-content\/uploads\/2010\/02\/Kaldrma-u-ulcinjskoj-carsiji.1.jpg'><img width=\"150\" height=\"150\" src=\"https:\/\/www.visit-ulcinj.com\/blog\/wp-content\/uploads\/2010\/02\/Kaldrma-u-ulcinjskoj-carsiji.1-150x150.jpg\" class=\"attachment-thumbnail size-thumbnail\" alt=\"\" loading=\"lazy\" \/><\/a>\n\t\t\t<\/dt><\/dl><br style=\"clear: both\" \/><dl class='gallery-item'>\n\t\t\t<dt class='gallery-icon landscape'>\n\t\t\t\t<a href='https:\/\/www.visit-ulcinj.com\/blog\/wp-content\/uploads\/2010\/02\/Kaldrma-u-ulcinjskoj-carsiji.2.jpg'><img width=\"150\" height=\"150\" src=\"https:\/\/www.visit-ulcinj.com\/blog\/wp-content\/uploads\/2010\/02\/Kaldrma-u-ulcinjskoj-carsiji.2-150x150.jpg\" class=\"attachment-thumbnail size-thumbnail\" alt=\"\" loading=\"lazy\" \/><\/a>\n\t\t\t<\/dt><\/dl><dl class='gallery-item'>\n\t\t\t<dt class='gallery-icon landscape'>\n\t\t\t\t<a href='https:\/\/www.visit-ulcinj.com\/blog\/wp-content\/uploads\/2010\/02\/Kaldrma-u-ulcinjskoj-carsiji.3.jpg'><img width=\"150\" height=\"150\" src=\"https:\/\/www.visit-ulcinj.com\/blog\/wp-content\/uploads\/2010\/02\/Kaldrma-u-ulcinjskoj-carsiji.3-150x150.jpg\" class=\"attachment-thumbnail size-thumbnail\" alt=\"\" loading=\"lazy\" \/><\/a>\n\t\t\t<\/dt><\/dl><dl class='gallery-item'>\n\t\t\t<dt class='gallery-icon portrait'>\n\t\t\t\t<a href='https:\/\/www.visit-ulcinj.com\/blog\/wp-content\/uploads\/2010\/02\/Kaldrma-u-ulcinjskoj-carsiji.4.jpg'><img width=\"150\" height=\"150\" src=\"https:\/\/www.visit-ulcinj.com\/blog\/wp-content\/uploads\/2010\/02\/Kaldrma-u-ulcinjskoj-carsiji.4-150x150.jpg\" class=\"attachment-thumbnail size-thumbnail\" alt=\"\" loading=\"lazy\" \/><\/a>\n\t\t\t<\/dt><\/dl><br style=\"clear: both\" \/>\n\t\t<\/div>\n\n<p><\/a><\/strong><\/p>\n","protected":false},"excerpt":{"rendered":"<p>PRI KRAJU RADOVI U ULCINJU Ulcinj \u2013 &#8220;Kaldrma u ulcinjskoj ?ar\u0161iji ve?im dijelom bi?e prohodna do srijede, a kraj radova na njenoj rekonstrukciji o?ekuje se po?etkom naredne sedmice\u201d, kazao je &#8220;Vijestima&#8221; rukovodilac radova Neboj\u0161a Manjigodi?. To je drugi put da se od sve?anog otvaranja kaldrme u aprilu pro\u0161le godine izvode ve?i rekonstrukcioni radovi. Manjigodi? isti?e [&hellip;]<\/p>\n","protected":false},"author":1,"featured_media":0,"comment_status":"open","ping_status":"closed","sticky":false,"template":"","format":"standard","meta":{"spay_email":"","jetpack_publicize_message":"","jetpack_is_tweetstorm":false,"jetpack_publicize_feature_enabled":true},"categories":[8337],"tags":[13443],"jetpack_publicize_connections":[],"yoast_head":"<!-- This site is optimized with the Yoast SEO plugin v19.1 - https:\/\/yoast.com\/wordpress\/plugins\/seo\/ -->\n<title>Novom kaldrmom ve? od srijede - Lajme nga Ulqini<\/title>\n<meta name=\"description\" content=\"PRI KRAJU RADOVI U ULCINJU Ulcinj \u2013 &quot;Kaldrma u ulcinjskoj ?ar\u0161iji ve?im dijelom bi?e prohodna do srijede, a kraj radova na njenoj rekonstrukciji o?ekuje\" \/>\n<meta name=\"robots\" content=\"index, follow, max-snippet:-1, max-image-preview:large, max-video-preview:-1\" \/>\n<link rel=\"canonical\" href=\"https:\/\/www.visit-ulcinj.com\/blog\/2010\/02\/01\/novom-kaldrmom-vec-od-srijede\/\" \/>\n<meta property=\"og:locale\" content=\"en_US\" \/>\n<meta property=\"og:type\" content=\"article\" \/>\n<meta property=\"og:title\" content=\"Novom kaldrmom ve? od srijede - Lajme nga Ulqini\" \/>\n<meta property=\"og:description\" content=\"PRI KRAJU RADOVI U ULCINJU Ulcinj \u2013 &quot;Kaldrma u ulcinjskoj ?ar\u0161iji ve?im dijelom bi?e prohodna do srijede, a kraj radova na njenoj rekonstrukciji o?ekuje\" \/>\n<meta property=\"og:url\" content=\"https:\/\/www.visit-ulcinj.com\/blog\/2010\/02\/01\/novom-kaldrmom-vec-od-srijede\/\" \/>\n<meta property=\"og:site_name\" content=\"Lajme nga Ulqini\" \/>\n<meta property=\"article:published_time\" content=\"2010-02-01T18:03:02+00:00\" \/>\n<meta property=\"og:image\" content=\"https:\/\/www.visit-ulcinj.com\/blog\/wp-content\/uploads\/2010\/02\/Kaldrma-u-ulcinjskoj-carsiji.5-150x150.jpg\" \/>\n<meta name=\"twitter:label1\" content=\"Written by\" \/>\n\t<meta name=\"twitter:data1\" content=\"ulqini\" \/>\n\t<meta name=\"twitter:label2\" content=\"Est. reading time\" \/>\n\t<meta name=\"twitter:data2\" content=\"1 minute\" \/>\n<script type=\"application\/ld+json\" class=\"yoast-schema-graph\">{\"@context\":\"https:\/\/schema.org\",\"@graph\":[{\"@type\":\"WebSite\",\"@id\":\"https:\/\/www.visit-ulcinj.com\/blog\/#website\",\"url\":\"https:\/\/www.visit-ulcinj.com\/blog\/\",\"name\":\"Lajme nga Ulqini\",\"description\":\"Lajme,Vijesti,Ulqini,Ulqin,Crna Gora,Mali i Zi\",\"potentialAction\":[{\"@type\":\"SearchAction\",\"target\":{\"@type\":\"EntryPoint\",\"urlTemplate\":\"https:\/\/www.visit-ulcinj.com\/blog\/?s={search_term_string}\"},\"query-input\":\"required name=search_term_string\"}],\"inLanguage\":\"en-US\"},{\"@type\":\"ImageObject\",\"inLanguage\":\"en-US\",\"@id\":\"https:\/\/www.visit-ulcinj.com\/blog\/2010\/02\/01\/novom-kaldrmom-vec-od-srijede\/#primaryimage\",\"url\":\"https:\/\/www.visit-ulcinj.com\/blog\/wp-content\/uploads\/2010\/02\/Kaldrma-u-ulcinjskoj-carsiji.5.jpg\",\"contentUrl\":\"https:\/\/www.visit-ulcinj.com\/blog\/wp-content\/uploads\/2010\/02\/Kaldrma-u-ulcinjskoj-carsiji.5.jpg\",\"width\":\"1200\",\"height\":\"801\"},{\"@type\":\"WebPage\",\"@id\":\"https:\/\/www.visit-ulcinj.com\/blog\/2010\/02\/01\/novom-kaldrmom-vec-od-srijede\/#webpage\",\"url\":\"https:\/\/www.visit-ulcinj.com\/blog\/2010\/02\/01\/novom-kaldrmom-vec-od-srijede\/\",\"name\":\"Novom kaldrmom ve? od srijede - Lajme nga Ulqini\",\"isPartOf\":{\"@id\":\"https:\/\/www.visit-ulcinj.com\/blog\/#website\"},\"primaryImageOfPage\":{\"@id\":\"https:\/\/www.visit-ulcinj.com\/blog\/2010\/02\/01\/novom-kaldrmom-vec-od-srijede\/#primaryimage\"},\"datePublished\":\"2010-02-01T18:03:02+00:00\",\"dateModified\":\"2010-02-01T18:03:02+00:00\",\"author\":{\"@id\":\"https:\/\/www.visit-ulcinj.com\/blog\/#\/schema\/person\/dcab619c614d3038751c63bc2aadc06d\"},\"description\":\"PRI KRAJU RADOVI U ULCINJU Ulcinj \u2013 \\\"Kaldrma u ulcinjskoj ?ar\u0161iji ve?im dijelom bi?e prohodna do srijede, a kraj radova na njenoj rekonstrukciji o?ekuje\",\"breadcrumb\":{\"@id\":\"https:\/\/www.visit-ulcinj.com\/blog\/2010\/02\/01\/novom-kaldrmom-vec-od-srijede\/#breadcrumb\"},\"inLanguage\":\"en-US\",\"potentialAction\":[{\"@type\":\"ReadAction\",\"target\":[\"https:\/\/www.visit-ulcinj.com\/blog\/2010\/02\/01\/novom-kaldrmom-vec-od-srijede\/\"]}]},{\"@type\":\"BreadcrumbList\",\"@id\":\"https:\/\/www.visit-ulcinj.com\/blog\/2010\/02\/01\/novom-kaldrmom-vec-od-srijede\/#breadcrumb\",\"itemListElement\":[{\"@type\":\"ListItem\",\"position\":1,\"name\":\"Novom kaldrmom ve? od srijede\"}]},{\"@type\":\"Person\",\"@id\":\"https:\/\/www.visit-ulcinj.com\/blog\/#\/schema\/person\/dcab619c614d3038751c63bc2aadc06d\",\"name\":\"ulqini\",\"sameAs\":[\"http:\/\/www.visit-ulcinj.com\"],\"url\":\"https:\/\/www.visit-ulcinj.com\/blog\/author\/admin\/\"}]}<\/script>\n<!-- \/ Yoast SEO plugin. -->","yoast_head_json":{"title":"Novom kaldrmom ve? od srijede - Lajme nga Ulqini","description":"PRI KRAJU RADOVI U ULCINJU Ulcinj \u2013 \"Kaldrma u ulcinjskoj ?ar\u0161iji ve?im dijelom bi?e prohodna do srijede, a kraj radova na njenoj rekonstrukciji o?ekuje","robots":{"index":"index","follow":"follow","max-snippet":"max-snippet:-1","max-image-preview":"max-image-preview:large","max-video-preview":"max-video-preview:-1"},"canonical":"https:\/\/www.visit-ulcinj.com\/blog\/2010\/02\/01\/novom-kaldrmom-vec-od-srijede\/","og_locale":"en_US","og_type":"article","og_title":"Novom kaldrmom ve? od srijede - Lajme nga Ulqini","og_description":"PRI KRAJU RADOVI U ULCINJU Ulcinj \u2013 \"Kaldrma u ulcinjskoj ?ar\u0161iji ve?im dijelom bi?e prohodna do srijede, a kraj radova na njenoj rekonstrukciji o?ekuje","og_url":"https:\/\/www.visit-ulcinj.com\/blog\/2010\/02\/01\/novom-kaldrmom-vec-od-srijede\/","og_site_name":"Lajme nga Ulqini","article_published_time":"2010-02-01T18:03:02+00:00","og_image":[{"url":"https:\/\/www.visit-ulcinj.com\/blog\/wp-content\/uploads\/2010\/02\/Kaldrma-u-ulcinjskoj-carsiji.5-150x150.jpg"}],"twitter_misc":{"Written by":"ulqini","Est. reading time":"1 minute"},"schema":{"@context":"https:\/\/schema.org","@graph":[{"@type":"WebSite","@id":"https:\/\/www.visit-ulcinj.com\/blog\/#website","url":"https:\/\/www.visit-ulcinj.com\/blog\/","name":"Lajme nga Ulqini","description":"Lajme,Vijesti,Ulqini,Ulqin,Crna Gora,Mali i Zi","potentialAction":[{"@type":"SearchAction","target":{"@type":"EntryPoint","urlTemplate":"https:\/\/www.visit-ulcinj.com\/blog\/?s={search_term_string}"},"query-input":"required name=search_term_string"}],"inLanguage":"en-US"},{"@type":"ImageObject","inLanguage":"en-US","@id":"https:\/\/www.visit-ulcinj.com\/blog\/2010\/02\/01\/novom-kaldrmom-vec-od-srijede\/#primaryimage","url":"https:\/\/www.visit-ulcinj.com\/blog\/wp-content\/uploads\/2010\/02\/Kaldrma-u-ulcinjskoj-carsiji.5.jpg","contentUrl":"https:\/\/www.visit-ulcinj.com\/blog\/wp-content\/uploads\/2010\/02\/Kaldrma-u-ulcinjskoj-carsiji.5.jpg","width":"1200","height":"801"},{"@type":"WebPage","@id":"https:\/\/www.visit-ulcinj.com\/blog\/2010\/02\/01\/novom-kaldrmom-vec-od-srijede\/#webpage","url":"https:\/\/www.visit-ulcinj.com\/blog\/2010\/02\/01\/novom-kaldrmom-vec-od-srijede\/","name":"Novom kaldrmom ve? od srijede - Lajme nga Ulqini","isPartOf":{"@id":"https:\/\/www.visit-ulcinj.com\/blog\/#website"},"primaryImageOfPage":{"@id":"https:\/\/www.visit-ulcinj.com\/blog\/2010\/02\/01\/novom-kaldrmom-vec-od-srijede\/#primaryimage"},"datePublished":"2010-02-01T18:03:02+00:00","dateModified":"2010-02-01T18:03:02+00:00","author":{"@id":"https:\/\/www.visit-ulcinj.com\/blog\/#\/schema\/person\/dcab619c614d3038751c63bc2aadc06d"},"description":"PRI KRAJU RADOVI U ULCINJU Ulcinj \u2013 \"Kaldrma u ulcinjskoj ?ar\u0161iji ve?im dijelom bi?e prohodna do srijede, a kraj radova na njenoj rekonstrukciji o?ekuje","breadcrumb":{"@id":"https:\/\/www.visit-ulcinj.com\/blog\/2010\/02\/01\/novom-kaldrmom-vec-od-srijede\/#breadcrumb"},"inLanguage":"en-US","potentialAction":[{"@type":"ReadAction","target":["https:\/\/www.visit-ulcinj.com\/blog\/2010\/02\/01\/novom-kaldrmom-vec-od-srijede\/"]}]},{"@type":"BreadcrumbList","@id":"https:\/\/www.visit-ulcinj.com\/blog\/2010\/02\/01\/novom-kaldrmom-vec-od-srijede\/#breadcrumb","itemListElement":[{"@type":"ListItem","position":1,"name":"Novom kaldrmom ve? od srijede"}]},{"@type":"Person","@id":"https:\/\/www.visit-ulcinj.com\/blog\/#\/schema\/person\/dcab619c614d3038751c63bc2aadc06d","name":"ulqini","sameAs":["http:\/\/www.visit-ulcinj.com"],"url":"https:\/\/www.visit-ulcinj.com\/blog\/author\/admin\/"}]}},"jetpack_featured_media_url":"","jetpack_sharing_enabled":true,"jetpack_shortlink":"https:\/\/wp.me\/pe6lTn-7Np","_links":{"self":[{"href":"https:\/\/www.visit-ulcinj.com\/blog\/wp-json\/wp\/v2\/posts\/29971"}],"collection":[{"href":"https:\/\/www.visit-ulcinj.com\/blog\/wp-json\/wp\/v2\/posts"}],"about":[{"href":"https:\/\/www.visit-ulcinj.com\/blog\/wp-json\/wp\/v2\/types\/post"}],"author":[{"embeddable":true,"href":"https:\/\/www.visit-ulcinj.com\/blog\/wp-json\/wp\/v2\/users\/1"}],"replies":[{"embeddable":true,"href":"https:\/\/www.visit-ulcinj.com\/blog\/wp-json\/wp\/v2\/comments?post=29971"}],"version-history":[{"count":0,"href":"https:\/\/www.visit-ulcinj.com\/blog\/wp-json\/wp\/v2\/posts\/29971\/revisions"}],"wp:attachment":[{"href":"https:\/\/www.visit-ulcinj.com\/blog\/wp-json\/wp\/v2\/media?parent=29971"}],"wp:term":[{"taxonomy":"category","embeddable":true,"href":"https:\/\/www.visit-ulcinj.com\/blog\/wp-json\/wp\/v2\/categories?post=29971"},{"taxonomy":"post_tag","embeddable":true,"href":"https:\/\/www.visit-ulcinj.com\/blog\/wp-json\/wp\/v2\/tags?post=29971"}],"curies":[{"name":"wp","href":"https:\/\/api.w.org\/{rel}","templated":true}]}}